{"id":2914,"date":"2022-12-19T18:30:20","date_gmt":"2022-12-19T21:30:20","guid":{"rendered":"https:\/\/brasilnoticias.org\/site\/?p=2914"},"modified":"2022-12-18T16:46:57","modified_gmt":"2022-12-18T19:46:57","slug":"governo-do-estado-entrega-nova-sede-do-dhpp-e-outros-departamentos-da-policia-civil-em-salvador","status":"publish","type":"post","link":"https:\/\/brasilnoticias.org\/site\/governo-do-estado-entrega-nova-sede-do-dhpp-e-outros-departamentos-da-policia-civil-em-salvador\/","title":{"rendered":"Governo do Estado entrega nova sede do DHPP e outros departamentos da Pol\u00edcia Civil, em Salvador"},"content":{"rendered":"<p>O governador Rui Costa inaugurou, nesta sexta-feira (16), a nova central que vai abrigar tr\u00eas departamentos operacionais da Pol\u00edcia Civil. Na unidade, localizada no bairro de Itapu\u00e3, em Salvador, passam a funcionar os departamentos de Homic\u00eddios e Prote\u00e7\u00e3o \u00e0 Pessoa (DHPP), de Crimes contra o Patrim\u00f4nio (DCCP) e de Pol\u00edcia Metropolitana (Depom). O investimento para reforma, compra de mobili\u00e1rio e equipamentos, al\u00e9m da informatiza\u00e7\u00e3o do pr\u00e9dio, foi de mais de R$ 20 milh\u00f5es, feito por meio da Secretaria de Seguran\u00e7a P\u00fablica (SSP). Essa \u00e9 a 24\u00aa unidade entregue das 176 que v\u00e3o passar por reforma ou constru\u00e7\u00e3o em todo o estado.<\/p>\n<p>\u201cS\u00f3 nas novas unidades da Pol\u00edcia Civil nos aplicamos mais de R$ 300 milh\u00f5es para construir. Nessa daqui foram R$ 16 milh\u00f5es em obras de recupera\u00e7\u00e3o completa e moderniza\u00e7\u00e3o do pr\u00e9dio mais R$ 4 milh\u00f5es de equipamentos e mobili\u00e1rio. N\u00f3s reformulamos todas as unidades da Pol\u00edcia Civil no estado. Umas eu j\u00e1 inaugurei e outras ser\u00e3o inauguradas nos pr\u00f3ximos meses. S\u00e3o quase 200 unidades. N\u00e3o tem nenhum per\u00edodo em que de uma s\u00f3 vez se fez tantas unidades modernas, amplas e com condi\u00e7\u00f5es de trabalho ideais\u201d, afirmou o governador.<\/p>\n<p>O secret\u00e1rio da Seguran\u00e7a P\u00fablica Ricardo Mandarino explicou que o investimento realizado nas novas instala\u00e7\u00f5es elimina o custo com pagamentos de aluguel, pois o pr\u00e9dio pertence ao Estado. \u201cMais conforto e mais seguran\u00e7a. Isso faz parte da pol\u00edtica do governo de aparelhar melhor as pol\u00edcias Civil e Militar. N\u00f3s estamos construindo novas delegacias tamb\u00e9m no interior\u201d, lembrou.<\/p>\n<p>A central possui quatro pavimentos, elevadores, rampa de acessibilidade, audit\u00f3rio, estacionamento, banheiros e copas. No local, v\u00e3o funcionar seis delegacias do DHPP, diversas delegacias da capital e Regi\u00e3o Metropolitana de Salvador e unidades de combate a roubo e patrim\u00f4nio. Tamb\u00e9m est\u00e3o na nova sede os n\u00facleos de investiga\u00e7\u00e3o policial com recursos e tecnologias para auxiliar\u00a0\u00a0a colheita de provas, fundamental para o trabalho da Pol\u00edcia Judici\u00e1ria.<\/p>\n<p>\u201cNa \u00e1rea t\u00e9rrea, n\u00f3s vamos ter o atendimento das delegacias de prote\u00e7\u00e3o \u00e0 pessoa. Teremos um atendimento individualizado, essa \u00e9 a grande diferen\u00e7a. N\u00e3o vamos trabalhar mais com atendimento de balc\u00e3o. A pessoa vai ter privacidade para fazer o registro da sua ocorr\u00eancia\u201d, destacou a delegada-geral, Helo\u00edsa Campos de Brito.<\/p>\n<figure class=\"wp-block-image size-large\"><\/figure>\n<figure id=\"attachment_2915\" aria-describedby=\"caption-attachment-2915\" style=\"width: 696px\" class=\"wp-caption alignnone\"><img loading=\"lazy\" decoding=\"async\" class=\"size-full wp-image-2915\" src=\"https:\/\/brasilnoticias.org\/site\/wp-content\/uploads\/2022\/12\/WhatsApp-Image-2022-12-16-at-11.42.45-1-696x464-1.jpeg\" alt=\"\" width=\"696\" height=\"464\" srcset=\"https:\/\/brasilnoticias.org\/site\/wp-content\/uploads\/2022\/12\/WhatsApp-Image-2022-12-16-at-11.42.45-1-696x464-1.jpeg 696w, https:\/\/brasilnoticias.org\/site\/wp-content\/uploads\/2022\/12\/WhatsApp-Image-2022-12-16-at-11.42.45-1-696x464-1-500x333.jpeg 500w\" sizes=\"auto, (max-width: 696px) 100vw, 696px\" \/><figcaption id=\"caption-attachment-2915\" class=\"wp-caption-text\">Foto: Rafael Martins\/GOVBA<\/figcaption><\/figure>\n<p>&nbsp;<\/p>\n<p>&nbsp;<\/p>\n<p><strong>Moderniza\u00e7\u00e3o<\/strong><\/p>\n<p>Os investimentos realizados pelo Governo da Bahia na Pol\u00edcia Civil, nesta etapa,\u00a0\u00a0somam R$ 10 milh\u00f5es para a troca de todos os computadores e contrata\u00e7\u00e3o de internet mais r\u00e1pida, com 100 mega de conectividade. Tamb\u00e9m foram compradas 1.250 novas pistolas e 225 novos fuzis. Al\u00e9m disso, h\u00e1 um concurso em andamento para contrata\u00e7\u00e3o de mil novos servidores que devem ser incorporados at\u00e9 meados de 2023.<\/p>\n<p>\u201cS\u00e3o mais de R$700 milh\u00f5es e, nos \u00faltimos 30 anos, n\u00e3o t\u00ednhamos recebido recursos dessa natureza. Gra\u00e7as a todos esses investimentos nas for\u00e7as de seguran\u00e7a \u00e9 que podemos dizer que estamos h\u00e1 mais de um ano e um m\u00eas com redu\u00e7\u00e3o significativa nos crimes violentos, letais e intencionais\u201d, salientou Helo\u00edsa Campos de Brito.<\/p>\n<p>Ainda est\u00e3o previstas a substitui\u00e7\u00e3o das 730 viaturas e a constru\u00e7\u00e3o de uma Academia de Pol\u00edcia ao lado da Coordena\u00e7\u00e3o de Opera\u00e7\u00f5es Especiais, pr\u00f3xima ao Aeroporto de Salvador. A estrutura ser\u00e1 totalmente voltada para a forma\u00e7\u00e3o e capacita\u00e7\u00e3o continuada dos agentes de seguran\u00e7a. Tamb\u00e9m em Salvador, na regi\u00e3o do Vale do Ogunj\u00e1, h\u00e1 a constru\u00e7\u00e3o da nova sede da Corregedoria da Pol\u00edcia Civil.<\/p>\n<p><strong><em>Rep\u00f3rter: Lina Magali<\/em><\/strong><\/p>\n<div class=\"td-post-featured-image\">\n<figure><figcaption class=\"wp-caption-text\">Foto: Rafael Martins\/GOVBA<\/figcaption><\/figure>\n<\/div>\n","protected":false},"excerpt":{"rendered":"<p>O governador Rui Costa inaugurou, nesta sexta-feira (16), a nova central que vai abrigar tr\u00eas departamentos operacionais da Pol\u00edcia Civil.<\/p>\n","protected":false},"author":1,"featured_media":2916,"comment_status":"open","ping_status":"open","sticky":false,"template":"","format":"standard","meta":{"colormag_page_container_layout":"default_layout","colormag_page_sidebar_layout":"default_layout","_FSMCFIC_featured_image_caption":"","_FSMCFIC_featured_image_nocaption":"","_FSMCFIC_featured_image_hide":"","footnotes":""},"categories":[3,1],"tags":[],"class_list":["post-2914","post","type-post","status-publish","format-standard","has-post-thumbnail","hentry","category-policia","category-ultimas"],"yoast_head":"<!-- This site is optimized with the Yoast SEO plugin v27.1.1 - https:\/\/yoast.com\/product\/yoast-seo-wordpress\/ -->\n<title>Governo do Estado entrega nova sede do DHPP e outros departamentos da Pol\u00edcia Civil, em Salvador - Brasil not\u00edcias<\/title>\n<meta name=\"robots\" content=\"index, follow, max-snippet:-1, max-image-preview:large, max-video-preview:-1\" \/>\n<link rel=\"canonical\" href=\"https:\/\/brasilnoticias.org\/site\/governo-do-estado-entrega-nova-sede-do-dhpp-e-outros-departamentos-da-policia-civil-em-salvador\/\" \/>\n<meta property=\"og:locale\" content=\"pt_PT\" \/>\n<meta property=\"og:type\" content=\"article\" \/>\n<meta property=\"og:title\" content=\"Governo do Estado entrega nova sede do DHPP e outros departamentos da Pol\u00edcia Civil, em Salvador - Brasil not\u00edcias\" \/>\n<meta property=\"og:description\" content=\"O governador Rui Costa inaugurou, nesta sexta-feira (16), a nova central que vai abrigar tr\u00eas departamentos operacionais da Pol\u00edcia Civil.\" \/>\n<meta property=\"og:url\" content=\"https:\/\/brasilnoticias.org\/site\/governo-do-estado-entrega-nova-sede-do-dhpp-e-outros-departamentos-da-policia-civil-em-salvador\/\" \/>\n<meta property=\"og:site_name\" content=\"Brasil not\u00edcias\" \/>\n<meta property=\"article:published_time\" content=\"2022-12-19T21:30:20+00:00\" \/>\n<meta property=\"og:image\" content=\"https:\/\/brasilnoticias.org\/site\/wp-content\/uploads\/2022\/12\/WhatsApp-Image-2022-12-16-at-11.42.47-696x464-1.jpeg\" \/>\n\t<meta property=\"og:image:width\" content=\"696\" \/>\n\t<meta property=\"og:image:height\" content=\"464\" \/>\n\t<meta property=\"og:image:type\" content=\"image\/jpeg\" \/>\n<meta name=\"author\" content=\"Reda\u00e7\u00e3o\" \/>\n<meta name=\"twitter:card\" content=\"summary_large_image\" \/>\n<meta name=\"twitter:label1\" content=\"Escrito por\" \/>\n\t<meta name=\"twitter:data1\" content=\"Reda\u00e7\u00e3o\" \/>\n\t<meta name=\"twitter:label2\" content=\"Tempo estimado de leitura\" \/>\n\t<meta name=\"twitter:data2\" content=\"3 minutos\" \/>\n<script type=\"application\/ld+json\" class=\"yoast-schema-graph\">{\"@context\":\"https:\/\/schema.org\",\"@graph\":[{\"@type\":\"Article\",\"@id\":\"https:\/\/brasilnoticias.org\/site\/governo-do-estado-entrega-nova-sede-do-dhpp-e-outros-departamentos-da-policia-civil-em-salvador\/#article\",\"isPartOf\":{\"@id\":\"https:\/\/brasilnoticias.org\/site\/governo-do-estado-entrega-nova-sede-do-dhpp-e-outros-departamentos-da-policia-civil-em-salvador\/\"},\"author\":{\"name\":\"Reda\u00e7\u00e3o\",\"@id\":\"https:\/\/brasilnoticias.org\/site\/#\/schema\/person\/a0e05b973ec4d15c658d51911e53507b\"},\"headline\":\"Governo do Estado entrega nova sede do DHPP e outros departamentos da Pol\u00edcia Civil, em Salvador\",\"datePublished\":\"2022-12-19T21:30:20+00:00\",\"mainEntityOfPage\":{\"@id\":\"https:\/\/brasilnoticias.org\/site\/governo-do-estado-entrega-nova-sede-do-dhpp-e-outros-departamentos-da-policia-civil-em-salvador\/\"},\"wordCount\":654,\"commentCount\":0,\"publisher\":{\"@id\":\"https:\/\/brasilnoticias.org\/site\/#organization\"},\"image\":{\"@id\":\"https:\/\/brasilnoticias.org\/site\/governo-do-estado-entrega-nova-sede-do-dhpp-e-outros-departamentos-da-policia-civil-em-salvador\/#primaryimage\"},\"thumbnailUrl\":\"https:\/\/brasilnoticias.org\/site\/wp-content\/uploads\/2022\/12\/WhatsApp-Image-2022-12-16-at-11.42.47-696x464-1.jpeg\",\"articleSection\":[\"Pol\u00edcia\",\"\u00daltimas\"],\"inLanguage\":\"pt-PT\",\"potentialAction\":[{\"@type\":\"CommentAction\",\"name\":\"Comment\",\"target\":[\"https:\/\/brasilnoticias.org\/site\/governo-do-estado-entrega-nova-sede-do-dhpp-e-outros-departamentos-da-policia-civil-em-salvador\/#respond\"]}]},{\"@type\":\"WebPage\",\"@id\":\"https:\/\/brasilnoticias.org\/site\/governo-do-estado-entrega-nova-sede-do-dhpp-e-outros-departamentos-da-policia-civil-em-salvador\/\",\"url\":\"https:\/\/brasilnoticias.org\/site\/governo-do-estado-entrega-nova-sede-do-dhpp-e-outros-departamentos-da-policia-civil-em-salvador\/\",\"name\":\"Governo do Estado entrega nova sede do DHPP e outros departamentos da Pol\u00edcia Civil, em Salvador - Brasil not\u00edcias\",\"isPartOf\":{\"@id\":\"https:\/\/brasilnoticias.org\/site\/#website\"},\"primaryImageOfPage\":{\"@id\":\"https:\/\/brasilnoticias.org\/site\/governo-do-estado-entrega-nova-sede-do-dhpp-e-outros-departamentos-da-policia-civil-em-salvador\/#primaryimage\"},\"image\":{\"@id\":\"https:\/\/brasilnoticias.org\/site\/governo-do-estado-entrega-nova-sede-do-dhpp-e-outros-departamentos-da-policia-civil-em-salvador\/#primaryimage\"},\"thumbnailUrl\":\"https:\/\/brasilnoticias.org\/site\/wp-content\/uploads\/2022\/12\/WhatsApp-Image-2022-12-16-at-11.42.47-696x464-1.jpeg\",\"datePublished\":\"2022-12-19T21:30:20+00:00\",\"breadcrumb\":{\"@id\":\"https:\/\/brasilnoticias.org\/site\/governo-do-estado-entrega-nova-sede-do-dhpp-e-outros-departamentos-da-policia-civil-em-salvador\/#breadcrumb\"},\"inLanguage\":\"pt-PT\",\"potentialAction\":[{\"@type\":\"ReadAction\",\"target\":[\"https:\/\/brasilnoticias.org\/site\/governo-do-estado-entrega-nova-sede-do-dhpp-e-outros-departamentos-da-policia-civil-em-salvador\/\"]}]},{\"@type\":\"ImageObject\",\"inLanguage\":\"pt-PT\",\"@id\":\"https:\/\/brasilnoticias.org\/site\/governo-do-estado-entrega-nova-sede-do-dhpp-e-outros-departamentos-da-policia-civil-em-salvador\/#primaryimage\",\"url\":\"https:\/\/brasilnoticias.org\/site\/wp-content\/uploads\/2022\/12\/WhatsApp-Image-2022-12-16-at-11.42.47-696x464-1.jpeg\",\"contentUrl\":\"https:\/\/brasilnoticias.org\/site\/wp-content\/uploads\/2022\/12\/WhatsApp-Image-2022-12-16-at-11.42.47-696x464-1.jpeg\",\"width\":696,\"height\":464},{\"@type\":\"BreadcrumbList\",\"@id\":\"https:\/\/brasilnoticias.org\/site\/governo-do-estado-entrega-nova-sede-do-dhpp-e-outros-departamentos-da-policia-civil-em-salvador\/#breadcrumb\",\"itemListElement\":[{\"@type\":\"ListItem\",\"position\":1,\"name\":\"In\u00edcio\",\"item\":\"https:\/\/brasilnoticias.org\/site\/\"},{\"@type\":\"ListItem\",\"position\":2,\"name\":\"Governo do Estado entrega nova sede do DHPP e outros departamentos da Pol\u00edcia Civil, em Salvador\"}]},{\"@type\":\"WebSite\",\"@id\":\"https:\/\/brasilnoticias.org\/site\/#website\",\"url\":\"https:\/\/brasilnoticias.org\/site\/\",\"name\":\"Brasil not\u00edcias\",\"description\":\"Brasil not\u00edcias\",\"publisher\":{\"@id\":\"https:\/\/brasilnoticias.org\/site\/#organization\"},\"potentialAction\":[{\"@type\":\"SearchAction\",\"target\":{\"@type\":\"EntryPoint\",\"urlTemplate\":\"https:\/\/brasilnoticias.org\/site\/?s={search_term_string}\"},\"query-input\":{\"@type\":\"PropertyValueSpecification\",\"valueRequired\":true,\"valueName\":\"search_term_string\"}}],\"inLanguage\":\"pt-PT\"},{\"@type\":\"Organization\",\"@id\":\"https:\/\/brasilnoticias.org\/site\/#organization\",\"name\":\"Brasil not\u00edcias\",\"url\":\"https:\/\/brasilnoticias.org\/site\/\",\"logo\":{\"@type\":\"ImageObject\",\"inLanguage\":\"pt-PT\",\"@id\":\"https:\/\/brasilnoticias.org\/site\/#\/schema\/logo\/image\/\",\"url\":\"https:\/\/brasilnoticias.org\/site\/wp-content\/uploads\/2022\/05\/cropped-brasilnoticias-mini.jpg\",\"contentUrl\":\"https:\/\/brasilnoticias.org\/site\/wp-content\/uploads\/2022\/05\/cropped-brasilnoticias-mini.jpg\",\"width\":314,\"height\":86,\"caption\":\"Brasil not\u00edcias\"},\"image\":{\"@id\":\"https:\/\/brasilnoticias.org\/site\/#\/schema\/logo\/image\/\"}},{\"@type\":\"Person\",\"@id\":\"https:\/\/brasilnoticias.org\/site\/#\/schema\/person\/a0e05b973ec4d15c658d51911e53507b\",\"name\":\"Reda\u00e7\u00e3o\",\"image\":{\"@type\":\"ImageObject\",\"inLanguage\":\"pt-PT\",\"@id\":\"https:\/\/brasilnoticias.org\/site\/#\/schema\/person\/image\/\",\"url\":\"https:\/\/secure.gravatar.com\/avatar\/75d8b050df2de108b08ae78dfb8e374892df24a383c67db9c46a9c604f6aee9c?s=96&d=mm&r=g\",\"contentUrl\":\"https:\/\/secure.gravatar.com\/avatar\/75d8b050df2de108b08ae78dfb8e374892df24a383c67db9c46a9c604f6aee9c?s=96&d=mm&r=g\",\"caption\":\"Reda\u00e7\u00e3o\"},\"sameAs\":[\"https:\/\/brasilnoticias.org\/site\"],\"url\":\"https:\/\/brasilnoticias.org\/site\/author\/fernandozsngmail-com\/\"}]}<\/script>\n<!-- \/ Yoast SEO plugin. -->","yoast_head_json":{"title":"Governo do Estado entrega nova sede do DHPP e outros departamentos da Pol\u00edcia Civil, em Salvador - Brasil not\u00edcias","robots":{"index":"index","follow":"follow","max-snippet":"max-snippet:-1","max-image-preview":"max-image-preview:large","max-video-preview":"max-video-preview:-1"},"canonical":"https:\/\/brasilnoticias.org\/site\/governo-do-estado-entrega-nova-sede-do-dhpp-e-outros-departamentos-da-policia-civil-em-salvador\/","og_locale":"pt_PT","og_type":"article","og_title":"Governo do Estado entrega nova sede do DHPP e outros departamentos da Pol\u00edcia Civil, em Salvador - Brasil not\u00edcias","og_description":"O governador Rui Costa inaugurou, nesta sexta-feira (16), a nova central que vai abrigar tr\u00eas departamentos operacionais da Pol\u00edcia Civil.","og_url":"https:\/\/brasilnoticias.org\/site\/governo-do-estado-entrega-nova-sede-do-dhpp-e-outros-departamentos-da-policia-civil-em-salvador\/","og_site_name":"Brasil not\u00edcias","article_published_time":"2022-12-19T21:30:20+00:00","og_image":[{"width":696,"height":464,"url":"https:\/\/brasilnoticias.org\/site\/wp-content\/uploads\/2022\/12\/WhatsApp-Image-2022-12-16-at-11.42.47-696x464-1.jpeg","type":"image\/jpeg"}],"author":"Reda\u00e7\u00e3o","twitter_card":"summary_large_image","twitter_misc":{"Escrito por":"Reda\u00e7\u00e3o","Tempo estimado de leitura":"3 minutos"},"schema":{"@context":"https:\/\/schema.org","@graph":[{"@type":"Article","@id":"https:\/\/brasilnoticias.org\/site\/governo-do-estado-entrega-nova-sede-do-dhpp-e-outros-departamentos-da-policia-civil-em-salvador\/#article","isPartOf":{"@id":"https:\/\/brasilnoticias.org\/site\/governo-do-estado-entrega-nova-sede-do-dhpp-e-outros-departamentos-da-policia-civil-em-salvador\/"},"author":{"name":"Reda\u00e7\u00e3o","@id":"https:\/\/brasilnoticias.org\/site\/#\/schema\/person\/a0e05b973ec4d15c658d51911e53507b"},"headline":"Governo do Estado entrega nova sede do DHPP e outros departamentos da Pol\u00edcia Civil, em Salvador","datePublished":"2022-12-19T21:30:20+00:00","mainEntityOfPage":{"@id":"https:\/\/brasilnoticias.org\/site\/governo-do-estado-entrega-nova-sede-do-dhpp-e-outros-departamentos-da-policia-civil-em-salvador\/"},"wordCount":654,"commentCount":0,"publisher":{"@id":"https:\/\/brasilnoticias.org\/site\/#organization"},"image":{"@id":"https:\/\/brasilnoticias.org\/site\/governo-do-estado-entrega-nova-sede-do-dhpp-e-outros-departamentos-da-policia-civil-em-salvador\/#primaryimage"},"thumbnailUrl":"https:\/\/brasilnoticias.org\/site\/wp-content\/uploads\/2022\/12\/WhatsApp-Image-2022-12-16-at-11.42.47-696x464-1.jpeg","articleSection":["Pol\u00edcia","\u00daltimas"],"inLanguage":"pt-PT","potentialAction":[{"@type":"CommentAction","name":"Comment","target":["https:\/\/brasilnoticias.org\/site\/governo-do-estado-entrega-nova-sede-do-dhpp-e-outros-departamentos-da-policia-civil-em-salvador\/#respond"]}]},{"@type":"WebPage","@id":"https:\/\/brasilnoticias.org\/site\/governo-do-estado-entrega-nova-sede-do-dhpp-e-outros-departamentos-da-policia-civil-em-salvador\/","url":"https:\/\/brasilnoticias.org\/site\/governo-do-estado-entrega-nova-sede-do-dhpp-e-outros-departamentos-da-policia-civil-em-salvador\/","name":"Governo do Estado entrega nova sede do DHPP e outros departamentos da Pol\u00edcia Civil, em Salvador - Brasil not\u00edcias","isPartOf":{"@id":"https:\/\/brasilnoticias.org\/site\/#website"},"primaryImageOfPage":{"@id":"https:\/\/brasilnoticias.org\/site\/governo-do-estado-entrega-nova-sede-do-dhpp-e-outros-departamentos-da-policia-civil-em-salvador\/#primaryimage"},"image":{"@id":"https:\/\/brasilnoticias.org\/site\/governo-do-estado-entrega-nova-sede-do-dhpp-e-outros-departamentos-da-policia-civil-em-salvador\/#primaryimage"},"thumbnailUrl":"https:\/\/brasilnoticias.org\/site\/wp-content\/uploads\/2022\/12\/WhatsApp-Image-2022-12-16-at-11.42.47-696x464-1.jpeg","datePublished":"2022-12-19T21:30:20+00:00","breadcrumb":{"@id":"https:\/\/brasilnoticias.org\/site\/governo-do-estado-entrega-nova-sede-do-dhpp-e-outros-departamentos-da-policia-civil-em-salvador\/#breadcrumb"},"inLanguage":"pt-PT","potentialAction":[{"@type":"ReadAction","target":["https:\/\/brasilnoticias.org\/site\/governo-do-estado-entrega-nova-sede-do-dhpp-e-outros-departamentos-da-policia-civil-em-salvador\/"]}]},{"@type":"ImageObject","inLanguage":"pt-PT","@id":"https:\/\/brasilnoticias.org\/site\/governo-do-estado-entrega-nova-sede-do-dhpp-e-outros-departamentos-da-policia-civil-em-salvador\/#primaryimage","url":"https:\/\/brasilnoticias.org\/site\/wp-content\/uploads\/2022\/12\/WhatsApp-Image-2022-12-16-at-11.42.47-696x464-1.jpeg","contentUrl":"https:\/\/brasilnoticias.org\/site\/wp-content\/uploads\/2022\/12\/WhatsApp-Image-2022-12-16-at-11.42.47-696x464-1.jpeg","width":696,"height":464},{"@type":"BreadcrumbList","@id":"https:\/\/brasilnoticias.org\/site\/governo-do-estado-entrega-nova-sede-do-dhpp-e-outros-departamentos-da-policia-civil-em-salvador\/#breadcrumb","itemListElement":[{"@type":"ListItem","position":1,"name":"In\u00edcio","item":"https:\/\/brasilnoticias.org\/site\/"},{"@type":"ListItem","position":2,"name":"Governo do Estado entrega nova sede do DHPP e outros departamentos da Pol\u00edcia Civil, em Salvador"}]},{"@type":"WebSite","@id":"https:\/\/brasilnoticias.org\/site\/#website","url":"https:\/\/brasilnoticias.org\/site\/","name":"Brasil not\u00edcias","description":"Brasil not\u00edcias","publisher":{"@id":"https:\/\/brasilnoticias.org\/site\/#organization"},"potentialAction":[{"@type":"SearchAction","target":{"@type":"EntryPoint","urlTemplate":"https:\/\/brasilnoticias.org\/site\/?s={search_term_string}"},"query-input":{"@type":"PropertyValueSpecification","valueRequired":true,"valueName":"search_term_string"}}],"inLanguage":"pt-PT"},{"@type":"Organization","@id":"https:\/\/brasilnoticias.org\/site\/#organization","name":"Brasil not\u00edcias","url":"https:\/\/brasilnoticias.org\/site\/","logo":{"@type":"ImageObject","inLanguage":"pt-PT","@id":"https:\/\/brasilnoticias.org\/site\/#\/schema\/logo\/image\/","url":"https:\/\/brasilnoticias.org\/site\/wp-content\/uploads\/2022\/05\/cropped-brasilnoticias-mini.jpg","contentUrl":"https:\/\/brasilnoticias.org\/site\/wp-content\/uploads\/2022\/05\/cropped-brasilnoticias-mini.jpg","width":314,"height":86,"caption":"Brasil not\u00edcias"},"image":{"@id":"https:\/\/brasilnoticias.org\/site\/#\/schema\/logo\/image\/"}},{"@type":"Person","@id":"https:\/\/brasilnoticias.org\/site\/#\/schema\/person\/a0e05b973ec4d15c658d51911e53507b","name":"Reda\u00e7\u00e3o","image":{"@type":"ImageObject","inLanguage":"pt-PT","@id":"https:\/\/brasilnoticias.org\/site\/#\/schema\/person\/image\/","url":"https:\/\/secure.gravatar.com\/avatar\/75d8b050df2de108b08ae78dfb8e374892df24a383c67db9c46a9c604f6aee9c?s=96&d=mm&r=g","contentUrl":"https:\/\/secure.gravatar.com\/avatar\/75d8b050df2de108b08ae78dfb8e374892df24a383c67db9c46a9c604f6aee9c?s=96&d=mm&r=g","caption":"Reda\u00e7\u00e3o"},"sameAs":["https:\/\/brasilnoticias.org\/site"],"url":"https:\/\/brasilnoticias.org\/site\/author\/fernandozsngmail-com\/"}]}},"_links":{"self":[{"href":"https:\/\/brasilnoticias.org\/site\/wp-json\/wp\/v2\/posts\/2914","targetHints":{"allow":["GET"]}}],"collection":[{"href":"https:\/\/brasilnoticias.org\/site\/wp-json\/wp\/v2\/posts"}],"about":[{"href":"https:\/\/brasilnoticias.org\/site\/wp-json\/wp\/v2\/types\/post"}],"author":[{"embeddable":true,"href":"https:\/\/brasilnoticias.org\/site\/wp-json\/wp\/v2\/users\/1"}],"replies":[{"embeddable":true,"href":"https:\/\/brasilnoticias.org\/site\/wp-json\/wp\/v2\/comments?post=2914"}],"version-history":[{"count":1,"href":"https:\/\/brasilnoticias.org\/site\/wp-json\/wp\/v2\/posts\/2914\/revisions"}],"predecessor-version":[{"id":2917,"href":"https:\/\/brasilnoticias.org\/site\/wp-json\/wp\/v2\/posts\/2914\/revisions\/2917"}],"wp:featuredmedia":[{"embeddable":true,"href":"https:\/\/brasilnoticias.org\/site\/wp-json\/wp\/v2\/media\/2916"}],"wp:attachment":[{"href":"https:\/\/brasilnoticias.org\/site\/wp-json\/wp\/v2\/media?parent=2914"}],"wp:term":[{"taxonomy":"category","embeddable":true,"href":"https:\/\/brasilnoticias.org\/site\/wp-json\/wp\/v2\/categories?post=2914"},{"taxonomy":"post_tag","embeddable":true,"href":"https:\/\/brasilnoticias.org\/site\/wp-json\/wp\/v2\/tags?post=2914"}],"curies":[{"name":"wp","href":"https:\/\/api.w.org\/{rel}","templated":true}]}}