{"id":2929,"date":"2022-12-20T07:20:29","date_gmt":"2022-12-20T10:20:29","guid":{"rendered":"https:\/\/brasilnoticias.org\/site\/?p=2929"},"modified":"2022-12-19T20:19:15","modified_gmt":"2022-12-19T23:19:15","slug":"aras-sob-lula-tentara-buscar-imagem-de-isento-e-deve-virar-alvo-de-bolsonaristas","status":"publish","type":"post","link":"https:\/\/brasilnoticias.org\/site\/aras-sob-lula-tentara-buscar-imagem-de-isento-e-deve-virar-alvo-de-bolsonaristas\/","title":{"rendered":"Aras sob Lula tentar\u00e1 buscar imagem de isento e deve virar alvo de bolsonaristas"},"content":{"rendered":"<div class=\"col-lg-12 col-md-12 col-sm-6 col-xs-6\">\n<p>Augusto Aras tentar\u00e1 construir uma imagem de isento nos pr\u00f3ximos nove meses, per\u00edodo que lhe resta \u00e0 frente da PGR (Procuradoria-Geral da Rep\u00fablica). Em conversas com auxiliares, ele tem dito que n\u00e3o promover\u00e1 uma guinada quanto ao tratamento dispensado a quem ocupa o Pal\u00e1cio do Planalto.<\/p>\n<p>No comando da Procuradoria desde de 2019, Aras tem uma atua\u00e7\u00e3o atrelada aos interesses de Jair Bolsonaro (PL) e \u00e9 acusado de abdicar do dever de fiscalizar. Por essa postura, chegou a ser especulado pelo mandat\u00e1rio para uma indica\u00e7\u00e3o ao Supremo Tribunal Federal caso fosse reeleito.<\/p>\n<p>O presidente foi derrotado por Luiz In\u00e1cio Lula da Silva (PT), e o procurador-geral agora avalia cen\u00e1rios para o per\u00edodo em que conviver\u00e1 com o petista.<\/p>\n<p>Aras prev\u00ea, a exemplo do que ocorreu ao longo do mandato de Bolsonaro, uma Procuradoria bastante acionada sobre atos ou eventuais omiss\u00f5es de Lula e auxiliares.<\/p>\n<p>Segundo pessoas pr\u00f3ximas a ele, no entanto, assim como fez com Bolsonaro, o PGR n\u00e3o deve criar empecilhos ou dores de cabe\u00e7a -o que deve resultar em criticas dos bolsonaristas que at\u00e9 o momento o apoiam e defendem.<\/p>\n<p>Embora n\u00e3o veja chance de recondu\u00e7\u00e3o a um terceiro mandato, Aras ainda sonha com uma vaga no Supremo Tribunal Federal e com a possibilidade de participar da indica\u00e7\u00e3o do seu sucessor pelo governo petista.<\/p>\n<p>Al\u00e9m disso, Aras, cujo perfil pol\u00edtico \u00e9 conhecido, prefere manter boas rela\u00e7\u00f5es com o grupo que estar\u00e1 no poder.<\/p>\n<p>Nos \u00faltimos anos, centenas de representa\u00e7\u00f5es foram enviadas ao \u00f3rg\u00e3o pela oposi\u00e7\u00e3o para que o chefe do Executivo e seus comandados fossem investigados. Sob o argumento de n\u00e3o conter elementos m\u00ednimos para dar in\u00edcio a uma apura\u00e7\u00e3o ou de n\u00e3o haver ind\u00edcios de crime, nada prosperou.<\/p>\n<p>Para a c\u00fapula da Procuradoria, a mesma via agora ser\u00e1 explorada pelos advers\u00e1rios de Lula. E as cr\u00edticas por parte de bolsonaristas tamb\u00e9m v\u00e3o acontecer. Contatado por meio de sua assessoria, Aras n\u00e3o se manifestou at\u00e9 a conclus\u00e3o desta reportagem.<\/p>\n<p>O procurador-geral mant\u00e9m boa interlocu\u00e7\u00e3o com integrantes do PT, notadamente com o conterr\u00e2neo e senador baiano Jaques Wagner. Em 2013, Aras deu uma festa para promover o livro do amigo e ex-deputado petista Emiliano Jos\u00e9. O ex-ministro Jos\u00e9 Dirceu e ent\u00e3o presidente do PT, Rui Falc\u00e3o, estiveram presentes.<br \/>\nNaquele mesmo ano, administra\u00e7\u00e3o de Dilma Rousseff, Aras tinha o apoio de setores do PT para figurar na lista tr\u00edplice que seria enviada \u00e0 ent\u00e3o presidente para a escolha de um nome para o Superior Tribunal de Justi\u00e7a. No entanto, ele enfrentou a resist\u00eancia de integrantes da corte pelo fato de compor o Minist\u00e9rio P\u00fablico e ao mesmo tempo atuar na advocacia.<\/p>\n<p>Na tentativa de uma aproxima\u00e7\u00e3o com o futuro ocupante do Planalto, o PGR tem a seu favor o fato de que sua gest\u00e3o enterrou a Lava Jato. Critico dos m\u00e9todos da opera\u00e7\u00e3o, ele desfez as for\u00e7as-tarefa, incluindo a de Curitiba, respons\u00e1veis pela apura\u00e7\u00e3o que levou Lula \u00e0 cadeia em 2018.<\/p>\n<p>Foi tamb\u00e9m considerada uma sinaliza\u00e7\u00e3o ao petista a congratula\u00e7\u00e3o pela vit\u00f3ria nas urnas imediatamente ap\u00f3s o an\u00fancio do resultado pelo Tribunal Superior Eleitoral.<\/p>\n<p>Al\u00e9m disso, contrariando a tese golpista de Bolsonaro e de seus apoiadores, a PGR avaliou que n\u00e3o h\u00e1 no relat\u00f3rio do Minist\u00e9rio da Defesa sobre a fiscaliza\u00e7\u00e3o das elei\u00e7\u00f5es fato concreto que justifique a abertura de uma apura\u00e7\u00e3o sobre as urnas eletr\u00f4nicas.<\/p>\n<p>Para a c\u00fapula do \u00f3rg\u00e3o, as observa\u00e7\u00f5es levantadas pelos militares deveriam ser consideradas apenas para eventuais aperfei\u00e7oamentos futuros do sistema eletr\u00f4nico de vota\u00e7\u00e3o.<\/p>\n<p>Portanto, para a Procuradoria, o documento n\u00e3o serve como argumento a ensejar revis\u00e3o do processo eleitoral encerrado no dia 30 de outubro.<\/p>\n<p>Na semana passada, a Procuradoria emitiu um outro sinal ao governo eleito. A pedido do \u00f3rg\u00e3o, o ministro Alexandre de Moraes, do Supremo, determinou a pris\u00e3o tempor\u00e1ria de Jos\u00e9 Ac\u00e1cio Serere Xavante sob a acusa\u00e7\u00e3o da pr\u00e1tica de atos antidemocr\u00e1ticos.<\/p>\n<p>A PGR disse que Serere Xavante utilizava sua posi\u00e7\u00e3o de cacique do Povo Xavante para arregimentar ind\u00edgenas e n\u00e3o ind\u00edgenas para cometer crimes, com amea\u00e7as de agress\u00e3o e persegui\u00e7\u00e3o a Lula e aos ministros do Supremo Moraes e Lu\u00eds Roberto Barroso.<br \/>\nO ind\u00edgena vinha realizando manifesta\u00e7\u00f5es em diversos locais de Bras\u00edlia, incluindo as proximidades do Congresso e do hotel onde est\u00e3o hospedados o presidente e o vice eleitos.<\/p>\n<p>&#8220;A manifesta\u00e7\u00e3o, em tese, criminosa e antidemocr\u00e1tica, revestiu-se do claro intuito de instigar a popula\u00e7\u00e3o a tentar, com emprego de viol\u00eancia ou grave amea\u00e7a, abolir o Estado Democr\u00e1tico de Direito, impedindo a posse do presidente e do vice-presidente da Rep\u00fablica eleitos&#8221;, afirmou a PGR.<\/p>\n<p>Pessoas pr\u00f3ximas ao futuro presidente, no entanto, veem a sa\u00edda da vice-procuradora-geral da Rep\u00fablica, Lind\u00f4ra Ara\u00fajo, como condi\u00e7\u00e3o necess\u00e1ria para a abertura de di\u00e1logo entre o novo governo e o chefe do MPF, como mostrou o jornal Folha de S.Paulo. Ela \u00e9 vista como bolsonarista e pr\u00f3xima da fam\u00edlia do atual mandat\u00e1rio, raz\u00e3o pela qual seu nome desagrada o entorno de Lula.<\/p>\n<p>Representantes de Lula fizeram um primeiro contato com integrantes do gabinete do procurador-geral ainda em novembro, na tentativa de articular um encontro.<\/p>\n<p>Lind\u00f4ra atua em mat\u00e9ria penal junto ao STF e foi dela uma s\u00e9rie de manifesta\u00e7\u00f5es pelo arquivamento de pedidos de investiga\u00e7\u00e3o contra Bolsonaro, incluindo os procedimentos instaurados a partir das conclus\u00f5es da CPI da Covid.<\/p>\n<p>Apesar da preocupa\u00e7\u00e3o com a vice-procuradora-geral, integrantes da equipe de transi\u00e7\u00e3o respons\u00e1vel pelo tema n\u00e3o veem a sucess\u00e3o na PGR como prioridade, j\u00e1 que o foco dos grupos tem\u00e1ticos est\u00e1 nos cem primeiros dias de governo, mas o \u00f3rg\u00e3o preocupa a c\u00fapula petista.<\/p>\n<p>Em entrevista \u00e0 Folha de S.Paulo, o senador eleito e futuro ministro da Justi\u00e7a, Fl\u00e1vio Dino (PSB-MA), abordou o assunto ao ser questionado sobre a escolha de um nome para suceder Aras.<br \/>\nDino afirmou que defende a lista tr\u00edplice, elaborada a partir de uma vota\u00e7\u00e3o interna promovida pelos procuradores, como uma op\u00e7\u00e3o para a escolha, mas que a Constitui\u00e7\u00e3o n\u00e3o obriga a escolha de um dos nomes.<\/p>\n<p>&#8220;N\u00e3o h\u00e1 posi\u00e7\u00e3o nem de que lista tr\u00edplice \u00e9 dogma. Pode ser que a escolha recaia sobre a lista tr\u00edplice, talvez. Entre os nomes apresentados tamb\u00e9m estar\u00e3o os da lista tr\u00edplice&#8221;, afirmou.<\/p>\n<p>Aras diz ser contra a lista tr\u00edplice no processo de escolha do procurador-geral. Afirma que as elei\u00e7\u00f5es internas organizadas a cada dois anos pelos colegas replicam v\u00edcios da pol\u00edtica partid\u00e1ria.<\/p>\n<p>&#8220;O MPF, quando se submete ao princ\u00edpio da maioria atrav\u00e9s de elei\u00e7\u00f5es internas, atrai para seu \u00e2mbito os v\u00edcios naturais da pol\u00edtica partid\u00e1ria, a exemplo do clientelismo, do fisiologismo, da pol\u00edtica do toma l\u00e1 d\u00e1 c\u00e1&#8221;, disse ele em entrevista \u00e0 Folha em abril de 2019.<\/p>\n<p class=\"news-main-image-copyright text-left\">Foto Getty Images<\/p>\n<p>Not\u00edcias ao minuto<\/p>\n<\/div>\n<div class=\"col-sm-6 col-xs-6 no-padding visible-sm visible-xs\"><\/div>\n","protected":false},"excerpt":{"rendered":"<p>Augusto Aras tentar\u00e1 construir uma imagem de isento nos pr\u00f3ximos nove meses, per\u00edodo que lhe resta \u00e0 frente da PGR<\/p>\n","protected":false},"author":1,"featured_media":2930,"comment_status":"open","ping_status":"open","sticky":false,"template":"","format":"standard","meta":{"colormag_page_container_layout":"default_layout","colormag_page_sidebar_layout":"default_layout","_FSMCFIC_featured_image_caption":"","_FSMCFIC_featured_image_nocaption":"","_FSMCFIC_featured_image_hide":"","footnotes":""},"categories":[2,1],"tags":[],"class_list":["post-2929","post","type-post","status-publish","format-standard","has-post-thumbnail","hentry","category-noticias","category-ultimas"],"yoast_head":"<!-- This site is optimized with the Yoast SEO plugin v27.1.1 - https:\/\/yoast.com\/product\/yoast-seo-wordpress\/ -->\n<title>Aras sob Lula tentar\u00e1 buscar imagem de isento e deve virar alvo de bolsonaristas - Brasil not\u00edcias<\/title>\n<meta name=\"robots\" content=\"index, follow, max-snippet:-1, max-image-preview:large, max-video-preview:-1\" \/>\n<link rel=\"canonical\" href=\"https:\/\/brasilnoticias.org\/site\/aras-sob-lula-tentara-buscar-imagem-de-isento-e-deve-virar-alvo-de-bolsonaristas\/\" \/>\n<meta property=\"og:locale\" content=\"pt_PT\" \/>\n<meta property=\"og:type\" content=\"article\" \/>\n<meta property=\"og:title\" content=\"Aras sob Lula tentar\u00e1 buscar imagem de isento e deve virar alvo de bolsonaristas - Brasil not\u00edcias\" \/>\n<meta property=\"og:description\" content=\"Augusto Aras tentar\u00e1 construir uma imagem de isento nos pr\u00f3ximos nove meses, per\u00edodo que lhe resta \u00e0 frente da PGR\" \/>\n<meta property=\"og:url\" content=\"https:\/\/brasilnoticias.org\/site\/aras-sob-lula-tentara-buscar-imagem-de-isento-e-deve-virar-alvo-de-bolsonaristas\/\" \/>\n<meta property=\"og:site_name\" content=\"Brasil not\u00edcias\" \/>\n<meta property=\"article:published_time\" content=\"2022-12-20T10:20:29+00:00\" \/>\n<meta property=\"og:image\" content=\"https:\/\/brasilnoticias.org\/site\/wp-content\/uploads\/2022\/12\/naom_602be92b6b03c.jpg\" \/>\n\t<meta property=\"og:image:width\" content=\"960\" \/>\n\t<meta property=\"og:image:height\" content=\"540\" \/>\n\t<meta property=\"og:image:type\" content=\"image\/jpeg\" \/>\n<meta name=\"author\" content=\"Reda\u00e7\u00e3o\" \/>\n<meta name=\"twitter:card\" content=\"summary_large_image\" \/>\n<meta name=\"twitter:label1\" content=\"Escrito por\" \/>\n\t<meta name=\"twitter:data1\" content=\"Reda\u00e7\u00e3o\" \/>\n\t<meta name=\"twitter:label2\" content=\"Tempo estimado de leitura\" \/>\n\t<meta name=\"twitter:data2\" content=\"6 minutos\" \/>\n<script type=\"application\/ld+json\" class=\"yoast-schema-graph\">{\"@context\":\"https:\/\/schema.org\",\"@graph\":[{\"@type\":\"Article\",\"@id\":\"https:\/\/brasilnoticias.org\/site\/aras-sob-lula-tentara-buscar-imagem-de-isento-e-deve-virar-alvo-de-bolsonaristas\/#article\",\"isPartOf\":{\"@id\":\"https:\/\/brasilnoticias.org\/site\/aras-sob-lula-tentara-buscar-imagem-de-isento-e-deve-virar-alvo-de-bolsonaristas\/\"},\"author\":{\"name\":\"Reda\u00e7\u00e3o\",\"@id\":\"https:\/\/brasilnoticias.org\/site\/#\/schema\/person\/a0e05b973ec4d15c658d51911e53507b\"},\"headline\":\"Aras sob Lula tentar\u00e1 buscar imagem de isento e deve virar alvo de bolsonaristas\",\"datePublished\":\"2022-12-20T10:20:29+00:00\",\"mainEntityOfPage\":{\"@id\":\"https:\/\/brasilnoticias.org\/site\/aras-sob-lula-tentara-buscar-imagem-de-isento-e-deve-virar-alvo-de-bolsonaristas\/\"},\"wordCount\":1245,\"commentCount\":0,\"publisher\":{\"@id\":\"https:\/\/brasilnoticias.org\/site\/#organization\"},\"image\":{\"@id\":\"https:\/\/brasilnoticias.org\/site\/aras-sob-lula-tentara-buscar-imagem-de-isento-e-deve-virar-alvo-de-bolsonaristas\/#primaryimage\"},\"thumbnailUrl\":\"https:\/\/brasilnoticias.org\/site\/wp-content\/uploads\/2022\/12\/naom_602be92b6b03c.jpg\",\"articleSection\":[\"Not\u00edcias\",\"\u00daltimas\"],\"inLanguage\":\"pt-PT\",\"potentialAction\":[{\"@type\":\"CommentAction\",\"name\":\"Comment\",\"target\":[\"https:\/\/brasilnoticias.org\/site\/aras-sob-lula-tentara-buscar-imagem-de-isento-e-deve-virar-alvo-de-bolsonaristas\/#respond\"]}]},{\"@type\":\"WebPage\",\"@id\":\"https:\/\/brasilnoticias.org\/site\/aras-sob-lula-tentara-buscar-imagem-de-isento-e-deve-virar-alvo-de-bolsonaristas\/\",\"url\":\"https:\/\/brasilnoticias.org\/site\/aras-sob-lula-tentara-buscar-imagem-de-isento-e-deve-virar-alvo-de-bolsonaristas\/\",\"name\":\"Aras sob Lula tentar\u00e1 buscar imagem de isento e deve virar alvo de bolsonaristas - Brasil not\u00edcias\",\"isPartOf\":{\"@id\":\"https:\/\/brasilnoticias.org\/site\/#website\"},\"primaryImageOfPage\":{\"@id\":\"https:\/\/brasilnoticias.org\/site\/aras-sob-lula-tentara-buscar-imagem-de-isento-e-deve-virar-alvo-de-bolsonaristas\/#primaryimage\"},\"image\":{\"@id\":\"https:\/\/brasilnoticias.org\/site\/aras-sob-lula-tentara-buscar-imagem-de-isento-e-deve-virar-alvo-de-bolsonaristas\/#primaryimage\"},\"thumbnailUrl\":\"https:\/\/brasilnoticias.org\/site\/wp-content\/uploads\/2022\/12\/naom_602be92b6b03c.jpg\",\"datePublished\":\"2022-12-20T10:20:29+00:00\",\"breadcrumb\":{\"@id\":\"https:\/\/brasilnoticias.org\/site\/aras-sob-lula-tentara-buscar-imagem-de-isento-e-deve-virar-alvo-de-bolsonaristas\/#breadcrumb\"},\"inLanguage\":\"pt-PT\",\"potentialAction\":[{\"@type\":\"ReadAction\",\"target\":[\"https:\/\/brasilnoticias.org\/site\/aras-sob-lula-tentara-buscar-imagem-de-isento-e-deve-virar-alvo-de-bolsonaristas\/\"]}]},{\"@type\":\"ImageObject\",\"inLanguage\":\"pt-PT\",\"@id\":\"https:\/\/brasilnoticias.org\/site\/aras-sob-lula-tentara-buscar-imagem-de-isento-e-deve-virar-alvo-de-bolsonaristas\/#primaryimage\",\"url\":\"https:\/\/brasilnoticias.org\/site\/wp-content\/uploads\/2022\/12\/naom_602be92b6b03c.jpg\",\"contentUrl\":\"https:\/\/brasilnoticias.org\/site\/wp-content\/uploads\/2022\/12\/naom_602be92b6b03c.jpg\",\"width\":960,\"height\":540},{\"@type\":\"BreadcrumbList\",\"@id\":\"https:\/\/brasilnoticias.org\/site\/aras-sob-lula-tentara-buscar-imagem-de-isento-e-deve-virar-alvo-de-bolsonaristas\/#breadcrumb\",\"itemListElement\":[{\"@type\":\"ListItem\",\"position\":1,\"name\":\"In\u00edcio\",\"item\":\"https:\/\/brasilnoticias.org\/site\/\"},{\"@type\":\"ListItem\",\"position\":2,\"name\":\"Aras sob Lula tentar\u00e1 buscar imagem de isento e deve virar alvo de bolsonaristas\"}]},{\"@type\":\"WebSite\",\"@id\":\"https:\/\/brasilnoticias.org\/site\/#website\",\"url\":\"https:\/\/brasilnoticias.org\/site\/\",\"name\":\"Brasil not\u00edcias\",\"description\":\"Brasil not\u00edcias\",\"publisher\":{\"@id\":\"https:\/\/brasilnoticias.org\/site\/#organization\"},\"potentialAction\":[{\"@type\":\"SearchAction\",\"target\":{\"@type\":\"EntryPoint\",\"urlTemplate\":\"https:\/\/brasilnoticias.org\/site\/?s={search_term_string}\"},\"query-input\":{\"@type\":\"PropertyValueSpecification\",\"valueRequired\":true,\"valueName\":\"search_term_string\"}}],\"inLanguage\":\"pt-PT\"},{\"@type\":\"Organization\",\"@id\":\"https:\/\/brasilnoticias.org\/site\/#organization\",\"name\":\"Brasil not\u00edcias\",\"url\":\"https:\/\/brasilnoticias.org\/site\/\",\"logo\":{\"@type\":\"ImageObject\",\"inLanguage\":\"pt-PT\",\"@id\":\"https:\/\/brasilnoticias.org\/site\/#\/schema\/logo\/image\/\",\"url\":\"https:\/\/brasilnoticias.org\/site\/wp-content\/uploads\/2022\/05\/cropped-brasilnoticias-mini.jpg\",\"contentUrl\":\"https:\/\/brasilnoticias.org\/site\/wp-content\/uploads\/2022\/05\/cropped-brasilnoticias-mini.jpg\",\"width\":314,\"height\":86,\"caption\":\"Brasil not\u00edcias\"},\"image\":{\"@id\":\"https:\/\/brasilnoticias.org\/site\/#\/schema\/logo\/image\/\"}},{\"@type\":\"Person\",\"@id\":\"https:\/\/brasilnoticias.org\/site\/#\/schema\/person\/a0e05b973ec4d15c658d51911e53507b\",\"name\":\"Reda\u00e7\u00e3o\",\"image\":{\"@type\":\"ImageObject\",\"inLanguage\":\"pt-PT\",\"@id\":\"https:\/\/brasilnoticias.org\/site\/#\/schema\/person\/image\/\",\"url\":\"https:\/\/secure.gravatar.com\/avatar\/75d8b050df2de108b08ae78dfb8e374892df24a383c67db9c46a9c604f6aee9c?s=96&d=mm&r=g\",\"contentUrl\":\"https:\/\/secure.gravatar.com\/avatar\/75d8b050df2de108b08ae78dfb8e374892df24a383c67db9c46a9c604f6aee9c?s=96&d=mm&r=g\",\"caption\":\"Reda\u00e7\u00e3o\"},\"sameAs\":[\"https:\/\/brasilnoticias.org\/site\"],\"url\":\"https:\/\/brasilnoticias.org\/site\/author\/fernandozsngmail-com\/\"}]}<\/script>\n<!-- \/ Yoast SEO plugin. -->","yoast_head_json":{"title":"Aras sob Lula tentar\u00e1 buscar imagem de isento e deve virar alvo de bolsonaristas - Brasil not\u00edcias","robots":{"index":"index","follow":"follow","max-snippet":"max-snippet:-1","max-image-preview":"max-image-preview:large","max-video-preview":"max-video-preview:-1"},"canonical":"https:\/\/brasilnoticias.org\/site\/aras-sob-lula-tentara-buscar-imagem-de-isento-e-deve-virar-alvo-de-bolsonaristas\/","og_locale":"pt_PT","og_type":"article","og_title":"Aras sob Lula tentar\u00e1 buscar imagem de isento e deve virar alvo de bolsonaristas - Brasil not\u00edcias","og_description":"Augusto Aras tentar\u00e1 construir uma imagem de isento nos pr\u00f3ximos nove meses, per\u00edodo que lhe resta \u00e0 frente da PGR","og_url":"https:\/\/brasilnoticias.org\/site\/aras-sob-lula-tentara-buscar-imagem-de-isento-e-deve-virar-alvo-de-bolsonaristas\/","og_site_name":"Brasil not\u00edcias","article_published_time":"2022-12-20T10:20:29+00:00","og_image":[{"width":960,"height":540,"url":"https:\/\/brasilnoticias.org\/site\/wp-content\/uploads\/2022\/12\/naom_602be92b6b03c.jpg","type":"image\/jpeg"}],"author":"Reda\u00e7\u00e3o","twitter_card":"summary_large_image","twitter_misc":{"Escrito por":"Reda\u00e7\u00e3o","Tempo estimado de leitura":"6 minutos"},"schema":{"@context":"https:\/\/schema.org","@graph":[{"@type":"Article","@id":"https:\/\/brasilnoticias.org\/site\/aras-sob-lula-tentara-buscar-imagem-de-isento-e-deve-virar-alvo-de-bolsonaristas\/#article","isPartOf":{"@id":"https:\/\/brasilnoticias.org\/site\/aras-sob-lula-tentara-buscar-imagem-de-isento-e-deve-virar-alvo-de-bolsonaristas\/"},"author":{"name":"Reda\u00e7\u00e3o","@id":"https:\/\/brasilnoticias.org\/site\/#\/schema\/person\/a0e05b973ec4d15c658d51911e53507b"},"headline":"Aras sob Lula tentar\u00e1 buscar imagem de isento e deve virar alvo de bolsonaristas","datePublished":"2022-12-20T10:20:29+00:00","mainEntityOfPage":{"@id":"https:\/\/brasilnoticias.org\/site\/aras-sob-lula-tentara-buscar-imagem-de-isento-e-deve-virar-alvo-de-bolsonaristas\/"},"wordCount":1245,"commentCount":0,"publisher":{"@id":"https:\/\/brasilnoticias.org\/site\/#organization"},"image":{"@id":"https:\/\/brasilnoticias.org\/site\/aras-sob-lula-tentara-buscar-imagem-de-isento-e-deve-virar-alvo-de-bolsonaristas\/#primaryimage"},"thumbnailUrl":"https:\/\/brasilnoticias.org\/site\/wp-content\/uploads\/2022\/12\/naom_602be92b6b03c.jpg","articleSection":["Not\u00edcias","\u00daltimas"],"inLanguage":"pt-PT","potentialAction":[{"@type":"CommentAction","name":"Comment","target":["https:\/\/brasilnoticias.org\/site\/aras-sob-lula-tentara-buscar-imagem-de-isento-e-deve-virar-alvo-de-bolsonaristas\/#respond"]}]},{"@type":"WebPage","@id":"https:\/\/brasilnoticias.org\/site\/aras-sob-lula-tentara-buscar-imagem-de-isento-e-deve-virar-alvo-de-bolsonaristas\/","url":"https:\/\/brasilnoticias.org\/site\/aras-sob-lula-tentara-buscar-imagem-de-isento-e-deve-virar-alvo-de-bolsonaristas\/","name":"Aras sob Lula tentar\u00e1 buscar imagem de isento e deve virar alvo de bolsonaristas - Brasil not\u00edcias","isPartOf":{"@id":"https:\/\/brasilnoticias.org\/site\/#website"},"primaryImageOfPage":{"@id":"https:\/\/brasilnoticias.org\/site\/aras-sob-lula-tentara-buscar-imagem-de-isento-e-deve-virar-alvo-de-bolsonaristas\/#primaryimage"},"image":{"@id":"https:\/\/brasilnoticias.org\/site\/aras-sob-lula-tentara-buscar-imagem-de-isento-e-deve-virar-alvo-de-bolsonaristas\/#primaryimage"},"thumbnailUrl":"https:\/\/brasilnoticias.org\/site\/wp-content\/uploads\/2022\/12\/naom_602be92b6b03c.jpg","datePublished":"2022-12-20T10:20:29+00:00","breadcrumb":{"@id":"https:\/\/brasilnoticias.org\/site\/aras-sob-lula-tentara-buscar-imagem-de-isento-e-deve-virar-alvo-de-bolsonaristas\/#breadcrumb"},"inLanguage":"pt-PT","potentialAction":[{"@type":"ReadAction","target":["https:\/\/brasilnoticias.org\/site\/aras-sob-lula-tentara-buscar-imagem-de-isento-e-deve-virar-alvo-de-bolsonaristas\/"]}]},{"@type":"ImageObject","inLanguage":"pt-PT","@id":"https:\/\/brasilnoticias.org\/site\/aras-sob-lula-tentara-buscar-imagem-de-isento-e-deve-virar-alvo-de-bolsonaristas\/#primaryimage","url":"https:\/\/brasilnoticias.org\/site\/wp-content\/uploads\/2022\/12\/naom_602be92b6b03c.jpg","contentUrl":"https:\/\/brasilnoticias.org\/site\/wp-content\/uploads\/2022\/12\/naom_602be92b6b03c.jpg","width":960,"height":540},{"@type":"BreadcrumbList","@id":"https:\/\/brasilnoticias.org\/site\/aras-sob-lula-tentara-buscar-imagem-de-isento-e-deve-virar-alvo-de-bolsonaristas\/#breadcrumb","itemListElement":[{"@type":"ListItem","position":1,"name":"In\u00edcio","item":"https:\/\/brasilnoticias.org\/site\/"},{"@type":"ListItem","position":2,"name":"Aras sob Lula tentar\u00e1 buscar imagem de isento e deve virar alvo de bolsonaristas"}]},{"@type":"WebSite","@id":"https:\/\/brasilnoticias.org\/site\/#website","url":"https:\/\/brasilnoticias.org\/site\/","name":"Brasil not\u00edcias","description":"Brasil not\u00edcias","publisher":{"@id":"https:\/\/brasilnoticias.org\/site\/#organization"},"potentialAction":[{"@type":"SearchAction","target":{"@type":"EntryPoint","urlTemplate":"https:\/\/brasilnoticias.org\/site\/?s={search_term_string}"},"query-input":{"@type":"PropertyValueSpecification","valueRequired":true,"valueName":"search_term_string"}}],"inLanguage":"pt-PT"},{"@type":"Organization","@id":"https:\/\/brasilnoticias.org\/site\/#organization","name":"Brasil not\u00edcias","url":"https:\/\/brasilnoticias.org\/site\/","logo":{"@type":"ImageObject","inLanguage":"pt-PT","@id":"https:\/\/brasilnoticias.org\/site\/#\/schema\/logo\/image\/","url":"https:\/\/brasilnoticias.org\/site\/wp-content\/uploads\/2022\/05\/cropped-brasilnoticias-mini.jpg","contentUrl":"https:\/\/brasilnoticias.org\/site\/wp-content\/uploads\/2022\/05\/cropped-brasilnoticias-mini.jpg","width":314,"height":86,"caption":"Brasil not\u00edcias"},"image":{"@id":"https:\/\/brasilnoticias.org\/site\/#\/schema\/logo\/image\/"}},{"@type":"Person","@id":"https:\/\/brasilnoticias.org\/site\/#\/schema\/person\/a0e05b973ec4d15c658d51911e53507b","name":"Reda\u00e7\u00e3o","image":{"@type":"ImageObject","inLanguage":"pt-PT","@id":"https:\/\/brasilnoticias.org\/site\/#\/schema\/person\/image\/","url":"https:\/\/secure.gravatar.com\/avatar\/75d8b050df2de108b08ae78dfb8e374892df24a383c67db9c46a9c604f6aee9c?s=96&d=mm&r=g","contentUrl":"https:\/\/secure.gravatar.com\/avatar\/75d8b050df2de108b08ae78dfb8e374892df24a383c67db9c46a9c604f6aee9c?s=96&d=mm&r=g","caption":"Reda\u00e7\u00e3o"},"sameAs":["https:\/\/brasilnoticias.org\/site"],"url":"https:\/\/brasilnoticias.org\/site\/author\/fernandozsngmail-com\/"}]}},"_links":{"self":[{"href":"https:\/\/brasilnoticias.org\/site\/wp-json\/wp\/v2\/posts\/2929","targetHints":{"allow":["GET"]}}],"collection":[{"href":"https:\/\/brasilnoticias.org\/site\/wp-json\/wp\/v2\/posts"}],"about":[{"href":"https:\/\/brasilnoticias.org\/site\/wp-json\/wp\/v2\/types\/post"}],"author":[{"embeddable":true,"href":"https:\/\/brasilnoticias.org\/site\/wp-json\/wp\/v2\/users\/1"}],"replies":[{"embeddable":true,"href":"https:\/\/brasilnoticias.org\/site\/wp-json\/wp\/v2\/comments?post=2929"}],"version-history":[{"count":1,"href":"https:\/\/brasilnoticias.org\/site\/wp-json\/wp\/v2\/posts\/2929\/revisions"}],"predecessor-version":[{"id":2931,"href":"https:\/\/brasilnoticias.org\/site\/wp-json\/wp\/v2\/posts\/2929\/revisions\/2931"}],"wp:featuredmedia":[{"embeddable":true,"href":"https:\/\/brasilnoticias.org\/site\/wp-json\/wp\/v2\/media\/2930"}],"wp:attachment":[{"href":"https:\/\/brasilnoticias.org\/site\/wp-json\/wp\/v2\/media?parent=2929"}],"wp:term":[{"taxonomy":"category","embeddable":true,"href":"https:\/\/brasilnoticias.org\/site\/wp-json\/wp\/v2\/categories?post=2929"},{"taxonomy":"post_tag","embeddable":true,"href":"https:\/\/brasilnoticias.org\/site\/wp-json\/wp\/v2\/tags?post=2929"}],"curies":[{"name":"wp","href":"https:\/\/api.w.org\/{rel}","templated":true}]}}