{"id":2932,"date":"2022-12-20T07:30:26","date_gmt":"2022-12-20T10:30:26","guid":{"rendered":"https:\/\/brasilnoticias.org\/site\/?p=2932"},"modified":"2022-12-19T20:26:54","modified_gmt":"2022-12-19T23:26:54","slug":"haddad-anuncia-anelize-almeida-como-procuradora-geral-da-fazenda","status":"publish","type":"post","link":"https:\/\/brasilnoticias.org\/site\/haddad-anuncia-anelize-almeida-como-procuradora-geral-da-fazenda\/","title":{"rendered":"Haddad anuncia Anelize Almeida como procuradora-geral da Fazenda"},"content":{"rendered":"<p>O futuro ministro da Fazenda, Fernando Haddad (PT), anunciou nesta segunda-feira (19) a subprocuradora-geral da Fazenda Nacional, Anelize Almeida, para o comando da PGFN (Procuradoria-Geral da Fazenda Nacional) do governo eleito Luiz In\u00e1cio Lula da Silva (PT). A informa\u00e7\u00e3o foi antecipada pela Folha.<\/p>\n<p>Haddad tamb\u00e9m informou que Gustavo Caldas ser\u00e1 o subprocurador-geral da Fazenda Nacional. &#8220;Estar\u00e1 a partir de 1\u00ba de janeiro [de 2023] nas m\u00e3os dessa dupla a condu\u00e7\u00e3o do tema da maior import\u00e2ncia para o equil\u00edbrio fiscal do pa\u00eds&#8221;, afirmou.<\/p>\n<p>O an\u00fancio dos nomes foi feito no CCBB (Centro Cultural Banco do Brasil), local escolhido para a transi\u00e7\u00e3o de governo em Bras\u00edlia.<\/p>\n<div class=\"google-auto-placed ap_container\">\n<p>&#8220;Vamos nos reunir com a AGU [Advocacia-Geral da Uni\u00e3o] e com o Minist\u00e9rio da Justi\u00e7a e vamos compor o time que vai ter uma atua\u00e7\u00e3o mais firme junto aos tribunais para diminuir risco fiscal das decis\u00f5es judiciais&#8221;, acrescentou.<\/p>\n<p>Almeida \u00e9 procuradora da Fazenda desde 2006. Mestre em Pol\u00edtica P\u00fablica pela universidade de Oxford e p\u00f3s-graduada em Administra\u00e7\u00e3o P\u00fablica pela FGV (Funda\u00e7\u00e3o Getulio Vargas), atuou na subchefia de Assuntos Jur\u00eddicos da Presid\u00eancia da Rep\u00fablica.<\/p>\n<p>Ela tamb\u00e9m foi procuradora-chefe da D\u00edvida Ativa na 1\u00aa Regi\u00e3o, chefe de gabinete da PGFN, e diretora de Gest\u00e3o da D\u00edvida Ativa da Uni\u00e3o -atual Procuradoria-Geral Adjunta de Gest\u00e3o da D\u00edvida Ativa e do FGTS (Fundo de Garantia do Tempo de Servi\u00e7o).<\/p>\n<div class=\"google-auto-placed ap_container\">\n<p>&#8220;A Procuradoria \u00e9 um \u00f3rg\u00e3o t\u00e9cnico no Minist\u00e9rio que tem garantido ao longo dos anos a seguran\u00e7a jur\u00eddica necess\u00e1ria para pol\u00edticas p\u00fablicas que s\u00e3o transversais, que vem dos minist\u00e9rios setoriais e acabam necessariamente passando pela Fazenda&#8221;, afirmou a futura procuradora-geral.<\/p>\n<p>&#8220;N\u00f3s estamos preparados para dar essa seguran\u00e7a ao [futuro] ministro Haddad e ao presidente [eleito] Lula e, al\u00e9m de tudo, defender a Fazenda Nacional nos tribunais tamb\u00e9m \u00e9 uma parte relevante do nosso trabalho, assim como modernizar e profissionalizar cada vez mais a cobran\u00e7a da d\u00edvida ativa da Uni\u00e3o por meio da transa\u00e7\u00e3o&#8221;, continuou.<\/p>\n<p>A PGFN \u00e9 vinculada administrativamente ao Minist\u00e9rio da Fazenda e juridicamente \u00e0 AGU. Atualmente, o \u00f3rg\u00e3o tem Ricardo Soriano de Alencar como procurador-geral.<\/p>\n<div class=\"google-auto-placed ap_container\">\n<p>A atual subprocuradora-geral da Fazenda Nacional havia sido designada pela AGU para ajudar na transi\u00e7\u00e3o para o novo governo.<\/p>\n<p>Almeida \u00e9 a primeira mulher anunciada para a equipe de Haddad e a segunda assumir o posto mais alto da PGFN. Antes dela, Adriana Queiroz atuou como procuradora-geral da Fazenda de 2009 a 2015.<\/p>\n<p>A futura procuradora-geral v\u00ea a indica\u00e7\u00e3o de uma mulher ao cargo como um &#8220;sucesso&#8221;, um &#8220;arraso&#8221;. &#8220;Fiquei feliz, estou radiante, acho que o ministro Haddad tem essa percep\u00e7\u00e3o de quanto mais a gente investir em diversidade e pluralidade, mais o Minist\u00e9rio e sociedade ganham com isso. Estou preparada para fazer uma representa\u00e7\u00e3o feminina&#8221;, disse.<\/p>\n<p>Segundo o futuro ministro da Fazenda, a composi\u00e7\u00e3o da equipe econ\u00f4mica do governo Lula deve ser conclu\u00edda ainda nesta semana. &#8220;Ainda tem uma posi\u00e7\u00e3o que estou ponderando, mas os demais j\u00e1 foram convidados e estou aguardando a confirma\u00e7\u00e3o da data para a realiza\u00e7\u00e3o do an\u00fancio&#8221;, disse.<\/p>\n<p>Na \u00faltima ter\u00e7a-feira (13), Haddad anunciou dois nomes de seu secretariado. O ex-banqueiro Gabriel Gal\u00edpolo ser\u00e1 o secret\u00e1rio-executivo da pasta, o segundo cargo mais importante do minist\u00e9rio, e o economista Bernard Appy ocupar\u00e1 uma secretaria especial para a reforma tribut\u00e1ria, \u00e1rea na qual ele \u00e9 especialista.<\/p>\n<p>O ex-prefeito de S\u00e3o Paulo tem dito que precisar\u00e1 ter uma equipe &#8220;plural&#8221; e que a escolha dos integrantes da pasta depender\u00e1 da op\u00e7\u00e3o feita por Lula para o Minist\u00e9rio do Planejamento para ter uma equipe &#8220;coesa&#8221;.<\/p>\n<\/div>\n<p>Not\u00edcias ao minuto<\/p>\n<p>Foto F\u00e1bio Pelinson<\/p>\n<\/div>\n<\/div>\n","protected":false},"excerpt":{"rendered":"<p>O futuro ministro da Fazenda, Fernando Haddad (PT), anunciou nesta segunda-feira (19) a subprocuradora-geral da Fazenda Nacional, Anelize Almeida, para<\/p>\n","protected":false},"author":1,"featured_media":2934,"comment_status":"open","ping_status":"open","sticky":false,"template":"","format":"standard","meta":{"colormag_page_container_layout":"default_layout","colormag_page_sidebar_layout":"default_layout","_FSMCFIC_featured_image_caption":"","_FSMCFIC_featured_image_nocaption":"","_FSMCFIC_featured_image_hide":"","footnotes":""},"categories":[5,1],"tags":[],"class_list":["post-2932","post","type-post","status-publish","format-standard","has-post-thumbnail","hentry","category-politica","category-ultimas"],"yoast_head":"<!-- This site is optimized with the Yoast SEO plugin v27.1.1 - https:\/\/yoast.com\/product\/yoast-seo-wordpress\/ -->\n<title>Haddad anuncia Anelize Almeida como procuradora-geral da Fazenda - Brasil not\u00edcias<\/title>\n<meta name=\"robots\" content=\"index, follow, max-snippet:-1, max-image-preview:large, max-video-preview:-1\" \/>\n<link rel=\"canonical\" href=\"https:\/\/brasilnoticias.org\/site\/haddad-anuncia-anelize-almeida-como-procuradora-geral-da-fazenda\/\" \/>\n<meta property=\"og:locale\" content=\"pt_PT\" \/>\n<meta property=\"og:type\" content=\"article\" \/>\n<meta property=\"og:title\" content=\"Haddad anuncia Anelize Almeida como procuradora-geral da Fazenda - Brasil not\u00edcias\" \/>\n<meta property=\"og:description\" content=\"O futuro ministro da Fazenda, Fernando Haddad (PT), anunciou nesta segunda-feira (19) a subprocuradora-geral da Fazenda Nacional, Anelize Almeida, para\" \/>\n<meta property=\"og:url\" content=\"https:\/\/brasilnoticias.org\/site\/haddad-anuncia-anelize-almeida-como-procuradora-geral-da-fazenda\/\" \/>\n<meta property=\"og:site_name\" content=\"Brasil not\u00edcias\" \/>\n<meta property=\"article:published_time\" content=\"2022-12-20T10:30:26+00:00\" \/>\n<meta property=\"og:image\" content=\"https:\/\/brasilnoticias.org\/site\/wp-content\/uploads\/2022\/12\/naom_5c4831d49fbf8-1.jpg\" \/>\n\t<meta property=\"og:image:width\" content=\"640\" \/>\n\t<meta property=\"og:image:height\" content=\"360\" \/>\n\t<meta property=\"og:image:type\" content=\"image\/jpeg\" \/>\n<meta name=\"author\" content=\"Reda\u00e7\u00e3o\" \/>\n<meta name=\"twitter:card\" content=\"summary_large_image\" \/>\n<meta name=\"twitter:label1\" content=\"Escrito por\" \/>\n\t<meta name=\"twitter:data1\" content=\"Reda\u00e7\u00e3o\" \/>\n\t<meta name=\"twitter:label2\" content=\"Tempo estimado de leitura\" \/>\n\t<meta name=\"twitter:data2\" content=\"3 minutos\" \/>\n<script type=\"application\/ld+json\" class=\"yoast-schema-graph\">{\"@context\":\"https:\/\/schema.org\",\"@graph\":[{\"@type\":\"Article\",\"@id\":\"https:\/\/brasilnoticias.org\/site\/haddad-anuncia-anelize-almeida-como-procuradora-geral-da-fazenda\/#article\",\"isPartOf\":{\"@id\":\"https:\/\/brasilnoticias.org\/site\/haddad-anuncia-anelize-almeida-como-procuradora-geral-da-fazenda\/\"},\"author\":{\"name\":\"Reda\u00e7\u00e3o\",\"@id\":\"https:\/\/brasilnoticias.org\/site\/#\/schema\/person\/a0e05b973ec4d15c658d51911e53507b\"},\"headline\":\"Haddad anuncia Anelize Almeida como procuradora-geral da Fazenda\",\"datePublished\":\"2022-12-20T10:30:26+00:00\",\"mainEntityOfPage\":{\"@id\":\"https:\/\/brasilnoticias.org\/site\/haddad-anuncia-anelize-almeida-como-procuradora-geral-da-fazenda\/\"},\"wordCount\":647,\"commentCount\":0,\"publisher\":{\"@id\":\"https:\/\/brasilnoticias.org\/site\/#organization\"},\"image\":{\"@id\":\"https:\/\/brasilnoticias.org\/site\/haddad-anuncia-anelize-almeida-como-procuradora-geral-da-fazenda\/#primaryimage\"},\"thumbnailUrl\":\"https:\/\/brasilnoticias.org\/site\/wp-content\/uploads\/2022\/12\/naom_5c4831d49fbf8-1.jpg\",\"articleSection\":[\"Pol\u00edtica\",\"\u00daltimas\"],\"inLanguage\":\"pt-PT\",\"potentialAction\":[{\"@type\":\"CommentAction\",\"name\":\"Comment\",\"target\":[\"https:\/\/brasilnoticias.org\/site\/haddad-anuncia-anelize-almeida-como-procuradora-geral-da-fazenda\/#respond\"]}]},{\"@type\":\"WebPage\",\"@id\":\"https:\/\/brasilnoticias.org\/site\/haddad-anuncia-anelize-almeida-como-procuradora-geral-da-fazenda\/\",\"url\":\"https:\/\/brasilnoticias.org\/site\/haddad-anuncia-anelize-almeida-como-procuradora-geral-da-fazenda\/\",\"name\":\"Haddad anuncia Anelize Almeida como procuradora-geral da Fazenda - Brasil not\u00edcias\",\"isPartOf\":{\"@id\":\"https:\/\/brasilnoticias.org\/site\/#website\"},\"primaryImageOfPage\":{\"@id\":\"https:\/\/brasilnoticias.org\/site\/haddad-anuncia-anelize-almeida-como-procuradora-geral-da-fazenda\/#primaryimage\"},\"image\":{\"@id\":\"https:\/\/brasilnoticias.org\/site\/haddad-anuncia-anelize-almeida-como-procuradora-geral-da-fazenda\/#primaryimage\"},\"thumbnailUrl\":\"https:\/\/brasilnoticias.org\/site\/wp-content\/uploads\/2022\/12\/naom_5c4831d49fbf8-1.jpg\",\"datePublished\":\"2022-12-20T10:30:26+00:00\",\"breadcrumb\":{\"@id\":\"https:\/\/brasilnoticias.org\/site\/haddad-anuncia-anelize-almeida-como-procuradora-geral-da-fazenda\/#breadcrumb\"},\"inLanguage\":\"pt-PT\",\"potentialAction\":[{\"@type\":\"ReadAction\",\"target\":[\"https:\/\/brasilnoticias.org\/site\/haddad-anuncia-anelize-almeida-como-procuradora-geral-da-fazenda\/\"]}]},{\"@type\":\"ImageObject\",\"inLanguage\":\"pt-PT\",\"@id\":\"https:\/\/brasilnoticias.org\/site\/haddad-anuncia-anelize-almeida-como-procuradora-geral-da-fazenda\/#primaryimage\",\"url\":\"https:\/\/brasilnoticias.org\/site\/wp-content\/uploads\/2022\/12\/naom_5c4831d49fbf8-1.jpg\",\"contentUrl\":\"https:\/\/brasilnoticias.org\/site\/wp-content\/uploads\/2022\/12\/naom_5c4831d49fbf8-1.jpg\",\"width\":640,\"height\":360},{\"@type\":\"BreadcrumbList\",\"@id\":\"https:\/\/brasilnoticias.org\/site\/haddad-anuncia-anelize-almeida-como-procuradora-geral-da-fazenda\/#breadcrumb\",\"itemListElement\":[{\"@type\":\"ListItem\",\"position\":1,\"name\":\"In\u00edcio\",\"item\":\"https:\/\/brasilnoticias.org\/site\/\"},{\"@type\":\"ListItem\",\"position\":2,\"name\":\"Haddad anuncia Anelize Almeida como procuradora-geral da Fazenda\"}]},{\"@type\":\"WebSite\",\"@id\":\"https:\/\/brasilnoticias.org\/site\/#website\",\"url\":\"https:\/\/brasilnoticias.org\/site\/\",\"name\":\"Brasil not\u00edcias\",\"description\":\"Brasil not\u00edcias\",\"publisher\":{\"@id\":\"https:\/\/brasilnoticias.org\/site\/#organization\"},\"potentialAction\":[{\"@type\":\"SearchAction\",\"target\":{\"@type\":\"EntryPoint\",\"urlTemplate\":\"https:\/\/brasilnoticias.org\/site\/?s={search_term_string}\"},\"query-input\":{\"@type\":\"PropertyValueSpecification\",\"valueRequired\":true,\"valueName\":\"search_term_string\"}}],\"inLanguage\":\"pt-PT\"},{\"@type\":\"Organization\",\"@id\":\"https:\/\/brasilnoticias.org\/site\/#organization\",\"name\":\"Brasil not\u00edcias\",\"url\":\"https:\/\/brasilnoticias.org\/site\/\",\"logo\":{\"@type\":\"ImageObject\",\"inLanguage\":\"pt-PT\",\"@id\":\"https:\/\/brasilnoticias.org\/site\/#\/schema\/logo\/image\/\",\"url\":\"https:\/\/brasilnoticias.org\/site\/wp-content\/uploads\/2022\/05\/cropped-brasilnoticias-mini.jpg\",\"contentUrl\":\"https:\/\/brasilnoticias.org\/site\/wp-content\/uploads\/2022\/05\/cropped-brasilnoticias-mini.jpg\",\"width\":314,\"height\":86,\"caption\":\"Brasil not\u00edcias\"},\"image\":{\"@id\":\"https:\/\/brasilnoticias.org\/site\/#\/schema\/logo\/image\/\"}},{\"@type\":\"Person\",\"@id\":\"https:\/\/brasilnoticias.org\/site\/#\/schema\/person\/a0e05b973ec4d15c658d51911e53507b\",\"name\":\"Reda\u00e7\u00e3o\",\"image\":{\"@type\":\"ImageObject\",\"inLanguage\":\"pt-PT\",\"@id\":\"https:\/\/brasilnoticias.org\/site\/#\/schema\/person\/image\/\",\"url\":\"https:\/\/secure.gravatar.com\/avatar\/75d8b050df2de108b08ae78dfb8e374892df24a383c67db9c46a9c604f6aee9c?s=96&d=mm&r=g\",\"contentUrl\":\"https:\/\/secure.gravatar.com\/avatar\/75d8b050df2de108b08ae78dfb8e374892df24a383c67db9c46a9c604f6aee9c?s=96&d=mm&r=g\",\"caption\":\"Reda\u00e7\u00e3o\"},\"sameAs\":[\"https:\/\/brasilnoticias.org\/site\"],\"url\":\"https:\/\/brasilnoticias.org\/site\/author\/fernandozsngmail-com\/\"}]}<\/script>\n<!-- \/ Yoast SEO plugin. -->","yoast_head_json":{"title":"Haddad anuncia Anelize Almeida como procuradora-geral da Fazenda - Brasil not\u00edcias","robots":{"index":"index","follow":"follow","max-snippet":"max-snippet:-1","max-image-preview":"max-image-preview:large","max-video-preview":"max-video-preview:-1"},"canonical":"https:\/\/brasilnoticias.org\/site\/haddad-anuncia-anelize-almeida-como-procuradora-geral-da-fazenda\/","og_locale":"pt_PT","og_type":"article","og_title":"Haddad anuncia Anelize Almeida como procuradora-geral da Fazenda - Brasil not\u00edcias","og_description":"O futuro ministro da Fazenda, Fernando Haddad (PT), anunciou nesta segunda-feira (19) a subprocuradora-geral da Fazenda Nacional, Anelize Almeida, para","og_url":"https:\/\/brasilnoticias.org\/site\/haddad-anuncia-anelize-almeida-como-procuradora-geral-da-fazenda\/","og_site_name":"Brasil not\u00edcias","article_published_time":"2022-12-20T10:30:26+00:00","og_image":[{"width":640,"height":360,"url":"https:\/\/brasilnoticias.org\/site\/wp-content\/uploads\/2022\/12\/naom_5c4831d49fbf8-1.jpg","type":"image\/jpeg"}],"author":"Reda\u00e7\u00e3o","twitter_card":"summary_large_image","twitter_misc":{"Escrito por":"Reda\u00e7\u00e3o","Tempo estimado de leitura":"3 minutos"},"schema":{"@context":"https:\/\/schema.org","@graph":[{"@type":"Article","@id":"https:\/\/brasilnoticias.org\/site\/haddad-anuncia-anelize-almeida-como-procuradora-geral-da-fazenda\/#article","isPartOf":{"@id":"https:\/\/brasilnoticias.org\/site\/haddad-anuncia-anelize-almeida-como-procuradora-geral-da-fazenda\/"},"author":{"name":"Reda\u00e7\u00e3o","@id":"https:\/\/brasilnoticias.org\/site\/#\/schema\/person\/a0e05b973ec4d15c658d51911e53507b"},"headline":"Haddad anuncia Anelize Almeida como procuradora-geral da Fazenda","datePublished":"2022-12-20T10:30:26+00:00","mainEntityOfPage":{"@id":"https:\/\/brasilnoticias.org\/site\/haddad-anuncia-anelize-almeida-como-procuradora-geral-da-fazenda\/"},"wordCount":647,"commentCount":0,"publisher":{"@id":"https:\/\/brasilnoticias.org\/site\/#organization"},"image":{"@id":"https:\/\/brasilnoticias.org\/site\/haddad-anuncia-anelize-almeida-como-procuradora-geral-da-fazenda\/#primaryimage"},"thumbnailUrl":"https:\/\/brasilnoticias.org\/site\/wp-content\/uploads\/2022\/12\/naom_5c4831d49fbf8-1.jpg","articleSection":["Pol\u00edtica","\u00daltimas"],"inLanguage":"pt-PT","potentialAction":[{"@type":"CommentAction","name":"Comment","target":["https:\/\/brasilnoticias.org\/site\/haddad-anuncia-anelize-almeida-como-procuradora-geral-da-fazenda\/#respond"]}]},{"@type":"WebPage","@id":"https:\/\/brasilnoticias.org\/site\/haddad-anuncia-anelize-almeida-como-procuradora-geral-da-fazenda\/","url":"https:\/\/brasilnoticias.org\/site\/haddad-anuncia-anelize-almeida-como-procuradora-geral-da-fazenda\/","name":"Haddad anuncia Anelize Almeida como procuradora-geral da Fazenda - Brasil not\u00edcias","isPartOf":{"@id":"https:\/\/brasilnoticias.org\/site\/#website"},"primaryImageOfPage":{"@id":"https:\/\/brasilnoticias.org\/site\/haddad-anuncia-anelize-almeida-como-procuradora-geral-da-fazenda\/#primaryimage"},"image":{"@id":"https:\/\/brasilnoticias.org\/site\/haddad-anuncia-anelize-almeida-como-procuradora-geral-da-fazenda\/#primaryimage"},"thumbnailUrl":"https:\/\/brasilnoticias.org\/site\/wp-content\/uploads\/2022\/12\/naom_5c4831d49fbf8-1.jpg","datePublished":"2022-12-20T10:30:26+00:00","breadcrumb":{"@id":"https:\/\/brasilnoticias.org\/site\/haddad-anuncia-anelize-almeida-como-procuradora-geral-da-fazenda\/#breadcrumb"},"inLanguage":"pt-PT","potentialAction":[{"@type":"ReadAction","target":["https:\/\/brasilnoticias.org\/site\/haddad-anuncia-anelize-almeida-como-procuradora-geral-da-fazenda\/"]}]},{"@type":"ImageObject","inLanguage":"pt-PT","@id":"https:\/\/brasilnoticias.org\/site\/haddad-anuncia-anelize-almeida-como-procuradora-geral-da-fazenda\/#primaryimage","url":"https:\/\/brasilnoticias.org\/site\/wp-content\/uploads\/2022\/12\/naom_5c4831d49fbf8-1.jpg","contentUrl":"https:\/\/brasilnoticias.org\/site\/wp-content\/uploads\/2022\/12\/naom_5c4831d49fbf8-1.jpg","width":640,"height":360},{"@type":"BreadcrumbList","@id":"https:\/\/brasilnoticias.org\/site\/haddad-anuncia-anelize-almeida-como-procuradora-geral-da-fazenda\/#breadcrumb","itemListElement":[{"@type":"ListItem","position":1,"name":"In\u00edcio","item":"https:\/\/brasilnoticias.org\/site\/"},{"@type":"ListItem","position":2,"name":"Haddad anuncia Anelize Almeida como procuradora-geral da Fazenda"}]},{"@type":"WebSite","@id":"https:\/\/brasilnoticias.org\/site\/#website","url":"https:\/\/brasilnoticias.org\/site\/","name":"Brasil not\u00edcias","description":"Brasil not\u00edcias","publisher":{"@id":"https:\/\/brasilnoticias.org\/site\/#organization"},"potentialAction":[{"@type":"SearchAction","target":{"@type":"EntryPoint","urlTemplate":"https:\/\/brasilnoticias.org\/site\/?s={search_term_string}"},"query-input":{"@type":"PropertyValueSpecification","valueRequired":true,"valueName":"search_term_string"}}],"inLanguage":"pt-PT"},{"@type":"Organization","@id":"https:\/\/brasilnoticias.org\/site\/#organization","name":"Brasil not\u00edcias","url":"https:\/\/brasilnoticias.org\/site\/","logo":{"@type":"ImageObject","inLanguage":"pt-PT","@id":"https:\/\/brasilnoticias.org\/site\/#\/schema\/logo\/image\/","url":"https:\/\/brasilnoticias.org\/site\/wp-content\/uploads\/2022\/05\/cropped-brasilnoticias-mini.jpg","contentUrl":"https:\/\/brasilnoticias.org\/site\/wp-content\/uploads\/2022\/05\/cropped-brasilnoticias-mini.jpg","width":314,"height":86,"caption":"Brasil not\u00edcias"},"image":{"@id":"https:\/\/brasilnoticias.org\/site\/#\/schema\/logo\/image\/"}},{"@type":"Person","@id":"https:\/\/brasilnoticias.org\/site\/#\/schema\/person\/a0e05b973ec4d15c658d51911e53507b","name":"Reda\u00e7\u00e3o","image":{"@type":"ImageObject","inLanguage":"pt-PT","@id":"https:\/\/brasilnoticias.org\/site\/#\/schema\/person\/image\/","url":"https:\/\/secure.gravatar.com\/avatar\/75d8b050df2de108b08ae78dfb8e374892df24a383c67db9c46a9c604f6aee9c?s=96&d=mm&r=g","contentUrl":"https:\/\/secure.gravatar.com\/avatar\/75d8b050df2de108b08ae78dfb8e374892df24a383c67db9c46a9c604f6aee9c?s=96&d=mm&r=g","caption":"Reda\u00e7\u00e3o"},"sameAs":["https:\/\/brasilnoticias.org\/site"],"url":"https:\/\/brasilnoticias.org\/site\/author\/fernandozsngmail-com\/"}]}},"_links":{"self":[{"href":"https:\/\/brasilnoticias.org\/site\/wp-json\/wp\/v2\/posts\/2932","targetHints":{"allow":["GET"]}}],"collection":[{"href":"https:\/\/brasilnoticias.org\/site\/wp-json\/wp\/v2\/posts"}],"about":[{"href":"https:\/\/brasilnoticias.org\/site\/wp-json\/wp\/v2\/types\/post"}],"author":[{"embeddable":true,"href":"https:\/\/brasilnoticias.org\/site\/wp-json\/wp\/v2\/users\/1"}],"replies":[{"embeddable":true,"href":"https:\/\/brasilnoticias.org\/site\/wp-json\/wp\/v2\/comments?post=2932"}],"version-history":[{"count":1,"href":"https:\/\/brasilnoticias.org\/site\/wp-json\/wp\/v2\/posts\/2932\/revisions"}],"predecessor-version":[{"id":2933,"href":"https:\/\/brasilnoticias.org\/site\/wp-json\/wp\/v2\/posts\/2932\/revisions\/2933"}],"wp:featuredmedia":[{"embeddable":true,"href":"https:\/\/brasilnoticias.org\/site\/wp-json\/wp\/v2\/media\/2934"}],"wp:attachment":[{"href":"https:\/\/brasilnoticias.org\/site\/wp-json\/wp\/v2\/media?parent=2932"}],"wp:term":[{"taxonomy":"category","embeddable":true,"href":"https:\/\/brasilnoticias.org\/site\/wp-json\/wp\/v2\/categories?post=2932"},{"taxonomy":"post_tag","embeddable":true,"href":"https:\/\/brasilnoticias.org\/site\/wp-json\/wp\/v2\/tags?post=2932"}],"curies":[{"name":"wp","href":"https:\/\/api.w.org\/{rel}","templated":true}]}}