{"id":2935,"date":"2022-12-20T11:29:55","date_gmt":"2022-12-20T14:29:55","guid":{"rendered":"https:\/\/brasilnoticias.org\/site\/?p=2935"},"modified":"2022-12-20T11:29:55","modified_gmt":"2022-12-20T14:29:55","slug":"mar-da-consciencia","status":"publish","type":"post","link":"https:\/\/brasilnoticias.org\/site\/mar-da-consciencia\/","title":{"rendered":"Mar Da Consci\u00eancia"},"content":{"rendered":"<p>Mar Da Consci\u00eancia \u00e9 um grande evento voltado para a constru\u00e7\u00e3o de novos pensamentos e eleva\u00e7\u00e3o de consci\u00eancias mais pr\u00f3speras e libert\u00e1rias.<br \/>\nAnnah Paula Freitas (Mentora e Arquiteta), idealizadora e CEO do Mar Da Consci\u00eancia, buscou profissionais de renomes no ramo do autoconhecimento para enriquecer as palestras que ir\u00e3o acontecer nos dias 22 &#038; 23 de Abrill de 2023.<br \/>\nO evento acontece de forma h\u00edbrida e de forma presencial no Hotel &#8211; Recife\/PE.<br \/>\nO evento tem como base de expans\u00e3o acontecer de forma presencial em v\u00e1rios Estados brasileiros.<br \/>\nAs palestras de Conex\u00f5es est\u00e3o divididas em dois grandes momentos:<br \/>\ndia 22\/04\/2023, conta com a participa\u00e7\u00e3o dos Mentores: Jorge, Suellen Dantas, Paj\u00e9 Sanderline, Teuman Fonseca Maia, Ana da Fonte e Mani Alvarez .<br \/>\nContinua\u00e7\u00e3o do evento em 23\/04\/2023 com os Mentores palestrantes: Annah Paula, Diego Ara\u00fajo, Casal Qu\u00e2ntico, H\u00e1vini S\u00e1, Ivan.<br \/>\nSer\u00e1 um evento de grande oportunidade para equilibrar o emocional, espiritual &#038; mental de todos n\u00f3s.<br \/>\nImportante adquirir seu espa\u00e7o no link da inscri\u00e7\u00e3o:<br \/>\nhttps:\/\/www.sympla.com.br\/construindo-novas-paisagens-em-tempos-de-desertos-mentais__1792058?d=rita<\/p>\n","protected":false},"excerpt":{"rendered":"<p>Mar Da Consci\u00eancia \u00e9 um grande evento voltado para a constru\u00e7\u00e3o de novos pensamentos e eleva\u00e7\u00e3o de consci\u00eancias mais pr\u00f3speras<\/p>\n","protected":false},"author":1,"featured_media":2936,"comment_status":"open","ping_status":"open","sticky":false,"template":"","format":"standard","meta":{"colormag_page_container_layout":"default_layout","colormag_page_sidebar_layout":"default_layout","_FSMCFIC_featured_image_caption":"","_FSMCFIC_featured_image_nocaption":"","_FSMCFIC_featured_image_hide":"","footnotes":""},"categories":[2,1],"tags":[],"class_list":["post-2935","post","type-post","status-publish","format-standard","has-post-thumbnail","hentry","category-noticias","category-ultimas"],"yoast_head":"<!-- This site is optimized with the Yoast SEO plugin v27.1.1 - https:\/\/yoast.com\/product\/yoast-seo-wordpress\/ -->\n<title>Mar Da Consci\u00eancia - Brasil not\u00edcias<\/title>\n<meta name=\"robots\" content=\"index, follow, max-snippet:-1, max-image-preview:large, max-video-preview:-1\" \/>\n<link rel=\"canonical\" href=\"https:\/\/brasilnoticias.org\/site\/mar-da-consciencia\/\" \/>\n<meta property=\"og:locale\" content=\"pt_PT\" \/>\n<meta property=\"og:type\" content=\"article\" \/>\n<meta property=\"og:title\" content=\"Mar Da Consci\u00eancia - Brasil not\u00edcias\" \/>\n<meta property=\"og:description\" content=\"Mar Da Consci\u00eancia \u00e9 um grande evento voltado para a constru\u00e7\u00e3o de novos pensamentos e eleva\u00e7\u00e3o de consci\u00eancias mais pr\u00f3speras\" \/>\n<meta property=\"og:url\" content=\"https:\/\/brasilnoticias.org\/site\/mar-da-consciencia\/\" \/>\n<meta property=\"og:site_name\" content=\"Brasil not\u00edcias\" \/>\n<meta property=\"article:published_time\" content=\"2022-12-20T14:29:55+00:00\" \/>\n<meta property=\"og:image\" content=\"https:\/\/brasilnoticias.org\/site\/wp-content\/uploads\/2022\/12\/WhatsApp-Image-2022-12-20-at-11.07.05.jpeg\" \/>\n\t<meta property=\"og:image:width\" content=\"772\" \/>\n\t<meta property=\"og:image:height\" content=\"1098\" \/>\n\t<meta property=\"og:image:type\" content=\"image\/jpeg\" \/>\n<meta name=\"author\" content=\"Reda\u00e7\u00e3o\" \/>\n<meta name=\"twitter:card\" content=\"summary_large_image\" \/>\n<meta name=\"twitter:label1\" content=\"Escrito por\" \/>\n\t<meta name=\"twitter:data1\" content=\"Reda\u00e7\u00e3o\" \/>\n\t<meta name=\"twitter:label2\" content=\"Tempo estimado de leitura\" \/>\n\t<meta name=\"twitter:data2\" content=\"1 minuto\" \/>\n<script type=\"application\/ld+json\" class=\"yoast-schema-graph\">{\"@context\":\"https:\/\/schema.org\",\"@graph\":[{\"@type\":\"Article\",\"@id\":\"https:\/\/brasilnoticias.org\/site\/mar-da-consciencia\/#article\",\"isPartOf\":{\"@id\":\"https:\/\/brasilnoticias.org\/site\/mar-da-consciencia\/\"},\"author\":{\"name\":\"Reda\u00e7\u00e3o\",\"@id\":\"https:\/\/brasilnoticias.org\/site\/#\/schema\/person\/a0e05b973ec4d15c658d51911e53507b\"},\"headline\":\"Mar Da Consci\u00eancia\",\"datePublished\":\"2022-12-20T14:29:55+00:00\",\"mainEntityOfPage\":{\"@id\":\"https:\/\/brasilnoticias.org\/site\/mar-da-consciencia\/\"},\"wordCount\":188,\"commentCount\":0,\"publisher\":{\"@id\":\"https:\/\/brasilnoticias.org\/site\/#organization\"},\"image\":{\"@id\":\"https:\/\/brasilnoticias.org\/site\/mar-da-consciencia\/#primaryimage\"},\"thumbnailUrl\":\"https:\/\/brasilnoticias.org\/site\/wp-content\/uploads\/2022\/12\/WhatsApp-Image-2022-12-20-at-11.07.05.jpeg\",\"articleSection\":[\"Not\u00edcias\",\"\u00daltimas\"],\"inLanguage\":\"pt-PT\",\"potentialAction\":[{\"@type\":\"CommentAction\",\"name\":\"Comment\",\"target\":[\"https:\/\/brasilnoticias.org\/site\/mar-da-consciencia\/#respond\"]}]},{\"@type\":\"WebPage\",\"@id\":\"https:\/\/brasilnoticias.org\/site\/mar-da-consciencia\/\",\"url\":\"https:\/\/brasilnoticias.org\/site\/mar-da-consciencia\/\",\"name\":\"Mar Da Consci\u00eancia - Brasil not\u00edcias\",\"isPartOf\":{\"@id\":\"https:\/\/brasilnoticias.org\/site\/#website\"},\"primaryImageOfPage\":{\"@id\":\"https:\/\/brasilnoticias.org\/site\/mar-da-consciencia\/#primaryimage\"},\"image\":{\"@id\":\"https:\/\/brasilnoticias.org\/site\/mar-da-consciencia\/#primaryimage\"},\"thumbnailUrl\":\"https:\/\/brasilnoticias.org\/site\/wp-content\/uploads\/2022\/12\/WhatsApp-Image-2022-12-20-at-11.07.05.jpeg\",\"datePublished\":\"2022-12-20T14:29:55+00:00\",\"breadcrumb\":{\"@id\":\"https:\/\/brasilnoticias.org\/site\/mar-da-consciencia\/#breadcrumb\"},\"inLanguage\":\"pt-PT\",\"potentialAction\":[{\"@type\":\"ReadAction\",\"target\":[\"https:\/\/brasilnoticias.org\/site\/mar-da-consciencia\/\"]}]},{\"@type\":\"ImageObject\",\"inLanguage\":\"pt-PT\",\"@id\":\"https:\/\/brasilnoticias.org\/site\/mar-da-consciencia\/#primaryimage\",\"url\":\"https:\/\/brasilnoticias.org\/site\/wp-content\/uploads\/2022\/12\/WhatsApp-Image-2022-12-20-at-11.07.05.jpeg\",\"contentUrl\":\"https:\/\/brasilnoticias.org\/site\/wp-content\/uploads\/2022\/12\/WhatsApp-Image-2022-12-20-at-11.07.05.jpeg\",\"width\":772,\"height\":1098},{\"@type\":\"BreadcrumbList\",\"@id\":\"https:\/\/brasilnoticias.org\/site\/mar-da-consciencia\/#breadcrumb\",\"itemListElement\":[{\"@type\":\"ListItem\",\"position\":1,\"name\":\"In\u00edcio\",\"item\":\"https:\/\/brasilnoticias.org\/site\/\"},{\"@type\":\"ListItem\",\"position\":2,\"name\":\"Mar Da Consci\u00eancia\"}]},{\"@type\":\"WebSite\",\"@id\":\"https:\/\/brasilnoticias.org\/site\/#website\",\"url\":\"https:\/\/brasilnoticias.org\/site\/\",\"name\":\"Brasil not\u00edcias\",\"description\":\"Brasil not\u00edcias\",\"publisher\":{\"@id\":\"https:\/\/brasilnoticias.org\/site\/#organization\"},\"potentialAction\":[{\"@type\":\"SearchAction\",\"target\":{\"@type\":\"EntryPoint\",\"urlTemplate\":\"https:\/\/brasilnoticias.org\/site\/?s={search_term_string}\"},\"query-input\":{\"@type\":\"PropertyValueSpecification\",\"valueRequired\":true,\"valueName\":\"search_term_string\"}}],\"inLanguage\":\"pt-PT\"},{\"@type\":\"Organization\",\"@id\":\"https:\/\/brasilnoticias.org\/site\/#organization\",\"name\":\"Brasil not\u00edcias\",\"url\":\"https:\/\/brasilnoticias.org\/site\/\",\"logo\":{\"@type\":\"ImageObject\",\"inLanguage\":\"pt-PT\",\"@id\":\"https:\/\/brasilnoticias.org\/site\/#\/schema\/logo\/image\/\",\"url\":\"https:\/\/brasilnoticias.org\/site\/wp-content\/uploads\/2022\/05\/cropped-brasilnoticias-mini.jpg\",\"contentUrl\":\"https:\/\/brasilnoticias.org\/site\/wp-content\/uploads\/2022\/05\/cropped-brasilnoticias-mini.jpg\",\"width\":314,\"height\":86,\"caption\":\"Brasil not\u00edcias\"},\"image\":{\"@id\":\"https:\/\/brasilnoticias.org\/site\/#\/schema\/logo\/image\/\"}},{\"@type\":\"Person\",\"@id\":\"https:\/\/brasilnoticias.org\/site\/#\/schema\/person\/a0e05b973ec4d15c658d51911e53507b\",\"name\":\"Reda\u00e7\u00e3o\",\"image\":{\"@type\":\"ImageObject\",\"inLanguage\":\"pt-PT\",\"@id\":\"https:\/\/brasilnoticias.org\/site\/#\/schema\/person\/image\/\",\"url\":\"https:\/\/secure.gravatar.com\/avatar\/75d8b050df2de108b08ae78dfb8e374892df24a383c67db9c46a9c604f6aee9c?s=96&d=mm&r=g\",\"contentUrl\":\"https:\/\/secure.gravatar.com\/avatar\/75d8b050df2de108b08ae78dfb8e374892df24a383c67db9c46a9c604f6aee9c?s=96&d=mm&r=g\",\"caption\":\"Reda\u00e7\u00e3o\"},\"sameAs\":[\"https:\/\/brasilnoticias.org\/site\"],\"url\":\"https:\/\/brasilnoticias.org\/site\/author\/fernandozsngmail-com\/\"}]}<\/script>\n<!-- \/ Yoast SEO plugin. -->","yoast_head_json":{"title":"Mar Da Consci\u00eancia - Brasil not\u00edcias","robots":{"index":"index","follow":"follow","max-snippet":"max-snippet:-1","max-image-preview":"max-image-preview:large","max-video-preview":"max-video-preview:-1"},"canonical":"https:\/\/brasilnoticias.org\/site\/mar-da-consciencia\/","og_locale":"pt_PT","og_type":"article","og_title":"Mar Da Consci\u00eancia - Brasil not\u00edcias","og_description":"Mar Da Consci\u00eancia \u00e9 um grande evento voltado para a constru\u00e7\u00e3o de novos pensamentos e eleva\u00e7\u00e3o de consci\u00eancias mais pr\u00f3speras","og_url":"https:\/\/brasilnoticias.org\/site\/mar-da-consciencia\/","og_site_name":"Brasil not\u00edcias","article_published_time":"2022-12-20T14:29:55+00:00","og_image":[{"width":772,"height":1098,"url":"https:\/\/brasilnoticias.org\/site\/wp-content\/uploads\/2022\/12\/WhatsApp-Image-2022-12-20-at-11.07.05.jpeg","type":"image\/jpeg"}],"author":"Reda\u00e7\u00e3o","twitter_card":"summary_large_image","twitter_misc":{"Escrito por":"Reda\u00e7\u00e3o","Tempo estimado de leitura":"1 minuto"},"schema":{"@context":"https:\/\/schema.org","@graph":[{"@type":"Article","@id":"https:\/\/brasilnoticias.org\/site\/mar-da-consciencia\/#article","isPartOf":{"@id":"https:\/\/brasilnoticias.org\/site\/mar-da-consciencia\/"},"author":{"name":"Reda\u00e7\u00e3o","@id":"https:\/\/brasilnoticias.org\/site\/#\/schema\/person\/a0e05b973ec4d15c658d51911e53507b"},"headline":"Mar Da Consci\u00eancia","datePublished":"2022-12-20T14:29:55+00:00","mainEntityOfPage":{"@id":"https:\/\/brasilnoticias.org\/site\/mar-da-consciencia\/"},"wordCount":188,"commentCount":0,"publisher":{"@id":"https:\/\/brasilnoticias.org\/site\/#organization"},"image":{"@id":"https:\/\/brasilnoticias.org\/site\/mar-da-consciencia\/#primaryimage"},"thumbnailUrl":"https:\/\/brasilnoticias.org\/site\/wp-content\/uploads\/2022\/12\/WhatsApp-Image-2022-12-20-at-11.07.05.jpeg","articleSection":["Not\u00edcias","\u00daltimas"],"inLanguage":"pt-PT","potentialAction":[{"@type":"CommentAction","name":"Comment","target":["https:\/\/brasilnoticias.org\/site\/mar-da-consciencia\/#respond"]}]},{"@type":"WebPage","@id":"https:\/\/brasilnoticias.org\/site\/mar-da-consciencia\/","url":"https:\/\/brasilnoticias.org\/site\/mar-da-consciencia\/","name":"Mar Da Consci\u00eancia - Brasil not\u00edcias","isPartOf":{"@id":"https:\/\/brasilnoticias.org\/site\/#website"},"primaryImageOfPage":{"@id":"https:\/\/brasilnoticias.org\/site\/mar-da-consciencia\/#primaryimage"},"image":{"@id":"https:\/\/brasilnoticias.org\/site\/mar-da-consciencia\/#primaryimage"},"thumbnailUrl":"https:\/\/brasilnoticias.org\/site\/wp-content\/uploads\/2022\/12\/WhatsApp-Image-2022-12-20-at-11.07.05.jpeg","datePublished":"2022-12-20T14:29:55+00:00","breadcrumb":{"@id":"https:\/\/brasilnoticias.org\/site\/mar-da-consciencia\/#breadcrumb"},"inLanguage":"pt-PT","potentialAction":[{"@type":"ReadAction","target":["https:\/\/brasilnoticias.org\/site\/mar-da-consciencia\/"]}]},{"@type":"ImageObject","inLanguage":"pt-PT","@id":"https:\/\/brasilnoticias.org\/site\/mar-da-consciencia\/#primaryimage","url":"https:\/\/brasilnoticias.org\/site\/wp-content\/uploads\/2022\/12\/WhatsApp-Image-2022-12-20-at-11.07.05.jpeg","contentUrl":"https:\/\/brasilnoticias.org\/site\/wp-content\/uploads\/2022\/12\/WhatsApp-Image-2022-12-20-at-11.07.05.jpeg","width":772,"height":1098},{"@type":"BreadcrumbList","@id":"https:\/\/brasilnoticias.org\/site\/mar-da-consciencia\/#breadcrumb","itemListElement":[{"@type":"ListItem","position":1,"name":"In\u00edcio","item":"https:\/\/brasilnoticias.org\/site\/"},{"@type":"ListItem","position":2,"name":"Mar Da Consci\u00eancia"}]},{"@type":"WebSite","@id":"https:\/\/brasilnoticias.org\/site\/#website","url":"https:\/\/brasilnoticias.org\/site\/","name":"Brasil not\u00edcias","description":"Brasil not\u00edcias","publisher":{"@id":"https:\/\/brasilnoticias.org\/site\/#organization"},"potentialAction":[{"@type":"SearchAction","target":{"@type":"EntryPoint","urlTemplate":"https:\/\/brasilnoticias.org\/site\/?s={search_term_string}"},"query-input":{"@type":"PropertyValueSpecification","valueRequired":true,"valueName":"search_term_string"}}],"inLanguage":"pt-PT"},{"@type":"Organization","@id":"https:\/\/brasilnoticias.org\/site\/#organization","name":"Brasil not\u00edcias","url":"https:\/\/brasilnoticias.org\/site\/","logo":{"@type":"ImageObject","inLanguage":"pt-PT","@id":"https:\/\/brasilnoticias.org\/site\/#\/schema\/logo\/image\/","url":"https:\/\/brasilnoticias.org\/site\/wp-content\/uploads\/2022\/05\/cropped-brasilnoticias-mini.jpg","contentUrl":"https:\/\/brasilnoticias.org\/site\/wp-content\/uploads\/2022\/05\/cropped-brasilnoticias-mini.jpg","width":314,"height":86,"caption":"Brasil not\u00edcias"},"image":{"@id":"https:\/\/brasilnoticias.org\/site\/#\/schema\/logo\/image\/"}},{"@type":"Person","@id":"https:\/\/brasilnoticias.org\/site\/#\/schema\/person\/a0e05b973ec4d15c658d51911e53507b","name":"Reda\u00e7\u00e3o","image":{"@type":"ImageObject","inLanguage":"pt-PT","@id":"https:\/\/brasilnoticias.org\/site\/#\/schema\/person\/image\/","url":"https:\/\/secure.gravatar.com\/avatar\/75d8b050df2de108b08ae78dfb8e374892df24a383c67db9c46a9c604f6aee9c?s=96&d=mm&r=g","contentUrl":"https:\/\/secure.gravatar.com\/avatar\/75d8b050df2de108b08ae78dfb8e374892df24a383c67db9c46a9c604f6aee9c?s=96&d=mm&r=g","caption":"Reda\u00e7\u00e3o"},"sameAs":["https:\/\/brasilnoticias.org\/site"],"url":"https:\/\/brasilnoticias.org\/site\/author\/fernandozsngmail-com\/"}]}},"_links":{"self":[{"href":"https:\/\/brasilnoticias.org\/site\/wp-json\/wp\/v2\/posts\/2935","targetHints":{"allow":["GET"]}}],"collection":[{"href":"https:\/\/brasilnoticias.org\/site\/wp-json\/wp\/v2\/posts"}],"about":[{"href":"https:\/\/brasilnoticias.org\/site\/wp-json\/wp\/v2\/types\/post"}],"author":[{"embeddable":true,"href":"https:\/\/brasilnoticias.org\/site\/wp-json\/wp\/v2\/users\/1"}],"replies":[{"embeddable":true,"href":"https:\/\/brasilnoticias.org\/site\/wp-json\/wp\/v2\/comments?post=2935"}],"version-history":[{"count":1,"href":"https:\/\/brasilnoticias.org\/site\/wp-json\/wp\/v2\/posts\/2935\/revisions"}],"predecessor-version":[{"id":2937,"href":"https:\/\/brasilnoticias.org\/site\/wp-json\/wp\/v2\/posts\/2935\/revisions\/2937"}],"wp:featuredmedia":[{"embeddable":true,"href":"https:\/\/brasilnoticias.org\/site\/wp-json\/wp\/v2\/media\/2936"}],"wp:attachment":[{"href":"https:\/\/brasilnoticias.org\/site\/wp-json\/wp\/v2\/media?parent=2935"}],"wp:term":[{"taxonomy":"category","embeddable":true,"href":"https:\/\/brasilnoticias.org\/site\/wp-json\/wp\/v2\/categories?post=2935"},{"taxonomy":"post_tag","embeddable":true,"href":"https:\/\/brasilnoticias.org\/site\/wp-json\/wp\/v2\/tags?post=2935"}],"curies":[{"name":"wp","href":"https:\/\/api.w.org\/{rel}","templated":true}]}}