{"id":2941,"date":"2022-12-20T18:10:15","date_gmt":"2022-12-20T21:10:15","guid":{"rendered":"https:\/\/brasilnoticias.org\/site\/?p=2941"},"modified":"2022-12-20T12:00:46","modified_gmt":"2022-12-20T15:00:46","slug":"sergio-cabral-deixa-cadeira-apos-seis-anos-de-prisao-preventiva","status":"publish","type":"post","link":"https:\/\/brasilnoticias.org\/site\/sergio-cabral-deixa-cadeira-apos-seis-anos-de-prisao-preventiva\/","title":{"rendered":"S\u00e9rgio Cabral deixa cadeira ap\u00f3s seis anos de pris\u00e3o preventiva"},"content":{"rendered":"<p>O ex-governador do Rio de Janeiro S\u00e9rgio Cabral deixou a Unidade Prisional da Pol\u00edcia Militar em Niter\u00f3i, na Regi\u00e3o Metropolitana do Rio de Janeiro, na noite desta segunda-feira, 19, ap\u00f3s seis anos preso preventivamente sem uma condena\u00e7\u00e3o definitiva.<\/p>\n<p>Condenado a mais de 400 anos de pris\u00e3o em 23 processos, o ex-governador do Rio cumpria a \u00faltima das cinco pris\u00f5es preventivas impostas contra ele. Quatro j\u00e1 haviam sido derrubadas por decis\u00f5es da Justi\u00e7a. Na sexta-feira, o Supremo Tribunal Federal (STF) derrubou a decis\u00e3o que faltava. Agora, a defesa informou que ele ficar\u00e1 em pris\u00e3o domiciliar em um im\u00f3vel da fam\u00edlia em Copacabana, na zona sul do Rio.<\/p>\n<p>Cabral deixou a pris\u00e3o \u00e0s 20h33 acompanhado dos advogados e do filho, Marco Ant\u00f4nio Cabral. Um grupo que se aglomerou em frente ao pres\u00eddio protestou contra a soltura do ex-governador com vaias e gritos de &#8220;ladr\u00e3o&#8221;.<\/p>\n<p>A Justi\u00e7a Federal do Paran\u00e1, onde tramita o processo em que o ex-governador \u00e9 acusado de corrup\u00e7\u00e3o pelas obras do Complexo Petroqu\u00edmico do Rio de Janeiro (Comperj), determinou que Cabral cumpra pris\u00e3o domiciliar com tornozeleira eletr\u00f4nica.<\/p>\n<p>O ex-governador n\u00e3o poder\u00e1 se ausentar de sua resid\u00eancia, exceto mediante autoriza\u00e7\u00e3o da Justi\u00e7a, e s\u00f3 poder\u00e1 receber visitas de parentes at\u00e9 terceiro grau, advogados e profissionais de sa\u00fade.<\/p>\n<p>A Justi\u00e7a ainda proibiu a visita de colaboradores da Justi\u00e7a, de outros investigados, em especial da Opera\u00e7\u00e3o Lava Jato, e a realiza\u00e7\u00e3o de festas ou eventos sociais na casa onde o ex-cacique do MDB cumprir\u00e1 pris\u00e3o domiciliar.<\/p>\n<p>De acordo com um dos advogados de Cabral, Daniel Bialski, a soltura do ex-governador n\u00e3o \u00e9 um &#8220;atestado de impunidade ou inoc\u00eancia&#8221;.<\/p>\n<p>&#8220;A Justi\u00e7a n\u00e3o pode ter dois pesos e duas medidas. Todos os outros condenados na Lava Jato foram colocados em liberdade muito antes. A soltura determinada agora n\u00e3o \u00e9 uma declara\u00e7\u00e3o nem de impunidade, nem de inoc\u00eancia. Se decidiu que n\u00e3o tinha mais cabimento manter uma pris\u00e3o preventiva de seis anos&#8221;, afirmou Bialski.<\/p>\n<p>A defesa, que \u00e9 formada ainda pelos advogados Bruno Borragine, Patr\u00edcia Proetti e Anna Julia Menezes, diz que est\u00e1 questionando a compet\u00eancia do juiz Marcelo Bretas, da 7\u00aa Vara Federal Criminal do Rio de Janeiro, em julgar os processos contra o ex-governador.<\/p>\n<p>&#8220;Estamos questionando (a compet\u00eancia do juiz Marcelo Bret\u00e3s e do ex-juiz S\u00e9rgio Moro). Essa soltura \u00e9 a \u00faltima condena\u00e7\u00e3o da comarca de Curitiba. Todas as outras s\u00e3o aqui do Rio de Janeiro. N\u00e3o se justifica todos os processos ca\u00edrem na mesma Vara. Existe uma coisa no Direito que se chama juiz natural. A pessoa deve ser juntada por um juiz imparcial justamente para que n\u00e3o se tenha prejulgamentos ou uma predisposi\u00e7\u00e3o para um lado ou outro&#8221;, diz Bialski.<\/p>\n<p>O ex-governador cumpria pris\u00e3o preventiva desde 2016. As pris\u00f5es preventivas n\u00e3o t\u00eam prazo definido, mas devem ser revistas a cada 90 dias pelo juiz respons\u00e1vel. Elas podem ser determinadas para evitar interfer\u00eancias em investiga\u00e7\u00f5es ou a continuidade de crimes, por exemplo.<\/p>\n<p>A liberdade, no entanto, deve ser provis\u00f3ria &#8211; j\u00e1 h\u00e1 a\u00e7\u00f5es tramitando no Superior Tribunal de Justi\u00e7a (STJ), uma das \u00faltimas inst\u00e2ncias de recurso antes da decis\u00e3o final sobre os processos que atingem Cabral.<\/p>\n<p>Foto Getty<\/p>\n<p>Not\u00edcias ao minuto<\/p>\n","protected":false},"excerpt":{"rendered":"<p>O ex-governador do Rio de Janeiro S\u00e9rgio Cabral deixou a Unidade Prisional da Pol\u00edcia Militar em Niter\u00f3i, na Regi\u00e3o Metropolitana<\/p>\n","protected":false},"author":1,"featured_media":2943,"comment_status":"open","ping_status":"open","sticky":false,"template":"","format":"standard","meta":{"colormag_page_container_layout":"default_layout","colormag_page_sidebar_layout":"default_layout","_FSMCFIC_featured_image_caption":"","_FSMCFIC_featured_image_nocaption":"","_FSMCFIC_featured_image_hide":"","footnotes":""},"categories":[2,1],"tags":[],"class_list":["post-2941","post","type-post","status-publish","format-standard","has-post-thumbnail","hentry","category-noticias","category-ultimas"],"yoast_head":"<!-- This site is optimized with the Yoast SEO plugin v27.1.1 - https:\/\/yoast.com\/product\/yoast-seo-wordpress\/ -->\n<title>S\u00e9rgio Cabral deixa cadeira ap\u00f3s seis anos de pris\u00e3o preventiva - Brasil not\u00edcias<\/title>\n<meta name=\"robots\" content=\"index, follow, max-snippet:-1, max-image-preview:large, max-video-preview:-1\" \/>\n<link rel=\"canonical\" href=\"https:\/\/brasilnoticias.org\/site\/sergio-cabral-deixa-cadeira-apos-seis-anos-de-prisao-preventiva\/\" \/>\n<meta property=\"og:locale\" content=\"pt_PT\" \/>\n<meta property=\"og:type\" content=\"article\" \/>\n<meta property=\"og:title\" content=\"S\u00e9rgio Cabral deixa cadeira ap\u00f3s seis anos de pris\u00e3o preventiva - Brasil not\u00edcias\" \/>\n<meta property=\"og:description\" content=\"O ex-governador do Rio de Janeiro S\u00e9rgio Cabral deixou a Unidade Prisional da Pol\u00edcia Militar em Niter\u00f3i, na Regi\u00e3o Metropolitana\" \/>\n<meta property=\"og:url\" content=\"https:\/\/brasilnoticias.org\/site\/sergio-cabral-deixa-cadeira-apos-seis-anos-de-prisao-preventiva\/\" \/>\n<meta property=\"og:site_name\" content=\"Brasil not\u00edcias\" \/>\n<meta property=\"article:published_time\" content=\"2022-12-20T21:10:15+00:00\" \/>\n<meta property=\"og:image\" content=\"https:\/\/brasilnoticias.org\/site\/wp-content\/uploads\/2022\/12\/naom_5ece49e3a214b.jpg\" \/>\n\t<meta property=\"og:image:width\" content=\"640\" \/>\n\t<meta property=\"og:image:height\" content=\"360\" \/>\n\t<meta property=\"og:image:type\" content=\"image\/jpeg\" \/>\n<meta name=\"author\" content=\"Reda\u00e7\u00e3o\" \/>\n<meta name=\"twitter:card\" content=\"summary_large_image\" \/>\n<meta name=\"twitter:label1\" content=\"Escrito por\" \/>\n\t<meta name=\"twitter:data1\" content=\"Reda\u00e7\u00e3o\" \/>\n\t<meta name=\"twitter:label2\" content=\"Tempo estimado de leitura\" \/>\n\t<meta name=\"twitter:data2\" content=\"3 minutos\" \/>\n<script type=\"application\/ld+json\" class=\"yoast-schema-graph\">{\"@context\":\"https:\/\/schema.org\",\"@graph\":[{\"@type\":\"Article\",\"@id\":\"https:\/\/brasilnoticias.org\/site\/sergio-cabral-deixa-cadeira-apos-seis-anos-de-prisao-preventiva\/#article\",\"isPartOf\":{\"@id\":\"https:\/\/brasilnoticias.org\/site\/sergio-cabral-deixa-cadeira-apos-seis-anos-de-prisao-preventiva\/\"},\"author\":{\"name\":\"Reda\u00e7\u00e3o\",\"@id\":\"https:\/\/brasilnoticias.org\/site\/#\/schema\/person\/a0e05b973ec4d15c658d51911e53507b\"},\"headline\":\"S\u00e9rgio Cabral deixa cadeira ap\u00f3s seis anos de pris\u00e3o preventiva\",\"datePublished\":\"2022-12-20T21:10:15+00:00\",\"mainEntityOfPage\":{\"@id\":\"https:\/\/brasilnoticias.org\/site\/sergio-cabral-deixa-cadeira-apos-seis-anos-de-prisao-preventiva\/\"},\"wordCount\":587,\"commentCount\":0,\"publisher\":{\"@id\":\"https:\/\/brasilnoticias.org\/site\/#organization\"},\"image\":{\"@id\":\"https:\/\/brasilnoticias.org\/site\/sergio-cabral-deixa-cadeira-apos-seis-anos-de-prisao-preventiva\/#primaryimage\"},\"thumbnailUrl\":\"https:\/\/brasilnoticias.org\/site\/wp-content\/uploads\/2022\/12\/naom_5ece49e3a214b.jpg\",\"articleSection\":[\"Not\u00edcias\",\"\u00daltimas\"],\"inLanguage\":\"pt-PT\",\"potentialAction\":[{\"@type\":\"CommentAction\",\"name\":\"Comment\",\"target\":[\"https:\/\/brasilnoticias.org\/site\/sergio-cabral-deixa-cadeira-apos-seis-anos-de-prisao-preventiva\/#respond\"]}]},{\"@type\":\"WebPage\",\"@id\":\"https:\/\/brasilnoticias.org\/site\/sergio-cabral-deixa-cadeira-apos-seis-anos-de-prisao-preventiva\/\",\"url\":\"https:\/\/brasilnoticias.org\/site\/sergio-cabral-deixa-cadeira-apos-seis-anos-de-prisao-preventiva\/\",\"name\":\"S\u00e9rgio Cabral deixa cadeira ap\u00f3s seis anos de pris\u00e3o preventiva - Brasil not\u00edcias\",\"isPartOf\":{\"@id\":\"https:\/\/brasilnoticias.org\/site\/#website\"},\"primaryImageOfPage\":{\"@id\":\"https:\/\/brasilnoticias.org\/site\/sergio-cabral-deixa-cadeira-apos-seis-anos-de-prisao-preventiva\/#primaryimage\"},\"image\":{\"@id\":\"https:\/\/brasilnoticias.org\/site\/sergio-cabral-deixa-cadeira-apos-seis-anos-de-prisao-preventiva\/#primaryimage\"},\"thumbnailUrl\":\"https:\/\/brasilnoticias.org\/site\/wp-content\/uploads\/2022\/12\/naom_5ece49e3a214b.jpg\",\"datePublished\":\"2022-12-20T21:10:15+00:00\",\"breadcrumb\":{\"@id\":\"https:\/\/brasilnoticias.org\/site\/sergio-cabral-deixa-cadeira-apos-seis-anos-de-prisao-preventiva\/#breadcrumb\"},\"inLanguage\":\"pt-PT\",\"potentialAction\":[{\"@type\":\"ReadAction\",\"target\":[\"https:\/\/brasilnoticias.org\/site\/sergio-cabral-deixa-cadeira-apos-seis-anos-de-prisao-preventiva\/\"]}]},{\"@type\":\"ImageObject\",\"inLanguage\":\"pt-PT\",\"@id\":\"https:\/\/brasilnoticias.org\/site\/sergio-cabral-deixa-cadeira-apos-seis-anos-de-prisao-preventiva\/#primaryimage\",\"url\":\"https:\/\/brasilnoticias.org\/site\/wp-content\/uploads\/2022\/12\/naom_5ece49e3a214b.jpg\",\"contentUrl\":\"https:\/\/brasilnoticias.org\/site\/wp-content\/uploads\/2022\/12\/naom_5ece49e3a214b.jpg\",\"width\":640,\"height\":360},{\"@type\":\"BreadcrumbList\",\"@id\":\"https:\/\/brasilnoticias.org\/site\/sergio-cabral-deixa-cadeira-apos-seis-anos-de-prisao-preventiva\/#breadcrumb\",\"itemListElement\":[{\"@type\":\"ListItem\",\"position\":1,\"name\":\"In\u00edcio\",\"item\":\"https:\/\/brasilnoticias.org\/site\/\"},{\"@type\":\"ListItem\",\"position\":2,\"name\":\"S\u00e9rgio Cabral deixa cadeira ap\u00f3s seis anos de pris\u00e3o preventiva\"}]},{\"@type\":\"WebSite\",\"@id\":\"https:\/\/brasilnoticias.org\/site\/#website\",\"url\":\"https:\/\/brasilnoticias.org\/site\/\",\"name\":\"Brasil not\u00edcias\",\"description\":\"Brasil not\u00edcias\",\"publisher\":{\"@id\":\"https:\/\/brasilnoticias.org\/site\/#organization\"},\"potentialAction\":[{\"@type\":\"SearchAction\",\"target\":{\"@type\":\"EntryPoint\",\"urlTemplate\":\"https:\/\/brasilnoticias.org\/site\/?s={search_term_string}\"},\"query-input\":{\"@type\":\"PropertyValueSpecification\",\"valueRequired\":true,\"valueName\":\"search_term_string\"}}],\"inLanguage\":\"pt-PT\"},{\"@type\":\"Organization\",\"@id\":\"https:\/\/brasilnoticias.org\/site\/#organization\",\"name\":\"Brasil not\u00edcias\",\"url\":\"https:\/\/brasilnoticias.org\/site\/\",\"logo\":{\"@type\":\"ImageObject\",\"inLanguage\":\"pt-PT\",\"@id\":\"https:\/\/brasilnoticias.org\/site\/#\/schema\/logo\/image\/\",\"url\":\"https:\/\/brasilnoticias.org\/site\/wp-content\/uploads\/2022\/05\/cropped-brasilnoticias-mini.jpg\",\"contentUrl\":\"https:\/\/brasilnoticias.org\/site\/wp-content\/uploads\/2022\/05\/cropped-brasilnoticias-mini.jpg\",\"width\":314,\"height\":86,\"caption\":\"Brasil not\u00edcias\"},\"image\":{\"@id\":\"https:\/\/brasilnoticias.org\/site\/#\/schema\/logo\/image\/\"}},{\"@type\":\"Person\",\"@id\":\"https:\/\/brasilnoticias.org\/site\/#\/schema\/person\/a0e05b973ec4d15c658d51911e53507b\",\"name\":\"Reda\u00e7\u00e3o\",\"image\":{\"@type\":\"ImageObject\",\"inLanguage\":\"pt-PT\",\"@id\":\"https:\/\/brasilnoticias.org\/site\/#\/schema\/person\/image\/\",\"url\":\"https:\/\/secure.gravatar.com\/avatar\/75d8b050df2de108b08ae78dfb8e374892df24a383c67db9c46a9c604f6aee9c?s=96&d=mm&r=g\",\"contentUrl\":\"https:\/\/secure.gravatar.com\/avatar\/75d8b050df2de108b08ae78dfb8e374892df24a383c67db9c46a9c604f6aee9c?s=96&d=mm&r=g\",\"caption\":\"Reda\u00e7\u00e3o\"},\"sameAs\":[\"https:\/\/brasilnoticias.org\/site\"],\"url\":\"https:\/\/brasilnoticias.org\/site\/author\/fernandozsngmail-com\/\"}]}<\/script>\n<!-- \/ Yoast SEO plugin. -->","yoast_head_json":{"title":"S\u00e9rgio Cabral deixa cadeira ap\u00f3s seis anos de pris\u00e3o preventiva - Brasil not\u00edcias","robots":{"index":"index","follow":"follow","max-snippet":"max-snippet:-1","max-image-preview":"max-image-preview:large","max-video-preview":"max-video-preview:-1"},"canonical":"https:\/\/brasilnoticias.org\/site\/sergio-cabral-deixa-cadeira-apos-seis-anos-de-prisao-preventiva\/","og_locale":"pt_PT","og_type":"article","og_title":"S\u00e9rgio Cabral deixa cadeira ap\u00f3s seis anos de pris\u00e3o preventiva - Brasil not\u00edcias","og_description":"O ex-governador do Rio de Janeiro S\u00e9rgio Cabral deixou a Unidade Prisional da Pol\u00edcia Militar em Niter\u00f3i, na Regi\u00e3o Metropolitana","og_url":"https:\/\/brasilnoticias.org\/site\/sergio-cabral-deixa-cadeira-apos-seis-anos-de-prisao-preventiva\/","og_site_name":"Brasil not\u00edcias","article_published_time":"2022-12-20T21:10:15+00:00","og_image":[{"width":640,"height":360,"url":"https:\/\/brasilnoticias.org\/site\/wp-content\/uploads\/2022\/12\/naom_5ece49e3a214b.jpg","type":"image\/jpeg"}],"author":"Reda\u00e7\u00e3o","twitter_card":"summary_large_image","twitter_misc":{"Escrito por":"Reda\u00e7\u00e3o","Tempo estimado de leitura":"3 minutos"},"schema":{"@context":"https:\/\/schema.org","@graph":[{"@type":"Article","@id":"https:\/\/brasilnoticias.org\/site\/sergio-cabral-deixa-cadeira-apos-seis-anos-de-prisao-preventiva\/#article","isPartOf":{"@id":"https:\/\/brasilnoticias.org\/site\/sergio-cabral-deixa-cadeira-apos-seis-anos-de-prisao-preventiva\/"},"author":{"name":"Reda\u00e7\u00e3o","@id":"https:\/\/brasilnoticias.org\/site\/#\/schema\/person\/a0e05b973ec4d15c658d51911e53507b"},"headline":"S\u00e9rgio Cabral deixa cadeira ap\u00f3s seis anos de pris\u00e3o preventiva","datePublished":"2022-12-20T21:10:15+00:00","mainEntityOfPage":{"@id":"https:\/\/brasilnoticias.org\/site\/sergio-cabral-deixa-cadeira-apos-seis-anos-de-prisao-preventiva\/"},"wordCount":587,"commentCount":0,"publisher":{"@id":"https:\/\/brasilnoticias.org\/site\/#organization"},"image":{"@id":"https:\/\/brasilnoticias.org\/site\/sergio-cabral-deixa-cadeira-apos-seis-anos-de-prisao-preventiva\/#primaryimage"},"thumbnailUrl":"https:\/\/brasilnoticias.org\/site\/wp-content\/uploads\/2022\/12\/naom_5ece49e3a214b.jpg","articleSection":["Not\u00edcias","\u00daltimas"],"inLanguage":"pt-PT","potentialAction":[{"@type":"CommentAction","name":"Comment","target":["https:\/\/brasilnoticias.org\/site\/sergio-cabral-deixa-cadeira-apos-seis-anos-de-prisao-preventiva\/#respond"]}]},{"@type":"WebPage","@id":"https:\/\/brasilnoticias.org\/site\/sergio-cabral-deixa-cadeira-apos-seis-anos-de-prisao-preventiva\/","url":"https:\/\/brasilnoticias.org\/site\/sergio-cabral-deixa-cadeira-apos-seis-anos-de-prisao-preventiva\/","name":"S\u00e9rgio Cabral deixa cadeira ap\u00f3s seis anos de pris\u00e3o preventiva - Brasil not\u00edcias","isPartOf":{"@id":"https:\/\/brasilnoticias.org\/site\/#website"},"primaryImageOfPage":{"@id":"https:\/\/brasilnoticias.org\/site\/sergio-cabral-deixa-cadeira-apos-seis-anos-de-prisao-preventiva\/#primaryimage"},"image":{"@id":"https:\/\/brasilnoticias.org\/site\/sergio-cabral-deixa-cadeira-apos-seis-anos-de-prisao-preventiva\/#primaryimage"},"thumbnailUrl":"https:\/\/brasilnoticias.org\/site\/wp-content\/uploads\/2022\/12\/naom_5ece49e3a214b.jpg","datePublished":"2022-12-20T21:10:15+00:00","breadcrumb":{"@id":"https:\/\/brasilnoticias.org\/site\/sergio-cabral-deixa-cadeira-apos-seis-anos-de-prisao-preventiva\/#breadcrumb"},"inLanguage":"pt-PT","potentialAction":[{"@type":"ReadAction","target":["https:\/\/brasilnoticias.org\/site\/sergio-cabral-deixa-cadeira-apos-seis-anos-de-prisao-preventiva\/"]}]},{"@type":"ImageObject","inLanguage":"pt-PT","@id":"https:\/\/brasilnoticias.org\/site\/sergio-cabral-deixa-cadeira-apos-seis-anos-de-prisao-preventiva\/#primaryimage","url":"https:\/\/brasilnoticias.org\/site\/wp-content\/uploads\/2022\/12\/naom_5ece49e3a214b.jpg","contentUrl":"https:\/\/brasilnoticias.org\/site\/wp-content\/uploads\/2022\/12\/naom_5ece49e3a214b.jpg","width":640,"height":360},{"@type":"BreadcrumbList","@id":"https:\/\/brasilnoticias.org\/site\/sergio-cabral-deixa-cadeira-apos-seis-anos-de-prisao-preventiva\/#breadcrumb","itemListElement":[{"@type":"ListItem","position":1,"name":"In\u00edcio","item":"https:\/\/brasilnoticias.org\/site\/"},{"@type":"ListItem","position":2,"name":"S\u00e9rgio Cabral deixa cadeira ap\u00f3s seis anos de pris\u00e3o preventiva"}]},{"@type":"WebSite","@id":"https:\/\/brasilnoticias.org\/site\/#website","url":"https:\/\/brasilnoticias.org\/site\/","name":"Brasil not\u00edcias","description":"Brasil not\u00edcias","publisher":{"@id":"https:\/\/brasilnoticias.org\/site\/#organization"},"potentialAction":[{"@type":"SearchAction","target":{"@type":"EntryPoint","urlTemplate":"https:\/\/brasilnoticias.org\/site\/?s={search_term_string}"},"query-input":{"@type":"PropertyValueSpecification","valueRequired":true,"valueName":"search_term_string"}}],"inLanguage":"pt-PT"},{"@type":"Organization","@id":"https:\/\/brasilnoticias.org\/site\/#organization","name":"Brasil not\u00edcias","url":"https:\/\/brasilnoticias.org\/site\/","logo":{"@type":"ImageObject","inLanguage":"pt-PT","@id":"https:\/\/brasilnoticias.org\/site\/#\/schema\/logo\/image\/","url":"https:\/\/brasilnoticias.org\/site\/wp-content\/uploads\/2022\/05\/cropped-brasilnoticias-mini.jpg","contentUrl":"https:\/\/brasilnoticias.org\/site\/wp-content\/uploads\/2022\/05\/cropped-brasilnoticias-mini.jpg","width":314,"height":86,"caption":"Brasil not\u00edcias"},"image":{"@id":"https:\/\/brasilnoticias.org\/site\/#\/schema\/logo\/image\/"}},{"@type":"Person","@id":"https:\/\/brasilnoticias.org\/site\/#\/schema\/person\/a0e05b973ec4d15c658d51911e53507b","name":"Reda\u00e7\u00e3o","image":{"@type":"ImageObject","inLanguage":"pt-PT","@id":"https:\/\/brasilnoticias.org\/site\/#\/schema\/person\/image\/","url":"https:\/\/secure.gravatar.com\/avatar\/75d8b050df2de108b08ae78dfb8e374892df24a383c67db9c46a9c604f6aee9c?s=96&d=mm&r=g","contentUrl":"https:\/\/secure.gravatar.com\/avatar\/75d8b050df2de108b08ae78dfb8e374892df24a383c67db9c46a9c604f6aee9c?s=96&d=mm&r=g","caption":"Reda\u00e7\u00e3o"},"sameAs":["https:\/\/brasilnoticias.org\/site"],"url":"https:\/\/brasilnoticias.org\/site\/author\/fernandozsngmail-com\/"}]}},"_links":{"self":[{"href":"https:\/\/brasilnoticias.org\/site\/wp-json\/wp\/v2\/posts\/2941","targetHints":{"allow":["GET"]}}],"collection":[{"href":"https:\/\/brasilnoticias.org\/site\/wp-json\/wp\/v2\/posts"}],"about":[{"href":"https:\/\/brasilnoticias.org\/site\/wp-json\/wp\/v2\/types\/post"}],"author":[{"embeddable":true,"href":"https:\/\/brasilnoticias.org\/site\/wp-json\/wp\/v2\/users\/1"}],"replies":[{"embeddable":true,"href":"https:\/\/brasilnoticias.org\/site\/wp-json\/wp\/v2\/comments?post=2941"}],"version-history":[{"count":1,"href":"https:\/\/brasilnoticias.org\/site\/wp-json\/wp\/v2\/posts\/2941\/revisions"}],"predecessor-version":[{"id":2942,"href":"https:\/\/brasilnoticias.org\/site\/wp-json\/wp\/v2\/posts\/2941\/revisions\/2942"}],"wp:featuredmedia":[{"embeddable":true,"href":"https:\/\/brasilnoticias.org\/site\/wp-json\/wp\/v2\/media\/2943"}],"wp:attachment":[{"href":"https:\/\/brasilnoticias.org\/site\/wp-json\/wp\/v2\/media?parent=2941"}],"wp:term":[{"taxonomy":"category","embeddable":true,"href":"https:\/\/brasilnoticias.org\/site\/wp-json\/wp\/v2\/categories?post=2941"},{"taxonomy":"post_tag","embeddable":true,"href":"https:\/\/brasilnoticias.org\/site\/wp-json\/wp\/v2\/tags?post=2941"}],"curies":[{"name":"wp","href":"https:\/\/api.w.org\/{rel}","templated":true}]}}