{"id":2963,"date":"2022-12-31T07:20:47","date_gmt":"2022-12-31T10:20:47","guid":{"rendered":"https:\/\/brasilnoticias.org\/site\/?p=2963"},"modified":"2022-12-30T21:07:59","modified_gmt":"2022-12-31T00:07:59","slug":"lewandowski-e-liberado-de-suspensao-por-ofensa-a-arbitro-e-reforca-o-barcelona","status":"publish","type":"post","link":"https:\/\/brasilnoticias.org\/site\/lewandowski-e-liberado-de-suspensao-por-ofensa-a-arbitro-e-reforca-o-barcelona\/","title":{"rendered":"Lewandowski \u00e9 liberado de suspens\u00e3o por ofensa a \u00e1rbitro e refor\u00e7a o Barcelona"},"content":{"rendered":"<p>O Barcelona ter\u00e1 um refor\u00e7o consider\u00e1vel para a sua \u00faltima partida do ano. O atacante Lewandowski conseguiu uma medida cautelar, nesta sexta-feira, concedida pelo Tribunal Central de Concilia\u00e7\u00e3o de Madri, para poder entrar em campo neste s\u00e1bado, \u00e0s 10h (hor\u00e1rio de Bras\u00edlia), no cl\u00e1ssico com o Espanyol, no Camp Nou, pela 15\u00aa rodada do Campeonato Espanhol.<br \/>\n&#8220;Lewandowski poder\u00e1 jogar amanh\u00e3 (s\u00e1bado) contra o Espanyol depois que o Tribunal de Concilia\u00e7\u00e3o de Madri emitiu uma medida cautelar contra a suspens\u00e3o imposta pelo tribunal Arbitral do Esporte&#8221;, diz a nota publicada pelo Barcelona.<\/p>\n<p>Lewandowski foi punido com tr\u00eas jogos de suspens\u00e3o por colocar a m\u00e3o no nariz ap\u00f3s ser expulso na vit\u00f3ria do Barcelona sobre o Osasuna. Na ocasi\u00e3o, o atacante foi acusado de ter insinuado que o \u00e1rbitro estava sob o uso de drogas. O gesto levou o Tribunal Arbitral do Esporte (TAE) a punir o atleta e rejeitar o recurso apresentado pelo clube h\u00e1 alguns dias.<\/p>\n<p>No entanto, com a medida cautelar, Lewandowski fica \u00e0 disposi\u00e7\u00e3o do t\u00e9cnico Xavi para a partida deste s\u00e1bado, assim como o zagueiro Ronald Ara\u00fajo, que estava lesionado e acabou sendo liberado para treinar novamente com os demais atletas do elenco.<\/p>\n<p>&#8220;A semana toda pensamos que n\u00e3o poder\u00edamos contar com Lewandowski, mas finalmente contamos e \u00e9 uma \u00f3tima not\u00edcia. \u00c9 uma not\u00edcia fant\u00e1stica, ele est\u00e1 surpreso, mas feliz que poder\u00e1 participar da partida. N\u00e3o \u00e9 a melhor coisa saber t\u00e3o tarde, mas a san\u00e7\u00e3o \u00e9 injusta e desproporcional&#8221;, disse o treinador.<\/p>\n<p>O Barcelona \u00e9 o l\u00edder do Campeonato Espanhol, com 37 pontos, dois a mais do que o Real Madrid. O artilheiro do torneio \u00e9 justamente Lewandowski, com 13 gols em 14 jogos disputados pelo time catal\u00e3o.<\/p>\n<p>Foto Getty<br \/>\nNot\u00edcias ao minuto<\/p>\n","protected":false},"excerpt":{"rendered":"<p>O Barcelona ter\u00e1 um refor\u00e7o consider\u00e1vel para a sua \u00faltima partida do ano. O atacante Lewandowski conseguiu uma medida cautelar,<\/p>\n","protected":false},"author":1,"featured_media":2964,"comment_status":"open","ping_status":"open","sticky":false,"template":"","format":"standard","meta":{"colormag_page_container_layout":"default_layout","colormag_page_sidebar_layout":"default_layout","_FSMCFIC_featured_image_caption":"","_FSMCFIC_featured_image_nocaption":"","_FSMCFIC_featured_image_hide":"","footnotes":""},"categories":[4,1],"tags":[],"class_list":["post-2963","post","type-post","status-publish","format-standard","has-post-thumbnail","hentry","category-esporte","category-ultimas"],"yoast_head":"<!-- This site is optimized with the Yoast SEO plugin v27.1.1 - https:\/\/yoast.com\/product\/yoast-seo-wordpress\/ -->\n<title>Lewandowski \u00e9 liberado de suspens\u00e3o por ofensa a \u00e1rbitro e refor\u00e7a o Barcelona - Brasil not\u00edcias<\/title>\n<meta name=\"robots\" content=\"index, follow, max-snippet:-1, max-image-preview:large, max-video-preview:-1\" \/>\n<link rel=\"canonical\" href=\"https:\/\/brasilnoticias.org\/site\/lewandowski-e-liberado-de-suspensao-por-ofensa-a-arbitro-e-reforca-o-barcelona\/\" \/>\n<meta property=\"og:locale\" content=\"pt_PT\" \/>\n<meta property=\"og:type\" content=\"article\" \/>\n<meta property=\"og:title\" content=\"Lewandowski \u00e9 liberado de suspens\u00e3o por ofensa a \u00e1rbitro e refor\u00e7a o Barcelona - Brasil not\u00edcias\" \/>\n<meta property=\"og:description\" content=\"O Barcelona ter\u00e1 um refor\u00e7o consider\u00e1vel para a sua \u00faltima partida do ano. O atacante Lewandowski conseguiu uma medida cautelar,\" \/>\n<meta property=\"og:url\" content=\"https:\/\/brasilnoticias.org\/site\/lewandowski-e-liberado-de-suspensao-por-ofensa-a-arbitro-e-reforca-o-barcelona\/\" \/>\n<meta property=\"og:site_name\" content=\"Brasil not\u00edcias\" \/>\n<meta property=\"article:published_time\" content=\"2022-12-31T10:20:47+00:00\" \/>\n<meta property=\"og:image\" content=\"https:\/\/brasilnoticias.org\/site\/wp-content\/uploads\/2022\/12\/naom_63299779a82b1.jpg\" \/>\n\t<meta property=\"og:image:width\" content=\"960\" \/>\n\t<meta property=\"og:image:height\" content=\"540\" \/>\n\t<meta property=\"og:image:type\" content=\"image\/jpeg\" \/>\n<meta name=\"author\" content=\"Reda\u00e7\u00e3o\" \/>\n<meta name=\"twitter:card\" content=\"summary_large_image\" \/>\n<meta name=\"twitter:label1\" content=\"Escrito por\" \/>\n\t<meta name=\"twitter:data1\" content=\"Reda\u00e7\u00e3o\" \/>\n\t<meta name=\"twitter:label2\" content=\"Tempo estimado de leitura\" \/>\n\t<meta name=\"twitter:data2\" content=\"2 minutos\" \/>\n<script type=\"application\/ld+json\" class=\"yoast-schema-graph\">{\"@context\":\"https:\/\/schema.org\",\"@graph\":[{\"@type\":\"Article\",\"@id\":\"https:\/\/brasilnoticias.org\/site\/lewandowski-e-liberado-de-suspensao-por-ofensa-a-arbitro-e-reforca-o-barcelona\/#article\",\"isPartOf\":{\"@id\":\"https:\/\/brasilnoticias.org\/site\/lewandowski-e-liberado-de-suspensao-por-ofensa-a-arbitro-e-reforca-o-barcelona\/\"},\"author\":{\"name\":\"Reda\u00e7\u00e3o\",\"@id\":\"https:\/\/brasilnoticias.org\/site\/#\/schema\/person\/a0e05b973ec4d15c658d51911e53507b\"},\"headline\":\"Lewandowski \u00e9 liberado de suspens\u00e3o por ofensa a \u00e1rbitro e refor\u00e7a o Barcelona\",\"datePublished\":\"2022-12-31T10:20:47+00:00\",\"mainEntityOfPage\":{\"@id\":\"https:\/\/brasilnoticias.org\/site\/lewandowski-e-liberado-de-suspensao-por-ofensa-a-arbitro-e-reforca-o-barcelona\/\"},\"wordCount\":321,\"commentCount\":0,\"publisher\":{\"@id\":\"https:\/\/brasilnoticias.org\/site\/#organization\"},\"image\":{\"@id\":\"https:\/\/brasilnoticias.org\/site\/lewandowski-e-liberado-de-suspensao-por-ofensa-a-arbitro-e-reforca-o-barcelona\/#primaryimage\"},\"thumbnailUrl\":\"https:\/\/brasilnoticias.org\/site\/wp-content\/uploads\/2022\/12\/naom_63299779a82b1.jpg\",\"articleSection\":[\"Esporte\",\"\u00daltimas\"],\"inLanguage\":\"pt-PT\",\"potentialAction\":[{\"@type\":\"CommentAction\",\"name\":\"Comment\",\"target\":[\"https:\/\/brasilnoticias.org\/site\/lewandowski-e-liberado-de-suspensao-por-ofensa-a-arbitro-e-reforca-o-barcelona\/#respond\"]}]},{\"@type\":\"WebPage\",\"@id\":\"https:\/\/brasilnoticias.org\/site\/lewandowski-e-liberado-de-suspensao-por-ofensa-a-arbitro-e-reforca-o-barcelona\/\",\"url\":\"https:\/\/brasilnoticias.org\/site\/lewandowski-e-liberado-de-suspensao-por-ofensa-a-arbitro-e-reforca-o-barcelona\/\",\"name\":\"Lewandowski \u00e9 liberado de suspens\u00e3o por ofensa a \u00e1rbitro e refor\u00e7a o Barcelona - Brasil not\u00edcias\",\"isPartOf\":{\"@id\":\"https:\/\/brasilnoticias.org\/site\/#website\"},\"primaryImageOfPage\":{\"@id\":\"https:\/\/brasilnoticias.org\/site\/lewandowski-e-liberado-de-suspensao-por-ofensa-a-arbitro-e-reforca-o-barcelona\/#primaryimage\"},\"image\":{\"@id\":\"https:\/\/brasilnoticias.org\/site\/lewandowski-e-liberado-de-suspensao-por-ofensa-a-arbitro-e-reforca-o-barcelona\/#primaryimage\"},\"thumbnailUrl\":\"https:\/\/brasilnoticias.org\/site\/wp-content\/uploads\/2022\/12\/naom_63299779a82b1.jpg\",\"datePublished\":\"2022-12-31T10:20:47+00:00\",\"breadcrumb\":{\"@id\":\"https:\/\/brasilnoticias.org\/site\/lewandowski-e-liberado-de-suspensao-por-ofensa-a-arbitro-e-reforca-o-barcelona\/#breadcrumb\"},\"inLanguage\":\"pt-PT\",\"potentialAction\":[{\"@type\":\"ReadAction\",\"target\":[\"https:\/\/brasilnoticias.org\/site\/lewandowski-e-liberado-de-suspensao-por-ofensa-a-arbitro-e-reforca-o-barcelona\/\"]}]},{\"@type\":\"ImageObject\",\"inLanguage\":\"pt-PT\",\"@id\":\"https:\/\/brasilnoticias.org\/site\/lewandowski-e-liberado-de-suspensao-por-ofensa-a-arbitro-e-reforca-o-barcelona\/#primaryimage\",\"url\":\"https:\/\/brasilnoticias.org\/site\/wp-content\/uploads\/2022\/12\/naom_63299779a82b1.jpg\",\"contentUrl\":\"https:\/\/brasilnoticias.org\/site\/wp-content\/uploads\/2022\/12\/naom_63299779a82b1.jpg\",\"width\":960,\"height\":540},{\"@type\":\"BreadcrumbList\",\"@id\":\"https:\/\/brasilnoticias.org\/site\/lewandowski-e-liberado-de-suspensao-por-ofensa-a-arbitro-e-reforca-o-barcelona\/#breadcrumb\",\"itemListElement\":[{\"@type\":\"ListItem\",\"position\":1,\"name\":\"In\u00edcio\",\"item\":\"https:\/\/brasilnoticias.org\/site\/\"},{\"@type\":\"ListItem\",\"position\":2,\"name\":\"Lewandowski \u00e9 liberado de suspens\u00e3o por ofensa a \u00e1rbitro e refor\u00e7a o Barcelona\"}]},{\"@type\":\"WebSite\",\"@id\":\"https:\/\/brasilnoticias.org\/site\/#website\",\"url\":\"https:\/\/brasilnoticias.org\/site\/\",\"name\":\"Brasil not\u00edcias\",\"description\":\"Brasil not\u00edcias\",\"publisher\":{\"@id\":\"https:\/\/brasilnoticias.org\/site\/#organization\"},\"potentialAction\":[{\"@type\":\"SearchAction\",\"target\":{\"@type\":\"EntryPoint\",\"urlTemplate\":\"https:\/\/brasilnoticias.org\/site\/?s={search_term_string}\"},\"query-input\":{\"@type\":\"PropertyValueSpecification\",\"valueRequired\":true,\"valueName\":\"search_term_string\"}}],\"inLanguage\":\"pt-PT\"},{\"@type\":\"Organization\",\"@id\":\"https:\/\/brasilnoticias.org\/site\/#organization\",\"name\":\"Brasil not\u00edcias\",\"url\":\"https:\/\/brasilnoticias.org\/site\/\",\"logo\":{\"@type\":\"ImageObject\",\"inLanguage\":\"pt-PT\",\"@id\":\"https:\/\/brasilnoticias.org\/site\/#\/schema\/logo\/image\/\",\"url\":\"https:\/\/brasilnoticias.org\/site\/wp-content\/uploads\/2022\/05\/cropped-brasilnoticias-mini.jpg\",\"contentUrl\":\"https:\/\/brasilnoticias.org\/site\/wp-content\/uploads\/2022\/05\/cropped-brasilnoticias-mini.jpg\",\"width\":314,\"height\":86,\"caption\":\"Brasil not\u00edcias\"},\"image\":{\"@id\":\"https:\/\/brasilnoticias.org\/site\/#\/schema\/logo\/image\/\"}},{\"@type\":\"Person\",\"@id\":\"https:\/\/brasilnoticias.org\/site\/#\/schema\/person\/a0e05b973ec4d15c658d51911e53507b\",\"name\":\"Reda\u00e7\u00e3o\",\"image\":{\"@type\":\"ImageObject\",\"inLanguage\":\"pt-PT\",\"@id\":\"https:\/\/brasilnoticias.org\/site\/#\/schema\/person\/image\/\",\"url\":\"https:\/\/secure.gravatar.com\/avatar\/75d8b050df2de108b08ae78dfb8e374892df24a383c67db9c46a9c604f6aee9c?s=96&d=mm&r=g\",\"contentUrl\":\"https:\/\/secure.gravatar.com\/avatar\/75d8b050df2de108b08ae78dfb8e374892df24a383c67db9c46a9c604f6aee9c?s=96&d=mm&r=g\",\"caption\":\"Reda\u00e7\u00e3o\"},\"sameAs\":[\"https:\/\/brasilnoticias.org\/site\"],\"url\":\"https:\/\/brasilnoticias.org\/site\/author\/fernandozsngmail-com\/\"}]}<\/script>\n<!-- \/ Yoast SEO plugin. -->","yoast_head_json":{"title":"Lewandowski \u00e9 liberado de suspens\u00e3o por ofensa a \u00e1rbitro e refor\u00e7a o Barcelona - Brasil not\u00edcias","robots":{"index":"index","follow":"follow","max-snippet":"max-snippet:-1","max-image-preview":"max-image-preview:large","max-video-preview":"max-video-preview:-1"},"canonical":"https:\/\/brasilnoticias.org\/site\/lewandowski-e-liberado-de-suspensao-por-ofensa-a-arbitro-e-reforca-o-barcelona\/","og_locale":"pt_PT","og_type":"article","og_title":"Lewandowski \u00e9 liberado de suspens\u00e3o por ofensa a \u00e1rbitro e refor\u00e7a o Barcelona - Brasil not\u00edcias","og_description":"O Barcelona ter\u00e1 um refor\u00e7o consider\u00e1vel para a sua \u00faltima partida do ano. O atacante Lewandowski conseguiu uma medida cautelar,","og_url":"https:\/\/brasilnoticias.org\/site\/lewandowski-e-liberado-de-suspensao-por-ofensa-a-arbitro-e-reforca-o-barcelona\/","og_site_name":"Brasil not\u00edcias","article_published_time":"2022-12-31T10:20:47+00:00","og_image":[{"width":960,"height":540,"url":"https:\/\/brasilnoticias.org\/site\/wp-content\/uploads\/2022\/12\/naom_63299779a82b1.jpg","type":"image\/jpeg"}],"author":"Reda\u00e7\u00e3o","twitter_card":"summary_large_image","twitter_misc":{"Escrito por":"Reda\u00e7\u00e3o","Tempo estimado de leitura":"2 minutos"},"schema":{"@context":"https:\/\/schema.org","@graph":[{"@type":"Article","@id":"https:\/\/brasilnoticias.org\/site\/lewandowski-e-liberado-de-suspensao-por-ofensa-a-arbitro-e-reforca-o-barcelona\/#article","isPartOf":{"@id":"https:\/\/brasilnoticias.org\/site\/lewandowski-e-liberado-de-suspensao-por-ofensa-a-arbitro-e-reforca-o-barcelona\/"},"author":{"name":"Reda\u00e7\u00e3o","@id":"https:\/\/brasilnoticias.org\/site\/#\/schema\/person\/a0e05b973ec4d15c658d51911e53507b"},"headline":"Lewandowski \u00e9 liberado de suspens\u00e3o por ofensa a \u00e1rbitro e refor\u00e7a o Barcelona","datePublished":"2022-12-31T10:20:47+00:00","mainEntityOfPage":{"@id":"https:\/\/brasilnoticias.org\/site\/lewandowski-e-liberado-de-suspensao-por-ofensa-a-arbitro-e-reforca-o-barcelona\/"},"wordCount":321,"commentCount":0,"publisher":{"@id":"https:\/\/brasilnoticias.org\/site\/#organization"},"image":{"@id":"https:\/\/brasilnoticias.org\/site\/lewandowski-e-liberado-de-suspensao-por-ofensa-a-arbitro-e-reforca-o-barcelona\/#primaryimage"},"thumbnailUrl":"https:\/\/brasilnoticias.org\/site\/wp-content\/uploads\/2022\/12\/naom_63299779a82b1.jpg","articleSection":["Esporte","\u00daltimas"],"inLanguage":"pt-PT","potentialAction":[{"@type":"CommentAction","name":"Comment","target":["https:\/\/brasilnoticias.org\/site\/lewandowski-e-liberado-de-suspensao-por-ofensa-a-arbitro-e-reforca-o-barcelona\/#respond"]}]},{"@type":"WebPage","@id":"https:\/\/brasilnoticias.org\/site\/lewandowski-e-liberado-de-suspensao-por-ofensa-a-arbitro-e-reforca-o-barcelona\/","url":"https:\/\/brasilnoticias.org\/site\/lewandowski-e-liberado-de-suspensao-por-ofensa-a-arbitro-e-reforca-o-barcelona\/","name":"Lewandowski \u00e9 liberado de suspens\u00e3o por ofensa a \u00e1rbitro e refor\u00e7a o Barcelona - Brasil not\u00edcias","isPartOf":{"@id":"https:\/\/brasilnoticias.org\/site\/#website"},"primaryImageOfPage":{"@id":"https:\/\/brasilnoticias.org\/site\/lewandowski-e-liberado-de-suspensao-por-ofensa-a-arbitro-e-reforca-o-barcelona\/#primaryimage"},"image":{"@id":"https:\/\/brasilnoticias.org\/site\/lewandowski-e-liberado-de-suspensao-por-ofensa-a-arbitro-e-reforca-o-barcelona\/#primaryimage"},"thumbnailUrl":"https:\/\/brasilnoticias.org\/site\/wp-content\/uploads\/2022\/12\/naom_63299779a82b1.jpg","datePublished":"2022-12-31T10:20:47+00:00","breadcrumb":{"@id":"https:\/\/brasilnoticias.org\/site\/lewandowski-e-liberado-de-suspensao-por-ofensa-a-arbitro-e-reforca-o-barcelona\/#breadcrumb"},"inLanguage":"pt-PT","potentialAction":[{"@type":"ReadAction","target":["https:\/\/brasilnoticias.org\/site\/lewandowski-e-liberado-de-suspensao-por-ofensa-a-arbitro-e-reforca-o-barcelona\/"]}]},{"@type":"ImageObject","inLanguage":"pt-PT","@id":"https:\/\/brasilnoticias.org\/site\/lewandowski-e-liberado-de-suspensao-por-ofensa-a-arbitro-e-reforca-o-barcelona\/#primaryimage","url":"https:\/\/brasilnoticias.org\/site\/wp-content\/uploads\/2022\/12\/naom_63299779a82b1.jpg","contentUrl":"https:\/\/brasilnoticias.org\/site\/wp-content\/uploads\/2022\/12\/naom_63299779a82b1.jpg","width":960,"height":540},{"@type":"BreadcrumbList","@id":"https:\/\/brasilnoticias.org\/site\/lewandowski-e-liberado-de-suspensao-por-ofensa-a-arbitro-e-reforca-o-barcelona\/#breadcrumb","itemListElement":[{"@type":"ListItem","position":1,"name":"In\u00edcio","item":"https:\/\/brasilnoticias.org\/site\/"},{"@type":"ListItem","position":2,"name":"Lewandowski \u00e9 liberado de suspens\u00e3o por ofensa a \u00e1rbitro e refor\u00e7a o Barcelona"}]},{"@type":"WebSite","@id":"https:\/\/brasilnoticias.org\/site\/#website","url":"https:\/\/brasilnoticias.org\/site\/","name":"Brasil not\u00edcias","description":"Brasil not\u00edcias","publisher":{"@id":"https:\/\/brasilnoticias.org\/site\/#organization"},"potentialAction":[{"@type":"SearchAction","target":{"@type":"EntryPoint","urlTemplate":"https:\/\/brasilnoticias.org\/site\/?s={search_term_string}"},"query-input":{"@type":"PropertyValueSpecification","valueRequired":true,"valueName":"search_term_string"}}],"inLanguage":"pt-PT"},{"@type":"Organization","@id":"https:\/\/brasilnoticias.org\/site\/#organization","name":"Brasil not\u00edcias","url":"https:\/\/brasilnoticias.org\/site\/","logo":{"@type":"ImageObject","inLanguage":"pt-PT","@id":"https:\/\/brasilnoticias.org\/site\/#\/schema\/logo\/image\/","url":"https:\/\/brasilnoticias.org\/site\/wp-content\/uploads\/2022\/05\/cropped-brasilnoticias-mini.jpg","contentUrl":"https:\/\/brasilnoticias.org\/site\/wp-content\/uploads\/2022\/05\/cropped-brasilnoticias-mini.jpg","width":314,"height":86,"caption":"Brasil not\u00edcias"},"image":{"@id":"https:\/\/brasilnoticias.org\/site\/#\/schema\/logo\/image\/"}},{"@type":"Person","@id":"https:\/\/brasilnoticias.org\/site\/#\/schema\/person\/a0e05b973ec4d15c658d51911e53507b","name":"Reda\u00e7\u00e3o","image":{"@type":"ImageObject","inLanguage":"pt-PT","@id":"https:\/\/brasilnoticias.org\/site\/#\/schema\/person\/image\/","url":"https:\/\/secure.gravatar.com\/avatar\/75d8b050df2de108b08ae78dfb8e374892df24a383c67db9c46a9c604f6aee9c?s=96&d=mm&r=g","contentUrl":"https:\/\/secure.gravatar.com\/avatar\/75d8b050df2de108b08ae78dfb8e374892df24a383c67db9c46a9c604f6aee9c?s=96&d=mm&r=g","caption":"Reda\u00e7\u00e3o"},"sameAs":["https:\/\/brasilnoticias.org\/site"],"url":"https:\/\/brasilnoticias.org\/site\/author\/fernandozsngmail-com\/"}]}},"_links":{"self":[{"href":"https:\/\/brasilnoticias.org\/site\/wp-json\/wp\/v2\/posts\/2963","targetHints":{"allow":["GET"]}}],"collection":[{"href":"https:\/\/brasilnoticias.org\/site\/wp-json\/wp\/v2\/posts"}],"about":[{"href":"https:\/\/brasilnoticias.org\/site\/wp-json\/wp\/v2\/types\/post"}],"author":[{"embeddable":true,"href":"https:\/\/brasilnoticias.org\/site\/wp-json\/wp\/v2\/users\/1"}],"replies":[{"embeddable":true,"href":"https:\/\/brasilnoticias.org\/site\/wp-json\/wp\/v2\/comments?post=2963"}],"version-history":[{"count":1,"href":"https:\/\/brasilnoticias.org\/site\/wp-json\/wp\/v2\/posts\/2963\/revisions"}],"predecessor-version":[{"id":2965,"href":"https:\/\/brasilnoticias.org\/site\/wp-json\/wp\/v2\/posts\/2963\/revisions\/2965"}],"wp:featuredmedia":[{"embeddable":true,"href":"https:\/\/brasilnoticias.org\/site\/wp-json\/wp\/v2\/media\/2964"}],"wp:attachment":[{"href":"https:\/\/brasilnoticias.org\/site\/wp-json\/wp\/v2\/media?parent=2963"}],"wp:term":[{"taxonomy":"category","embeddable":true,"href":"https:\/\/brasilnoticias.org\/site\/wp-json\/wp\/v2\/categories?post=2963"},{"taxonomy":"post_tag","embeddable":true,"href":"https:\/\/brasilnoticias.org\/site\/wp-json\/wp\/v2\/tags?post=2963"}],"curies":[{"name":"wp","href":"https:\/\/api.w.org\/{rel}","templated":true}]}}