{"id":2966,"date":"2022-12-31T07:30:03","date_gmt":"2022-12-31T10:30:03","guid":{"rendered":"https:\/\/brasilnoticias.org\/site\/?p=2966"},"modified":"2022-12-30T21:11:58","modified_gmt":"2022-12-31T00:11:58","slug":"rueda-pedira-que-camisa-10-do-santos-nao-seja-mais-usada-em-homenagem-a-pele","status":"publish","type":"post","link":"https:\/\/brasilnoticias.org\/site\/rueda-pedira-que-camisa-10-do-santos-nao-seja-mais-usada-em-homenagem-a-pele\/","title":{"rendered":"Rueda pedir\u00e1 que camisa 10 do Santos n\u00e3o seja mais usada em homenagem a Pel\u00e9"},"content":{"rendered":"<p>Um dos desejos da fam\u00edlia de Pel\u00e9 est\u00e1 mais perto de ser atendido. Momentos ap\u00f3s o falecimento, na quinta-feira, os familiares pediram pela imortaliza\u00e7\u00e3o da camisa 10 do Santos, reconhecida mundialmente como o n\u00famero do Rei do Futebol, para que nenhum jogador a use novamente.<\/p>\n<p>Ap\u00f3s tomar conhecimento deste pedido da fam\u00edlia, Andr\u00e9s Rueda, atual presidente do Santos, veio a p\u00fablico informar que o uso do n\u00famero 10 na temporada 2023 est\u00e1 suspenso at\u00e9 que o conselho deliberativo do clube tomar uma decis\u00e3o sobre o processo para a imortaliza\u00e7\u00e3o da camisa.<\/p>\n<p>&#8220;Particularmente, sempre fui favor\u00e1vel, acho uma excelente homenagem. Mas por que n\u00e3o colocamos isso antes? A opini\u00e3o do s\u00f3cio \u00e9 dividida, alguns querem a aposentadoria e outros querem a lembran\u00e7a do Pel\u00e9 jogando com o time. Agora, com esse entendimento da fam\u00edlia, vamos propor a aposentadoria ao Conselho. Isso tem tr\u00e2mite burocr\u00e1tico, com reuni\u00e3o do Conselho, mas como ato administrativo, n\u00e3o utilizaremos mais a camisa 10 a partir de janeiro e esperamos a decis\u00e3o definitiva do nosso Conselho&#8221;, afirmou em entrevista ao Jornal Bandnews FM.<\/p>\n<p>Foto BrunoPress<\/p>\n<p>Not\u00edcias ao minuto<\/p>\n","protected":false},"excerpt":{"rendered":"<p>Um dos desejos da fam\u00edlia de Pel\u00e9 est\u00e1 mais perto de ser atendido. Momentos ap\u00f3s o falecimento, na quinta-feira, os<\/p>\n","protected":false},"author":1,"featured_media":2967,"comment_status":"open","ping_status":"open","sticky":false,"template":"","format":"standard","meta":{"colormag_page_container_layout":"default_layout","colormag_page_sidebar_layout":"default_layout","_FSMCFIC_featured_image_caption":"","_FSMCFIC_featured_image_nocaption":"","_FSMCFIC_featured_image_hide":"","footnotes":""},"categories":[4,1],"tags":[],"class_list":["post-2966","post","type-post","status-publish","format-standard","has-post-thumbnail","hentry","category-esporte","category-ultimas"],"yoast_head":"<!-- This site is optimized with the Yoast SEO plugin v27.1.1 - https:\/\/yoast.com\/product\/yoast-seo-wordpress\/ -->\n<title>Rueda pedir\u00e1 que camisa 10 do Santos n\u00e3o seja mais usada em homenagem a Pel\u00e9 - Brasil not\u00edcias<\/title>\n<meta name=\"robots\" content=\"index, follow, max-snippet:-1, max-image-preview:large, max-video-preview:-1\" \/>\n<link rel=\"canonical\" href=\"https:\/\/brasilnoticias.org\/site\/rueda-pedira-que-camisa-10-do-santos-nao-seja-mais-usada-em-homenagem-a-pele\/\" \/>\n<meta property=\"og:locale\" content=\"pt_PT\" \/>\n<meta property=\"og:type\" content=\"article\" \/>\n<meta property=\"og:title\" content=\"Rueda pedir\u00e1 que camisa 10 do Santos n\u00e3o seja mais usada em homenagem a Pel\u00e9 - Brasil not\u00edcias\" \/>\n<meta property=\"og:description\" content=\"Um dos desejos da fam\u00edlia de Pel\u00e9 est\u00e1 mais perto de ser atendido. Momentos ap\u00f3s o falecimento, na quinta-feira, os\" \/>\n<meta property=\"og:url\" content=\"https:\/\/brasilnoticias.org\/site\/rueda-pedira-que-camisa-10-do-santos-nao-seja-mais-usada-em-homenagem-a-pele\/\" \/>\n<meta property=\"og:site_name\" content=\"Brasil not\u00edcias\" \/>\n<meta property=\"article:published_time\" content=\"2022-12-31T10:30:03+00:00\" \/>\n<meta property=\"og:image\" content=\"https:\/\/brasilnoticias.org\/site\/wp-content\/uploads\/2022\/12\/naom_5e42762002b0f.jpg\" \/>\n\t<meta property=\"og:image:width\" content=\"960\" \/>\n\t<meta property=\"og:image:height\" content=\"540\" \/>\n\t<meta property=\"og:image:type\" content=\"image\/jpeg\" \/>\n<meta name=\"author\" content=\"Reda\u00e7\u00e3o\" \/>\n<meta name=\"twitter:card\" content=\"summary_large_image\" \/>\n<meta name=\"twitter:label1\" content=\"Escrito por\" \/>\n\t<meta name=\"twitter:data1\" content=\"Reda\u00e7\u00e3o\" \/>\n\t<meta name=\"twitter:label2\" content=\"Tempo estimado de leitura\" \/>\n\t<meta name=\"twitter:data2\" content=\"1 minuto\" \/>\n<script type=\"application\/ld+json\" class=\"yoast-schema-graph\">{\"@context\":\"https:\/\/schema.org\",\"@graph\":[{\"@type\":\"Article\",\"@id\":\"https:\/\/brasilnoticias.org\/site\/rueda-pedira-que-camisa-10-do-santos-nao-seja-mais-usada-em-homenagem-a-pele\/#article\",\"isPartOf\":{\"@id\":\"https:\/\/brasilnoticias.org\/site\/rueda-pedira-que-camisa-10-do-santos-nao-seja-mais-usada-em-homenagem-a-pele\/\"},\"author\":{\"name\":\"Reda\u00e7\u00e3o\",\"@id\":\"https:\/\/brasilnoticias.org\/site\/#\/schema\/person\/a0e05b973ec4d15c658d51911e53507b\"},\"headline\":\"Rueda pedir\u00e1 que camisa 10 do Santos n\u00e3o seja mais usada em homenagem a Pel\u00e9\",\"datePublished\":\"2022-12-31T10:30:03+00:00\",\"mainEntityOfPage\":{\"@id\":\"https:\/\/brasilnoticias.org\/site\/rueda-pedira-que-camisa-10-do-santos-nao-seja-mais-usada-em-homenagem-a-pele\/\"},\"wordCount\":214,\"commentCount\":0,\"publisher\":{\"@id\":\"https:\/\/brasilnoticias.org\/site\/#organization\"},\"image\":{\"@id\":\"https:\/\/brasilnoticias.org\/site\/rueda-pedira-que-camisa-10-do-santos-nao-seja-mais-usada-em-homenagem-a-pele\/#primaryimage\"},\"thumbnailUrl\":\"https:\/\/brasilnoticias.org\/site\/wp-content\/uploads\/2022\/12\/naom_5e42762002b0f.jpg\",\"articleSection\":[\"Esporte\",\"\u00daltimas\"],\"inLanguage\":\"pt-PT\",\"potentialAction\":[{\"@type\":\"CommentAction\",\"name\":\"Comment\",\"target\":[\"https:\/\/brasilnoticias.org\/site\/rueda-pedira-que-camisa-10-do-santos-nao-seja-mais-usada-em-homenagem-a-pele\/#respond\"]}]},{\"@type\":\"WebPage\",\"@id\":\"https:\/\/brasilnoticias.org\/site\/rueda-pedira-que-camisa-10-do-santos-nao-seja-mais-usada-em-homenagem-a-pele\/\",\"url\":\"https:\/\/brasilnoticias.org\/site\/rueda-pedira-que-camisa-10-do-santos-nao-seja-mais-usada-em-homenagem-a-pele\/\",\"name\":\"Rueda pedir\u00e1 que camisa 10 do Santos n\u00e3o seja mais usada em homenagem a Pel\u00e9 - Brasil not\u00edcias\",\"isPartOf\":{\"@id\":\"https:\/\/brasilnoticias.org\/site\/#website\"},\"primaryImageOfPage\":{\"@id\":\"https:\/\/brasilnoticias.org\/site\/rueda-pedira-que-camisa-10-do-santos-nao-seja-mais-usada-em-homenagem-a-pele\/#primaryimage\"},\"image\":{\"@id\":\"https:\/\/brasilnoticias.org\/site\/rueda-pedira-que-camisa-10-do-santos-nao-seja-mais-usada-em-homenagem-a-pele\/#primaryimage\"},\"thumbnailUrl\":\"https:\/\/brasilnoticias.org\/site\/wp-content\/uploads\/2022\/12\/naom_5e42762002b0f.jpg\",\"datePublished\":\"2022-12-31T10:30:03+00:00\",\"breadcrumb\":{\"@id\":\"https:\/\/brasilnoticias.org\/site\/rueda-pedira-que-camisa-10-do-santos-nao-seja-mais-usada-em-homenagem-a-pele\/#breadcrumb\"},\"inLanguage\":\"pt-PT\",\"potentialAction\":[{\"@type\":\"ReadAction\",\"target\":[\"https:\/\/brasilnoticias.org\/site\/rueda-pedira-que-camisa-10-do-santos-nao-seja-mais-usada-em-homenagem-a-pele\/\"]}]},{\"@type\":\"ImageObject\",\"inLanguage\":\"pt-PT\",\"@id\":\"https:\/\/brasilnoticias.org\/site\/rueda-pedira-que-camisa-10-do-santos-nao-seja-mais-usada-em-homenagem-a-pele\/#primaryimage\",\"url\":\"https:\/\/brasilnoticias.org\/site\/wp-content\/uploads\/2022\/12\/naom_5e42762002b0f.jpg\",\"contentUrl\":\"https:\/\/brasilnoticias.org\/site\/wp-content\/uploads\/2022\/12\/naom_5e42762002b0f.jpg\",\"width\":960,\"height\":540},{\"@type\":\"BreadcrumbList\",\"@id\":\"https:\/\/brasilnoticias.org\/site\/rueda-pedira-que-camisa-10-do-santos-nao-seja-mais-usada-em-homenagem-a-pele\/#breadcrumb\",\"itemListElement\":[{\"@type\":\"ListItem\",\"position\":1,\"name\":\"In\u00edcio\",\"item\":\"https:\/\/brasilnoticias.org\/site\/\"},{\"@type\":\"ListItem\",\"position\":2,\"name\":\"Rueda pedir\u00e1 que camisa 10 do Santos n\u00e3o seja mais usada em homenagem a Pel\u00e9\"}]},{\"@type\":\"WebSite\",\"@id\":\"https:\/\/brasilnoticias.org\/site\/#website\",\"url\":\"https:\/\/brasilnoticias.org\/site\/\",\"name\":\"Brasil not\u00edcias\",\"description\":\"Brasil not\u00edcias\",\"publisher\":{\"@id\":\"https:\/\/brasilnoticias.org\/site\/#organization\"},\"potentialAction\":[{\"@type\":\"SearchAction\",\"target\":{\"@type\":\"EntryPoint\",\"urlTemplate\":\"https:\/\/brasilnoticias.org\/site\/?s={search_term_string}\"},\"query-input\":{\"@type\":\"PropertyValueSpecification\",\"valueRequired\":true,\"valueName\":\"search_term_string\"}}],\"inLanguage\":\"pt-PT\"},{\"@type\":\"Organization\",\"@id\":\"https:\/\/brasilnoticias.org\/site\/#organization\",\"name\":\"Brasil not\u00edcias\",\"url\":\"https:\/\/brasilnoticias.org\/site\/\",\"logo\":{\"@type\":\"ImageObject\",\"inLanguage\":\"pt-PT\",\"@id\":\"https:\/\/brasilnoticias.org\/site\/#\/schema\/logo\/image\/\",\"url\":\"https:\/\/brasilnoticias.org\/site\/wp-content\/uploads\/2022\/05\/cropped-brasilnoticias-mini.jpg\",\"contentUrl\":\"https:\/\/brasilnoticias.org\/site\/wp-content\/uploads\/2022\/05\/cropped-brasilnoticias-mini.jpg\",\"width\":314,\"height\":86,\"caption\":\"Brasil not\u00edcias\"},\"image\":{\"@id\":\"https:\/\/brasilnoticias.org\/site\/#\/schema\/logo\/image\/\"}},{\"@type\":\"Person\",\"@id\":\"https:\/\/brasilnoticias.org\/site\/#\/schema\/person\/a0e05b973ec4d15c658d51911e53507b\",\"name\":\"Reda\u00e7\u00e3o\",\"image\":{\"@type\":\"ImageObject\",\"inLanguage\":\"pt-PT\",\"@id\":\"https:\/\/brasilnoticias.org\/site\/#\/schema\/person\/image\/\",\"url\":\"https:\/\/secure.gravatar.com\/avatar\/75d8b050df2de108b08ae78dfb8e374892df24a383c67db9c46a9c604f6aee9c?s=96&d=mm&r=g\",\"contentUrl\":\"https:\/\/secure.gravatar.com\/avatar\/75d8b050df2de108b08ae78dfb8e374892df24a383c67db9c46a9c604f6aee9c?s=96&d=mm&r=g\",\"caption\":\"Reda\u00e7\u00e3o\"},\"sameAs\":[\"https:\/\/brasilnoticias.org\/site\"],\"url\":\"https:\/\/brasilnoticias.org\/site\/author\/fernandozsngmail-com\/\"}]}<\/script>\n<!-- \/ Yoast SEO plugin. -->","yoast_head_json":{"title":"Rueda pedir\u00e1 que camisa 10 do Santos n\u00e3o seja mais usada em homenagem a Pel\u00e9 - Brasil not\u00edcias","robots":{"index":"index","follow":"follow","max-snippet":"max-snippet:-1","max-image-preview":"max-image-preview:large","max-video-preview":"max-video-preview:-1"},"canonical":"https:\/\/brasilnoticias.org\/site\/rueda-pedira-que-camisa-10-do-santos-nao-seja-mais-usada-em-homenagem-a-pele\/","og_locale":"pt_PT","og_type":"article","og_title":"Rueda pedir\u00e1 que camisa 10 do Santos n\u00e3o seja mais usada em homenagem a Pel\u00e9 - Brasil not\u00edcias","og_description":"Um dos desejos da fam\u00edlia de Pel\u00e9 est\u00e1 mais perto de ser atendido. Momentos ap\u00f3s o falecimento, na quinta-feira, os","og_url":"https:\/\/brasilnoticias.org\/site\/rueda-pedira-que-camisa-10-do-santos-nao-seja-mais-usada-em-homenagem-a-pele\/","og_site_name":"Brasil not\u00edcias","article_published_time":"2022-12-31T10:30:03+00:00","og_image":[{"width":960,"height":540,"url":"https:\/\/brasilnoticias.org\/site\/wp-content\/uploads\/2022\/12\/naom_5e42762002b0f.jpg","type":"image\/jpeg"}],"author":"Reda\u00e7\u00e3o","twitter_card":"summary_large_image","twitter_misc":{"Escrito por":"Reda\u00e7\u00e3o","Tempo estimado de leitura":"1 minuto"},"schema":{"@context":"https:\/\/schema.org","@graph":[{"@type":"Article","@id":"https:\/\/brasilnoticias.org\/site\/rueda-pedira-que-camisa-10-do-santos-nao-seja-mais-usada-em-homenagem-a-pele\/#article","isPartOf":{"@id":"https:\/\/brasilnoticias.org\/site\/rueda-pedira-que-camisa-10-do-santos-nao-seja-mais-usada-em-homenagem-a-pele\/"},"author":{"name":"Reda\u00e7\u00e3o","@id":"https:\/\/brasilnoticias.org\/site\/#\/schema\/person\/a0e05b973ec4d15c658d51911e53507b"},"headline":"Rueda pedir\u00e1 que camisa 10 do Santos n\u00e3o seja mais usada em homenagem a Pel\u00e9","datePublished":"2022-12-31T10:30:03+00:00","mainEntityOfPage":{"@id":"https:\/\/brasilnoticias.org\/site\/rueda-pedira-que-camisa-10-do-santos-nao-seja-mais-usada-em-homenagem-a-pele\/"},"wordCount":214,"commentCount":0,"publisher":{"@id":"https:\/\/brasilnoticias.org\/site\/#organization"},"image":{"@id":"https:\/\/brasilnoticias.org\/site\/rueda-pedira-que-camisa-10-do-santos-nao-seja-mais-usada-em-homenagem-a-pele\/#primaryimage"},"thumbnailUrl":"https:\/\/brasilnoticias.org\/site\/wp-content\/uploads\/2022\/12\/naom_5e42762002b0f.jpg","articleSection":["Esporte","\u00daltimas"],"inLanguage":"pt-PT","potentialAction":[{"@type":"CommentAction","name":"Comment","target":["https:\/\/brasilnoticias.org\/site\/rueda-pedira-que-camisa-10-do-santos-nao-seja-mais-usada-em-homenagem-a-pele\/#respond"]}]},{"@type":"WebPage","@id":"https:\/\/brasilnoticias.org\/site\/rueda-pedira-que-camisa-10-do-santos-nao-seja-mais-usada-em-homenagem-a-pele\/","url":"https:\/\/brasilnoticias.org\/site\/rueda-pedira-que-camisa-10-do-santos-nao-seja-mais-usada-em-homenagem-a-pele\/","name":"Rueda pedir\u00e1 que camisa 10 do Santos n\u00e3o seja mais usada em homenagem a Pel\u00e9 - Brasil not\u00edcias","isPartOf":{"@id":"https:\/\/brasilnoticias.org\/site\/#website"},"primaryImageOfPage":{"@id":"https:\/\/brasilnoticias.org\/site\/rueda-pedira-que-camisa-10-do-santos-nao-seja-mais-usada-em-homenagem-a-pele\/#primaryimage"},"image":{"@id":"https:\/\/brasilnoticias.org\/site\/rueda-pedira-que-camisa-10-do-santos-nao-seja-mais-usada-em-homenagem-a-pele\/#primaryimage"},"thumbnailUrl":"https:\/\/brasilnoticias.org\/site\/wp-content\/uploads\/2022\/12\/naom_5e42762002b0f.jpg","datePublished":"2022-12-31T10:30:03+00:00","breadcrumb":{"@id":"https:\/\/brasilnoticias.org\/site\/rueda-pedira-que-camisa-10-do-santos-nao-seja-mais-usada-em-homenagem-a-pele\/#breadcrumb"},"inLanguage":"pt-PT","potentialAction":[{"@type":"ReadAction","target":["https:\/\/brasilnoticias.org\/site\/rueda-pedira-que-camisa-10-do-santos-nao-seja-mais-usada-em-homenagem-a-pele\/"]}]},{"@type":"ImageObject","inLanguage":"pt-PT","@id":"https:\/\/brasilnoticias.org\/site\/rueda-pedira-que-camisa-10-do-santos-nao-seja-mais-usada-em-homenagem-a-pele\/#primaryimage","url":"https:\/\/brasilnoticias.org\/site\/wp-content\/uploads\/2022\/12\/naom_5e42762002b0f.jpg","contentUrl":"https:\/\/brasilnoticias.org\/site\/wp-content\/uploads\/2022\/12\/naom_5e42762002b0f.jpg","width":960,"height":540},{"@type":"BreadcrumbList","@id":"https:\/\/brasilnoticias.org\/site\/rueda-pedira-que-camisa-10-do-santos-nao-seja-mais-usada-em-homenagem-a-pele\/#breadcrumb","itemListElement":[{"@type":"ListItem","position":1,"name":"In\u00edcio","item":"https:\/\/brasilnoticias.org\/site\/"},{"@type":"ListItem","position":2,"name":"Rueda pedir\u00e1 que camisa 10 do Santos n\u00e3o seja mais usada em homenagem a Pel\u00e9"}]},{"@type":"WebSite","@id":"https:\/\/brasilnoticias.org\/site\/#website","url":"https:\/\/brasilnoticias.org\/site\/","name":"Brasil not\u00edcias","description":"Brasil not\u00edcias","publisher":{"@id":"https:\/\/brasilnoticias.org\/site\/#organization"},"potentialAction":[{"@type":"SearchAction","target":{"@type":"EntryPoint","urlTemplate":"https:\/\/brasilnoticias.org\/site\/?s={search_term_string}"},"query-input":{"@type":"PropertyValueSpecification","valueRequired":true,"valueName":"search_term_string"}}],"inLanguage":"pt-PT"},{"@type":"Organization","@id":"https:\/\/brasilnoticias.org\/site\/#organization","name":"Brasil not\u00edcias","url":"https:\/\/brasilnoticias.org\/site\/","logo":{"@type":"ImageObject","inLanguage":"pt-PT","@id":"https:\/\/brasilnoticias.org\/site\/#\/schema\/logo\/image\/","url":"https:\/\/brasilnoticias.org\/site\/wp-content\/uploads\/2022\/05\/cropped-brasilnoticias-mini.jpg","contentUrl":"https:\/\/brasilnoticias.org\/site\/wp-content\/uploads\/2022\/05\/cropped-brasilnoticias-mini.jpg","width":314,"height":86,"caption":"Brasil not\u00edcias"},"image":{"@id":"https:\/\/brasilnoticias.org\/site\/#\/schema\/logo\/image\/"}},{"@type":"Person","@id":"https:\/\/brasilnoticias.org\/site\/#\/schema\/person\/a0e05b973ec4d15c658d51911e53507b","name":"Reda\u00e7\u00e3o","image":{"@type":"ImageObject","inLanguage":"pt-PT","@id":"https:\/\/brasilnoticias.org\/site\/#\/schema\/person\/image\/","url":"https:\/\/secure.gravatar.com\/avatar\/75d8b050df2de108b08ae78dfb8e374892df24a383c67db9c46a9c604f6aee9c?s=96&d=mm&r=g","contentUrl":"https:\/\/secure.gravatar.com\/avatar\/75d8b050df2de108b08ae78dfb8e374892df24a383c67db9c46a9c604f6aee9c?s=96&d=mm&r=g","caption":"Reda\u00e7\u00e3o"},"sameAs":["https:\/\/brasilnoticias.org\/site"],"url":"https:\/\/brasilnoticias.org\/site\/author\/fernandozsngmail-com\/"}]}},"_links":{"self":[{"href":"https:\/\/brasilnoticias.org\/site\/wp-json\/wp\/v2\/posts\/2966","targetHints":{"allow":["GET"]}}],"collection":[{"href":"https:\/\/brasilnoticias.org\/site\/wp-json\/wp\/v2\/posts"}],"about":[{"href":"https:\/\/brasilnoticias.org\/site\/wp-json\/wp\/v2\/types\/post"}],"author":[{"embeddable":true,"href":"https:\/\/brasilnoticias.org\/site\/wp-json\/wp\/v2\/users\/1"}],"replies":[{"embeddable":true,"href":"https:\/\/brasilnoticias.org\/site\/wp-json\/wp\/v2\/comments?post=2966"}],"version-history":[{"count":1,"href":"https:\/\/brasilnoticias.org\/site\/wp-json\/wp\/v2\/posts\/2966\/revisions"}],"predecessor-version":[{"id":2968,"href":"https:\/\/brasilnoticias.org\/site\/wp-json\/wp\/v2\/posts\/2966\/revisions\/2968"}],"wp:featuredmedia":[{"embeddable":true,"href":"https:\/\/brasilnoticias.org\/site\/wp-json\/wp\/v2\/media\/2967"}],"wp:attachment":[{"href":"https:\/\/brasilnoticias.org\/site\/wp-json\/wp\/v2\/media?parent=2966"}],"wp:term":[{"taxonomy":"category","embeddable":true,"href":"https:\/\/brasilnoticias.org\/site\/wp-json\/wp\/v2\/categories?post=2966"},{"taxonomy":"post_tag","embeddable":true,"href":"https:\/\/brasilnoticias.org\/site\/wp-json\/wp\/v2\/tags?post=2966"}],"curies":[{"name":"wp","href":"https:\/\/api.w.org\/{rel}","templated":true}]}}