{"id":2975,"date":"2022-12-31T18:10:24","date_gmt":"2022-12-31T21:10:24","guid":{"rendered":"https:\/\/brasilnoticias.org\/site\/?p=2975"},"modified":"2022-12-31T14:56:19","modified_gmt":"2022-12-31T17:56:19","slug":"vini-jr-cobra-punicoes-apos-novo-ataque-racista-laliga-segue-sem-fazer-nada","status":"publish","type":"post","link":"https:\/\/brasilnoticias.org\/site\/vini-jr-cobra-punicoes-apos-novo-ataque-racista-laliga-segue-sem-fazer-nada\/","title":{"rendered":"Vini Jr. cobra puni\u00e7\u00f5es ap\u00f3s novo ataque racista: &#8216;LaLiga segue sem fazer nada&#8217;"},"content":{"rendered":"<p>O atacante Vinicius Junior voltou a ser alvo de ofensas racistas na Espanha e fez uma publica\u00e7\u00e3o no Instagram para criticar a LaLiga, associa\u00e7\u00e3o que organiza o Campeonato Espanhol, por n\u00e3o tomar provid\u00eancias diante de epis\u00f3dios do tipo. V\u00eddeos feitos nas arquibancadas do Est\u00e1dio Jos\u00e9 Zorrilla, onde o Real Madrid venceu o Valladolid por 2 a 0 na sexta-feira, mostram torcedores do time advers\u00e1rio imitando sons de macacos guinchando. Alguns tamb\u00e9m usaram o insulto racista &#8220;mono&#8221;, macaco em espanhol, para ofender o brasileiro.<\/p>\n<p>&#8220;Os racistas seguem indo aos est\u00e1dios e assistindo ao maior clube do mundo de perto, e a LaLiga segue sem fazer nada. Seguirei de cabe\u00e7a erguida e comemorando minhas vit\u00f3rias e do Real Madrid. No final, a culpa n\u00e3o \u00e9 minha&#8221;, escreveu o jovem de 22 anos em publica\u00e7\u00e3o na sua p\u00e1gina oficial do Instagram, neste s\u00e1bado.<\/p>\n<p>Vinicius Junior foi substitu\u00eddo nos minutos finais do segundo tempo e saiu pelo lado do campo. Como o banco de reservas estava na outra lateral, precisou caminhar no gramado para chegar ao local e, logo no in\u00edcio dos trajeto, come\u00e7ou a ouvir o barulho que vinha da arquibancada.<\/p>\n<p>Quando passava por tr\u00e1s da \u00e1rea defendida pelo companheiro Courtois, viu Benzema marcar o segundo gol merengue e vibrou virado para a torcida do Valladolid. A partir da\u00ed, as ofensas ficaram ainda mais fortes. O v\u00eddeo tamb\u00e9m mostra o brasileiro chutando um de muitos objetos atirados nele pelos torcedores<\/p>\n<p>RECORRENTE<\/p>\n<p>A lista de ataques racistas a um dos principais jogadores brasileiros da atualidade \u00e9 extensa. At\u00e9 durante a Copa do Mundo ele foi atacado. Momentos ap\u00f3s a elimina\u00e7\u00e3o do Brasil no Catar, o jogador Ivan Alejo, do C\u00e1diz, da Espanha, usou emojis de dan\u00e7a e de macacos para comentar sobre o resultado do duelo entre brasileiros e croatas. Alejo apagou o tweet.<\/p>\n<p>Em setembro deste ano, Pedro Bravo, presidente da associa\u00e7\u00e3o de empres\u00e1rios de jogadores da Espanha, disse em uma emissora de TV que o atacante brasileiro tinha que parar de &#8220;fazer macaquice&#8221; em campo. A fala despertou indigna\u00e7\u00e3o e aumentou o debate sobre racismo na Espanha. Alguns dias ap\u00f3s o acontecido, durante um cl\u00e1ssico entre Atl\u00e9tico de Madrid e Real Madrid pela rodada do Campeonato Espanhol, Vini Jr. foi hostilizado pela torcida do Atl\u00e9tico durante quase toda a partida.<\/p>\n<p>Recentemente, o Minist\u00e9rio P\u00fablico de Madrid decidiu arquivar a den\u00fancia contra os xingamentos racistas contra o brasileiro durante o cl\u00e1ssico entre as equipes da capital por terem acontecido em um &#8220;contexto de m\u00e1xima rivalidade&#8221; e por terem &#8220;durado poucos segundos&#8221;.<\/p>\n<p>Foto Getty Images<\/p>\n<p>Not\u00edcias ao minuto<\/p>\n","protected":false},"excerpt":{"rendered":"<p>O atacante Vinicius Junior voltou a ser alvo de ofensas racistas na Espanha e fez uma publica\u00e7\u00e3o no Instagram para<\/p>\n","protected":false},"author":1,"featured_media":2976,"comment_status":"open","ping_status":"open","sticky":false,"template":"","format":"standard","meta":{"colormag_page_container_layout":"default_layout","colormag_page_sidebar_layout":"default_layout","_FSMCFIC_featured_image_caption":"","_FSMCFIC_featured_image_nocaption":"","_FSMCFIC_featured_image_hide":"","footnotes":""},"categories":[4,1],"tags":[],"class_list":["post-2975","post","type-post","status-publish","format-standard","has-post-thumbnail","hentry","category-esporte","category-ultimas"],"yoast_head":"<!-- This site is optimized with the Yoast SEO plugin v27.1.1 - https:\/\/yoast.com\/product\/yoast-seo-wordpress\/ -->\n<title>Vini Jr. cobra puni\u00e7\u00f5es ap\u00f3s novo ataque racista: &#039;LaLiga segue sem fazer nada&#039; - Brasil not\u00edcias<\/title>\n<meta name=\"robots\" content=\"index, follow, max-snippet:-1, max-image-preview:large, max-video-preview:-1\" \/>\n<link rel=\"canonical\" href=\"https:\/\/brasilnoticias.org\/site\/vini-jr-cobra-punicoes-apos-novo-ataque-racista-laliga-segue-sem-fazer-nada\/\" \/>\n<meta property=\"og:locale\" content=\"pt_PT\" \/>\n<meta property=\"og:type\" content=\"article\" \/>\n<meta property=\"og:title\" content=\"Vini Jr. cobra puni\u00e7\u00f5es ap\u00f3s novo ataque racista: &#039;LaLiga segue sem fazer nada&#039; - Brasil not\u00edcias\" \/>\n<meta property=\"og:description\" content=\"O atacante Vinicius Junior voltou a ser alvo de ofensas racistas na Espanha e fez uma publica\u00e7\u00e3o no Instagram para\" \/>\n<meta property=\"og:url\" content=\"https:\/\/brasilnoticias.org\/site\/vini-jr-cobra-punicoes-apos-novo-ataque-racista-laliga-segue-sem-fazer-nada\/\" \/>\n<meta property=\"og:site_name\" content=\"Brasil not\u00edcias\" \/>\n<meta property=\"article:published_time\" content=\"2022-12-31T21:10:24+00:00\" \/>\n<meta property=\"og:image\" content=\"https:\/\/brasilnoticias.org\/site\/wp-content\/uploads\/2022\/12\/naom_6175ce59ded95.jpg\" \/>\n\t<meta property=\"og:image:width\" content=\"960\" \/>\n\t<meta property=\"og:image:height\" content=\"540\" \/>\n\t<meta property=\"og:image:type\" content=\"image\/jpeg\" \/>\n<meta name=\"author\" content=\"Reda\u00e7\u00e3o\" \/>\n<meta name=\"twitter:card\" content=\"summary_large_image\" \/>\n<meta name=\"twitter:label1\" content=\"Escrito por\" \/>\n\t<meta name=\"twitter:data1\" content=\"Reda\u00e7\u00e3o\" \/>\n\t<meta name=\"twitter:label2\" content=\"Tempo estimado de leitura\" \/>\n\t<meta name=\"twitter:data2\" content=\"2 minutos\" \/>\n<script type=\"application\/ld+json\" class=\"yoast-schema-graph\">{\"@context\":\"https:\/\/schema.org\",\"@graph\":[{\"@type\":\"Article\",\"@id\":\"https:\/\/brasilnoticias.org\/site\/vini-jr-cobra-punicoes-apos-novo-ataque-racista-laliga-segue-sem-fazer-nada\/#article\",\"isPartOf\":{\"@id\":\"https:\/\/brasilnoticias.org\/site\/vini-jr-cobra-punicoes-apos-novo-ataque-racista-laliga-segue-sem-fazer-nada\/\"},\"author\":{\"name\":\"Reda\u00e7\u00e3o\",\"@id\":\"https:\/\/brasilnoticias.org\/site\/#\/schema\/person\/a0e05b973ec4d15c658d51911e53507b\"},\"headline\":\"Vini Jr. cobra puni\u00e7\u00f5es ap\u00f3s novo ataque racista: &#8216;LaLiga segue sem fazer nada&#8217;\",\"datePublished\":\"2022-12-31T21:10:24+00:00\",\"mainEntityOfPage\":{\"@id\":\"https:\/\/brasilnoticias.org\/site\/vini-jr-cobra-punicoes-apos-novo-ataque-racista-laliga-segue-sem-fazer-nada\/\"},\"wordCount\":473,\"commentCount\":0,\"publisher\":{\"@id\":\"https:\/\/brasilnoticias.org\/site\/#organization\"},\"image\":{\"@id\":\"https:\/\/brasilnoticias.org\/site\/vini-jr-cobra-punicoes-apos-novo-ataque-racista-laliga-segue-sem-fazer-nada\/#primaryimage\"},\"thumbnailUrl\":\"https:\/\/brasilnoticias.org\/site\/wp-content\/uploads\/2022\/12\/naom_6175ce59ded95.jpg\",\"articleSection\":[\"Esporte\",\"\u00daltimas\"],\"inLanguage\":\"pt-PT\",\"potentialAction\":[{\"@type\":\"CommentAction\",\"name\":\"Comment\",\"target\":[\"https:\/\/brasilnoticias.org\/site\/vini-jr-cobra-punicoes-apos-novo-ataque-racista-laliga-segue-sem-fazer-nada\/#respond\"]}]},{\"@type\":\"WebPage\",\"@id\":\"https:\/\/brasilnoticias.org\/site\/vini-jr-cobra-punicoes-apos-novo-ataque-racista-laliga-segue-sem-fazer-nada\/\",\"url\":\"https:\/\/brasilnoticias.org\/site\/vini-jr-cobra-punicoes-apos-novo-ataque-racista-laliga-segue-sem-fazer-nada\/\",\"name\":\"Vini Jr. cobra puni\u00e7\u00f5es ap\u00f3s novo ataque racista: 'LaLiga segue sem fazer nada' - Brasil not\u00edcias\",\"isPartOf\":{\"@id\":\"https:\/\/brasilnoticias.org\/site\/#website\"},\"primaryImageOfPage\":{\"@id\":\"https:\/\/brasilnoticias.org\/site\/vini-jr-cobra-punicoes-apos-novo-ataque-racista-laliga-segue-sem-fazer-nada\/#primaryimage\"},\"image\":{\"@id\":\"https:\/\/brasilnoticias.org\/site\/vini-jr-cobra-punicoes-apos-novo-ataque-racista-laliga-segue-sem-fazer-nada\/#primaryimage\"},\"thumbnailUrl\":\"https:\/\/brasilnoticias.org\/site\/wp-content\/uploads\/2022\/12\/naom_6175ce59ded95.jpg\",\"datePublished\":\"2022-12-31T21:10:24+00:00\",\"breadcrumb\":{\"@id\":\"https:\/\/brasilnoticias.org\/site\/vini-jr-cobra-punicoes-apos-novo-ataque-racista-laliga-segue-sem-fazer-nada\/#breadcrumb\"},\"inLanguage\":\"pt-PT\",\"potentialAction\":[{\"@type\":\"ReadAction\",\"target\":[\"https:\/\/brasilnoticias.org\/site\/vini-jr-cobra-punicoes-apos-novo-ataque-racista-laliga-segue-sem-fazer-nada\/\"]}]},{\"@type\":\"ImageObject\",\"inLanguage\":\"pt-PT\",\"@id\":\"https:\/\/brasilnoticias.org\/site\/vini-jr-cobra-punicoes-apos-novo-ataque-racista-laliga-segue-sem-fazer-nada\/#primaryimage\",\"url\":\"https:\/\/brasilnoticias.org\/site\/wp-content\/uploads\/2022\/12\/naom_6175ce59ded95.jpg\",\"contentUrl\":\"https:\/\/brasilnoticias.org\/site\/wp-content\/uploads\/2022\/12\/naom_6175ce59ded95.jpg\",\"width\":960,\"height\":540},{\"@type\":\"BreadcrumbList\",\"@id\":\"https:\/\/brasilnoticias.org\/site\/vini-jr-cobra-punicoes-apos-novo-ataque-racista-laliga-segue-sem-fazer-nada\/#breadcrumb\",\"itemListElement\":[{\"@type\":\"ListItem\",\"position\":1,\"name\":\"In\u00edcio\",\"item\":\"https:\/\/brasilnoticias.org\/site\/\"},{\"@type\":\"ListItem\",\"position\":2,\"name\":\"Vini Jr. cobra puni\u00e7\u00f5es ap\u00f3s novo ataque racista: &#8216;LaLiga segue sem fazer nada&#8217;\"}]},{\"@type\":\"WebSite\",\"@id\":\"https:\/\/brasilnoticias.org\/site\/#website\",\"url\":\"https:\/\/brasilnoticias.org\/site\/\",\"name\":\"Brasil not\u00edcias\",\"description\":\"Brasil not\u00edcias\",\"publisher\":{\"@id\":\"https:\/\/brasilnoticias.org\/site\/#organization\"},\"potentialAction\":[{\"@type\":\"SearchAction\",\"target\":{\"@type\":\"EntryPoint\",\"urlTemplate\":\"https:\/\/brasilnoticias.org\/site\/?s={search_term_string}\"},\"query-input\":{\"@type\":\"PropertyValueSpecification\",\"valueRequired\":true,\"valueName\":\"search_term_string\"}}],\"inLanguage\":\"pt-PT\"},{\"@type\":\"Organization\",\"@id\":\"https:\/\/brasilnoticias.org\/site\/#organization\",\"name\":\"Brasil not\u00edcias\",\"url\":\"https:\/\/brasilnoticias.org\/site\/\",\"logo\":{\"@type\":\"ImageObject\",\"inLanguage\":\"pt-PT\",\"@id\":\"https:\/\/brasilnoticias.org\/site\/#\/schema\/logo\/image\/\",\"url\":\"https:\/\/brasilnoticias.org\/site\/wp-content\/uploads\/2022\/05\/cropped-brasilnoticias-mini.jpg\",\"contentUrl\":\"https:\/\/brasilnoticias.org\/site\/wp-content\/uploads\/2022\/05\/cropped-brasilnoticias-mini.jpg\",\"width\":314,\"height\":86,\"caption\":\"Brasil not\u00edcias\"},\"image\":{\"@id\":\"https:\/\/brasilnoticias.org\/site\/#\/schema\/logo\/image\/\"}},{\"@type\":\"Person\",\"@id\":\"https:\/\/brasilnoticias.org\/site\/#\/schema\/person\/a0e05b973ec4d15c658d51911e53507b\",\"name\":\"Reda\u00e7\u00e3o\",\"image\":{\"@type\":\"ImageObject\",\"inLanguage\":\"pt-PT\",\"@id\":\"https:\/\/brasilnoticias.org\/site\/#\/schema\/person\/image\/\",\"url\":\"https:\/\/secure.gravatar.com\/avatar\/75d8b050df2de108b08ae78dfb8e374892df24a383c67db9c46a9c604f6aee9c?s=96&d=mm&r=g\",\"contentUrl\":\"https:\/\/secure.gravatar.com\/avatar\/75d8b050df2de108b08ae78dfb8e374892df24a383c67db9c46a9c604f6aee9c?s=96&d=mm&r=g\",\"caption\":\"Reda\u00e7\u00e3o\"},\"sameAs\":[\"https:\/\/brasilnoticias.org\/site\"],\"url\":\"https:\/\/brasilnoticias.org\/site\/author\/fernandozsngmail-com\/\"}]}<\/script>\n<!-- \/ Yoast SEO plugin. -->","yoast_head_json":{"title":"Vini Jr. cobra puni\u00e7\u00f5es ap\u00f3s novo ataque racista: 'LaLiga segue sem fazer nada' - Brasil not\u00edcias","robots":{"index":"index","follow":"follow","max-snippet":"max-snippet:-1","max-image-preview":"max-image-preview:large","max-video-preview":"max-video-preview:-1"},"canonical":"https:\/\/brasilnoticias.org\/site\/vini-jr-cobra-punicoes-apos-novo-ataque-racista-laliga-segue-sem-fazer-nada\/","og_locale":"pt_PT","og_type":"article","og_title":"Vini Jr. cobra puni\u00e7\u00f5es ap\u00f3s novo ataque racista: 'LaLiga segue sem fazer nada' - Brasil not\u00edcias","og_description":"O atacante Vinicius Junior voltou a ser alvo de ofensas racistas na Espanha e fez uma publica\u00e7\u00e3o no Instagram para","og_url":"https:\/\/brasilnoticias.org\/site\/vini-jr-cobra-punicoes-apos-novo-ataque-racista-laliga-segue-sem-fazer-nada\/","og_site_name":"Brasil not\u00edcias","article_published_time":"2022-12-31T21:10:24+00:00","og_image":[{"width":960,"height":540,"url":"https:\/\/brasilnoticias.org\/site\/wp-content\/uploads\/2022\/12\/naom_6175ce59ded95.jpg","type":"image\/jpeg"}],"author":"Reda\u00e7\u00e3o","twitter_card":"summary_large_image","twitter_misc":{"Escrito por":"Reda\u00e7\u00e3o","Tempo estimado de leitura":"2 minutos"},"schema":{"@context":"https:\/\/schema.org","@graph":[{"@type":"Article","@id":"https:\/\/brasilnoticias.org\/site\/vini-jr-cobra-punicoes-apos-novo-ataque-racista-laliga-segue-sem-fazer-nada\/#article","isPartOf":{"@id":"https:\/\/brasilnoticias.org\/site\/vini-jr-cobra-punicoes-apos-novo-ataque-racista-laliga-segue-sem-fazer-nada\/"},"author":{"name":"Reda\u00e7\u00e3o","@id":"https:\/\/brasilnoticias.org\/site\/#\/schema\/person\/a0e05b973ec4d15c658d51911e53507b"},"headline":"Vini Jr. cobra puni\u00e7\u00f5es ap\u00f3s novo ataque racista: &#8216;LaLiga segue sem fazer nada&#8217;","datePublished":"2022-12-31T21:10:24+00:00","mainEntityOfPage":{"@id":"https:\/\/brasilnoticias.org\/site\/vini-jr-cobra-punicoes-apos-novo-ataque-racista-laliga-segue-sem-fazer-nada\/"},"wordCount":473,"commentCount":0,"publisher":{"@id":"https:\/\/brasilnoticias.org\/site\/#organization"},"image":{"@id":"https:\/\/brasilnoticias.org\/site\/vini-jr-cobra-punicoes-apos-novo-ataque-racista-laliga-segue-sem-fazer-nada\/#primaryimage"},"thumbnailUrl":"https:\/\/brasilnoticias.org\/site\/wp-content\/uploads\/2022\/12\/naom_6175ce59ded95.jpg","articleSection":["Esporte","\u00daltimas"],"inLanguage":"pt-PT","potentialAction":[{"@type":"CommentAction","name":"Comment","target":["https:\/\/brasilnoticias.org\/site\/vini-jr-cobra-punicoes-apos-novo-ataque-racista-laliga-segue-sem-fazer-nada\/#respond"]}]},{"@type":"WebPage","@id":"https:\/\/brasilnoticias.org\/site\/vini-jr-cobra-punicoes-apos-novo-ataque-racista-laliga-segue-sem-fazer-nada\/","url":"https:\/\/brasilnoticias.org\/site\/vini-jr-cobra-punicoes-apos-novo-ataque-racista-laliga-segue-sem-fazer-nada\/","name":"Vini Jr. cobra puni\u00e7\u00f5es ap\u00f3s novo ataque racista: 'LaLiga segue sem fazer nada' - Brasil not\u00edcias","isPartOf":{"@id":"https:\/\/brasilnoticias.org\/site\/#website"},"primaryImageOfPage":{"@id":"https:\/\/brasilnoticias.org\/site\/vini-jr-cobra-punicoes-apos-novo-ataque-racista-laliga-segue-sem-fazer-nada\/#primaryimage"},"image":{"@id":"https:\/\/brasilnoticias.org\/site\/vini-jr-cobra-punicoes-apos-novo-ataque-racista-laliga-segue-sem-fazer-nada\/#primaryimage"},"thumbnailUrl":"https:\/\/brasilnoticias.org\/site\/wp-content\/uploads\/2022\/12\/naom_6175ce59ded95.jpg","datePublished":"2022-12-31T21:10:24+00:00","breadcrumb":{"@id":"https:\/\/brasilnoticias.org\/site\/vini-jr-cobra-punicoes-apos-novo-ataque-racista-laliga-segue-sem-fazer-nada\/#breadcrumb"},"inLanguage":"pt-PT","potentialAction":[{"@type":"ReadAction","target":["https:\/\/brasilnoticias.org\/site\/vini-jr-cobra-punicoes-apos-novo-ataque-racista-laliga-segue-sem-fazer-nada\/"]}]},{"@type":"ImageObject","inLanguage":"pt-PT","@id":"https:\/\/brasilnoticias.org\/site\/vini-jr-cobra-punicoes-apos-novo-ataque-racista-laliga-segue-sem-fazer-nada\/#primaryimage","url":"https:\/\/brasilnoticias.org\/site\/wp-content\/uploads\/2022\/12\/naom_6175ce59ded95.jpg","contentUrl":"https:\/\/brasilnoticias.org\/site\/wp-content\/uploads\/2022\/12\/naom_6175ce59ded95.jpg","width":960,"height":540},{"@type":"BreadcrumbList","@id":"https:\/\/brasilnoticias.org\/site\/vini-jr-cobra-punicoes-apos-novo-ataque-racista-laliga-segue-sem-fazer-nada\/#breadcrumb","itemListElement":[{"@type":"ListItem","position":1,"name":"In\u00edcio","item":"https:\/\/brasilnoticias.org\/site\/"},{"@type":"ListItem","position":2,"name":"Vini Jr. cobra puni\u00e7\u00f5es ap\u00f3s novo ataque racista: &#8216;LaLiga segue sem fazer nada&#8217;"}]},{"@type":"WebSite","@id":"https:\/\/brasilnoticias.org\/site\/#website","url":"https:\/\/brasilnoticias.org\/site\/","name":"Brasil not\u00edcias","description":"Brasil not\u00edcias","publisher":{"@id":"https:\/\/brasilnoticias.org\/site\/#organization"},"potentialAction":[{"@type":"SearchAction","target":{"@type":"EntryPoint","urlTemplate":"https:\/\/brasilnoticias.org\/site\/?s={search_term_string}"},"query-input":{"@type":"PropertyValueSpecification","valueRequired":true,"valueName":"search_term_string"}}],"inLanguage":"pt-PT"},{"@type":"Organization","@id":"https:\/\/brasilnoticias.org\/site\/#organization","name":"Brasil not\u00edcias","url":"https:\/\/brasilnoticias.org\/site\/","logo":{"@type":"ImageObject","inLanguage":"pt-PT","@id":"https:\/\/brasilnoticias.org\/site\/#\/schema\/logo\/image\/","url":"https:\/\/brasilnoticias.org\/site\/wp-content\/uploads\/2022\/05\/cropped-brasilnoticias-mini.jpg","contentUrl":"https:\/\/brasilnoticias.org\/site\/wp-content\/uploads\/2022\/05\/cropped-brasilnoticias-mini.jpg","width":314,"height":86,"caption":"Brasil not\u00edcias"},"image":{"@id":"https:\/\/brasilnoticias.org\/site\/#\/schema\/logo\/image\/"}},{"@type":"Person","@id":"https:\/\/brasilnoticias.org\/site\/#\/schema\/person\/a0e05b973ec4d15c658d51911e53507b","name":"Reda\u00e7\u00e3o","image":{"@type":"ImageObject","inLanguage":"pt-PT","@id":"https:\/\/brasilnoticias.org\/site\/#\/schema\/person\/image\/","url":"https:\/\/secure.gravatar.com\/avatar\/75d8b050df2de108b08ae78dfb8e374892df24a383c67db9c46a9c604f6aee9c?s=96&d=mm&r=g","contentUrl":"https:\/\/secure.gravatar.com\/avatar\/75d8b050df2de108b08ae78dfb8e374892df24a383c67db9c46a9c604f6aee9c?s=96&d=mm&r=g","caption":"Reda\u00e7\u00e3o"},"sameAs":["https:\/\/brasilnoticias.org\/site"],"url":"https:\/\/brasilnoticias.org\/site\/author\/fernandozsngmail-com\/"}]}},"_links":{"self":[{"href":"https:\/\/brasilnoticias.org\/site\/wp-json\/wp\/v2\/posts\/2975","targetHints":{"allow":["GET"]}}],"collection":[{"href":"https:\/\/brasilnoticias.org\/site\/wp-json\/wp\/v2\/posts"}],"about":[{"href":"https:\/\/brasilnoticias.org\/site\/wp-json\/wp\/v2\/types\/post"}],"author":[{"embeddable":true,"href":"https:\/\/brasilnoticias.org\/site\/wp-json\/wp\/v2\/users\/1"}],"replies":[{"embeddable":true,"href":"https:\/\/brasilnoticias.org\/site\/wp-json\/wp\/v2\/comments?post=2975"}],"version-history":[{"count":1,"href":"https:\/\/brasilnoticias.org\/site\/wp-json\/wp\/v2\/posts\/2975\/revisions"}],"predecessor-version":[{"id":2977,"href":"https:\/\/brasilnoticias.org\/site\/wp-json\/wp\/v2\/posts\/2975\/revisions\/2977"}],"wp:featuredmedia":[{"embeddable":true,"href":"https:\/\/brasilnoticias.org\/site\/wp-json\/wp\/v2\/media\/2976"}],"wp:attachment":[{"href":"https:\/\/brasilnoticias.org\/site\/wp-json\/wp\/v2\/media?parent=2975"}],"wp:term":[{"taxonomy":"category","embeddable":true,"href":"https:\/\/brasilnoticias.org\/site\/wp-json\/wp\/v2\/categories?post=2975"},{"taxonomy":"post_tag","embeddable":true,"href":"https:\/\/brasilnoticias.org\/site\/wp-json\/wp\/v2\/tags?post=2975"}],"curies":[{"name":"wp","href":"https:\/\/api.w.org\/{rel}","templated":true}]}}