{"id":2978,"date":"2022-12-31T18:20:27","date_gmt":"2022-12-31T21:20:27","guid":{"rendered":"https:\/\/brasilnoticias.org\/site\/?p=2978"},"modified":"2022-12-31T15:20:23","modified_gmt":"2022-12-31T18:20:23","slug":"taxista-brasileiro-e-assassinado-a-facadas-em-portugal","status":"publish","type":"post","link":"https:\/\/brasilnoticias.org\/site\/taxista-brasileiro-e-assassinado-a-facadas-em-portugal\/","title":{"rendered":"Taxista brasileiro \u00e9 assassinado a facadas em Portugal"},"content":{"rendered":"<p>Um taxista brasileiro foi assassinado a facadas em Sintra, na regi\u00e3o metropolitana de Lisboa, na madrugada desta quinta-feira (29). A morte violenta do imigrante, que mantinha perfis nas redes sociais com v\u00eddeos bem-humorados sobre a rotina na estrada, vem tendo ampla repercuss\u00e3o entre a comunidade brasileira no pa\u00eds.<\/p>\n<p>Edmilson C\u00e2ndido de Matos, 42, conhecido como Edi, publicava v\u00eddeos a bordo de seu t\u00e1xi com regularidade no TikTok, onde acumulava mais de 16 mil seguidores. Natural de Itanh\u00e9m, no sul da Bahia, ele morava em Portugal havia mais 15 anos.<\/p>\n<p>Antes de trabalhar como taxista, o homem atuou como radialista e rep\u00f3rter em emissoras da Bahia. Em Portugal, tamb\u00e9m chegou a realizar trabalhos em algumas r\u00e1dios locais.<\/p>\n<p>O corpo de Edmilson foi encontrado com diversas perfura\u00e7\u00f5es e ca\u00eddo ao lado da Mercedes que dirigia. O ve\u00edculo estava atravessado no meio de uma estrada, com a porta aberta e as luzes e o motor ligados.<\/p>\n<p>Segundo informa\u00e7\u00f5es do jornal portugu\u00eas Correio da Manh\u00e3, Edmilson recebeu, atrav\u00e9s do servi\u00e7o de r\u00e1dio-t\u00e1xi em que trabalhava, uma chamada para uma corrida por volta das 2h. Ele teria realizado uma parada em Cascais, tamb\u00e9m na grande Lisboa, para o embarque de um passageiro.<\/p>\n<p>A ocorr\u00eancia do crime foi registrada pelas autoridades portuguesas por volta das 3h, e a morte constatada ainda no local.<br \/>\nA pol\u00edcia investiga o caso e deteve um suspeito em flagrante na noite de quinta: um homem estrangeiro de 29 anos com hist\u00f3rico de viol\u00eancia e consumo de drogas. A nacionalidade n\u00e3o foi informada.<\/p>\n<p>Em nota, a Pol\u00edcia Judici\u00e1ria afirmou que o suspeito foi preso por &#8220;fortes ind\u00edcios da pr\u00e1tica dos crimes de homic\u00eddio qualificado com uso de arma branca, roubo agravado e deten\u00e7\u00e3o e uso de arma proibida&#8221;.<br \/>\nSegundo a investiga\u00e7\u00e3o policial, o servi\u00e7o de t\u00e1xi foi solicitado pelo suspeito &#8220;j\u00e1 com a clara inten\u00e7\u00e3o de subtrair todo o dinheiro e objetos de valor que a v\u00edtima pudesse ter em sua posse&#8221;.<\/p>\n<p>&#8220;O suspeito deu indica\u00e7\u00e3o ao motorista para o transportar para um determinado local, que sabia ser isolado, onde tinha inten\u00e7\u00e3o de cometer o crime. Transportava consigo uma arma branca, com a qual acabou por agredir, mortalmente, a v\u00edtima, deixando-a no local, sem qualquer possibilidade de assist\u00eancia, por terceiros&#8221;, completa a pol\u00edcia.<br \/>\nTamb\u00e9m taxista em Cascais, um amigo de Edmilson, que pediu para n\u00e3o se identificar, afirma que o crime gerou um clima de grande apreens\u00e3o entre os motoristas, preocupados com um poss\u00edvel aumento da viol\u00eancia na regi\u00e3o.<\/p>\n<p>No entanto, segundo o \u00faltimo Relat\u00f3rio de Anual de Seguran\u00e7a Interna do pa\u00eds, a criminalidade violenta em Portugal na verdade diminuiu 6,9% em 2021, em compara\u00e7\u00e3o ao ano anterior.<\/p>\n<p>O n\u00famero geral de registros de crimes, no entanto, aumentou 0,9% no mesmo per\u00edodo, com furtos, roubos e crimes de gangues e grupos de jovens em alta.<\/p>\n<p>Foto iStock<br \/>\nNot\u00edcias ao minuto<\/p>\n","protected":false},"excerpt":{"rendered":"<p>Um taxista brasileiro foi assassinado a facadas em Sintra, na regi\u00e3o metropolitana de Lisboa, na madrugada desta quinta-feira (29). A<\/p>\n","protected":false},"author":1,"featured_media":2979,"comment_status":"open","ping_status":"open","sticky":false,"template":"","format":"standard","meta":{"colormag_page_container_layout":"default_layout","colormag_page_sidebar_layout":"default_layout","_FSMCFIC_featured_image_caption":"","_FSMCFIC_featured_image_nocaption":"","_FSMCFIC_featured_image_hide":"","footnotes":""},"categories":[3,1],"tags":[],"class_list":["post-2978","post","type-post","status-publish","format-standard","has-post-thumbnail","hentry","category-policia","category-ultimas"],"yoast_head":"<!-- This site is optimized with the Yoast SEO plugin v27.1.1 - https:\/\/yoast.com\/product\/yoast-seo-wordpress\/ -->\n<title>Taxista brasileiro \u00e9 assassinado a facadas em Portugal - Brasil not\u00edcias<\/title>\n<meta name=\"robots\" content=\"index, follow, max-snippet:-1, max-image-preview:large, max-video-preview:-1\" \/>\n<link rel=\"canonical\" href=\"https:\/\/brasilnoticias.org\/site\/taxista-brasileiro-e-assassinado-a-facadas-em-portugal\/\" \/>\n<meta property=\"og:locale\" content=\"pt_PT\" \/>\n<meta property=\"og:type\" content=\"article\" \/>\n<meta property=\"og:title\" content=\"Taxista brasileiro \u00e9 assassinado a facadas em Portugal - Brasil not\u00edcias\" \/>\n<meta property=\"og:description\" content=\"Um taxista brasileiro foi assassinado a facadas em Sintra, na regi\u00e3o metropolitana de Lisboa, na madrugada desta quinta-feira (29). A\" \/>\n<meta property=\"og:url\" content=\"https:\/\/brasilnoticias.org\/site\/taxista-brasileiro-e-assassinado-a-facadas-em-portugal\/\" \/>\n<meta property=\"og:site_name\" content=\"Brasil not\u00edcias\" \/>\n<meta property=\"article:published_time\" content=\"2022-12-31T21:20:27+00:00\" \/>\n<meta property=\"og:image\" content=\"https:\/\/brasilnoticias.org\/site\/wp-content\/uploads\/2022\/12\/naom_5b905b0aae770.jpg\" \/>\n\t<meta property=\"og:image:width\" content=\"960\" \/>\n\t<meta property=\"og:image:height\" content=\"540\" \/>\n\t<meta property=\"og:image:type\" content=\"image\/jpeg\" \/>\n<meta name=\"author\" content=\"Reda\u00e7\u00e3o\" \/>\n<meta name=\"twitter:card\" content=\"summary_large_image\" \/>\n<meta name=\"twitter:label1\" content=\"Escrito por\" \/>\n\t<meta name=\"twitter:data1\" content=\"Reda\u00e7\u00e3o\" \/>\n\t<meta name=\"twitter:label2\" content=\"Tempo estimado de leitura\" \/>\n\t<meta name=\"twitter:data2\" content=\"3 minutos\" \/>\n<script type=\"application\/ld+json\" class=\"yoast-schema-graph\">{\"@context\":\"https:\/\/schema.org\",\"@graph\":[{\"@type\":\"Article\",\"@id\":\"https:\/\/brasilnoticias.org\/site\/taxista-brasileiro-e-assassinado-a-facadas-em-portugal\/#article\",\"isPartOf\":{\"@id\":\"https:\/\/brasilnoticias.org\/site\/taxista-brasileiro-e-assassinado-a-facadas-em-portugal\/\"},\"author\":{\"name\":\"Reda\u00e7\u00e3o\",\"@id\":\"https:\/\/brasilnoticias.org\/site\/#\/schema\/person\/a0e05b973ec4d15c658d51911e53507b\"},\"headline\":\"Taxista brasileiro \u00e9 assassinado a facadas em Portugal\",\"datePublished\":\"2022-12-31T21:20:27+00:00\",\"mainEntityOfPage\":{\"@id\":\"https:\/\/brasilnoticias.org\/site\/taxista-brasileiro-e-assassinado-a-facadas-em-portugal\/\"},\"wordCount\":522,\"commentCount\":0,\"publisher\":{\"@id\":\"https:\/\/brasilnoticias.org\/site\/#organization\"},\"image\":{\"@id\":\"https:\/\/brasilnoticias.org\/site\/taxista-brasileiro-e-assassinado-a-facadas-em-portugal\/#primaryimage\"},\"thumbnailUrl\":\"https:\/\/brasilnoticias.org\/site\/wp-content\/uploads\/2022\/12\/naom_5b905b0aae770.jpg\",\"articleSection\":[\"Pol\u00edcia\",\"\u00daltimas\"],\"inLanguage\":\"pt-PT\",\"potentialAction\":[{\"@type\":\"CommentAction\",\"name\":\"Comment\",\"target\":[\"https:\/\/brasilnoticias.org\/site\/taxista-brasileiro-e-assassinado-a-facadas-em-portugal\/#respond\"]}]},{\"@type\":\"WebPage\",\"@id\":\"https:\/\/brasilnoticias.org\/site\/taxista-brasileiro-e-assassinado-a-facadas-em-portugal\/\",\"url\":\"https:\/\/brasilnoticias.org\/site\/taxista-brasileiro-e-assassinado-a-facadas-em-portugal\/\",\"name\":\"Taxista brasileiro \u00e9 assassinado a facadas em Portugal - Brasil not\u00edcias\",\"isPartOf\":{\"@id\":\"https:\/\/brasilnoticias.org\/site\/#website\"},\"primaryImageOfPage\":{\"@id\":\"https:\/\/brasilnoticias.org\/site\/taxista-brasileiro-e-assassinado-a-facadas-em-portugal\/#primaryimage\"},\"image\":{\"@id\":\"https:\/\/brasilnoticias.org\/site\/taxista-brasileiro-e-assassinado-a-facadas-em-portugal\/#primaryimage\"},\"thumbnailUrl\":\"https:\/\/brasilnoticias.org\/site\/wp-content\/uploads\/2022\/12\/naom_5b905b0aae770.jpg\",\"datePublished\":\"2022-12-31T21:20:27+00:00\",\"breadcrumb\":{\"@id\":\"https:\/\/brasilnoticias.org\/site\/taxista-brasileiro-e-assassinado-a-facadas-em-portugal\/#breadcrumb\"},\"inLanguage\":\"pt-PT\",\"potentialAction\":[{\"@type\":\"ReadAction\",\"target\":[\"https:\/\/brasilnoticias.org\/site\/taxista-brasileiro-e-assassinado-a-facadas-em-portugal\/\"]}]},{\"@type\":\"ImageObject\",\"inLanguage\":\"pt-PT\",\"@id\":\"https:\/\/brasilnoticias.org\/site\/taxista-brasileiro-e-assassinado-a-facadas-em-portugal\/#primaryimage\",\"url\":\"https:\/\/brasilnoticias.org\/site\/wp-content\/uploads\/2022\/12\/naom_5b905b0aae770.jpg\",\"contentUrl\":\"https:\/\/brasilnoticias.org\/site\/wp-content\/uploads\/2022\/12\/naom_5b905b0aae770.jpg\",\"width\":960,\"height\":540},{\"@type\":\"BreadcrumbList\",\"@id\":\"https:\/\/brasilnoticias.org\/site\/taxista-brasileiro-e-assassinado-a-facadas-em-portugal\/#breadcrumb\",\"itemListElement\":[{\"@type\":\"ListItem\",\"position\":1,\"name\":\"In\u00edcio\",\"item\":\"https:\/\/brasilnoticias.org\/site\/\"},{\"@type\":\"ListItem\",\"position\":2,\"name\":\"Taxista brasileiro \u00e9 assassinado a facadas em Portugal\"}]},{\"@type\":\"WebSite\",\"@id\":\"https:\/\/brasilnoticias.org\/site\/#website\",\"url\":\"https:\/\/brasilnoticias.org\/site\/\",\"name\":\"Brasil not\u00edcias\",\"description\":\"Brasil not\u00edcias\",\"publisher\":{\"@id\":\"https:\/\/brasilnoticias.org\/site\/#organization\"},\"potentialAction\":[{\"@type\":\"SearchAction\",\"target\":{\"@type\":\"EntryPoint\",\"urlTemplate\":\"https:\/\/brasilnoticias.org\/site\/?s={search_term_string}\"},\"query-input\":{\"@type\":\"PropertyValueSpecification\",\"valueRequired\":true,\"valueName\":\"search_term_string\"}}],\"inLanguage\":\"pt-PT\"},{\"@type\":\"Organization\",\"@id\":\"https:\/\/brasilnoticias.org\/site\/#organization\",\"name\":\"Brasil not\u00edcias\",\"url\":\"https:\/\/brasilnoticias.org\/site\/\",\"logo\":{\"@type\":\"ImageObject\",\"inLanguage\":\"pt-PT\",\"@id\":\"https:\/\/brasilnoticias.org\/site\/#\/schema\/logo\/image\/\",\"url\":\"https:\/\/brasilnoticias.org\/site\/wp-content\/uploads\/2022\/05\/cropped-brasilnoticias-mini.jpg\",\"contentUrl\":\"https:\/\/brasilnoticias.org\/site\/wp-content\/uploads\/2022\/05\/cropped-brasilnoticias-mini.jpg\",\"width\":314,\"height\":86,\"caption\":\"Brasil not\u00edcias\"},\"image\":{\"@id\":\"https:\/\/brasilnoticias.org\/site\/#\/schema\/logo\/image\/\"}},{\"@type\":\"Person\",\"@id\":\"https:\/\/brasilnoticias.org\/site\/#\/schema\/person\/a0e05b973ec4d15c658d51911e53507b\",\"name\":\"Reda\u00e7\u00e3o\",\"image\":{\"@type\":\"ImageObject\",\"inLanguage\":\"pt-PT\",\"@id\":\"https:\/\/brasilnoticias.org\/site\/#\/schema\/person\/image\/\",\"url\":\"https:\/\/secure.gravatar.com\/avatar\/75d8b050df2de108b08ae78dfb8e374892df24a383c67db9c46a9c604f6aee9c?s=96&d=mm&r=g\",\"contentUrl\":\"https:\/\/secure.gravatar.com\/avatar\/75d8b050df2de108b08ae78dfb8e374892df24a383c67db9c46a9c604f6aee9c?s=96&d=mm&r=g\",\"caption\":\"Reda\u00e7\u00e3o\"},\"sameAs\":[\"https:\/\/brasilnoticias.org\/site\"],\"url\":\"https:\/\/brasilnoticias.org\/site\/author\/fernandozsngmail-com\/\"}]}<\/script>\n<!-- \/ Yoast SEO plugin. -->","yoast_head_json":{"title":"Taxista brasileiro \u00e9 assassinado a facadas em Portugal - Brasil not\u00edcias","robots":{"index":"index","follow":"follow","max-snippet":"max-snippet:-1","max-image-preview":"max-image-preview:large","max-video-preview":"max-video-preview:-1"},"canonical":"https:\/\/brasilnoticias.org\/site\/taxista-brasileiro-e-assassinado-a-facadas-em-portugal\/","og_locale":"pt_PT","og_type":"article","og_title":"Taxista brasileiro \u00e9 assassinado a facadas em Portugal - Brasil not\u00edcias","og_description":"Um taxista brasileiro foi assassinado a facadas em Sintra, na regi\u00e3o metropolitana de Lisboa, na madrugada desta quinta-feira (29). A","og_url":"https:\/\/brasilnoticias.org\/site\/taxista-brasileiro-e-assassinado-a-facadas-em-portugal\/","og_site_name":"Brasil not\u00edcias","article_published_time":"2022-12-31T21:20:27+00:00","og_image":[{"width":960,"height":540,"url":"https:\/\/brasilnoticias.org\/site\/wp-content\/uploads\/2022\/12\/naom_5b905b0aae770.jpg","type":"image\/jpeg"}],"author":"Reda\u00e7\u00e3o","twitter_card":"summary_large_image","twitter_misc":{"Escrito por":"Reda\u00e7\u00e3o","Tempo estimado de leitura":"3 minutos"},"schema":{"@context":"https:\/\/schema.org","@graph":[{"@type":"Article","@id":"https:\/\/brasilnoticias.org\/site\/taxista-brasileiro-e-assassinado-a-facadas-em-portugal\/#article","isPartOf":{"@id":"https:\/\/brasilnoticias.org\/site\/taxista-brasileiro-e-assassinado-a-facadas-em-portugal\/"},"author":{"name":"Reda\u00e7\u00e3o","@id":"https:\/\/brasilnoticias.org\/site\/#\/schema\/person\/a0e05b973ec4d15c658d51911e53507b"},"headline":"Taxista brasileiro \u00e9 assassinado a facadas em Portugal","datePublished":"2022-12-31T21:20:27+00:00","mainEntityOfPage":{"@id":"https:\/\/brasilnoticias.org\/site\/taxista-brasileiro-e-assassinado-a-facadas-em-portugal\/"},"wordCount":522,"commentCount":0,"publisher":{"@id":"https:\/\/brasilnoticias.org\/site\/#organization"},"image":{"@id":"https:\/\/brasilnoticias.org\/site\/taxista-brasileiro-e-assassinado-a-facadas-em-portugal\/#primaryimage"},"thumbnailUrl":"https:\/\/brasilnoticias.org\/site\/wp-content\/uploads\/2022\/12\/naom_5b905b0aae770.jpg","articleSection":["Pol\u00edcia","\u00daltimas"],"inLanguage":"pt-PT","potentialAction":[{"@type":"CommentAction","name":"Comment","target":["https:\/\/brasilnoticias.org\/site\/taxista-brasileiro-e-assassinado-a-facadas-em-portugal\/#respond"]}]},{"@type":"WebPage","@id":"https:\/\/brasilnoticias.org\/site\/taxista-brasileiro-e-assassinado-a-facadas-em-portugal\/","url":"https:\/\/brasilnoticias.org\/site\/taxista-brasileiro-e-assassinado-a-facadas-em-portugal\/","name":"Taxista brasileiro \u00e9 assassinado a facadas em Portugal - Brasil not\u00edcias","isPartOf":{"@id":"https:\/\/brasilnoticias.org\/site\/#website"},"primaryImageOfPage":{"@id":"https:\/\/brasilnoticias.org\/site\/taxista-brasileiro-e-assassinado-a-facadas-em-portugal\/#primaryimage"},"image":{"@id":"https:\/\/brasilnoticias.org\/site\/taxista-brasileiro-e-assassinado-a-facadas-em-portugal\/#primaryimage"},"thumbnailUrl":"https:\/\/brasilnoticias.org\/site\/wp-content\/uploads\/2022\/12\/naom_5b905b0aae770.jpg","datePublished":"2022-12-31T21:20:27+00:00","breadcrumb":{"@id":"https:\/\/brasilnoticias.org\/site\/taxista-brasileiro-e-assassinado-a-facadas-em-portugal\/#breadcrumb"},"inLanguage":"pt-PT","potentialAction":[{"@type":"ReadAction","target":["https:\/\/brasilnoticias.org\/site\/taxista-brasileiro-e-assassinado-a-facadas-em-portugal\/"]}]},{"@type":"ImageObject","inLanguage":"pt-PT","@id":"https:\/\/brasilnoticias.org\/site\/taxista-brasileiro-e-assassinado-a-facadas-em-portugal\/#primaryimage","url":"https:\/\/brasilnoticias.org\/site\/wp-content\/uploads\/2022\/12\/naom_5b905b0aae770.jpg","contentUrl":"https:\/\/brasilnoticias.org\/site\/wp-content\/uploads\/2022\/12\/naom_5b905b0aae770.jpg","width":960,"height":540},{"@type":"BreadcrumbList","@id":"https:\/\/brasilnoticias.org\/site\/taxista-brasileiro-e-assassinado-a-facadas-em-portugal\/#breadcrumb","itemListElement":[{"@type":"ListItem","position":1,"name":"In\u00edcio","item":"https:\/\/brasilnoticias.org\/site\/"},{"@type":"ListItem","position":2,"name":"Taxista brasileiro \u00e9 assassinado a facadas em Portugal"}]},{"@type":"WebSite","@id":"https:\/\/brasilnoticias.org\/site\/#website","url":"https:\/\/brasilnoticias.org\/site\/","name":"Brasil not\u00edcias","description":"Brasil not\u00edcias","publisher":{"@id":"https:\/\/brasilnoticias.org\/site\/#organization"},"potentialAction":[{"@type":"SearchAction","target":{"@type":"EntryPoint","urlTemplate":"https:\/\/brasilnoticias.org\/site\/?s={search_term_string}"},"query-input":{"@type":"PropertyValueSpecification","valueRequired":true,"valueName":"search_term_string"}}],"inLanguage":"pt-PT"},{"@type":"Organization","@id":"https:\/\/brasilnoticias.org\/site\/#organization","name":"Brasil not\u00edcias","url":"https:\/\/brasilnoticias.org\/site\/","logo":{"@type":"ImageObject","inLanguage":"pt-PT","@id":"https:\/\/brasilnoticias.org\/site\/#\/schema\/logo\/image\/","url":"https:\/\/brasilnoticias.org\/site\/wp-content\/uploads\/2022\/05\/cropped-brasilnoticias-mini.jpg","contentUrl":"https:\/\/brasilnoticias.org\/site\/wp-content\/uploads\/2022\/05\/cropped-brasilnoticias-mini.jpg","width":314,"height":86,"caption":"Brasil not\u00edcias"},"image":{"@id":"https:\/\/brasilnoticias.org\/site\/#\/schema\/logo\/image\/"}},{"@type":"Person","@id":"https:\/\/brasilnoticias.org\/site\/#\/schema\/person\/a0e05b973ec4d15c658d51911e53507b","name":"Reda\u00e7\u00e3o","image":{"@type":"ImageObject","inLanguage":"pt-PT","@id":"https:\/\/brasilnoticias.org\/site\/#\/schema\/person\/image\/","url":"https:\/\/secure.gravatar.com\/avatar\/75d8b050df2de108b08ae78dfb8e374892df24a383c67db9c46a9c604f6aee9c?s=96&d=mm&r=g","contentUrl":"https:\/\/secure.gravatar.com\/avatar\/75d8b050df2de108b08ae78dfb8e374892df24a383c67db9c46a9c604f6aee9c?s=96&d=mm&r=g","caption":"Reda\u00e7\u00e3o"},"sameAs":["https:\/\/brasilnoticias.org\/site"],"url":"https:\/\/brasilnoticias.org\/site\/author\/fernandozsngmail-com\/"}]}},"_links":{"self":[{"href":"https:\/\/brasilnoticias.org\/site\/wp-json\/wp\/v2\/posts\/2978","targetHints":{"allow":["GET"]}}],"collection":[{"href":"https:\/\/brasilnoticias.org\/site\/wp-json\/wp\/v2\/posts"}],"about":[{"href":"https:\/\/brasilnoticias.org\/site\/wp-json\/wp\/v2\/types\/post"}],"author":[{"embeddable":true,"href":"https:\/\/brasilnoticias.org\/site\/wp-json\/wp\/v2\/users\/1"}],"replies":[{"embeddable":true,"href":"https:\/\/brasilnoticias.org\/site\/wp-json\/wp\/v2\/comments?post=2978"}],"version-history":[{"count":1,"href":"https:\/\/brasilnoticias.org\/site\/wp-json\/wp\/v2\/posts\/2978\/revisions"}],"predecessor-version":[{"id":2980,"href":"https:\/\/brasilnoticias.org\/site\/wp-json\/wp\/v2\/posts\/2978\/revisions\/2980"}],"wp:featuredmedia":[{"embeddable":true,"href":"https:\/\/brasilnoticias.org\/site\/wp-json\/wp\/v2\/media\/2979"}],"wp:attachment":[{"href":"https:\/\/brasilnoticias.org\/site\/wp-json\/wp\/v2\/media?parent=2978"}],"wp:term":[{"taxonomy":"category","embeddable":true,"href":"https:\/\/brasilnoticias.org\/site\/wp-json\/wp\/v2\/categories?post=2978"},{"taxonomy":"post_tag","embeddable":true,"href":"https:\/\/brasilnoticias.org\/site\/wp-json\/wp\/v2\/tags?post=2978"}],"curies":[{"name":"wp","href":"https:\/\/api.w.org\/{rel}","templated":true}]}}