{"id":2984,"date":"2023-01-01T12:41:51","date_gmt":"2023-01-01T15:41:51","guid":{"rendered":"https:\/\/brasilnoticias.org\/site\/?p=2984"},"modified":"2023-01-01T12:41:51","modified_gmt":"2023-01-01T15:41:51","slug":"mais-de-60-artistas-se-apresentarao-gratuitamente-na-posse-de-lula","status":"publish","type":"post","link":"https:\/\/brasilnoticias.org\/site\/mais-de-60-artistas-se-apresentarao-gratuitamente-na-posse-de-lula\/","title":{"rendered":"Mais de 60 artistas se apresentar\u00e3o gratuitamente na posse de Lula"},"content":{"rendered":"<p>A posse do presidente eleito Luiz In\u00e1cio Lula da Silva e de seu vice, Geraldo Alckmin, deve se tornar palco da mais extensa celebra\u00e7\u00e3o art\u00edstico-cultural j\u00e1 realizada na Esplanada dos Minist\u00e9rios, em Bras\u00edlia, em cerim\u00f4nias desse tipo.<\/p>\n<p>At\u00e9 a manh\u00e3 desse s\u00e1bado (31), 63 artistas e celebridades do mundo art\u00edstico j\u00e1 tinham confirmado presen\u00e7a no chamado Festival do Futuro, neste domingo (1\u00ba). Entre os nomes anunciados, h\u00e1 m\u00fasicos de diferentes gera\u00e7\u00f5es e estilos musicais: do samba de Martinho da Vila ao\u00a0funk\u00a0de Fioti; do rom\u00e2ntico Odair Jos\u00e9 \u00e0 sofr\u00eancia\u00a0pop\u00a0da pernambucana Duda Beat e ao tecnobrega de Gaby Amarantos.<\/p>\n<p>Al\u00e9m de artistas consagrados ou em ascens\u00e3o, est\u00e3o programadas apresenta\u00e7\u00f5es de grupos de cultura popular, incluindo maracatus, violeiros, fanfarras, blocos de frevo e de carnaval entre outros. Paralelamente, no Museu Nacional da Rep\u00fablica, na Esplanada dos Minist\u00e9rios, ser\u00e1 inaugurada a exposi\u00e7\u00e3o Brasil do Futuro: As Formas da Democracia.<\/p>\n<p>Organizada pela historiadora Lilia Schwarcz; pelo arquiteto e ex-curador dos acervos dos pal\u00e1cios do Planalto e Alvorada, Rog\u00e9rio Carvalho, e pelo secret\u00e1rio de Cultura do Partido dos Trabalhadores, M\u00e1rcio Tavares, com a contribui\u00e7\u00e3o do ator e comediante Paulo Vieira, a mostra conta com 180 obras que comp\u00f5em o acervo do pr\u00f3prio Museu da Rep\u00fablica e do acervo da Presid\u00eancia da Rep\u00fablica, al\u00e9m de outras cedidas por galeristas e artistas contempor\u00e2neos.<\/p>\n<p>Para agilizar as apresenta\u00e7\u00f5es musicais, foi montada uma estrutura capaz de comportar dois palcos, lado a lado. Batizados com os nomes das cantoras Elza Soares e Gal Costa, falecidas em 2022, os palcos contar\u00e3o com tel\u00f5es por meio dos quais o p\u00fablico tamb\u00e9m poder\u00e1 acompanhar a transmiss\u00e3o da posse oficial. A expectativa dos organizadores \u00e9 de que ao menos 300 mil pessoas compare\u00e7am, amanh\u00e3, \u00e0 Esplanada dos Minist\u00e9rios e que Lula e Alckmin subam a rampa do Congresso Nacional por volta das 14h30.<\/p>\n<p>As exibi\u00e7\u00f5es est\u00e3o previstas para come\u00e7ar \u00e0s 10h, com o chamado Cortejo do Futuro, &#8220;o abre-alas da posse&#8221;, e se estender\u00e3o at\u00e9 a madrugada da segunda-feira (2), entrecortadas por atos oficiais previstos para a tarde de domingo (1\u00ba), como o prov\u00e1vel desfile presidencial em carro aberto (a confirmar), a ida de Lula e Alckmin ao Congresso Nacional, onde as posses ser\u00e3o oficializadas e o pronunciamento \u00e0 na\u00e7\u00e3o.<\/p>\n<p>A programa\u00e7\u00e3o completa e os hor\u00e1rios podem ser conferidas na p\u00e1gina do presidente eleito. J\u00e1 as dicas de seguran\u00e7a e respostas a d\u00favidas sobre o que ser\u00e1 permitido levar e fazer no local est\u00e3o dispon\u00edveis no Manual do Participante, que a organiza\u00e7\u00e3o da posse disponibilizou na internet. A entrada no espa\u00e7o do festival \u00e9 gratuita.<\/p>\n<p>Consultados pela\u00a0Ag\u00eancia Brasil, os organizadores n\u00e3o informaram a estimativa de custos espec\u00edficos para a realiza\u00e7\u00e3o da programa\u00e7\u00e3o art\u00edstico-cultural, mas sim que todos os artistas se apresentar\u00e3o &#8220;voluntariamente&#8221;. Veja, abaixo, a lista dos artistas j\u00e1 confirmados.<\/p>\n<p>A\u00edla, Alessandra Le\u00e3o, Aline Calixto, Alm\u00e9rio, BaianaSystem, Chico C\u00e9sar, Clovis, Daniel Ganjaman, Delacruz, Drika Barbosa, Doralyce, Duda Beat, Ellen Ol\u00e9ria, Fernanda Takai, Fernanda Abreu, Fioti, Flor Gil, Francisco El Hombre, Gaby Amarantos, Geraldo Azevedo, Gog, Itamar Assiere, Jaloo, Jards Macal\u00e9, Johnny Hooker, Juliano Maderada, Ka\u00ea Guajajara, Kleber Lucas, Lirinha, Lu\u00ea, Luedji Luna, Lukinhas, Leonardo Gon\u00e7alves, Leoni, Mn Mc, Marcelo Jeneci, Margareth Menezes, Maria Rita, Marissol Mwab, Martinho da Vila, MC Marks, MC Rahell, Odair Jos\u00e9, Otto, Pabllo Vittar, Paula Lima, Paulo Miklos, Paulo Vieira, Rael, Rappin Hood, Renegado, Rog\u00e9ria Holtz, Romero Ferro, Salgadinho, Sarah Renata, Teresa Cristina, Thalma de Freitas, Titi M\u00fcller, Tulipa Ruiz, Urias, Valesca Popozuda, Z\u00e9 Ibarra e Z\u00e9lia Duncan.<\/p>\n<p>Foto Getty Images<\/p>\n<p>Not\u00edcias ao minuto<\/p>\n","protected":false},"excerpt":{"rendered":"<p>A posse do presidente eleito Luiz In\u00e1cio Lula da Silva e de seu vice, Geraldo Alckmin, deve se tornar palco<\/p>\n","protected":false},"author":1,"featured_media":2985,"comment_status":"open","ping_status":"open","sticky":false,"template":"","format":"standard","meta":{"colormag_page_container_layout":"default_layout","colormag_page_sidebar_layout":"default_layout","_FSMCFIC_featured_image_caption":"","_FSMCFIC_featured_image_nocaption":"","_FSMCFIC_featured_image_hide":"","footnotes":""},"categories":[2,1],"tags":[],"class_list":["post-2984","post","type-post","status-publish","format-standard","has-post-thumbnail","hentry","category-noticias","category-ultimas"],"yoast_head":"<!-- This site is optimized with the Yoast SEO plugin v27.1.1 - https:\/\/yoast.com\/product\/yoast-seo-wordpress\/ -->\n<title>Mais de 60 artistas se apresentar\u00e3o gratuitamente na posse de Lula - Brasil not\u00edcias<\/title>\n<meta name=\"robots\" content=\"index, follow, max-snippet:-1, max-image-preview:large, max-video-preview:-1\" \/>\n<link rel=\"canonical\" href=\"https:\/\/brasilnoticias.org\/site\/mais-de-60-artistas-se-apresentarao-gratuitamente-na-posse-de-lula\/\" \/>\n<meta property=\"og:locale\" content=\"pt_PT\" \/>\n<meta property=\"og:type\" content=\"article\" \/>\n<meta property=\"og:title\" content=\"Mais de 60 artistas se apresentar\u00e3o gratuitamente na posse de Lula - Brasil not\u00edcias\" \/>\n<meta property=\"og:description\" content=\"A posse do presidente eleito Luiz In\u00e1cio Lula da Silva e de seu vice, Geraldo Alckmin, deve se tornar palco\" \/>\n<meta property=\"og:url\" content=\"https:\/\/brasilnoticias.org\/site\/mais-de-60-artistas-se-apresentarao-gratuitamente-na-posse-de-lula\/\" \/>\n<meta property=\"og:site_name\" content=\"Brasil not\u00edcias\" \/>\n<meta property=\"article:published_time\" content=\"2023-01-01T15:41:51+00:00\" \/>\n<meta property=\"og:image\" content=\"https:\/\/brasilnoticias.org\/site\/wp-content\/uploads\/2023\/01\/naom_63b19d1d4e2c7.jpg\" \/>\n\t<meta property=\"og:image:width\" content=\"960\" \/>\n\t<meta property=\"og:image:height\" content=\"540\" \/>\n\t<meta property=\"og:image:type\" content=\"image\/jpeg\" \/>\n<meta name=\"author\" content=\"Reda\u00e7\u00e3o\" \/>\n<meta name=\"twitter:card\" content=\"summary_large_image\" \/>\n<meta name=\"twitter:label1\" content=\"Escrito por\" \/>\n\t<meta name=\"twitter:data1\" content=\"Reda\u00e7\u00e3o\" \/>\n\t<meta name=\"twitter:label2\" content=\"Tempo estimado de leitura\" \/>\n\t<meta name=\"twitter:data2\" content=\"3 minutos\" \/>\n<script type=\"application\/ld+json\" class=\"yoast-schema-graph\">{\"@context\":\"https:\/\/schema.org\",\"@graph\":[{\"@type\":\"Article\",\"@id\":\"https:\/\/brasilnoticias.org\/site\/mais-de-60-artistas-se-apresentarao-gratuitamente-na-posse-de-lula\/#article\",\"isPartOf\":{\"@id\":\"https:\/\/brasilnoticias.org\/site\/mais-de-60-artistas-se-apresentarao-gratuitamente-na-posse-de-lula\/\"},\"author\":{\"name\":\"Reda\u00e7\u00e3o\",\"@id\":\"https:\/\/brasilnoticias.org\/site\/#\/schema\/person\/a0e05b973ec4d15c658d51911e53507b\"},\"headline\":\"Mais de 60 artistas se apresentar\u00e3o gratuitamente na posse de Lula\",\"datePublished\":\"2023-01-01T15:41:51+00:00\",\"mainEntityOfPage\":{\"@id\":\"https:\/\/brasilnoticias.org\/site\/mais-de-60-artistas-se-apresentarao-gratuitamente-na-posse-de-lula\/\"},\"wordCount\":649,\"commentCount\":0,\"publisher\":{\"@id\":\"https:\/\/brasilnoticias.org\/site\/#organization\"},\"image\":{\"@id\":\"https:\/\/brasilnoticias.org\/site\/mais-de-60-artistas-se-apresentarao-gratuitamente-na-posse-de-lula\/#primaryimage\"},\"thumbnailUrl\":\"https:\/\/brasilnoticias.org\/site\/wp-content\/uploads\/2023\/01\/naom_63b19d1d4e2c7.jpg\",\"articleSection\":[\"Not\u00edcias\",\"\u00daltimas\"],\"inLanguage\":\"pt-PT\",\"potentialAction\":[{\"@type\":\"CommentAction\",\"name\":\"Comment\",\"target\":[\"https:\/\/brasilnoticias.org\/site\/mais-de-60-artistas-se-apresentarao-gratuitamente-na-posse-de-lula\/#respond\"]}]},{\"@type\":\"WebPage\",\"@id\":\"https:\/\/brasilnoticias.org\/site\/mais-de-60-artistas-se-apresentarao-gratuitamente-na-posse-de-lula\/\",\"url\":\"https:\/\/brasilnoticias.org\/site\/mais-de-60-artistas-se-apresentarao-gratuitamente-na-posse-de-lula\/\",\"name\":\"Mais de 60 artistas se apresentar\u00e3o gratuitamente na posse de Lula - Brasil not\u00edcias\",\"isPartOf\":{\"@id\":\"https:\/\/brasilnoticias.org\/site\/#website\"},\"primaryImageOfPage\":{\"@id\":\"https:\/\/brasilnoticias.org\/site\/mais-de-60-artistas-se-apresentarao-gratuitamente-na-posse-de-lula\/#primaryimage\"},\"image\":{\"@id\":\"https:\/\/brasilnoticias.org\/site\/mais-de-60-artistas-se-apresentarao-gratuitamente-na-posse-de-lula\/#primaryimage\"},\"thumbnailUrl\":\"https:\/\/brasilnoticias.org\/site\/wp-content\/uploads\/2023\/01\/naom_63b19d1d4e2c7.jpg\",\"datePublished\":\"2023-01-01T15:41:51+00:00\",\"breadcrumb\":{\"@id\":\"https:\/\/brasilnoticias.org\/site\/mais-de-60-artistas-se-apresentarao-gratuitamente-na-posse-de-lula\/#breadcrumb\"},\"inLanguage\":\"pt-PT\",\"potentialAction\":[{\"@type\":\"ReadAction\",\"target\":[\"https:\/\/brasilnoticias.org\/site\/mais-de-60-artistas-se-apresentarao-gratuitamente-na-posse-de-lula\/\"]}]},{\"@type\":\"ImageObject\",\"inLanguage\":\"pt-PT\",\"@id\":\"https:\/\/brasilnoticias.org\/site\/mais-de-60-artistas-se-apresentarao-gratuitamente-na-posse-de-lula\/#primaryimage\",\"url\":\"https:\/\/brasilnoticias.org\/site\/wp-content\/uploads\/2023\/01\/naom_63b19d1d4e2c7.jpg\",\"contentUrl\":\"https:\/\/brasilnoticias.org\/site\/wp-content\/uploads\/2023\/01\/naom_63b19d1d4e2c7.jpg\",\"width\":960,\"height\":540},{\"@type\":\"BreadcrumbList\",\"@id\":\"https:\/\/brasilnoticias.org\/site\/mais-de-60-artistas-se-apresentarao-gratuitamente-na-posse-de-lula\/#breadcrumb\",\"itemListElement\":[{\"@type\":\"ListItem\",\"position\":1,\"name\":\"In\u00edcio\",\"item\":\"https:\/\/brasilnoticias.org\/site\/\"},{\"@type\":\"ListItem\",\"position\":2,\"name\":\"Mais de 60 artistas se apresentar\u00e3o gratuitamente na posse de Lula\"}]},{\"@type\":\"WebSite\",\"@id\":\"https:\/\/brasilnoticias.org\/site\/#website\",\"url\":\"https:\/\/brasilnoticias.org\/site\/\",\"name\":\"Brasil not\u00edcias\",\"description\":\"Brasil not\u00edcias\",\"publisher\":{\"@id\":\"https:\/\/brasilnoticias.org\/site\/#organization\"},\"potentialAction\":[{\"@type\":\"SearchAction\",\"target\":{\"@type\":\"EntryPoint\",\"urlTemplate\":\"https:\/\/brasilnoticias.org\/site\/?s={search_term_string}\"},\"query-input\":{\"@type\":\"PropertyValueSpecification\",\"valueRequired\":true,\"valueName\":\"search_term_string\"}}],\"inLanguage\":\"pt-PT\"},{\"@type\":\"Organization\",\"@id\":\"https:\/\/brasilnoticias.org\/site\/#organization\",\"name\":\"Brasil not\u00edcias\",\"url\":\"https:\/\/brasilnoticias.org\/site\/\",\"logo\":{\"@type\":\"ImageObject\",\"inLanguage\":\"pt-PT\",\"@id\":\"https:\/\/brasilnoticias.org\/site\/#\/schema\/logo\/image\/\",\"url\":\"https:\/\/brasilnoticias.org\/site\/wp-content\/uploads\/2022\/05\/cropped-brasilnoticias-mini.jpg\",\"contentUrl\":\"https:\/\/brasilnoticias.org\/site\/wp-content\/uploads\/2022\/05\/cropped-brasilnoticias-mini.jpg\",\"width\":314,\"height\":86,\"caption\":\"Brasil not\u00edcias\"},\"image\":{\"@id\":\"https:\/\/brasilnoticias.org\/site\/#\/schema\/logo\/image\/\"}},{\"@type\":\"Person\",\"@id\":\"https:\/\/brasilnoticias.org\/site\/#\/schema\/person\/a0e05b973ec4d15c658d51911e53507b\",\"name\":\"Reda\u00e7\u00e3o\",\"image\":{\"@type\":\"ImageObject\",\"inLanguage\":\"pt-PT\",\"@id\":\"https:\/\/brasilnoticias.org\/site\/#\/schema\/person\/image\/\",\"url\":\"https:\/\/secure.gravatar.com\/avatar\/75d8b050df2de108b08ae78dfb8e374892df24a383c67db9c46a9c604f6aee9c?s=96&d=mm&r=g\",\"contentUrl\":\"https:\/\/secure.gravatar.com\/avatar\/75d8b050df2de108b08ae78dfb8e374892df24a383c67db9c46a9c604f6aee9c?s=96&d=mm&r=g\",\"caption\":\"Reda\u00e7\u00e3o\"},\"sameAs\":[\"https:\/\/brasilnoticias.org\/site\"],\"url\":\"https:\/\/brasilnoticias.org\/site\/author\/fernandozsngmail-com\/\"}]}<\/script>\n<!-- \/ Yoast SEO plugin. -->","yoast_head_json":{"title":"Mais de 60 artistas se apresentar\u00e3o gratuitamente na posse de Lula - Brasil not\u00edcias","robots":{"index":"index","follow":"follow","max-snippet":"max-snippet:-1","max-image-preview":"max-image-preview:large","max-video-preview":"max-video-preview:-1"},"canonical":"https:\/\/brasilnoticias.org\/site\/mais-de-60-artistas-se-apresentarao-gratuitamente-na-posse-de-lula\/","og_locale":"pt_PT","og_type":"article","og_title":"Mais de 60 artistas se apresentar\u00e3o gratuitamente na posse de Lula - Brasil not\u00edcias","og_description":"A posse do presidente eleito Luiz In\u00e1cio Lula da Silva e de seu vice, Geraldo Alckmin, deve se tornar palco","og_url":"https:\/\/brasilnoticias.org\/site\/mais-de-60-artistas-se-apresentarao-gratuitamente-na-posse-de-lula\/","og_site_name":"Brasil not\u00edcias","article_published_time":"2023-01-01T15:41:51+00:00","og_image":[{"width":960,"height":540,"url":"https:\/\/brasilnoticias.org\/site\/wp-content\/uploads\/2023\/01\/naom_63b19d1d4e2c7.jpg","type":"image\/jpeg"}],"author":"Reda\u00e7\u00e3o","twitter_card":"summary_large_image","twitter_misc":{"Escrito por":"Reda\u00e7\u00e3o","Tempo estimado de leitura":"3 minutos"},"schema":{"@context":"https:\/\/schema.org","@graph":[{"@type":"Article","@id":"https:\/\/brasilnoticias.org\/site\/mais-de-60-artistas-se-apresentarao-gratuitamente-na-posse-de-lula\/#article","isPartOf":{"@id":"https:\/\/brasilnoticias.org\/site\/mais-de-60-artistas-se-apresentarao-gratuitamente-na-posse-de-lula\/"},"author":{"name":"Reda\u00e7\u00e3o","@id":"https:\/\/brasilnoticias.org\/site\/#\/schema\/person\/a0e05b973ec4d15c658d51911e53507b"},"headline":"Mais de 60 artistas se apresentar\u00e3o gratuitamente na posse de Lula","datePublished":"2023-01-01T15:41:51+00:00","mainEntityOfPage":{"@id":"https:\/\/brasilnoticias.org\/site\/mais-de-60-artistas-se-apresentarao-gratuitamente-na-posse-de-lula\/"},"wordCount":649,"commentCount":0,"publisher":{"@id":"https:\/\/brasilnoticias.org\/site\/#organization"},"image":{"@id":"https:\/\/brasilnoticias.org\/site\/mais-de-60-artistas-se-apresentarao-gratuitamente-na-posse-de-lula\/#primaryimage"},"thumbnailUrl":"https:\/\/brasilnoticias.org\/site\/wp-content\/uploads\/2023\/01\/naom_63b19d1d4e2c7.jpg","articleSection":["Not\u00edcias","\u00daltimas"],"inLanguage":"pt-PT","potentialAction":[{"@type":"CommentAction","name":"Comment","target":["https:\/\/brasilnoticias.org\/site\/mais-de-60-artistas-se-apresentarao-gratuitamente-na-posse-de-lula\/#respond"]}]},{"@type":"WebPage","@id":"https:\/\/brasilnoticias.org\/site\/mais-de-60-artistas-se-apresentarao-gratuitamente-na-posse-de-lula\/","url":"https:\/\/brasilnoticias.org\/site\/mais-de-60-artistas-se-apresentarao-gratuitamente-na-posse-de-lula\/","name":"Mais de 60 artistas se apresentar\u00e3o gratuitamente na posse de Lula - Brasil not\u00edcias","isPartOf":{"@id":"https:\/\/brasilnoticias.org\/site\/#website"},"primaryImageOfPage":{"@id":"https:\/\/brasilnoticias.org\/site\/mais-de-60-artistas-se-apresentarao-gratuitamente-na-posse-de-lula\/#primaryimage"},"image":{"@id":"https:\/\/brasilnoticias.org\/site\/mais-de-60-artistas-se-apresentarao-gratuitamente-na-posse-de-lula\/#primaryimage"},"thumbnailUrl":"https:\/\/brasilnoticias.org\/site\/wp-content\/uploads\/2023\/01\/naom_63b19d1d4e2c7.jpg","datePublished":"2023-01-01T15:41:51+00:00","breadcrumb":{"@id":"https:\/\/brasilnoticias.org\/site\/mais-de-60-artistas-se-apresentarao-gratuitamente-na-posse-de-lula\/#breadcrumb"},"inLanguage":"pt-PT","potentialAction":[{"@type":"ReadAction","target":["https:\/\/brasilnoticias.org\/site\/mais-de-60-artistas-se-apresentarao-gratuitamente-na-posse-de-lula\/"]}]},{"@type":"ImageObject","inLanguage":"pt-PT","@id":"https:\/\/brasilnoticias.org\/site\/mais-de-60-artistas-se-apresentarao-gratuitamente-na-posse-de-lula\/#primaryimage","url":"https:\/\/brasilnoticias.org\/site\/wp-content\/uploads\/2023\/01\/naom_63b19d1d4e2c7.jpg","contentUrl":"https:\/\/brasilnoticias.org\/site\/wp-content\/uploads\/2023\/01\/naom_63b19d1d4e2c7.jpg","width":960,"height":540},{"@type":"BreadcrumbList","@id":"https:\/\/brasilnoticias.org\/site\/mais-de-60-artistas-se-apresentarao-gratuitamente-na-posse-de-lula\/#breadcrumb","itemListElement":[{"@type":"ListItem","position":1,"name":"In\u00edcio","item":"https:\/\/brasilnoticias.org\/site\/"},{"@type":"ListItem","position":2,"name":"Mais de 60 artistas se apresentar\u00e3o gratuitamente na posse de Lula"}]},{"@type":"WebSite","@id":"https:\/\/brasilnoticias.org\/site\/#website","url":"https:\/\/brasilnoticias.org\/site\/","name":"Brasil not\u00edcias","description":"Brasil not\u00edcias","publisher":{"@id":"https:\/\/brasilnoticias.org\/site\/#organization"},"potentialAction":[{"@type":"SearchAction","target":{"@type":"EntryPoint","urlTemplate":"https:\/\/brasilnoticias.org\/site\/?s={search_term_string}"},"query-input":{"@type":"PropertyValueSpecification","valueRequired":true,"valueName":"search_term_string"}}],"inLanguage":"pt-PT"},{"@type":"Organization","@id":"https:\/\/brasilnoticias.org\/site\/#organization","name":"Brasil not\u00edcias","url":"https:\/\/brasilnoticias.org\/site\/","logo":{"@type":"ImageObject","inLanguage":"pt-PT","@id":"https:\/\/brasilnoticias.org\/site\/#\/schema\/logo\/image\/","url":"https:\/\/brasilnoticias.org\/site\/wp-content\/uploads\/2022\/05\/cropped-brasilnoticias-mini.jpg","contentUrl":"https:\/\/brasilnoticias.org\/site\/wp-content\/uploads\/2022\/05\/cropped-brasilnoticias-mini.jpg","width":314,"height":86,"caption":"Brasil not\u00edcias"},"image":{"@id":"https:\/\/brasilnoticias.org\/site\/#\/schema\/logo\/image\/"}},{"@type":"Person","@id":"https:\/\/brasilnoticias.org\/site\/#\/schema\/person\/a0e05b973ec4d15c658d51911e53507b","name":"Reda\u00e7\u00e3o","image":{"@type":"ImageObject","inLanguage":"pt-PT","@id":"https:\/\/brasilnoticias.org\/site\/#\/schema\/person\/image\/","url":"https:\/\/secure.gravatar.com\/avatar\/75d8b050df2de108b08ae78dfb8e374892df24a383c67db9c46a9c604f6aee9c?s=96&d=mm&r=g","contentUrl":"https:\/\/secure.gravatar.com\/avatar\/75d8b050df2de108b08ae78dfb8e374892df24a383c67db9c46a9c604f6aee9c?s=96&d=mm&r=g","caption":"Reda\u00e7\u00e3o"},"sameAs":["https:\/\/brasilnoticias.org\/site"],"url":"https:\/\/brasilnoticias.org\/site\/author\/fernandozsngmail-com\/"}]}},"_links":{"self":[{"href":"https:\/\/brasilnoticias.org\/site\/wp-json\/wp\/v2\/posts\/2984","targetHints":{"allow":["GET"]}}],"collection":[{"href":"https:\/\/brasilnoticias.org\/site\/wp-json\/wp\/v2\/posts"}],"about":[{"href":"https:\/\/brasilnoticias.org\/site\/wp-json\/wp\/v2\/types\/post"}],"author":[{"embeddable":true,"href":"https:\/\/brasilnoticias.org\/site\/wp-json\/wp\/v2\/users\/1"}],"replies":[{"embeddable":true,"href":"https:\/\/brasilnoticias.org\/site\/wp-json\/wp\/v2\/comments?post=2984"}],"version-history":[{"count":1,"href":"https:\/\/brasilnoticias.org\/site\/wp-json\/wp\/v2\/posts\/2984\/revisions"}],"predecessor-version":[{"id":2986,"href":"https:\/\/brasilnoticias.org\/site\/wp-json\/wp\/v2\/posts\/2984\/revisions\/2986"}],"wp:featuredmedia":[{"embeddable":true,"href":"https:\/\/brasilnoticias.org\/site\/wp-json\/wp\/v2\/media\/2985"}],"wp:attachment":[{"href":"https:\/\/brasilnoticias.org\/site\/wp-json\/wp\/v2\/media?parent=2984"}],"wp:term":[{"taxonomy":"category","embeddable":true,"href":"https:\/\/brasilnoticias.org\/site\/wp-json\/wp\/v2\/categories?post=2984"},{"taxonomy":"post_tag","embeddable":true,"href":"https:\/\/brasilnoticias.org\/site\/wp-json\/wp\/v2\/tags?post=2984"}],"curies":[{"name":"wp","href":"https:\/\/api.w.org\/{rel}","templated":true}]}}