{"id":2987,"date":"2023-01-01T12:43:45","date_gmt":"2023-01-01T15:43:45","guid":{"rendered":"https:\/\/brasilnoticias.org\/site\/?p=2987"},"modified":"2023-01-01T12:43:45","modified_gmt":"2023-01-01T15:43:45","slug":"salario-minimo-de-r-1-320-comeca-a-valer-hoje","status":"publish","type":"post","link":"https:\/\/brasilnoticias.org\/site\/salario-minimo-de-r-1-320-comeca-a-valer-hoje\/","title":{"rendered":"Sal\u00e1rio m\u00ednimo de R$ 1.320 come\u00e7a a valer hoje"},"content":{"rendered":"<p>O novo valor do sal\u00e1rio m\u00ednimo &#8211; de R$ 1.320,00 &#8211; entra em vigor hoje (1\u00ba). O Congresso Nacional aprovou o reajuste em dezembro do ano passado, como forma de compensar a desvaloriza\u00e7\u00e3o do Real diante da infla\u00e7\u00e3o do \u00faltimo ano. Em 2022, o valor era R$ 1.212,00.<\/p>\n<p>O governo\u00a0Bolsonaro chegou a propor R$ 1.302,00, mas durante os debates no Congresso Nacional,\u00a0a\u00a0Consultoria de Or\u00e7amento do Senado\u00a0apontou que o valor proposto seria suficiente apenas para\u00a0repor as perdas inflacion\u00e1rias do per\u00edodo, n\u00e3o representando nenhum ganho real para quem tem sua fonte de renda atrelada ao m\u00ednimo. Depois disso,\u00a0senadores e deputados federais\u00a0aprovaram o Or\u00e7amento Geral da Uni\u00e3o para este ano\u00a0com o\u00a0m\u00ednimo de\u00a0R$ 1.320,00.<\/p>\n<p>O reajuste com 2,7% de ganho real, ou seja, superior \u00e0 infla\u00e7\u00e3o do \u00faltimo ano, ampliar\u00e1 as despesas federais em cerca de R$ 6,8 bilh\u00f5es. Isto porque as aposentadorias administradas pelo Instituto Nacional do Seguro Social (INSS) e v\u00e1rios benef\u00edcios sociais e trabalhistas, como o seguro-desemprego, abono do PIS\/Pasep, o Benef\u00edcio de Presta\u00e7\u00e3o Continuada (BPC) e outros, s\u00e3o atrelados ao piso nacional, tendo que ser corrigidos.<\/p>\n<p>J\u00e1 as centrais sindicais reivindicavam que o governo federal voltasse a aplicar a Pol\u00edtica de Valoriza\u00e7\u00e3o do Sal\u00e1rio M\u00ednimo, conforme os termos pactuados em 2007 e abandonados em 2019. Com isso, o piso deveria ser de R$ 1.342,00, contemplando a infla\u00e7\u00e3o medida pelo \u00cdndice Nacional de Pre\u00e7os ao Consumidor (INPC) \u2013 que, em 2022, atingiu 5,8% -, mais o crescimento do Produto Interno Bruto (PIB) de dois anos antes \u2013 4,6% em 2020.<\/p>\n<p>Segundo o Departamento Intersindical de Estat\u00edsticas e Estudos Socioecon\u00f4micos (Dieese), em novembro \u00faltimo, o sal\u00e1rio m\u00ednimo necess\u00e1rio para satisfazer as necessidades b\u00e1sicas (alimenta\u00e7\u00e3o, moradia, vestu\u00e1rio, educa\u00e7\u00e3o, higiene, transporte, lazer e previd\u00eancia) de uma fam\u00edlia com quatro pessoas deveria estar em torno de R$ 6.575,30.<\/p>\n<div class=\"pub-container inside-news\">Foto Shutterstock<\/div>\n<div>Not\u00edcias ao minuto<\/div>\n","protected":false},"excerpt":{"rendered":"<p>O novo valor do sal\u00e1rio m\u00ednimo &#8211; de R$ 1.320,00 &#8211; entra em vigor hoje (1\u00ba). O Congresso Nacional aprovou<\/p>\n","protected":false},"author":1,"featured_media":2988,"comment_status":"open","ping_status":"open","sticky":false,"template":"","format":"standard","meta":{"colormag_page_container_layout":"default_layout","colormag_page_sidebar_layout":"default_layout","_FSMCFIC_featured_image_caption":"","_FSMCFIC_featured_image_nocaption":"","_FSMCFIC_featured_image_hide":"","footnotes":""},"categories":[2,1],"tags":[],"class_list":["post-2987","post","type-post","status-publish","format-standard","has-post-thumbnail","hentry","category-noticias","category-ultimas"],"yoast_head":"<!-- This site is optimized with the Yoast SEO plugin v27.1.1 - https:\/\/yoast.com\/product\/yoast-seo-wordpress\/ -->\n<title>Sal\u00e1rio m\u00ednimo de R$ 1.320 come\u00e7a a valer hoje - Brasil not\u00edcias<\/title>\n<meta name=\"robots\" content=\"index, follow, max-snippet:-1, max-image-preview:large, max-video-preview:-1\" \/>\n<link rel=\"canonical\" href=\"https:\/\/brasilnoticias.org\/site\/salario-minimo-de-r-1-320-comeca-a-valer-hoje\/\" \/>\n<meta property=\"og:locale\" content=\"pt_PT\" \/>\n<meta property=\"og:type\" content=\"article\" \/>\n<meta property=\"og:title\" content=\"Sal\u00e1rio m\u00ednimo de R$ 1.320 come\u00e7a a valer hoje - Brasil not\u00edcias\" \/>\n<meta property=\"og:description\" content=\"O novo valor do sal\u00e1rio m\u00ednimo &#8211; de R$ 1.320,00 &#8211; entra em vigor hoje (1\u00ba). O Congresso Nacional aprovou\" \/>\n<meta property=\"og:url\" content=\"https:\/\/brasilnoticias.org\/site\/salario-minimo-de-r-1-320-comeca-a-valer-hoje\/\" \/>\n<meta property=\"og:site_name\" content=\"Brasil not\u00edcias\" \/>\n<meta property=\"article:published_time\" content=\"2023-01-01T15:43:45+00:00\" \/>\n<meta property=\"og:image\" content=\"https:\/\/brasilnoticias.org\/site\/wp-content\/uploads\/2023\/01\/naom_624f407e6cb50.jpg\" \/>\n\t<meta property=\"og:image:width\" content=\"960\" \/>\n\t<meta property=\"og:image:height\" content=\"540\" \/>\n\t<meta property=\"og:image:type\" content=\"image\/jpeg\" \/>\n<meta name=\"author\" content=\"Reda\u00e7\u00e3o\" \/>\n<meta name=\"twitter:card\" content=\"summary_large_image\" \/>\n<meta name=\"twitter:label1\" content=\"Escrito por\" \/>\n\t<meta name=\"twitter:data1\" content=\"Reda\u00e7\u00e3o\" \/>\n\t<meta name=\"twitter:label2\" content=\"Tempo estimado de leitura\" \/>\n\t<meta name=\"twitter:data2\" content=\"2 minutos\" \/>\n<script type=\"application\/ld+json\" class=\"yoast-schema-graph\">{\"@context\":\"https:\/\/schema.org\",\"@graph\":[{\"@type\":\"Article\",\"@id\":\"https:\/\/brasilnoticias.org\/site\/salario-minimo-de-r-1-320-comeca-a-valer-hoje\/#article\",\"isPartOf\":{\"@id\":\"https:\/\/brasilnoticias.org\/site\/salario-minimo-de-r-1-320-comeca-a-valer-hoje\/\"},\"author\":{\"name\":\"Reda\u00e7\u00e3o\",\"@id\":\"https:\/\/brasilnoticias.org\/site\/#\/schema\/person\/a0e05b973ec4d15c658d51911e53507b\"},\"headline\":\"Sal\u00e1rio m\u00ednimo de R$ 1.320 come\u00e7a a valer hoje\",\"datePublished\":\"2023-01-01T15:43:45+00:00\",\"mainEntityOfPage\":{\"@id\":\"https:\/\/brasilnoticias.org\/site\/salario-minimo-de-r-1-320-comeca-a-valer-hoje\/\"},\"wordCount\":338,\"commentCount\":0,\"publisher\":{\"@id\":\"https:\/\/brasilnoticias.org\/site\/#organization\"},\"image\":{\"@id\":\"https:\/\/brasilnoticias.org\/site\/salario-minimo-de-r-1-320-comeca-a-valer-hoje\/#primaryimage\"},\"thumbnailUrl\":\"https:\/\/brasilnoticias.org\/site\/wp-content\/uploads\/2023\/01\/naom_624f407e6cb50.jpg\",\"articleSection\":[\"Not\u00edcias\",\"\u00daltimas\"],\"inLanguage\":\"pt-PT\",\"potentialAction\":[{\"@type\":\"CommentAction\",\"name\":\"Comment\",\"target\":[\"https:\/\/brasilnoticias.org\/site\/salario-minimo-de-r-1-320-comeca-a-valer-hoje\/#respond\"]}]},{\"@type\":\"WebPage\",\"@id\":\"https:\/\/brasilnoticias.org\/site\/salario-minimo-de-r-1-320-comeca-a-valer-hoje\/\",\"url\":\"https:\/\/brasilnoticias.org\/site\/salario-minimo-de-r-1-320-comeca-a-valer-hoje\/\",\"name\":\"Sal\u00e1rio m\u00ednimo de R$ 1.320 come\u00e7a a valer hoje - Brasil not\u00edcias\",\"isPartOf\":{\"@id\":\"https:\/\/brasilnoticias.org\/site\/#website\"},\"primaryImageOfPage\":{\"@id\":\"https:\/\/brasilnoticias.org\/site\/salario-minimo-de-r-1-320-comeca-a-valer-hoje\/#primaryimage\"},\"image\":{\"@id\":\"https:\/\/brasilnoticias.org\/site\/salario-minimo-de-r-1-320-comeca-a-valer-hoje\/#primaryimage\"},\"thumbnailUrl\":\"https:\/\/brasilnoticias.org\/site\/wp-content\/uploads\/2023\/01\/naom_624f407e6cb50.jpg\",\"datePublished\":\"2023-01-01T15:43:45+00:00\",\"breadcrumb\":{\"@id\":\"https:\/\/brasilnoticias.org\/site\/salario-minimo-de-r-1-320-comeca-a-valer-hoje\/#breadcrumb\"},\"inLanguage\":\"pt-PT\",\"potentialAction\":[{\"@type\":\"ReadAction\",\"target\":[\"https:\/\/brasilnoticias.org\/site\/salario-minimo-de-r-1-320-comeca-a-valer-hoje\/\"]}]},{\"@type\":\"ImageObject\",\"inLanguage\":\"pt-PT\",\"@id\":\"https:\/\/brasilnoticias.org\/site\/salario-minimo-de-r-1-320-comeca-a-valer-hoje\/#primaryimage\",\"url\":\"https:\/\/brasilnoticias.org\/site\/wp-content\/uploads\/2023\/01\/naom_624f407e6cb50.jpg\",\"contentUrl\":\"https:\/\/brasilnoticias.org\/site\/wp-content\/uploads\/2023\/01\/naom_624f407e6cb50.jpg\",\"width\":960,\"height\":540},{\"@type\":\"BreadcrumbList\",\"@id\":\"https:\/\/brasilnoticias.org\/site\/salario-minimo-de-r-1-320-comeca-a-valer-hoje\/#breadcrumb\",\"itemListElement\":[{\"@type\":\"ListItem\",\"position\":1,\"name\":\"In\u00edcio\",\"item\":\"https:\/\/brasilnoticias.org\/site\/\"},{\"@type\":\"ListItem\",\"position\":2,\"name\":\"Sal\u00e1rio m\u00ednimo de R$ 1.320 come\u00e7a a valer hoje\"}]},{\"@type\":\"WebSite\",\"@id\":\"https:\/\/brasilnoticias.org\/site\/#website\",\"url\":\"https:\/\/brasilnoticias.org\/site\/\",\"name\":\"Brasil not\u00edcias\",\"description\":\"Brasil not\u00edcias\",\"publisher\":{\"@id\":\"https:\/\/brasilnoticias.org\/site\/#organization\"},\"potentialAction\":[{\"@type\":\"SearchAction\",\"target\":{\"@type\":\"EntryPoint\",\"urlTemplate\":\"https:\/\/brasilnoticias.org\/site\/?s={search_term_string}\"},\"query-input\":{\"@type\":\"PropertyValueSpecification\",\"valueRequired\":true,\"valueName\":\"search_term_string\"}}],\"inLanguage\":\"pt-PT\"},{\"@type\":\"Organization\",\"@id\":\"https:\/\/brasilnoticias.org\/site\/#organization\",\"name\":\"Brasil not\u00edcias\",\"url\":\"https:\/\/brasilnoticias.org\/site\/\",\"logo\":{\"@type\":\"ImageObject\",\"inLanguage\":\"pt-PT\",\"@id\":\"https:\/\/brasilnoticias.org\/site\/#\/schema\/logo\/image\/\",\"url\":\"https:\/\/brasilnoticias.org\/site\/wp-content\/uploads\/2022\/05\/cropped-brasilnoticias-mini.jpg\",\"contentUrl\":\"https:\/\/brasilnoticias.org\/site\/wp-content\/uploads\/2022\/05\/cropped-brasilnoticias-mini.jpg\",\"width\":314,\"height\":86,\"caption\":\"Brasil not\u00edcias\"},\"image\":{\"@id\":\"https:\/\/brasilnoticias.org\/site\/#\/schema\/logo\/image\/\"}},{\"@type\":\"Person\",\"@id\":\"https:\/\/brasilnoticias.org\/site\/#\/schema\/person\/a0e05b973ec4d15c658d51911e53507b\",\"name\":\"Reda\u00e7\u00e3o\",\"image\":{\"@type\":\"ImageObject\",\"inLanguage\":\"pt-PT\",\"@id\":\"https:\/\/brasilnoticias.org\/site\/#\/schema\/person\/image\/\",\"url\":\"https:\/\/secure.gravatar.com\/avatar\/75d8b050df2de108b08ae78dfb8e374892df24a383c67db9c46a9c604f6aee9c?s=96&d=mm&r=g\",\"contentUrl\":\"https:\/\/secure.gravatar.com\/avatar\/75d8b050df2de108b08ae78dfb8e374892df24a383c67db9c46a9c604f6aee9c?s=96&d=mm&r=g\",\"caption\":\"Reda\u00e7\u00e3o\"},\"sameAs\":[\"https:\/\/brasilnoticias.org\/site\"],\"url\":\"https:\/\/brasilnoticias.org\/site\/author\/fernandozsngmail-com\/\"}]}<\/script>\n<!-- \/ Yoast SEO plugin. -->","yoast_head_json":{"title":"Sal\u00e1rio m\u00ednimo de R$ 1.320 come\u00e7a a valer hoje - Brasil not\u00edcias","robots":{"index":"index","follow":"follow","max-snippet":"max-snippet:-1","max-image-preview":"max-image-preview:large","max-video-preview":"max-video-preview:-1"},"canonical":"https:\/\/brasilnoticias.org\/site\/salario-minimo-de-r-1-320-comeca-a-valer-hoje\/","og_locale":"pt_PT","og_type":"article","og_title":"Sal\u00e1rio m\u00ednimo de R$ 1.320 come\u00e7a a valer hoje - Brasil not\u00edcias","og_description":"O novo valor do sal\u00e1rio m\u00ednimo &#8211; de R$ 1.320,00 &#8211; entra em vigor hoje (1\u00ba). O Congresso Nacional aprovou","og_url":"https:\/\/brasilnoticias.org\/site\/salario-minimo-de-r-1-320-comeca-a-valer-hoje\/","og_site_name":"Brasil not\u00edcias","article_published_time":"2023-01-01T15:43:45+00:00","og_image":[{"width":960,"height":540,"url":"https:\/\/brasilnoticias.org\/site\/wp-content\/uploads\/2023\/01\/naom_624f407e6cb50.jpg","type":"image\/jpeg"}],"author":"Reda\u00e7\u00e3o","twitter_card":"summary_large_image","twitter_misc":{"Escrito por":"Reda\u00e7\u00e3o","Tempo estimado de leitura":"2 minutos"},"schema":{"@context":"https:\/\/schema.org","@graph":[{"@type":"Article","@id":"https:\/\/brasilnoticias.org\/site\/salario-minimo-de-r-1-320-comeca-a-valer-hoje\/#article","isPartOf":{"@id":"https:\/\/brasilnoticias.org\/site\/salario-minimo-de-r-1-320-comeca-a-valer-hoje\/"},"author":{"name":"Reda\u00e7\u00e3o","@id":"https:\/\/brasilnoticias.org\/site\/#\/schema\/person\/a0e05b973ec4d15c658d51911e53507b"},"headline":"Sal\u00e1rio m\u00ednimo de R$ 1.320 come\u00e7a a valer hoje","datePublished":"2023-01-01T15:43:45+00:00","mainEntityOfPage":{"@id":"https:\/\/brasilnoticias.org\/site\/salario-minimo-de-r-1-320-comeca-a-valer-hoje\/"},"wordCount":338,"commentCount":0,"publisher":{"@id":"https:\/\/brasilnoticias.org\/site\/#organization"},"image":{"@id":"https:\/\/brasilnoticias.org\/site\/salario-minimo-de-r-1-320-comeca-a-valer-hoje\/#primaryimage"},"thumbnailUrl":"https:\/\/brasilnoticias.org\/site\/wp-content\/uploads\/2023\/01\/naom_624f407e6cb50.jpg","articleSection":["Not\u00edcias","\u00daltimas"],"inLanguage":"pt-PT","potentialAction":[{"@type":"CommentAction","name":"Comment","target":["https:\/\/brasilnoticias.org\/site\/salario-minimo-de-r-1-320-comeca-a-valer-hoje\/#respond"]}]},{"@type":"WebPage","@id":"https:\/\/brasilnoticias.org\/site\/salario-minimo-de-r-1-320-comeca-a-valer-hoje\/","url":"https:\/\/brasilnoticias.org\/site\/salario-minimo-de-r-1-320-comeca-a-valer-hoje\/","name":"Sal\u00e1rio m\u00ednimo de R$ 1.320 come\u00e7a a valer hoje - Brasil not\u00edcias","isPartOf":{"@id":"https:\/\/brasilnoticias.org\/site\/#website"},"primaryImageOfPage":{"@id":"https:\/\/brasilnoticias.org\/site\/salario-minimo-de-r-1-320-comeca-a-valer-hoje\/#primaryimage"},"image":{"@id":"https:\/\/brasilnoticias.org\/site\/salario-minimo-de-r-1-320-comeca-a-valer-hoje\/#primaryimage"},"thumbnailUrl":"https:\/\/brasilnoticias.org\/site\/wp-content\/uploads\/2023\/01\/naom_624f407e6cb50.jpg","datePublished":"2023-01-01T15:43:45+00:00","breadcrumb":{"@id":"https:\/\/brasilnoticias.org\/site\/salario-minimo-de-r-1-320-comeca-a-valer-hoje\/#breadcrumb"},"inLanguage":"pt-PT","potentialAction":[{"@type":"ReadAction","target":["https:\/\/brasilnoticias.org\/site\/salario-minimo-de-r-1-320-comeca-a-valer-hoje\/"]}]},{"@type":"ImageObject","inLanguage":"pt-PT","@id":"https:\/\/brasilnoticias.org\/site\/salario-minimo-de-r-1-320-comeca-a-valer-hoje\/#primaryimage","url":"https:\/\/brasilnoticias.org\/site\/wp-content\/uploads\/2023\/01\/naom_624f407e6cb50.jpg","contentUrl":"https:\/\/brasilnoticias.org\/site\/wp-content\/uploads\/2023\/01\/naom_624f407e6cb50.jpg","width":960,"height":540},{"@type":"BreadcrumbList","@id":"https:\/\/brasilnoticias.org\/site\/salario-minimo-de-r-1-320-comeca-a-valer-hoje\/#breadcrumb","itemListElement":[{"@type":"ListItem","position":1,"name":"In\u00edcio","item":"https:\/\/brasilnoticias.org\/site\/"},{"@type":"ListItem","position":2,"name":"Sal\u00e1rio m\u00ednimo de R$ 1.320 come\u00e7a a valer hoje"}]},{"@type":"WebSite","@id":"https:\/\/brasilnoticias.org\/site\/#website","url":"https:\/\/brasilnoticias.org\/site\/","name":"Brasil not\u00edcias","description":"Brasil not\u00edcias","publisher":{"@id":"https:\/\/brasilnoticias.org\/site\/#organization"},"potentialAction":[{"@type":"SearchAction","target":{"@type":"EntryPoint","urlTemplate":"https:\/\/brasilnoticias.org\/site\/?s={search_term_string}"},"query-input":{"@type":"PropertyValueSpecification","valueRequired":true,"valueName":"search_term_string"}}],"inLanguage":"pt-PT"},{"@type":"Organization","@id":"https:\/\/brasilnoticias.org\/site\/#organization","name":"Brasil not\u00edcias","url":"https:\/\/brasilnoticias.org\/site\/","logo":{"@type":"ImageObject","inLanguage":"pt-PT","@id":"https:\/\/brasilnoticias.org\/site\/#\/schema\/logo\/image\/","url":"https:\/\/brasilnoticias.org\/site\/wp-content\/uploads\/2022\/05\/cropped-brasilnoticias-mini.jpg","contentUrl":"https:\/\/brasilnoticias.org\/site\/wp-content\/uploads\/2022\/05\/cropped-brasilnoticias-mini.jpg","width":314,"height":86,"caption":"Brasil not\u00edcias"},"image":{"@id":"https:\/\/brasilnoticias.org\/site\/#\/schema\/logo\/image\/"}},{"@type":"Person","@id":"https:\/\/brasilnoticias.org\/site\/#\/schema\/person\/a0e05b973ec4d15c658d51911e53507b","name":"Reda\u00e7\u00e3o","image":{"@type":"ImageObject","inLanguage":"pt-PT","@id":"https:\/\/brasilnoticias.org\/site\/#\/schema\/person\/image\/","url":"https:\/\/secure.gravatar.com\/avatar\/75d8b050df2de108b08ae78dfb8e374892df24a383c67db9c46a9c604f6aee9c?s=96&d=mm&r=g","contentUrl":"https:\/\/secure.gravatar.com\/avatar\/75d8b050df2de108b08ae78dfb8e374892df24a383c67db9c46a9c604f6aee9c?s=96&d=mm&r=g","caption":"Reda\u00e7\u00e3o"},"sameAs":["https:\/\/brasilnoticias.org\/site"],"url":"https:\/\/brasilnoticias.org\/site\/author\/fernandozsngmail-com\/"}]}},"_links":{"self":[{"href":"https:\/\/brasilnoticias.org\/site\/wp-json\/wp\/v2\/posts\/2987","targetHints":{"allow":["GET"]}}],"collection":[{"href":"https:\/\/brasilnoticias.org\/site\/wp-json\/wp\/v2\/posts"}],"about":[{"href":"https:\/\/brasilnoticias.org\/site\/wp-json\/wp\/v2\/types\/post"}],"author":[{"embeddable":true,"href":"https:\/\/brasilnoticias.org\/site\/wp-json\/wp\/v2\/users\/1"}],"replies":[{"embeddable":true,"href":"https:\/\/brasilnoticias.org\/site\/wp-json\/wp\/v2\/comments?post=2987"}],"version-history":[{"count":1,"href":"https:\/\/brasilnoticias.org\/site\/wp-json\/wp\/v2\/posts\/2987\/revisions"}],"predecessor-version":[{"id":2989,"href":"https:\/\/brasilnoticias.org\/site\/wp-json\/wp\/v2\/posts\/2987\/revisions\/2989"}],"wp:featuredmedia":[{"embeddable":true,"href":"https:\/\/brasilnoticias.org\/site\/wp-json\/wp\/v2\/media\/2988"}],"wp:attachment":[{"href":"https:\/\/brasilnoticias.org\/site\/wp-json\/wp\/v2\/media?parent=2987"}],"wp:term":[{"taxonomy":"category","embeddable":true,"href":"https:\/\/brasilnoticias.org\/site\/wp-json\/wp\/v2\/categories?post=2987"},{"taxonomy":"post_tag","embeddable":true,"href":"https:\/\/brasilnoticias.org\/site\/wp-json\/wp\/v2\/tags?post=2987"}],"curies":[{"name":"wp","href":"https:\/\/api.w.org\/{rel}","templated":true}]}}