{"id":2990,"date":"2023-01-01T12:48:15","date_gmt":"2023-01-01T15:48:15","guid":{"rendered":"https:\/\/brasilnoticias.org\/site\/?p=2990"},"modified":"2023-01-01T12:48:15","modified_gmt":"2023-01-01T15:48:15","slug":"tarcisio-de-freitas-e-empossado-governador-do-estado-de-sao-paulo","status":"publish","type":"post","link":"https:\/\/brasilnoticias.org\/site\/tarcisio-de-freitas-e-empossado-governador-do-estado-de-sao-paulo\/","title":{"rendered":"Tarc\u00edsio de Freitas \u00e9 empossado governador do estado de S\u00e3o Paulo"},"content":{"rendered":"<p>Tarc\u00edsio de Freitas e Fel\u00edcio Ramuth, eleitos respectivamente como governador e vice-governador do estado de S\u00e3o Paulo, foram empossados na manh\u00e3 de hoje (1\u00ba) pela Assembleia Legislativa do Estado de S\u00e3o Paulo (Alesp). Tarc\u00edsio e Ramuth s\u00e3o os 64\u00ba governador e vice-governador desde o in\u00edcio da Rep\u00fablica no pa\u00eds, em 1889.<\/p>\n<p>A cerim\u00f4nia ocorreu no Pal\u00e1cio 9 de Julho, sede do legislativo paulista, no Ibirapuera, e foi presidida pelo presidente da Alesp, Carl\u00e3o Pignatari. Em raz\u00e3o do luto pela morte de Pel\u00e9, o hino nacional brasileiro n\u00e3o foi executado.<\/p>\n<p>Em seu primeiro discurso como governador de S\u00e3o Paulo, Tarc\u00edsio agradeceu os paulistas pelos mais de 13 milh\u00f5es de votos recebidos e afirmou que seu governo ser\u00e1 guiado pelas demandas populares.<\/p>\n<p>\u201cA responsabilidade de governar um estado como S\u00e3o Paulo, que se fosse um pa\u00eds, seria a 21\u00aa economia do mundo, e terceira da Am\u00e9rica Latina, \u00e9 enorme. S\u00f3 n\u00e3o \u00e9 maior do que a motiva\u00e7\u00e3o de fazer a diferen\u00e7a. Apesar da pujan\u00e7a, temos um estado desigual e a aten\u00e7\u00e3o \u00e0s demandas populares deve ser o grande direcionador da a\u00e7\u00e3o do estado\u201d, disse.<\/p>\n<p>\u201cVamos governar para todos, renovando a esperan\u00e7a de um futuro melhor, percebendo explorando cada potencial do estado e s\u00e3o muitos potenciais, apostando na inova\u00e7\u00e3o, na tecnologia como a arma poderosa para o crescimento e melhoria da presta\u00e7\u00e3o de servi\u00e7o\u201d, acrescentou.<\/p>\n<p>Falando aos deputados na Alesp, o novo governador do estado defendeu o di\u00e1logo com a oposi\u00e7\u00e3o e a busca por consensos.<\/p>\n<p>\u201cVamos trabalhar na constru\u00e7\u00e3o de consensos no convencimento por meio do trabalho t\u00e9cnico e da transpar\u00eancia, sempre respeitando as diferen\u00e7as, sempre com uma atitude propositiva, vamos buscar a maioria para realizar programas e manter um profundo respeito pelos advers\u00e1rios\u201d, explicou.<\/p>\n<p>Tarc\u00edsio frisou que a uni\u00e3o das bancadas, da situa\u00e7\u00e3o e oposi\u00e7\u00e3o ser\u00e1 importante para os interesses do estado paulista.<\/p>\n<p>\u201cO di\u00e1logo tamb\u00e9m ser\u00e1 importante para aglutinar as bancadas em torno dos interesses do estado de S\u00e3o Paulo, de forma a suprir uma grande lacuna. Desde a d\u00e9cada de 30 do s\u00e9culo passado, h\u00e1 um desbalanceamento entre o peso econ\u00f4mico de S\u00e3o Paulo e o peso pol\u00edtico de S\u00e3o Paulo. S\u00e3o Paulo precisa ter mais voz\u201d, destacou.<\/p>\n<p>O novo governador disse que S\u00e3o Paulo merece uma economia dinamizada e aberta, parceira dos empreendedores e da iniciativa privada. Segundo Tarc\u00edsio, o estado dever\u00e1 assumir o protagonismo nos processos de transi\u00e7\u00e3o energ\u00e9tica e l\u00edder em economia verde.<\/p>\n<p>\u201cSabemos que os fluxos financeiros estar\u00e3o fortemente aderidos aos padr\u00f5es ambientais. O compromisso de acionar as alavancas do crescimento, o aumento da oferta de energia, a diminui\u00e7\u00e3o da carga tribut\u00e1ria, a oferta de cr\u00e9dito para microempresa e pequenos empreendedores, os investimentos pesados em infraestrutura, capacita\u00e7\u00e3o profissional e a digitaliza\u00e7\u00e3o dever\u00e3o ser honrados por este governo\u201d, explicou.<\/p>\n<p>O novo governador de S\u00e3o Paulo destacou que o crescimento econ\u00f4mico n\u00e3o dever\u00e1 ter um fim em si mesmo, mas servir de motor para o desenvolvimento social. \u201cN\u00e3o podemos ficar inertes ao sofrimento cotidiano dos dependentes qu\u00edmicos amontoados nas cracol\u00e2ndias, insens\u00edveis com a situa\u00e7\u00e3o de quem n\u00e3o tem abrigo, quem n\u00e3o tem emprego, de quem n\u00e3o tem futuro, de quem n\u00e3o tem esperan\u00e7a\u201d.<\/p>\n<p>\u201cN\u00e3o podemos achar normal a fome em um mundo que tem tanta tecnologia, n\u00e3o podemos tolerar o analfabetismo. Podemos e devemos contribuir para o aumento da oferta de moradias, para revitaliza\u00e7\u00e3o dos centros urbanos, para a melhoria da mobilidade, melhoria do ensino, dos servi\u00e7os de sa\u00fade, para o fortalecimento dos programas de transfer\u00eancia de renda e combate \u00e0 pobreza\u201d, acrescentou.<\/p>\n<p>Nascido no Rio de Janeiro, Tarc\u00edsio de Freitas (Republicanos), de 47 anos, foi eleito governador paulista, em segundo turno, com 55,27% dos votos v\u00e1lidos ou 13.480.643 votos. Ele foi apoiado pelo ex-presidente Jair Bolsonaro. \u00c9 servidor p\u00fablico de carreira, formado pela Academia Militar das Agulhas Negras (Aman) e graduado em engenharia no Instituto Militar de Engenharia.<\/p>\n<p>Fez parte da miss\u00e3o de paz da Organiza\u00e7\u00e3o das Na\u00e7\u00f5es Unidas (ONU) no Haiti. Trabalhou nas \u00e1reas de infraestrutura e investimento, foi presidente do Departamento Nacional de Infraestrutura de Transportes (DNIT) e ministro da Infraestrutura.<\/p>\n<p>Ap\u00f3s a cerim\u00f4nia de posse na Alesp, Tarc\u00edsio e sua comitiva deslocaram-se, em comboio, para o Pal\u00e1cio dos Bandeirantes, sede do governo, no Morumbi, na zona Sul, onde ele ser\u00e1 recebido pelo ex-governador Rodrigo Garcia e dar\u00e1 posse aos secret\u00e1rios do seu governo.<\/p>\n<div class=\"pub-container inside-news\">Foto Getty<\/div>\n<div>Not\u00edcias ao minuto<\/div>\n","protected":false},"excerpt":{"rendered":"<p>Tarc\u00edsio de Freitas e Fel\u00edcio Ramuth, eleitos respectivamente como governador e vice-governador do estado de S\u00e3o Paulo, foram empossados na<\/p>\n","protected":false},"author":1,"featured_media":2991,"comment_status":"open","ping_status":"open","sticky":false,"template":"","format":"standard","meta":{"colormag_page_container_layout":"default_layout","colormag_page_sidebar_layout":"default_layout","_FSMCFIC_featured_image_caption":"","_FSMCFIC_featured_image_nocaption":"","_FSMCFIC_featured_image_hide":"","footnotes":""},"categories":[5,1],"tags":[],"class_list":["post-2990","post","type-post","status-publish","format-standard","has-post-thumbnail","hentry","category-politica","category-ultimas"],"yoast_head":"<!-- This site is optimized with the Yoast SEO plugin v27.1.1 - https:\/\/yoast.com\/product\/yoast-seo-wordpress\/ -->\n<title>Tarc\u00edsio de Freitas \u00e9 empossado governador do estado de S\u00e3o Paulo - Brasil not\u00edcias<\/title>\n<meta name=\"robots\" content=\"index, follow, max-snippet:-1, max-image-preview:large, max-video-preview:-1\" \/>\n<link rel=\"canonical\" href=\"https:\/\/brasilnoticias.org\/site\/tarcisio-de-freitas-e-empossado-governador-do-estado-de-sao-paulo\/\" \/>\n<meta property=\"og:locale\" content=\"pt_PT\" \/>\n<meta property=\"og:type\" content=\"article\" \/>\n<meta property=\"og:title\" content=\"Tarc\u00edsio de Freitas \u00e9 empossado governador do estado de S\u00e3o Paulo - Brasil not\u00edcias\" \/>\n<meta property=\"og:description\" content=\"Tarc\u00edsio de Freitas e Fel\u00edcio Ramuth, eleitos respectivamente como governador e vice-governador do estado de S\u00e3o Paulo, foram empossados na\" \/>\n<meta property=\"og:url\" content=\"https:\/\/brasilnoticias.org\/site\/tarcisio-de-freitas-e-empossado-governador-do-estado-de-sao-paulo\/\" \/>\n<meta property=\"og:site_name\" content=\"Brasil not\u00edcias\" \/>\n<meta property=\"article:published_time\" content=\"2023-01-01T15:48:15+00:00\" \/>\n<meta property=\"og:image\" content=\"https:\/\/brasilnoticias.org\/site\/wp-content\/uploads\/2023\/01\/naom_63451735871bb.jpg\" \/>\n\t<meta property=\"og:image:width\" content=\"960\" \/>\n\t<meta property=\"og:image:height\" content=\"540\" \/>\n\t<meta property=\"og:image:type\" content=\"image\/jpeg\" \/>\n<meta name=\"author\" content=\"Reda\u00e7\u00e3o\" \/>\n<meta name=\"twitter:card\" content=\"summary_large_image\" \/>\n<meta name=\"twitter:label1\" content=\"Escrito por\" \/>\n\t<meta name=\"twitter:data1\" content=\"Reda\u00e7\u00e3o\" \/>\n\t<meta name=\"twitter:label2\" content=\"Tempo estimado de leitura\" \/>\n\t<meta name=\"twitter:data2\" content=\"4 minutos\" \/>\n<script type=\"application\/ld+json\" class=\"yoast-schema-graph\">{\"@context\":\"https:\/\/schema.org\",\"@graph\":[{\"@type\":\"Article\",\"@id\":\"https:\/\/brasilnoticias.org\/site\/tarcisio-de-freitas-e-empossado-governador-do-estado-de-sao-paulo\/#article\",\"isPartOf\":{\"@id\":\"https:\/\/brasilnoticias.org\/site\/tarcisio-de-freitas-e-empossado-governador-do-estado-de-sao-paulo\/\"},\"author\":{\"name\":\"Reda\u00e7\u00e3o\",\"@id\":\"https:\/\/brasilnoticias.org\/site\/#\/schema\/person\/a0e05b973ec4d15c658d51911e53507b\"},\"headline\":\"Tarc\u00edsio de Freitas \u00e9 empossado governador do estado de S\u00e3o Paulo\",\"datePublished\":\"2023-01-01T15:48:15+00:00\",\"mainEntityOfPage\":{\"@id\":\"https:\/\/brasilnoticias.org\/site\/tarcisio-de-freitas-e-empossado-governador-do-estado-de-sao-paulo\/\"},\"wordCount\":809,\"commentCount\":0,\"publisher\":{\"@id\":\"https:\/\/brasilnoticias.org\/site\/#organization\"},\"image\":{\"@id\":\"https:\/\/brasilnoticias.org\/site\/tarcisio-de-freitas-e-empossado-governador-do-estado-de-sao-paulo\/#primaryimage\"},\"thumbnailUrl\":\"https:\/\/brasilnoticias.org\/site\/wp-content\/uploads\/2023\/01\/naom_63451735871bb.jpg\",\"articleSection\":[\"Pol\u00edtica\",\"\u00daltimas\"],\"inLanguage\":\"pt-PT\",\"potentialAction\":[{\"@type\":\"CommentAction\",\"name\":\"Comment\",\"target\":[\"https:\/\/brasilnoticias.org\/site\/tarcisio-de-freitas-e-empossado-governador-do-estado-de-sao-paulo\/#respond\"]}]},{\"@type\":\"WebPage\",\"@id\":\"https:\/\/brasilnoticias.org\/site\/tarcisio-de-freitas-e-empossado-governador-do-estado-de-sao-paulo\/\",\"url\":\"https:\/\/brasilnoticias.org\/site\/tarcisio-de-freitas-e-empossado-governador-do-estado-de-sao-paulo\/\",\"name\":\"Tarc\u00edsio de Freitas \u00e9 empossado governador do estado de S\u00e3o Paulo - Brasil not\u00edcias\",\"isPartOf\":{\"@id\":\"https:\/\/brasilnoticias.org\/site\/#website\"},\"primaryImageOfPage\":{\"@id\":\"https:\/\/brasilnoticias.org\/site\/tarcisio-de-freitas-e-empossado-governador-do-estado-de-sao-paulo\/#primaryimage\"},\"image\":{\"@id\":\"https:\/\/brasilnoticias.org\/site\/tarcisio-de-freitas-e-empossado-governador-do-estado-de-sao-paulo\/#primaryimage\"},\"thumbnailUrl\":\"https:\/\/brasilnoticias.org\/site\/wp-content\/uploads\/2023\/01\/naom_63451735871bb.jpg\",\"datePublished\":\"2023-01-01T15:48:15+00:00\",\"breadcrumb\":{\"@id\":\"https:\/\/brasilnoticias.org\/site\/tarcisio-de-freitas-e-empossado-governador-do-estado-de-sao-paulo\/#breadcrumb\"},\"inLanguage\":\"pt-PT\",\"potentialAction\":[{\"@type\":\"ReadAction\",\"target\":[\"https:\/\/brasilnoticias.org\/site\/tarcisio-de-freitas-e-empossado-governador-do-estado-de-sao-paulo\/\"]}]},{\"@type\":\"ImageObject\",\"inLanguage\":\"pt-PT\",\"@id\":\"https:\/\/brasilnoticias.org\/site\/tarcisio-de-freitas-e-empossado-governador-do-estado-de-sao-paulo\/#primaryimage\",\"url\":\"https:\/\/brasilnoticias.org\/site\/wp-content\/uploads\/2023\/01\/naom_63451735871bb.jpg\",\"contentUrl\":\"https:\/\/brasilnoticias.org\/site\/wp-content\/uploads\/2023\/01\/naom_63451735871bb.jpg\",\"width\":960,\"height\":540},{\"@type\":\"BreadcrumbList\",\"@id\":\"https:\/\/brasilnoticias.org\/site\/tarcisio-de-freitas-e-empossado-governador-do-estado-de-sao-paulo\/#breadcrumb\",\"itemListElement\":[{\"@type\":\"ListItem\",\"position\":1,\"name\":\"In\u00edcio\",\"item\":\"https:\/\/brasilnoticias.org\/site\/\"},{\"@type\":\"ListItem\",\"position\":2,\"name\":\"Tarc\u00edsio de Freitas \u00e9 empossado governador do estado de S\u00e3o Paulo\"}]},{\"@type\":\"WebSite\",\"@id\":\"https:\/\/brasilnoticias.org\/site\/#website\",\"url\":\"https:\/\/brasilnoticias.org\/site\/\",\"name\":\"Brasil not\u00edcias\",\"description\":\"Brasil not\u00edcias\",\"publisher\":{\"@id\":\"https:\/\/brasilnoticias.org\/site\/#organization\"},\"potentialAction\":[{\"@type\":\"SearchAction\",\"target\":{\"@type\":\"EntryPoint\",\"urlTemplate\":\"https:\/\/brasilnoticias.org\/site\/?s={search_term_string}\"},\"query-input\":{\"@type\":\"PropertyValueSpecification\",\"valueRequired\":true,\"valueName\":\"search_term_string\"}}],\"inLanguage\":\"pt-PT\"},{\"@type\":\"Organization\",\"@id\":\"https:\/\/brasilnoticias.org\/site\/#organization\",\"name\":\"Brasil not\u00edcias\",\"url\":\"https:\/\/brasilnoticias.org\/site\/\",\"logo\":{\"@type\":\"ImageObject\",\"inLanguage\":\"pt-PT\",\"@id\":\"https:\/\/brasilnoticias.org\/site\/#\/schema\/logo\/image\/\",\"url\":\"https:\/\/brasilnoticias.org\/site\/wp-content\/uploads\/2022\/05\/cropped-brasilnoticias-mini.jpg\",\"contentUrl\":\"https:\/\/brasilnoticias.org\/site\/wp-content\/uploads\/2022\/05\/cropped-brasilnoticias-mini.jpg\",\"width\":314,\"height\":86,\"caption\":\"Brasil not\u00edcias\"},\"image\":{\"@id\":\"https:\/\/brasilnoticias.org\/site\/#\/schema\/logo\/image\/\"}},{\"@type\":\"Person\",\"@id\":\"https:\/\/brasilnoticias.org\/site\/#\/schema\/person\/a0e05b973ec4d15c658d51911e53507b\",\"name\":\"Reda\u00e7\u00e3o\",\"image\":{\"@type\":\"ImageObject\",\"inLanguage\":\"pt-PT\",\"@id\":\"https:\/\/brasilnoticias.org\/site\/#\/schema\/person\/image\/\",\"url\":\"https:\/\/secure.gravatar.com\/avatar\/75d8b050df2de108b08ae78dfb8e374892df24a383c67db9c46a9c604f6aee9c?s=96&d=mm&r=g\",\"contentUrl\":\"https:\/\/secure.gravatar.com\/avatar\/75d8b050df2de108b08ae78dfb8e374892df24a383c67db9c46a9c604f6aee9c?s=96&d=mm&r=g\",\"caption\":\"Reda\u00e7\u00e3o\"},\"sameAs\":[\"https:\/\/brasilnoticias.org\/site\"],\"url\":\"https:\/\/brasilnoticias.org\/site\/author\/fernandozsngmail-com\/\"}]}<\/script>\n<!-- \/ Yoast SEO plugin. -->","yoast_head_json":{"title":"Tarc\u00edsio de Freitas \u00e9 empossado governador do estado de S\u00e3o Paulo - Brasil not\u00edcias","robots":{"index":"index","follow":"follow","max-snippet":"max-snippet:-1","max-image-preview":"max-image-preview:large","max-video-preview":"max-video-preview:-1"},"canonical":"https:\/\/brasilnoticias.org\/site\/tarcisio-de-freitas-e-empossado-governador-do-estado-de-sao-paulo\/","og_locale":"pt_PT","og_type":"article","og_title":"Tarc\u00edsio de Freitas \u00e9 empossado governador do estado de S\u00e3o Paulo - Brasil not\u00edcias","og_description":"Tarc\u00edsio de Freitas e Fel\u00edcio Ramuth, eleitos respectivamente como governador e vice-governador do estado de S\u00e3o Paulo, foram empossados na","og_url":"https:\/\/brasilnoticias.org\/site\/tarcisio-de-freitas-e-empossado-governador-do-estado-de-sao-paulo\/","og_site_name":"Brasil not\u00edcias","article_published_time":"2023-01-01T15:48:15+00:00","og_image":[{"width":960,"height":540,"url":"https:\/\/brasilnoticias.org\/site\/wp-content\/uploads\/2023\/01\/naom_63451735871bb.jpg","type":"image\/jpeg"}],"author":"Reda\u00e7\u00e3o","twitter_card":"summary_large_image","twitter_misc":{"Escrito por":"Reda\u00e7\u00e3o","Tempo estimado de leitura":"4 minutos"},"schema":{"@context":"https:\/\/schema.org","@graph":[{"@type":"Article","@id":"https:\/\/brasilnoticias.org\/site\/tarcisio-de-freitas-e-empossado-governador-do-estado-de-sao-paulo\/#article","isPartOf":{"@id":"https:\/\/brasilnoticias.org\/site\/tarcisio-de-freitas-e-empossado-governador-do-estado-de-sao-paulo\/"},"author":{"name":"Reda\u00e7\u00e3o","@id":"https:\/\/brasilnoticias.org\/site\/#\/schema\/person\/a0e05b973ec4d15c658d51911e53507b"},"headline":"Tarc\u00edsio de Freitas \u00e9 empossado governador do estado de S\u00e3o Paulo","datePublished":"2023-01-01T15:48:15+00:00","mainEntityOfPage":{"@id":"https:\/\/brasilnoticias.org\/site\/tarcisio-de-freitas-e-empossado-governador-do-estado-de-sao-paulo\/"},"wordCount":809,"commentCount":0,"publisher":{"@id":"https:\/\/brasilnoticias.org\/site\/#organization"},"image":{"@id":"https:\/\/brasilnoticias.org\/site\/tarcisio-de-freitas-e-empossado-governador-do-estado-de-sao-paulo\/#primaryimage"},"thumbnailUrl":"https:\/\/brasilnoticias.org\/site\/wp-content\/uploads\/2023\/01\/naom_63451735871bb.jpg","articleSection":["Pol\u00edtica","\u00daltimas"],"inLanguage":"pt-PT","potentialAction":[{"@type":"CommentAction","name":"Comment","target":["https:\/\/brasilnoticias.org\/site\/tarcisio-de-freitas-e-empossado-governador-do-estado-de-sao-paulo\/#respond"]}]},{"@type":"WebPage","@id":"https:\/\/brasilnoticias.org\/site\/tarcisio-de-freitas-e-empossado-governador-do-estado-de-sao-paulo\/","url":"https:\/\/brasilnoticias.org\/site\/tarcisio-de-freitas-e-empossado-governador-do-estado-de-sao-paulo\/","name":"Tarc\u00edsio de Freitas \u00e9 empossado governador do estado de S\u00e3o Paulo - Brasil not\u00edcias","isPartOf":{"@id":"https:\/\/brasilnoticias.org\/site\/#website"},"primaryImageOfPage":{"@id":"https:\/\/brasilnoticias.org\/site\/tarcisio-de-freitas-e-empossado-governador-do-estado-de-sao-paulo\/#primaryimage"},"image":{"@id":"https:\/\/brasilnoticias.org\/site\/tarcisio-de-freitas-e-empossado-governador-do-estado-de-sao-paulo\/#primaryimage"},"thumbnailUrl":"https:\/\/brasilnoticias.org\/site\/wp-content\/uploads\/2023\/01\/naom_63451735871bb.jpg","datePublished":"2023-01-01T15:48:15+00:00","breadcrumb":{"@id":"https:\/\/brasilnoticias.org\/site\/tarcisio-de-freitas-e-empossado-governador-do-estado-de-sao-paulo\/#breadcrumb"},"inLanguage":"pt-PT","potentialAction":[{"@type":"ReadAction","target":["https:\/\/brasilnoticias.org\/site\/tarcisio-de-freitas-e-empossado-governador-do-estado-de-sao-paulo\/"]}]},{"@type":"ImageObject","inLanguage":"pt-PT","@id":"https:\/\/brasilnoticias.org\/site\/tarcisio-de-freitas-e-empossado-governador-do-estado-de-sao-paulo\/#primaryimage","url":"https:\/\/brasilnoticias.org\/site\/wp-content\/uploads\/2023\/01\/naom_63451735871bb.jpg","contentUrl":"https:\/\/brasilnoticias.org\/site\/wp-content\/uploads\/2023\/01\/naom_63451735871bb.jpg","width":960,"height":540},{"@type":"BreadcrumbList","@id":"https:\/\/brasilnoticias.org\/site\/tarcisio-de-freitas-e-empossado-governador-do-estado-de-sao-paulo\/#breadcrumb","itemListElement":[{"@type":"ListItem","position":1,"name":"In\u00edcio","item":"https:\/\/brasilnoticias.org\/site\/"},{"@type":"ListItem","position":2,"name":"Tarc\u00edsio de Freitas \u00e9 empossado governador do estado de S\u00e3o Paulo"}]},{"@type":"WebSite","@id":"https:\/\/brasilnoticias.org\/site\/#website","url":"https:\/\/brasilnoticias.org\/site\/","name":"Brasil not\u00edcias","description":"Brasil not\u00edcias","publisher":{"@id":"https:\/\/brasilnoticias.org\/site\/#organization"},"potentialAction":[{"@type":"SearchAction","target":{"@type":"EntryPoint","urlTemplate":"https:\/\/brasilnoticias.org\/site\/?s={search_term_string}"},"query-input":{"@type":"PropertyValueSpecification","valueRequired":true,"valueName":"search_term_string"}}],"inLanguage":"pt-PT"},{"@type":"Organization","@id":"https:\/\/brasilnoticias.org\/site\/#organization","name":"Brasil not\u00edcias","url":"https:\/\/brasilnoticias.org\/site\/","logo":{"@type":"ImageObject","inLanguage":"pt-PT","@id":"https:\/\/brasilnoticias.org\/site\/#\/schema\/logo\/image\/","url":"https:\/\/brasilnoticias.org\/site\/wp-content\/uploads\/2022\/05\/cropped-brasilnoticias-mini.jpg","contentUrl":"https:\/\/brasilnoticias.org\/site\/wp-content\/uploads\/2022\/05\/cropped-brasilnoticias-mini.jpg","width":314,"height":86,"caption":"Brasil not\u00edcias"},"image":{"@id":"https:\/\/brasilnoticias.org\/site\/#\/schema\/logo\/image\/"}},{"@type":"Person","@id":"https:\/\/brasilnoticias.org\/site\/#\/schema\/person\/a0e05b973ec4d15c658d51911e53507b","name":"Reda\u00e7\u00e3o","image":{"@type":"ImageObject","inLanguage":"pt-PT","@id":"https:\/\/brasilnoticias.org\/site\/#\/schema\/person\/image\/","url":"https:\/\/secure.gravatar.com\/avatar\/75d8b050df2de108b08ae78dfb8e374892df24a383c67db9c46a9c604f6aee9c?s=96&d=mm&r=g","contentUrl":"https:\/\/secure.gravatar.com\/avatar\/75d8b050df2de108b08ae78dfb8e374892df24a383c67db9c46a9c604f6aee9c?s=96&d=mm&r=g","caption":"Reda\u00e7\u00e3o"},"sameAs":["https:\/\/brasilnoticias.org\/site"],"url":"https:\/\/brasilnoticias.org\/site\/author\/fernandozsngmail-com\/"}]}},"_links":{"self":[{"href":"https:\/\/brasilnoticias.org\/site\/wp-json\/wp\/v2\/posts\/2990","targetHints":{"allow":["GET"]}}],"collection":[{"href":"https:\/\/brasilnoticias.org\/site\/wp-json\/wp\/v2\/posts"}],"about":[{"href":"https:\/\/brasilnoticias.org\/site\/wp-json\/wp\/v2\/types\/post"}],"author":[{"embeddable":true,"href":"https:\/\/brasilnoticias.org\/site\/wp-json\/wp\/v2\/users\/1"}],"replies":[{"embeddable":true,"href":"https:\/\/brasilnoticias.org\/site\/wp-json\/wp\/v2\/comments?post=2990"}],"version-history":[{"count":1,"href":"https:\/\/brasilnoticias.org\/site\/wp-json\/wp\/v2\/posts\/2990\/revisions"}],"predecessor-version":[{"id":2992,"href":"https:\/\/brasilnoticias.org\/site\/wp-json\/wp\/v2\/posts\/2990\/revisions\/2992"}],"wp:featuredmedia":[{"embeddable":true,"href":"https:\/\/brasilnoticias.org\/site\/wp-json\/wp\/v2\/media\/2991"}],"wp:attachment":[{"href":"https:\/\/brasilnoticias.org\/site\/wp-json\/wp\/v2\/media?parent=2990"}],"wp:term":[{"taxonomy":"category","embeddable":true,"href":"https:\/\/brasilnoticias.org\/site\/wp-json\/wp\/v2\/categories?post=2990"},{"taxonomy":"post_tag","embeddable":true,"href":"https:\/\/brasilnoticias.org\/site\/wp-json\/wp\/v2\/tags?post=2990"}],"curies":[{"name":"wp","href":"https:\/\/api.w.org\/{rel}","templated":true}]}}