{"id":3007,"date":"2023-01-02T07:20:41","date_gmt":"2023-01-02T10:20:41","guid":{"rendered":"https:\/\/brasilnoticias.org\/site\/?p=3007"},"modified":"2023-01-01T15:30:56","modified_gmt":"2023-01-01T18:30:56","slug":"governador-do-rio-toma-posse-e-promete-politicas-para-as-mulheres","status":"publish","type":"post","link":"https:\/\/brasilnoticias.org\/site\/governador-do-rio-toma-posse-e-promete-politicas-para-as-mulheres\/","title":{"rendered":"Governador do Rio toma posse e promete pol\u00edticas para as mulheres"},"content":{"rendered":"<p>O governador do Rio de Janeiro, Cl\u00e1udio Castro, reeleito em primeiro turno com 58,67% dos votos v\u00e1lidos, tomou posse na manh\u00e3 de hoje (1\u00ba) no plen\u00e1rio do Pal\u00e1cio Tiradentes, antiga sede da Assembleia Legislativa do estado (Alerj), ao lado do vice-governador Thiago Pampolha.<\/p>\n<p>Os dois foram recebidos na escadaria do pal\u00e1cio pelo presidente da Alerj, deputado Andr\u00e9 Ceciliano, que conduziu a cerim\u00f4nia, iniciada por volta de 9h40. Cl\u00e1udio Castro leu o compromisso constitucional \u00e0s 9h58 e, em seguida, assinou o termo solene de posse, lido por Ceciliano. Em seguida, Pampolha fez o mesmo rito.<\/p>\n<p>No discurso de posse, que durou cerca de meia hora, Castro disse que vai assumir como \u201cprioridade absoluta\u201d do governo o combate \u00e0 viol\u00eancia contra a mulher e ao feminic\u00eddio. Castro classificou de \u201cb\u00e1rbaro\u201d o crime de feminic\u00eddio, que atinge \u201cmulheres e destr\u00f3i fam\u00edlias\u201d.<\/p>\n<p>\u201cNossa aten\u00e7\u00e3o para essa realidade motiva a cria\u00e7\u00e3o da Secretaria da Mulher, que vai atuar de forma transversal com outras pastas e \u00f3rg\u00e3os do estado. As mulheres precisam e merecem ser cuidadas, protegidas, respeitadas e ter a garantia de direitos e oportunidades iguais na sociedade.\u201d<\/p>\n<p>Castro citou a\u00e7\u00f5es j\u00e1 implementadas nessa \u00e1rea, como o aplicativo Rede Mulher, que permite o acionamento eletr\u00f4nico do 190, os n\u00facleos de atendimento aos familiares das v\u00edtimas do feminic\u00eddio, a Patrulha Maria da Penha, o programa Empoderadas, a Casa Abrigo Lar da Mulher e o \u00d4nibus Lil\u00e1s. A secret\u00e1ria Especial de Mulheres ser\u00e1 Helo\u00edsa Aguiar.<\/p>\n<p>Castro fez um balan\u00e7o de sua gest\u00e3o, destacando as dificuldades enfrentadas para reaquecer a economia do estado, em meio \u00e0 pandemia de covid-19, e renegociando o Regime de Recupera\u00e7\u00e3o Fiscal com a Uni\u00e3o, iniciado em 2017 e que suspendeu por tr\u00eas anos as d\u00edvidas federais do Rio de Janeiro.<\/p>\n<p>\u201cNos dois \u00faltimos anos, nossas contas foram aprovadas no TCE [Tribunal de Contas do Estado] por unanimidade, o que n\u00e3o acontecia havia sete anos. Hoje, o estado apresenta previs\u00e3o de incremento de quase 20% na receita bruta. O passado foi de colapso, o presente \u00e9 de transforma\u00e7\u00e3o, mas o futuro ser\u00e1 de esperan\u00e7a. Em dois anos, s\u00e3o mais de 200 mil novas empresas, o que projeta o Rio ao terceiro lugar no pa\u00eds em abertura de novos neg\u00f3cios em 2022\u201d, destacou.<\/p>\n<p>O governador citou ainda o Supera RJ, cart\u00e3o de distribui\u00e7\u00e3o de renda para fam\u00edlias carentes lan\u00e7ado durante a pandemia, com valor mensal de R$ 280, foi prorrogado at\u00e9 31 de dezembro de 2023. Castro tamb\u00e9m prometeu concluir as obras do Museu da Imagem e do Som em Copacabana e reativar o Telef\u00e9rico do Alem\u00e3o.<\/p>\n<p>No in\u00edcio da cerim\u00f4nia, Andr\u00e9 Ceciliano falou sobre sua atua\u00e7\u00e3o na Alerj em meio \u00e0 crise econ\u00f4mica enfrenada pelo estado desde 2017, que, segundo ele, foi superada com a ajuda dos deputados, \u201csem retirar direitos dos servidores\u201d. \u201cUm novo ciclo se inicia, no qual ser\u00e1 necess\u00e1rio reduzir a depend\u00eancia do petr\u00f3leo e diversificar as fontes de arrecada\u00e7\u00e3o\u201d, disse Ceciliano, que se candidatou ao Senado, mas n\u00e3o foi eleito.<\/p>\n<p>O deputado disse que pretende trabalhar, em Bras\u00edlia, criando pontes com o governo federal para retomar obras paradas no estado, como o Arco Metropolitano e o polo petroqu\u00edmico, al\u00e9m da reabertura de 1.500 leitos fechados em hospitais federais.<\/p>\n<p>Foto Getty<br \/>\nNot\u00edcias ao minuto<\/p>\n","protected":false},"excerpt":{"rendered":"<p>O governador do Rio de Janeiro, Cl\u00e1udio Castro, reeleito em primeiro turno com 58,67% dos votos v\u00e1lidos, tomou posse na<\/p>\n","protected":false},"author":1,"featured_media":3008,"comment_status":"open","ping_status":"open","sticky":false,"template":"","format":"standard","meta":{"colormag_page_container_layout":"default_layout","colormag_page_sidebar_layout":"default_layout","_FSMCFIC_featured_image_caption":"","_FSMCFIC_featured_image_nocaption":"","_FSMCFIC_featured_image_hide":"","footnotes":""},"categories":[5,1],"tags":[],"class_list":["post-3007","post","type-post","status-publish","format-standard","has-post-thumbnail","hentry","category-politica","category-ultimas"],"yoast_head":"<!-- This site is optimized with the Yoast SEO plugin v27.1.1 - https:\/\/yoast.com\/product\/yoast-seo-wordpress\/ -->\n<title>Governador do Rio toma posse e promete pol\u00edticas para as mulheres - Brasil not\u00edcias<\/title>\n<meta name=\"robots\" content=\"index, follow, max-snippet:-1, max-image-preview:large, max-video-preview:-1\" \/>\n<link rel=\"canonical\" href=\"https:\/\/brasilnoticias.org\/site\/governador-do-rio-toma-posse-e-promete-politicas-para-as-mulheres\/\" \/>\n<meta property=\"og:locale\" content=\"pt_PT\" \/>\n<meta property=\"og:type\" content=\"article\" \/>\n<meta property=\"og:title\" content=\"Governador do Rio toma posse e promete pol\u00edticas para as mulheres - Brasil not\u00edcias\" \/>\n<meta property=\"og:description\" content=\"O governador do Rio de Janeiro, Cl\u00e1udio Castro, reeleito em primeiro turno com 58,67% dos votos v\u00e1lidos, tomou posse na\" \/>\n<meta property=\"og:url\" content=\"https:\/\/brasilnoticias.org\/site\/governador-do-rio-toma-posse-e-promete-politicas-para-as-mulheres\/\" \/>\n<meta property=\"og:site_name\" content=\"Brasil not\u00edcias\" \/>\n<meta property=\"article:published_time\" content=\"2023-01-02T10:20:41+00:00\" \/>\n<meta property=\"og:image\" content=\"https:\/\/brasilnoticias.org\/site\/wp-content\/uploads\/2023\/01\/naom_6335f0b25b71b.jpg\" \/>\n\t<meta property=\"og:image:width\" content=\"960\" \/>\n\t<meta property=\"og:image:height\" content=\"540\" \/>\n\t<meta property=\"og:image:type\" content=\"image\/jpeg\" \/>\n<meta name=\"author\" content=\"Reda\u00e7\u00e3o\" \/>\n<meta name=\"twitter:card\" content=\"summary_large_image\" \/>\n<meta name=\"twitter:label1\" content=\"Escrito por\" \/>\n\t<meta name=\"twitter:data1\" content=\"Reda\u00e7\u00e3o\" \/>\n\t<meta name=\"twitter:label2\" content=\"Tempo estimado de leitura\" \/>\n\t<meta name=\"twitter:data2\" content=\"3 minutos\" \/>\n<script type=\"application\/ld+json\" class=\"yoast-schema-graph\">{\"@context\":\"https:\/\/schema.org\",\"@graph\":[{\"@type\":\"Article\",\"@id\":\"https:\/\/brasilnoticias.org\/site\/governador-do-rio-toma-posse-e-promete-politicas-para-as-mulheres\/#article\",\"isPartOf\":{\"@id\":\"https:\/\/brasilnoticias.org\/site\/governador-do-rio-toma-posse-e-promete-politicas-para-as-mulheres\/\"},\"author\":{\"name\":\"Reda\u00e7\u00e3o\",\"@id\":\"https:\/\/brasilnoticias.org\/site\/#\/schema\/person\/a0e05b973ec4d15c658d51911e53507b\"},\"headline\":\"Governador do Rio toma posse e promete pol\u00edticas para as mulheres\",\"datePublished\":\"2023-01-02T10:20:41+00:00\",\"mainEntityOfPage\":{\"@id\":\"https:\/\/brasilnoticias.org\/site\/governador-do-rio-toma-posse-e-promete-politicas-para-as-mulheres\/\"},\"wordCount\":586,\"commentCount\":0,\"publisher\":{\"@id\":\"https:\/\/brasilnoticias.org\/site\/#organization\"},\"image\":{\"@id\":\"https:\/\/brasilnoticias.org\/site\/governador-do-rio-toma-posse-e-promete-politicas-para-as-mulheres\/#primaryimage\"},\"thumbnailUrl\":\"https:\/\/brasilnoticias.org\/site\/wp-content\/uploads\/2023\/01\/naom_6335f0b25b71b.jpg\",\"articleSection\":[\"Pol\u00edtica\",\"\u00daltimas\"],\"inLanguage\":\"pt-PT\",\"potentialAction\":[{\"@type\":\"CommentAction\",\"name\":\"Comment\",\"target\":[\"https:\/\/brasilnoticias.org\/site\/governador-do-rio-toma-posse-e-promete-politicas-para-as-mulheres\/#respond\"]}]},{\"@type\":\"WebPage\",\"@id\":\"https:\/\/brasilnoticias.org\/site\/governador-do-rio-toma-posse-e-promete-politicas-para-as-mulheres\/\",\"url\":\"https:\/\/brasilnoticias.org\/site\/governador-do-rio-toma-posse-e-promete-politicas-para-as-mulheres\/\",\"name\":\"Governador do Rio toma posse e promete pol\u00edticas para as mulheres - Brasil not\u00edcias\",\"isPartOf\":{\"@id\":\"https:\/\/brasilnoticias.org\/site\/#website\"},\"primaryImageOfPage\":{\"@id\":\"https:\/\/brasilnoticias.org\/site\/governador-do-rio-toma-posse-e-promete-politicas-para-as-mulheres\/#primaryimage\"},\"image\":{\"@id\":\"https:\/\/brasilnoticias.org\/site\/governador-do-rio-toma-posse-e-promete-politicas-para-as-mulheres\/#primaryimage\"},\"thumbnailUrl\":\"https:\/\/brasilnoticias.org\/site\/wp-content\/uploads\/2023\/01\/naom_6335f0b25b71b.jpg\",\"datePublished\":\"2023-01-02T10:20:41+00:00\",\"breadcrumb\":{\"@id\":\"https:\/\/brasilnoticias.org\/site\/governador-do-rio-toma-posse-e-promete-politicas-para-as-mulheres\/#breadcrumb\"},\"inLanguage\":\"pt-PT\",\"potentialAction\":[{\"@type\":\"ReadAction\",\"target\":[\"https:\/\/brasilnoticias.org\/site\/governador-do-rio-toma-posse-e-promete-politicas-para-as-mulheres\/\"]}]},{\"@type\":\"ImageObject\",\"inLanguage\":\"pt-PT\",\"@id\":\"https:\/\/brasilnoticias.org\/site\/governador-do-rio-toma-posse-e-promete-politicas-para-as-mulheres\/#primaryimage\",\"url\":\"https:\/\/brasilnoticias.org\/site\/wp-content\/uploads\/2023\/01\/naom_6335f0b25b71b.jpg\",\"contentUrl\":\"https:\/\/brasilnoticias.org\/site\/wp-content\/uploads\/2023\/01\/naom_6335f0b25b71b.jpg\",\"width\":960,\"height\":540},{\"@type\":\"BreadcrumbList\",\"@id\":\"https:\/\/brasilnoticias.org\/site\/governador-do-rio-toma-posse-e-promete-politicas-para-as-mulheres\/#breadcrumb\",\"itemListElement\":[{\"@type\":\"ListItem\",\"position\":1,\"name\":\"In\u00edcio\",\"item\":\"https:\/\/brasilnoticias.org\/site\/\"},{\"@type\":\"ListItem\",\"position\":2,\"name\":\"Governador do Rio toma posse e promete pol\u00edticas para as mulheres\"}]},{\"@type\":\"WebSite\",\"@id\":\"https:\/\/brasilnoticias.org\/site\/#website\",\"url\":\"https:\/\/brasilnoticias.org\/site\/\",\"name\":\"Brasil not\u00edcias\",\"description\":\"Brasil not\u00edcias\",\"publisher\":{\"@id\":\"https:\/\/brasilnoticias.org\/site\/#organization\"},\"potentialAction\":[{\"@type\":\"SearchAction\",\"target\":{\"@type\":\"EntryPoint\",\"urlTemplate\":\"https:\/\/brasilnoticias.org\/site\/?s={search_term_string}\"},\"query-input\":{\"@type\":\"PropertyValueSpecification\",\"valueRequired\":true,\"valueName\":\"search_term_string\"}}],\"inLanguage\":\"pt-PT\"},{\"@type\":\"Organization\",\"@id\":\"https:\/\/brasilnoticias.org\/site\/#organization\",\"name\":\"Brasil not\u00edcias\",\"url\":\"https:\/\/brasilnoticias.org\/site\/\",\"logo\":{\"@type\":\"ImageObject\",\"inLanguage\":\"pt-PT\",\"@id\":\"https:\/\/brasilnoticias.org\/site\/#\/schema\/logo\/image\/\",\"url\":\"https:\/\/brasilnoticias.org\/site\/wp-content\/uploads\/2022\/05\/cropped-brasilnoticias-mini.jpg\",\"contentUrl\":\"https:\/\/brasilnoticias.org\/site\/wp-content\/uploads\/2022\/05\/cropped-brasilnoticias-mini.jpg\",\"width\":314,\"height\":86,\"caption\":\"Brasil not\u00edcias\"},\"image\":{\"@id\":\"https:\/\/brasilnoticias.org\/site\/#\/schema\/logo\/image\/\"}},{\"@type\":\"Person\",\"@id\":\"https:\/\/brasilnoticias.org\/site\/#\/schema\/person\/a0e05b973ec4d15c658d51911e53507b\",\"name\":\"Reda\u00e7\u00e3o\",\"image\":{\"@type\":\"ImageObject\",\"inLanguage\":\"pt-PT\",\"@id\":\"https:\/\/brasilnoticias.org\/site\/#\/schema\/person\/image\/\",\"url\":\"https:\/\/secure.gravatar.com\/avatar\/75d8b050df2de108b08ae78dfb8e374892df24a383c67db9c46a9c604f6aee9c?s=96&d=mm&r=g\",\"contentUrl\":\"https:\/\/secure.gravatar.com\/avatar\/75d8b050df2de108b08ae78dfb8e374892df24a383c67db9c46a9c604f6aee9c?s=96&d=mm&r=g\",\"caption\":\"Reda\u00e7\u00e3o\"},\"sameAs\":[\"https:\/\/brasilnoticias.org\/site\"],\"url\":\"https:\/\/brasilnoticias.org\/site\/author\/fernandozsngmail-com\/\"}]}<\/script>\n<!-- \/ Yoast SEO plugin. -->","yoast_head_json":{"title":"Governador do Rio toma posse e promete pol\u00edticas para as mulheres - Brasil not\u00edcias","robots":{"index":"index","follow":"follow","max-snippet":"max-snippet:-1","max-image-preview":"max-image-preview:large","max-video-preview":"max-video-preview:-1"},"canonical":"https:\/\/brasilnoticias.org\/site\/governador-do-rio-toma-posse-e-promete-politicas-para-as-mulheres\/","og_locale":"pt_PT","og_type":"article","og_title":"Governador do Rio toma posse e promete pol\u00edticas para as mulheres - Brasil not\u00edcias","og_description":"O governador do Rio de Janeiro, Cl\u00e1udio Castro, reeleito em primeiro turno com 58,67% dos votos v\u00e1lidos, tomou posse na","og_url":"https:\/\/brasilnoticias.org\/site\/governador-do-rio-toma-posse-e-promete-politicas-para-as-mulheres\/","og_site_name":"Brasil not\u00edcias","article_published_time":"2023-01-02T10:20:41+00:00","og_image":[{"width":960,"height":540,"url":"https:\/\/brasilnoticias.org\/site\/wp-content\/uploads\/2023\/01\/naom_6335f0b25b71b.jpg","type":"image\/jpeg"}],"author":"Reda\u00e7\u00e3o","twitter_card":"summary_large_image","twitter_misc":{"Escrito por":"Reda\u00e7\u00e3o","Tempo estimado de leitura":"3 minutos"},"schema":{"@context":"https:\/\/schema.org","@graph":[{"@type":"Article","@id":"https:\/\/brasilnoticias.org\/site\/governador-do-rio-toma-posse-e-promete-politicas-para-as-mulheres\/#article","isPartOf":{"@id":"https:\/\/brasilnoticias.org\/site\/governador-do-rio-toma-posse-e-promete-politicas-para-as-mulheres\/"},"author":{"name":"Reda\u00e7\u00e3o","@id":"https:\/\/brasilnoticias.org\/site\/#\/schema\/person\/a0e05b973ec4d15c658d51911e53507b"},"headline":"Governador do Rio toma posse e promete pol\u00edticas para as mulheres","datePublished":"2023-01-02T10:20:41+00:00","mainEntityOfPage":{"@id":"https:\/\/brasilnoticias.org\/site\/governador-do-rio-toma-posse-e-promete-politicas-para-as-mulheres\/"},"wordCount":586,"commentCount":0,"publisher":{"@id":"https:\/\/brasilnoticias.org\/site\/#organization"},"image":{"@id":"https:\/\/brasilnoticias.org\/site\/governador-do-rio-toma-posse-e-promete-politicas-para-as-mulheres\/#primaryimage"},"thumbnailUrl":"https:\/\/brasilnoticias.org\/site\/wp-content\/uploads\/2023\/01\/naom_6335f0b25b71b.jpg","articleSection":["Pol\u00edtica","\u00daltimas"],"inLanguage":"pt-PT","potentialAction":[{"@type":"CommentAction","name":"Comment","target":["https:\/\/brasilnoticias.org\/site\/governador-do-rio-toma-posse-e-promete-politicas-para-as-mulheres\/#respond"]}]},{"@type":"WebPage","@id":"https:\/\/brasilnoticias.org\/site\/governador-do-rio-toma-posse-e-promete-politicas-para-as-mulheres\/","url":"https:\/\/brasilnoticias.org\/site\/governador-do-rio-toma-posse-e-promete-politicas-para-as-mulheres\/","name":"Governador do Rio toma posse e promete pol\u00edticas para as mulheres - Brasil not\u00edcias","isPartOf":{"@id":"https:\/\/brasilnoticias.org\/site\/#website"},"primaryImageOfPage":{"@id":"https:\/\/brasilnoticias.org\/site\/governador-do-rio-toma-posse-e-promete-politicas-para-as-mulheres\/#primaryimage"},"image":{"@id":"https:\/\/brasilnoticias.org\/site\/governador-do-rio-toma-posse-e-promete-politicas-para-as-mulheres\/#primaryimage"},"thumbnailUrl":"https:\/\/brasilnoticias.org\/site\/wp-content\/uploads\/2023\/01\/naom_6335f0b25b71b.jpg","datePublished":"2023-01-02T10:20:41+00:00","breadcrumb":{"@id":"https:\/\/brasilnoticias.org\/site\/governador-do-rio-toma-posse-e-promete-politicas-para-as-mulheres\/#breadcrumb"},"inLanguage":"pt-PT","potentialAction":[{"@type":"ReadAction","target":["https:\/\/brasilnoticias.org\/site\/governador-do-rio-toma-posse-e-promete-politicas-para-as-mulheres\/"]}]},{"@type":"ImageObject","inLanguage":"pt-PT","@id":"https:\/\/brasilnoticias.org\/site\/governador-do-rio-toma-posse-e-promete-politicas-para-as-mulheres\/#primaryimage","url":"https:\/\/brasilnoticias.org\/site\/wp-content\/uploads\/2023\/01\/naom_6335f0b25b71b.jpg","contentUrl":"https:\/\/brasilnoticias.org\/site\/wp-content\/uploads\/2023\/01\/naom_6335f0b25b71b.jpg","width":960,"height":540},{"@type":"BreadcrumbList","@id":"https:\/\/brasilnoticias.org\/site\/governador-do-rio-toma-posse-e-promete-politicas-para-as-mulheres\/#breadcrumb","itemListElement":[{"@type":"ListItem","position":1,"name":"In\u00edcio","item":"https:\/\/brasilnoticias.org\/site\/"},{"@type":"ListItem","position":2,"name":"Governador do Rio toma posse e promete pol\u00edticas para as mulheres"}]},{"@type":"WebSite","@id":"https:\/\/brasilnoticias.org\/site\/#website","url":"https:\/\/brasilnoticias.org\/site\/","name":"Brasil not\u00edcias","description":"Brasil not\u00edcias","publisher":{"@id":"https:\/\/brasilnoticias.org\/site\/#organization"},"potentialAction":[{"@type":"SearchAction","target":{"@type":"EntryPoint","urlTemplate":"https:\/\/brasilnoticias.org\/site\/?s={search_term_string}"},"query-input":{"@type":"PropertyValueSpecification","valueRequired":true,"valueName":"search_term_string"}}],"inLanguage":"pt-PT"},{"@type":"Organization","@id":"https:\/\/brasilnoticias.org\/site\/#organization","name":"Brasil not\u00edcias","url":"https:\/\/brasilnoticias.org\/site\/","logo":{"@type":"ImageObject","inLanguage":"pt-PT","@id":"https:\/\/brasilnoticias.org\/site\/#\/schema\/logo\/image\/","url":"https:\/\/brasilnoticias.org\/site\/wp-content\/uploads\/2022\/05\/cropped-brasilnoticias-mini.jpg","contentUrl":"https:\/\/brasilnoticias.org\/site\/wp-content\/uploads\/2022\/05\/cropped-brasilnoticias-mini.jpg","width":314,"height":86,"caption":"Brasil not\u00edcias"},"image":{"@id":"https:\/\/brasilnoticias.org\/site\/#\/schema\/logo\/image\/"}},{"@type":"Person","@id":"https:\/\/brasilnoticias.org\/site\/#\/schema\/person\/a0e05b973ec4d15c658d51911e53507b","name":"Reda\u00e7\u00e3o","image":{"@type":"ImageObject","inLanguage":"pt-PT","@id":"https:\/\/brasilnoticias.org\/site\/#\/schema\/person\/image\/","url":"https:\/\/secure.gravatar.com\/avatar\/75d8b050df2de108b08ae78dfb8e374892df24a383c67db9c46a9c604f6aee9c?s=96&d=mm&r=g","contentUrl":"https:\/\/secure.gravatar.com\/avatar\/75d8b050df2de108b08ae78dfb8e374892df24a383c67db9c46a9c604f6aee9c?s=96&d=mm&r=g","caption":"Reda\u00e7\u00e3o"},"sameAs":["https:\/\/brasilnoticias.org\/site"],"url":"https:\/\/brasilnoticias.org\/site\/author\/fernandozsngmail-com\/"}]}},"_links":{"self":[{"href":"https:\/\/brasilnoticias.org\/site\/wp-json\/wp\/v2\/posts\/3007","targetHints":{"allow":["GET"]}}],"collection":[{"href":"https:\/\/brasilnoticias.org\/site\/wp-json\/wp\/v2\/posts"}],"about":[{"href":"https:\/\/brasilnoticias.org\/site\/wp-json\/wp\/v2\/types\/post"}],"author":[{"embeddable":true,"href":"https:\/\/brasilnoticias.org\/site\/wp-json\/wp\/v2\/users\/1"}],"replies":[{"embeddable":true,"href":"https:\/\/brasilnoticias.org\/site\/wp-json\/wp\/v2\/comments?post=3007"}],"version-history":[{"count":1,"href":"https:\/\/brasilnoticias.org\/site\/wp-json\/wp\/v2\/posts\/3007\/revisions"}],"predecessor-version":[{"id":3009,"href":"https:\/\/brasilnoticias.org\/site\/wp-json\/wp\/v2\/posts\/3007\/revisions\/3009"}],"wp:featuredmedia":[{"embeddable":true,"href":"https:\/\/brasilnoticias.org\/site\/wp-json\/wp\/v2\/media\/3008"}],"wp:attachment":[{"href":"https:\/\/brasilnoticias.org\/site\/wp-json\/wp\/v2\/media?parent=3007"}],"wp:term":[{"taxonomy":"category","embeddable":true,"href":"https:\/\/brasilnoticias.org\/site\/wp-json\/wp\/v2\/categories?post=3007"},{"taxonomy":"post_tag","embeddable":true,"href":"https:\/\/brasilnoticias.org\/site\/wp-json\/wp\/v2\/tags?post=3007"}],"curies":[{"name":"wp","href":"https:\/\/api.w.org\/{rel}","templated":true}]}}