{"id":302,"date":"2022-05-17T20:18:24","date_gmt":"2022-05-17T23:18:24","guid":{"rendered":"https:\/\/brasilnoticias.org\/site\/?p=302"},"modified":"2022-05-17T20:18:24","modified_gmt":"2022-05-17T23:18:24","slug":"teremos-eleicoes-e-quem-ganhar-vai-levar-diz-augusto-aras","status":"publish","type":"post","link":"https:\/\/brasilnoticias.org\/site\/teremos-eleicoes-e-quem-ganhar-vai-levar-diz-augusto-aras\/","title":{"rendered":"TEREMOS ELEI\u00c7\u00d5ES E QUEM GANHAR VAI LEVAR\u2019, DIZ AUGUSTO ARAS"},"content":{"rendered":"<p>Durante evento da Esfera Brasil em S\u00e3o Paulo, nesta ter\u00e7a-feira (17), o procurador-geral da Rep\u00fablica, Augusto Aras, afirmou que \u201co Brasil tem institui\u00e7\u00f5es democr\u00e1ticas em pleno funcionamento\u201d.<\/p>\n<p>\u201cO Brasil ter\u00e1 elei\u00e7\u00f5es e quem vencer o pleito em outubro ser\u00e1 o pr\u00f3ximo presidente, disse Aras ao lembrar que \u201ctemos institui\u00e7\u00f5es democr\u00e1ticas funcionando. Teremos elei\u00e7\u00f5es e quem ganhar, vai levar\u201d.<\/p>\n<p>As informa\u00e7\u00f5es s\u00e3o do colunista Lauro Jardim, de O Globo<\/p>\n<p>&nbsp;<\/p>\n<p><span class=\"assinatura_exclusiva\">O Globo<\/span><\/p>\n","protected":false},"excerpt":{"rendered":"<p>Durante evento da Esfera Brasil em S\u00e3o Paulo, nesta ter\u00e7a-feira (17), o procurador-geral da Rep\u00fablica, Augusto Aras, afirmou que \u201co<\/p>\n","protected":false},"author":2,"featured_media":303,"comment_status":"open","ping_status":"open","sticky":false,"template":"","format":"standard","meta":{"colormag_page_container_layout":"default_layout","colormag_page_sidebar_layout":"default_layout","_FSMCFIC_featured_image_caption":"","_FSMCFIC_featured_image_nocaption":"","_FSMCFIC_featured_image_hide":"","footnotes":""},"categories":[7,1],"tags":[],"class_list":["post-302","post","type-post","status-publish","format-standard","has-post-thumbnail","hentry","category-justica","category-ultimas"],"yoast_head":"<!-- This site is optimized with the Yoast SEO plugin v27.1.1 - https:\/\/yoast.com\/product\/yoast-seo-wordpress\/ -->\n<title>TEREMOS ELEI\u00c7\u00d5ES E QUEM GANHAR VAI LEVAR\u2019, DIZ AUGUSTO ARAS - Brasil not\u00edcias<\/title>\n<meta name=\"robots\" content=\"index, follow, max-snippet:-1, max-image-preview:large, max-video-preview:-1\" \/>\n<link rel=\"canonical\" href=\"https:\/\/brasilnoticias.org\/site\/teremos-eleicoes-e-quem-ganhar-vai-levar-diz-augusto-aras\/\" \/>\n<meta property=\"og:locale\" content=\"pt_PT\" \/>\n<meta property=\"og:type\" content=\"article\" \/>\n<meta property=\"og:title\" content=\"TEREMOS ELEI\u00c7\u00d5ES E QUEM GANHAR VAI LEVAR\u2019, DIZ AUGUSTO ARAS - Brasil not\u00edcias\" \/>\n<meta property=\"og:description\" content=\"Durante evento da Esfera Brasil em S\u00e3o Paulo, nesta ter\u00e7a-feira (17), o procurador-geral da Rep\u00fablica, Augusto Aras, afirmou que \u201co\" \/>\n<meta property=\"og:url\" content=\"https:\/\/brasilnoticias.org\/site\/teremos-eleicoes-e-quem-ganhar-vai-levar-diz-augusto-aras\/\" \/>\n<meta property=\"og:site_name\" content=\"Brasil not\u00edcias\" \/>\n<meta property=\"article:published_time\" content=\"2022-05-17T23:18:24+00:00\" \/>\n<meta property=\"og:image\" content=\"https:\/\/brasilnoticias.org\/site\/wp-content\/uploads\/2022\/05\/Screenshot_20220517-201134-229.png\" \/>\n\t<meta property=\"og:image:width\" content=\"720\" \/>\n\t<meta property=\"og:image:height\" content=\"646\" \/>\n\t<meta property=\"og:image:type\" content=\"image\/png\" \/>\n<meta name=\"author\" content=\"Reda\u00e7\u00e3o\" \/>\n<meta name=\"twitter:card\" content=\"summary_large_image\" \/>\n<meta name=\"twitter:label1\" content=\"Escrito por\" \/>\n\t<meta name=\"twitter:data1\" content=\"Reda\u00e7\u00e3o\" \/>\n<script type=\"application\/ld+json\" class=\"yoast-schema-graph\">{\"@context\":\"https:\/\/schema.org\",\"@graph\":[{\"@type\":\"Article\",\"@id\":\"https:\/\/brasilnoticias.org\/site\/teremos-eleicoes-e-quem-ganhar-vai-levar-diz-augusto-aras\/#article\",\"isPartOf\":{\"@id\":\"https:\/\/brasilnoticias.org\/site\/teremos-eleicoes-e-quem-ganhar-vai-levar-diz-augusto-aras\/\"},\"author\":{\"name\":\"Reda\u00e7\u00e3o\",\"@id\":\"https:\/\/brasilnoticias.org\/site\/#\/schema\/person\/f609fa847b5314f1c8b983342f34c798\"},\"headline\":\"TEREMOS ELEI\u00c7\u00d5ES E QUEM GANHAR VAI LEVAR\u2019, DIZ AUGUSTO ARAS\",\"datePublished\":\"2022-05-17T23:18:24+00:00\",\"mainEntityOfPage\":{\"@id\":\"https:\/\/brasilnoticias.org\/site\/teremos-eleicoes-e-quem-ganhar-vai-levar-diz-augusto-aras\/\"},\"wordCount\":93,\"commentCount\":0,\"publisher\":{\"@id\":\"https:\/\/brasilnoticias.org\/site\/#organization\"},\"image\":{\"@id\":\"https:\/\/brasilnoticias.org\/site\/teremos-eleicoes-e-quem-ganhar-vai-levar-diz-augusto-aras\/#primaryimage\"},\"thumbnailUrl\":\"https:\/\/brasilnoticias.org\/site\/wp-content\/uploads\/2022\/05\/Screenshot_20220517-201134-229.png\",\"articleSection\":[\"Justi\u00e7a\",\"\u00daltimas\"],\"inLanguage\":\"pt-PT\",\"potentialAction\":[{\"@type\":\"CommentAction\",\"name\":\"Comment\",\"target\":[\"https:\/\/brasilnoticias.org\/site\/teremos-eleicoes-e-quem-ganhar-vai-levar-diz-augusto-aras\/#respond\"]}]},{\"@type\":\"WebPage\",\"@id\":\"https:\/\/brasilnoticias.org\/site\/teremos-eleicoes-e-quem-ganhar-vai-levar-diz-augusto-aras\/\",\"url\":\"https:\/\/brasilnoticias.org\/site\/teremos-eleicoes-e-quem-ganhar-vai-levar-diz-augusto-aras\/\",\"name\":\"TEREMOS ELEI\u00c7\u00d5ES E QUEM GANHAR VAI LEVAR\u2019, DIZ AUGUSTO ARAS - Brasil not\u00edcias\",\"isPartOf\":{\"@id\":\"https:\/\/brasilnoticias.org\/site\/#website\"},\"primaryImageOfPage\":{\"@id\":\"https:\/\/brasilnoticias.org\/site\/teremos-eleicoes-e-quem-ganhar-vai-levar-diz-augusto-aras\/#primaryimage\"},\"image\":{\"@id\":\"https:\/\/brasilnoticias.org\/site\/teremos-eleicoes-e-quem-ganhar-vai-levar-diz-augusto-aras\/#primaryimage\"},\"thumbnailUrl\":\"https:\/\/brasilnoticias.org\/site\/wp-content\/uploads\/2022\/05\/Screenshot_20220517-201134-229.png\",\"datePublished\":\"2022-05-17T23:18:24+00:00\",\"breadcrumb\":{\"@id\":\"https:\/\/brasilnoticias.org\/site\/teremos-eleicoes-e-quem-ganhar-vai-levar-diz-augusto-aras\/#breadcrumb\"},\"inLanguage\":\"pt-PT\",\"potentialAction\":[{\"@type\":\"ReadAction\",\"target\":[\"https:\/\/brasilnoticias.org\/site\/teremos-eleicoes-e-quem-ganhar-vai-levar-diz-augusto-aras\/\"]}]},{\"@type\":\"ImageObject\",\"inLanguage\":\"pt-PT\",\"@id\":\"https:\/\/brasilnoticias.org\/site\/teremos-eleicoes-e-quem-ganhar-vai-levar-diz-augusto-aras\/#primaryimage\",\"url\":\"https:\/\/brasilnoticias.org\/site\/wp-content\/uploads\/2022\/05\/Screenshot_20220517-201134-229.png\",\"contentUrl\":\"https:\/\/brasilnoticias.org\/site\/wp-content\/uploads\/2022\/05\/Screenshot_20220517-201134-229.png\",\"width\":720,\"height\":646},{\"@type\":\"BreadcrumbList\",\"@id\":\"https:\/\/brasilnoticias.org\/site\/teremos-eleicoes-e-quem-ganhar-vai-levar-diz-augusto-aras\/#breadcrumb\",\"itemListElement\":[{\"@type\":\"ListItem\",\"position\":1,\"name\":\"In\u00edcio\",\"item\":\"https:\/\/brasilnoticias.org\/site\/\"},{\"@type\":\"ListItem\",\"position\":2,\"name\":\"TEREMOS ELEI\u00c7\u00d5ES E QUEM GANHAR VAI LEVAR\u2019, DIZ AUGUSTO ARAS\"}]},{\"@type\":\"WebSite\",\"@id\":\"https:\/\/brasilnoticias.org\/site\/#website\",\"url\":\"https:\/\/brasilnoticias.org\/site\/\",\"name\":\"Brasil not\u00edcias\",\"description\":\"Brasil not\u00edcias\",\"publisher\":{\"@id\":\"https:\/\/brasilnoticias.org\/site\/#organization\"},\"potentialAction\":[{\"@type\":\"SearchAction\",\"target\":{\"@type\":\"EntryPoint\",\"urlTemplate\":\"https:\/\/brasilnoticias.org\/site\/?s={search_term_string}\"},\"query-input\":{\"@type\":\"PropertyValueSpecification\",\"valueRequired\":true,\"valueName\":\"search_term_string\"}}],\"inLanguage\":\"pt-PT\"},{\"@type\":\"Organization\",\"@id\":\"https:\/\/brasilnoticias.org\/site\/#organization\",\"name\":\"Brasil not\u00edcias\",\"url\":\"https:\/\/brasilnoticias.org\/site\/\",\"logo\":{\"@type\":\"ImageObject\",\"inLanguage\":\"pt-PT\",\"@id\":\"https:\/\/brasilnoticias.org\/site\/#\/schema\/logo\/image\/\",\"url\":\"https:\/\/brasilnoticias.org\/site\/wp-content\/uploads\/2022\/05\/cropped-brasilnoticias-mini.jpg\",\"contentUrl\":\"https:\/\/brasilnoticias.org\/site\/wp-content\/uploads\/2022\/05\/cropped-brasilnoticias-mini.jpg\",\"width\":314,\"height\":86,\"caption\":\"Brasil not\u00edcias\"},\"image\":{\"@id\":\"https:\/\/brasilnoticias.org\/site\/#\/schema\/logo\/image\/\"}},{\"@type\":\"Person\",\"@id\":\"https:\/\/brasilnoticias.org\/site\/#\/schema\/person\/f609fa847b5314f1c8b983342f34c798\",\"name\":\"Reda\u00e7\u00e3o\",\"image\":{\"@type\":\"ImageObject\",\"inLanguage\":\"pt-PT\",\"@id\":\"https:\/\/brasilnoticias.org\/site\/#\/schema\/person\/image\/\",\"url\":\"https:\/\/secure.gravatar.com\/avatar\/447284c06c1ad8b46465a36de9cd0d8326b73387a22799b8b1ffb1fbcff2ed0c?s=96&d=mm&r=g\",\"contentUrl\":\"https:\/\/secure.gravatar.com\/avatar\/447284c06c1ad8b46465a36de9cd0d8326b73387a22799b8b1ffb1fbcff2ed0c?s=96&d=mm&r=g\",\"caption\":\"Reda\u00e7\u00e3o\"},\"url\":\"https:\/\/brasilnoticias.org\/site\/author\/redacao\/\"}]}<\/script>\n<!-- \/ Yoast SEO plugin. -->","yoast_head_json":{"title":"TEREMOS ELEI\u00c7\u00d5ES E QUEM GANHAR VAI LEVAR\u2019, DIZ AUGUSTO ARAS - Brasil not\u00edcias","robots":{"index":"index","follow":"follow","max-snippet":"max-snippet:-1","max-image-preview":"max-image-preview:large","max-video-preview":"max-video-preview:-1"},"canonical":"https:\/\/brasilnoticias.org\/site\/teremos-eleicoes-e-quem-ganhar-vai-levar-diz-augusto-aras\/","og_locale":"pt_PT","og_type":"article","og_title":"TEREMOS ELEI\u00c7\u00d5ES E QUEM GANHAR VAI LEVAR\u2019, DIZ AUGUSTO ARAS - Brasil not\u00edcias","og_description":"Durante evento da Esfera Brasil em S\u00e3o Paulo, nesta ter\u00e7a-feira (17), o procurador-geral da Rep\u00fablica, Augusto Aras, afirmou que \u201co","og_url":"https:\/\/brasilnoticias.org\/site\/teremos-eleicoes-e-quem-ganhar-vai-levar-diz-augusto-aras\/","og_site_name":"Brasil not\u00edcias","article_published_time":"2022-05-17T23:18:24+00:00","og_image":[{"width":720,"height":646,"url":"https:\/\/brasilnoticias.org\/site\/wp-content\/uploads\/2022\/05\/Screenshot_20220517-201134-229.png","type":"image\/png"}],"author":"Reda\u00e7\u00e3o","twitter_card":"summary_large_image","twitter_misc":{"Escrito por":"Reda\u00e7\u00e3o"},"schema":{"@context":"https:\/\/schema.org","@graph":[{"@type":"Article","@id":"https:\/\/brasilnoticias.org\/site\/teremos-eleicoes-e-quem-ganhar-vai-levar-diz-augusto-aras\/#article","isPartOf":{"@id":"https:\/\/brasilnoticias.org\/site\/teremos-eleicoes-e-quem-ganhar-vai-levar-diz-augusto-aras\/"},"author":{"name":"Reda\u00e7\u00e3o","@id":"https:\/\/brasilnoticias.org\/site\/#\/schema\/person\/f609fa847b5314f1c8b983342f34c798"},"headline":"TEREMOS ELEI\u00c7\u00d5ES E QUEM GANHAR VAI LEVAR\u2019, DIZ AUGUSTO ARAS","datePublished":"2022-05-17T23:18:24+00:00","mainEntityOfPage":{"@id":"https:\/\/brasilnoticias.org\/site\/teremos-eleicoes-e-quem-ganhar-vai-levar-diz-augusto-aras\/"},"wordCount":93,"commentCount":0,"publisher":{"@id":"https:\/\/brasilnoticias.org\/site\/#organization"},"image":{"@id":"https:\/\/brasilnoticias.org\/site\/teremos-eleicoes-e-quem-ganhar-vai-levar-diz-augusto-aras\/#primaryimage"},"thumbnailUrl":"https:\/\/brasilnoticias.org\/site\/wp-content\/uploads\/2022\/05\/Screenshot_20220517-201134-229.png","articleSection":["Justi\u00e7a","\u00daltimas"],"inLanguage":"pt-PT","potentialAction":[{"@type":"CommentAction","name":"Comment","target":["https:\/\/brasilnoticias.org\/site\/teremos-eleicoes-e-quem-ganhar-vai-levar-diz-augusto-aras\/#respond"]}]},{"@type":"WebPage","@id":"https:\/\/brasilnoticias.org\/site\/teremos-eleicoes-e-quem-ganhar-vai-levar-diz-augusto-aras\/","url":"https:\/\/brasilnoticias.org\/site\/teremos-eleicoes-e-quem-ganhar-vai-levar-diz-augusto-aras\/","name":"TEREMOS ELEI\u00c7\u00d5ES E QUEM GANHAR VAI LEVAR\u2019, DIZ AUGUSTO ARAS - Brasil not\u00edcias","isPartOf":{"@id":"https:\/\/brasilnoticias.org\/site\/#website"},"primaryImageOfPage":{"@id":"https:\/\/brasilnoticias.org\/site\/teremos-eleicoes-e-quem-ganhar-vai-levar-diz-augusto-aras\/#primaryimage"},"image":{"@id":"https:\/\/brasilnoticias.org\/site\/teremos-eleicoes-e-quem-ganhar-vai-levar-diz-augusto-aras\/#primaryimage"},"thumbnailUrl":"https:\/\/brasilnoticias.org\/site\/wp-content\/uploads\/2022\/05\/Screenshot_20220517-201134-229.png","datePublished":"2022-05-17T23:18:24+00:00","breadcrumb":{"@id":"https:\/\/brasilnoticias.org\/site\/teremos-eleicoes-e-quem-ganhar-vai-levar-diz-augusto-aras\/#breadcrumb"},"inLanguage":"pt-PT","potentialAction":[{"@type":"ReadAction","target":["https:\/\/brasilnoticias.org\/site\/teremos-eleicoes-e-quem-ganhar-vai-levar-diz-augusto-aras\/"]}]},{"@type":"ImageObject","inLanguage":"pt-PT","@id":"https:\/\/brasilnoticias.org\/site\/teremos-eleicoes-e-quem-ganhar-vai-levar-diz-augusto-aras\/#primaryimage","url":"https:\/\/brasilnoticias.org\/site\/wp-content\/uploads\/2022\/05\/Screenshot_20220517-201134-229.png","contentUrl":"https:\/\/brasilnoticias.org\/site\/wp-content\/uploads\/2022\/05\/Screenshot_20220517-201134-229.png","width":720,"height":646},{"@type":"BreadcrumbList","@id":"https:\/\/brasilnoticias.org\/site\/teremos-eleicoes-e-quem-ganhar-vai-levar-diz-augusto-aras\/#breadcrumb","itemListElement":[{"@type":"ListItem","position":1,"name":"In\u00edcio","item":"https:\/\/brasilnoticias.org\/site\/"},{"@type":"ListItem","position":2,"name":"TEREMOS ELEI\u00c7\u00d5ES E QUEM GANHAR VAI LEVAR\u2019, DIZ AUGUSTO ARAS"}]},{"@type":"WebSite","@id":"https:\/\/brasilnoticias.org\/site\/#website","url":"https:\/\/brasilnoticias.org\/site\/","name":"Brasil not\u00edcias","description":"Brasil not\u00edcias","publisher":{"@id":"https:\/\/brasilnoticias.org\/site\/#organization"},"potentialAction":[{"@type":"SearchAction","target":{"@type":"EntryPoint","urlTemplate":"https:\/\/brasilnoticias.org\/site\/?s={search_term_string}"},"query-input":{"@type":"PropertyValueSpecification","valueRequired":true,"valueName":"search_term_string"}}],"inLanguage":"pt-PT"},{"@type":"Organization","@id":"https:\/\/brasilnoticias.org\/site\/#organization","name":"Brasil not\u00edcias","url":"https:\/\/brasilnoticias.org\/site\/","logo":{"@type":"ImageObject","inLanguage":"pt-PT","@id":"https:\/\/brasilnoticias.org\/site\/#\/schema\/logo\/image\/","url":"https:\/\/brasilnoticias.org\/site\/wp-content\/uploads\/2022\/05\/cropped-brasilnoticias-mini.jpg","contentUrl":"https:\/\/brasilnoticias.org\/site\/wp-content\/uploads\/2022\/05\/cropped-brasilnoticias-mini.jpg","width":314,"height":86,"caption":"Brasil not\u00edcias"},"image":{"@id":"https:\/\/brasilnoticias.org\/site\/#\/schema\/logo\/image\/"}},{"@type":"Person","@id":"https:\/\/brasilnoticias.org\/site\/#\/schema\/person\/f609fa847b5314f1c8b983342f34c798","name":"Reda\u00e7\u00e3o","image":{"@type":"ImageObject","inLanguage":"pt-PT","@id":"https:\/\/brasilnoticias.org\/site\/#\/schema\/person\/image\/","url":"https:\/\/secure.gravatar.com\/avatar\/447284c06c1ad8b46465a36de9cd0d8326b73387a22799b8b1ffb1fbcff2ed0c?s=96&d=mm&r=g","contentUrl":"https:\/\/secure.gravatar.com\/avatar\/447284c06c1ad8b46465a36de9cd0d8326b73387a22799b8b1ffb1fbcff2ed0c?s=96&d=mm&r=g","caption":"Reda\u00e7\u00e3o"},"url":"https:\/\/brasilnoticias.org\/site\/author\/redacao\/"}]}},"_links":{"self":[{"href":"https:\/\/brasilnoticias.org\/site\/wp-json\/wp\/v2\/posts\/302","targetHints":{"allow":["GET"]}}],"collection":[{"href":"https:\/\/brasilnoticias.org\/site\/wp-json\/wp\/v2\/posts"}],"about":[{"href":"https:\/\/brasilnoticias.org\/site\/wp-json\/wp\/v2\/types\/post"}],"author":[{"embeddable":true,"href":"https:\/\/brasilnoticias.org\/site\/wp-json\/wp\/v2\/users\/2"}],"replies":[{"embeddable":true,"href":"https:\/\/brasilnoticias.org\/site\/wp-json\/wp\/v2\/comments?post=302"}],"version-history":[{"count":1,"href":"https:\/\/brasilnoticias.org\/site\/wp-json\/wp\/v2\/posts\/302\/revisions"}],"predecessor-version":[{"id":304,"href":"https:\/\/brasilnoticias.org\/site\/wp-json\/wp\/v2\/posts\/302\/revisions\/304"}],"wp:featuredmedia":[{"embeddable":true,"href":"https:\/\/brasilnoticias.org\/site\/wp-json\/wp\/v2\/media\/303"}],"wp:attachment":[{"href":"https:\/\/brasilnoticias.org\/site\/wp-json\/wp\/v2\/media?parent=302"}],"wp:term":[{"taxonomy":"category","embeddable":true,"href":"https:\/\/brasilnoticias.org\/site\/wp-json\/wp\/v2\/categories?post=302"},{"taxonomy":"post_tag","embeddable":true,"href":"https:\/\/brasilnoticias.org\/site\/wp-json\/wp\/v2\/tags?post=302"}],"curies":[{"name":"wp","href":"https:\/\/api.w.org\/{rel}","templated":true}]}}