{"id":3029,"date":"2023-01-03T07:00:56","date_gmt":"2023-01-03T10:00:56","guid":{"rendered":"https:\/\/brasilnoticias.org\/site\/?p=3029"},"modified":"2023-01-02T20:28:55","modified_gmt":"2023-01-02T23:28:55","slug":"presidente-da-fifa-pede-que-todos-os-paises-nomeiem-estadios-de-pele","status":"publish","type":"post","link":"https:\/\/brasilnoticias.org\/site\/presidente-da-fifa-pede-que-todos-os-paises-nomeiem-estadios-de-pele\/","title":{"rendered":"Presidente da Fifa pede que todos os pa\u00edses nomeiem est\u00e1dios de Pel\u00e9"},"content":{"rendered":"<div class=\"col-lg-12 col-md-12 col-sm-6 col-xs-6\">\n<p>O presidente da Fifa, Gianni Infantino, disse que pedir\u00e1 para que federa\u00e7\u00f5es internacionais filiadas \u00e0 entidade nomeiem pelo menos um est\u00e1dio cada para homenagear Pel\u00e9, morto na \u00faltima quinta-feira (29) por fal\u00eancia de m\u00faltiplos \u00f3rg\u00e3os em decorr\u00eancia da progress\u00e3o de um c\u00e2ncer de c\u00f3lon.<\/p>\n<p>&#8220;Vamos pedir para que todos os pa\u00edses do mundo tenham pelo menos um est\u00e1dio com o nome do Pel\u00e9 para que as crian\u00e7as saibam a import\u00e2ncia dele. \u00c9 um grande do futebol que nos emocionou&#8221;, disse Infantino.<\/p>\n<p>O dirigente da entidade chegou \u00e0 Vila Belmiro para acompanhar o vel\u00f3rio do Rei do Futebol ao lado do presidente da CBF, Ednaldo Rodrigues, da Conmebol, Alejandro Dom\u00ednguez, e da FPF (Federa\u00e7\u00e3o Paulista de Futebol), Reinaldo Carneiro Bastos.<\/p>\n<p>&#8220;A propositura [dos tr\u00eas cora\u00e7\u00f5es na camisa] foi feita e segue firme, \u00e9 uma quest\u00e3o de justi\u00e7a apenas. O Pel\u00e9 fica nos cora\u00e7\u00f5es de todas as pessoas que amam o futebol&#8221;, concordou Dom\u00ednguez.<\/p>\n<p>Infantino e os outros cartolas subiram \u00e0 sala da presid\u00eancia do Santos Futebol Clube, Andres Rueda, para aguardar o in\u00edcio da cerim\u00f4nia, prevista para \u00e0s 10h (de Bras\u00edlia).<\/p>\n<p>&#8220;O Pel\u00e9 era uma lenda e foi um presente dos deuses para dar emo\u00e7\u00f5es para as pessoas. Muitas pessoas tiveram emo\u00e7\u00f5es e riram gra\u00e7as ao Pel\u00e9 porque ele deu isso para as pessoas&#8221;, afirmou.<\/p>\n<p>Antes de ser aberto ao p\u00fablico, a Vila Belmiro j\u00e1 contava com consider\u00e1vel fila nos arredores do est\u00e1dio. O presidente da CBF, Ednaldo Rodrigues, lembrou da primeira partida em que viu Pel\u00e9 jogar, em Ilh\u00e9us.<\/p>\n<p>&#8220;Inesquec\u00edvel, eu tinha 13 anos, mas desde os nove j\u00e1 ouvia os feitos do Pel\u00e9. Era muito dif\u00edcil ter televis\u00e3o naquele per\u00edodo, mas a gente ouvia no r\u00e1dio. O Santos foi jogar em Ilh\u00e9us conta a sele\u00e7\u00e3o de ilh\u00e9us e eu pedi ao meu pai que me levasse para o jogo. \u00c9 um momento que eu jamais vou esquecer. O Santos venceu por 3 a 1 e ele fez o terceiro gol. A torcida ia a loucura sempre que o Pel\u00e9 pegava na bola. Acho que todo mundo era Santos, mesmo sendo ilheense&#8221;, contou.<\/p>\n<p>O corpo do ex-jogador chegou ao est\u00e1dio que o projetou ao futebol as 4h54, ap\u00f3s duas horas de cortejo desde o Hospital Albert Einstein, na zona sul de S\u00e3o Paulo.<\/p>\n<p>Integrantes de uma torcida organizada soltaram fogos na chegada do corpo em carro funer\u00e1rio escoltado por batedores e carros da pol\u00edcia.<\/p>\n<p>Desde ent\u00e3o, a fila foi crescendo lentamente at\u00e9 torcedores e f\u00e3s chegarem em peso a partir das 8h30.<\/p>\n<p>Antes dos dirigentes, a primeira autoridade no vel\u00f3rio foi o ministro Gilmar Mendes, torcedor do Santos e amigo do Rei do Futebol.<\/p>\n<p class=\"news-main-image-copyright text-left\">Foto AgNews<\/p>\n<\/div>\n<div class=\"col-sm-6 col-xs-6 no-padding visible-sm visible-xs\">Not\u00edcias ao minuto<\/div>\n","protected":false},"excerpt":{"rendered":"<p>O presidente da Fifa, Gianni Infantino, disse que pedir\u00e1 para que federa\u00e7\u00f5es internacionais filiadas \u00e0 entidade nomeiem pelo menos um<\/p>\n","protected":false},"author":1,"featured_media":3030,"comment_status":"open","ping_status":"open","sticky":false,"template":"","format":"standard","meta":{"colormag_page_container_layout":"default_layout","colormag_page_sidebar_layout":"default_layout","_FSMCFIC_featured_image_caption":"","_FSMCFIC_featured_image_nocaption":"","_FSMCFIC_featured_image_hide":"","footnotes":""},"categories":[2,1],"tags":[],"class_list":["post-3029","post","type-post","status-publish","format-standard","has-post-thumbnail","hentry","category-noticias","category-ultimas"],"yoast_head":"<!-- This site is optimized with the Yoast SEO plugin v27.1.1 - https:\/\/yoast.com\/product\/yoast-seo-wordpress\/ -->\n<title>Presidente da Fifa pede que todos os pa\u00edses nomeiem est\u00e1dios de Pel\u00e9 - Brasil not\u00edcias<\/title>\n<meta name=\"robots\" content=\"index, follow, max-snippet:-1, max-image-preview:large, max-video-preview:-1\" \/>\n<link rel=\"canonical\" href=\"https:\/\/brasilnoticias.org\/site\/presidente-da-fifa-pede-que-todos-os-paises-nomeiem-estadios-de-pele\/\" \/>\n<meta property=\"og:locale\" content=\"pt_PT\" \/>\n<meta property=\"og:type\" content=\"article\" \/>\n<meta property=\"og:title\" content=\"Presidente da Fifa pede que todos os pa\u00edses nomeiem est\u00e1dios de Pel\u00e9 - Brasil not\u00edcias\" \/>\n<meta property=\"og:description\" content=\"O presidente da Fifa, Gianni Infantino, disse que pedir\u00e1 para que federa\u00e7\u00f5es internacionais filiadas \u00e0 entidade nomeiem pelo menos um\" \/>\n<meta property=\"og:url\" content=\"https:\/\/brasilnoticias.org\/site\/presidente-da-fifa-pede-que-todos-os-paises-nomeiem-estadios-de-pele\/\" \/>\n<meta property=\"og:site_name\" content=\"Brasil not\u00edcias\" \/>\n<meta property=\"article:published_time\" content=\"2023-01-03T10:00:56+00:00\" \/>\n<meta property=\"og:image\" content=\"https:\/\/brasilnoticias.org\/site\/wp-content\/uploads\/2023\/01\/naom_63b2de42114ea.jpg\" \/>\n\t<meta property=\"og:image:width\" content=\"960\" \/>\n\t<meta property=\"og:image:height\" content=\"540\" \/>\n\t<meta property=\"og:image:type\" content=\"image\/jpeg\" \/>\n<meta name=\"author\" content=\"Reda\u00e7\u00e3o\" \/>\n<meta name=\"twitter:card\" content=\"summary_large_image\" \/>\n<meta name=\"twitter:label1\" content=\"Escrito por\" \/>\n\t<meta name=\"twitter:data1\" content=\"Reda\u00e7\u00e3o\" \/>\n\t<meta name=\"twitter:label2\" content=\"Tempo estimado de leitura\" \/>\n\t<meta name=\"twitter:data2\" content=\"2 minutos\" \/>\n<script type=\"application\/ld+json\" class=\"yoast-schema-graph\">{\"@context\":\"https:\/\/schema.org\",\"@graph\":[{\"@type\":\"Article\",\"@id\":\"https:\/\/brasilnoticias.org\/site\/presidente-da-fifa-pede-que-todos-os-paises-nomeiem-estadios-de-pele\/#article\",\"isPartOf\":{\"@id\":\"https:\/\/brasilnoticias.org\/site\/presidente-da-fifa-pede-que-todos-os-paises-nomeiem-estadios-de-pele\/\"},\"author\":{\"name\":\"Reda\u00e7\u00e3o\",\"@id\":\"https:\/\/brasilnoticias.org\/site\/#\/schema\/person\/a0e05b973ec4d15c658d51911e53507b\"},\"headline\":\"Presidente da Fifa pede que todos os pa\u00edses nomeiem est\u00e1dios de Pel\u00e9\",\"datePublished\":\"2023-01-03T10:00:56+00:00\",\"mainEntityOfPage\":{\"@id\":\"https:\/\/brasilnoticias.org\/site\/presidente-da-fifa-pede-que-todos-os-paises-nomeiem-estadios-de-pele\/\"},\"wordCount\":493,\"commentCount\":0,\"publisher\":{\"@id\":\"https:\/\/brasilnoticias.org\/site\/#organization\"},\"image\":{\"@id\":\"https:\/\/brasilnoticias.org\/site\/presidente-da-fifa-pede-que-todos-os-paises-nomeiem-estadios-de-pele\/#primaryimage\"},\"thumbnailUrl\":\"https:\/\/brasilnoticias.org\/site\/wp-content\/uploads\/2023\/01\/naom_63b2de42114ea.jpg\",\"articleSection\":[\"Not\u00edcias\",\"\u00daltimas\"],\"inLanguage\":\"pt-PT\",\"potentialAction\":[{\"@type\":\"CommentAction\",\"name\":\"Comment\",\"target\":[\"https:\/\/brasilnoticias.org\/site\/presidente-da-fifa-pede-que-todos-os-paises-nomeiem-estadios-de-pele\/#respond\"]}]},{\"@type\":\"WebPage\",\"@id\":\"https:\/\/brasilnoticias.org\/site\/presidente-da-fifa-pede-que-todos-os-paises-nomeiem-estadios-de-pele\/\",\"url\":\"https:\/\/brasilnoticias.org\/site\/presidente-da-fifa-pede-que-todos-os-paises-nomeiem-estadios-de-pele\/\",\"name\":\"Presidente da Fifa pede que todos os pa\u00edses nomeiem est\u00e1dios de Pel\u00e9 - Brasil not\u00edcias\",\"isPartOf\":{\"@id\":\"https:\/\/brasilnoticias.org\/site\/#website\"},\"primaryImageOfPage\":{\"@id\":\"https:\/\/brasilnoticias.org\/site\/presidente-da-fifa-pede-que-todos-os-paises-nomeiem-estadios-de-pele\/#primaryimage\"},\"image\":{\"@id\":\"https:\/\/brasilnoticias.org\/site\/presidente-da-fifa-pede-que-todos-os-paises-nomeiem-estadios-de-pele\/#primaryimage\"},\"thumbnailUrl\":\"https:\/\/brasilnoticias.org\/site\/wp-content\/uploads\/2023\/01\/naom_63b2de42114ea.jpg\",\"datePublished\":\"2023-01-03T10:00:56+00:00\",\"breadcrumb\":{\"@id\":\"https:\/\/brasilnoticias.org\/site\/presidente-da-fifa-pede-que-todos-os-paises-nomeiem-estadios-de-pele\/#breadcrumb\"},\"inLanguage\":\"pt-PT\",\"potentialAction\":[{\"@type\":\"ReadAction\",\"target\":[\"https:\/\/brasilnoticias.org\/site\/presidente-da-fifa-pede-que-todos-os-paises-nomeiem-estadios-de-pele\/\"]}]},{\"@type\":\"ImageObject\",\"inLanguage\":\"pt-PT\",\"@id\":\"https:\/\/brasilnoticias.org\/site\/presidente-da-fifa-pede-que-todos-os-paises-nomeiem-estadios-de-pele\/#primaryimage\",\"url\":\"https:\/\/brasilnoticias.org\/site\/wp-content\/uploads\/2023\/01\/naom_63b2de42114ea.jpg\",\"contentUrl\":\"https:\/\/brasilnoticias.org\/site\/wp-content\/uploads\/2023\/01\/naom_63b2de42114ea.jpg\",\"width\":960,\"height\":540},{\"@type\":\"BreadcrumbList\",\"@id\":\"https:\/\/brasilnoticias.org\/site\/presidente-da-fifa-pede-que-todos-os-paises-nomeiem-estadios-de-pele\/#breadcrumb\",\"itemListElement\":[{\"@type\":\"ListItem\",\"position\":1,\"name\":\"In\u00edcio\",\"item\":\"https:\/\/brasilnoticias.org\/site\/\"},{\"@type\":\"ListItem\",\"position\":2,\"name\":\"Presidente da Fifa pede que todos os pa\u00edses nomeiem est\u00e1dios de Pel\u00e9\"}]},{\"@type\":\"WebSite\",\"@id\":\"https:\/\/brasilnoticias.org\/site\/#website\",\"url\":\"https:\/\/brasilnoticias.org\/site\/\",\"name\":\"Brasil not\u00edcias\",\"description\":\"Brasil not\u00edcias\",\"publisher\":{\"@id\":\"https:\/\/brasilnoticias.org\/site\/#organization\"},\"potentialAction\":[{\"@type\":\"SearchAction\",\"target\":{\"@type\":\"EntryPoint\",\"urlTemplate\":\"https:\/\/brasilnoticias.org\/site\/?s={search_term_string}\"},\"query-input\":{\"@type\":\"PropertyValueSpecification\",\"valueRequired\":true,\"valueName\":\"search_term_string\"}}],\"inLanguage\":\"pt-PT\"},{\"@type\":\"Organization\",\"@id\":\"https:\/\/brasilnoticias.org\/site\/#organization\",\"name\":\"Brasil not\u00edcias\",\"url\":\"https:\/\/brasilnoticias.org\/site\/\",\"logo\":{\"@type\":\"ImageObject\",\"inLanguage\":\"pt-PT\",\"@id\":\"https:\/\/brasilnoticias.org\/site\/#\/schema\/logo\/image\/\",\"url\":\"https:\/\/brasilnoticias.org\/site\/wp-content\/uploads\/2022\/05\/cropped-brasilnoticias-mini.jpg\",\"contentUrl\":\"https:\/\/brasilnoticias.org\/site\/wp-content\/uploads\/2022\/05\/cropped-brasilnoticias-mini.jpg\",\"width\":314,\"height\":86,\"caption\":\"Brasil not\u00edcias\"},\"image\":{\"@id\":\"https:\/\/brasilnoticias.org\/site\/#\/schema\/logo\/image\/\"}},{\"@type\":\"Person\",\"@id\":\"https:\/\/brasilnoticias.org\/site\/#\/schema\/person\/a0e05b973ec4d15c658d51911e53507b\",\"name\":\"Reda\u00e7\u00e3o\",\"image\":{\"@type\":\"ImageObject\",\"inLanguage\":\"pt-PT\",\"@id\":\"https:\/\/brasilnoticias.org\/site\/#\/schema\/person\/image\/\",\"url\":\"https:\/\/secure.gravatar.com\/avatar\/75d8b050df2de108b08ae78dfb8e374892df24a383c67db9c46a9c604f6aee9c?s=96&d=mm&r=g\",\"contentUrl\":\"https:\/\/secure.gravatar.com\/avatar\/75d8b050df2de108b08ae78dfb8e374892df24a383c67db9c46a9c604f6aee9c?s=96&d=mm&r=g\",\"caption\":\"Reda\u00e7\u00e3o\"},\"sameAs\":[\"https:\/\/brasilnoticias.org\/site\"],\"url\":\"https:\/\/brasilnoticias.org\/site\/author\/fernandozsngmail-com\/\"}]}<\/script>\n<!-- \/ Yoast SEO plugin. -->","yoast_head_json":{"title":"Presidente da Fifa pede que todos os pa\u00edses nomeiem est\u00e1dios de Pel\u00e9 - Brasil not\u00edcias","robots":{"index":"index","follow":"follow","max-snippet":"max-snippet:-1","max-image-preview":"max-image-preview:large","max-video-preview":"max-video-preview:-1"},"canonical":"https:\/\/brasilnoticias.org\/site\/presidente-da-fifa-pede-que-todos-os-paises-nomeiem-estadios-de-pele\/","og_locale":"pt_PT","og_type":"article","og_title":"Presidente da Fifa pede que todos os pa\u00edses nomeiem est\u00e1dios de Pel\u00e9 - Brasil not\u00edcias","og_description":"O presidente da Fifa, Gianni Infantino, disse que pedir\u00e1 para que federa\u00e7\u00f5es internacionais filiadas \u00e0 entidade nomeiem pelo menos um","og_url":"https:\/\/brasilnoticias.org\/site\/presidente-da-fifa-pede-que-todos-os-paises-nomeiem-estadios-de-pele\/","og_site_name":"Brasil not\u00edcias","article_published_time":"2023-01-03T10:00:56+00:00","og_image":[{"width":960,"height":540,"url":"https:\/\/brasilnoticias.org\/site\/wp-content\/uploads\/2023\/01\/naom_63b2de42114ea.jpg","type":"image\/jpeg"}],"author":"Reda\u00e7\u00e3o","twitter_card":"summary_large_image","twitter_misc":{"Escrito por":"Reda\u00e7\u00e3o","Tempo estimado de leitura":"2 minutos"},"schema":{"@context":"https:\/\/schema.org","@graph":[{"@type":"Article","@id":"https:\/\/brasilnoticias.org\/site\/presidente-da-fifa-pede-que-todos-os-paises-nomeiem-estadios-de-pele\/#article","isPartOf":{"@id":"https:\/\/brasilnoticias.org\/site\/presidente-da-fifa-pede-que-todos-os-paises-nomeiem-estadios-de-pele\/"},"author":{"name":"Reda\u00e7\u00e3o","@id":"https:\/\/brasilnoticias.org\/site\/#\/schema\/person\/a0e05b973ec4d15c658d51911e53507b"},"headline":"Presidente da Fifa pede que todos os pa\u00edses nomeiem est\u00e1dios de Pel\u00e9","datePublished":"2023-01-03T10:00:56+00:00","mainEntityOfPage":{"@id":"https:\/\/brasilnoticias.org\/site\/presidente-da-fifa-pede-que-todos-os-paises-nomeiem-estadios-de-pele\/"},"wordCount":493,"commentCount":0,"publisher":{"@id":"https:\/\/brasilnoticias.org\/site\/#organization"},"image":{"@id":"https:\/\/brasilnoticias.org\/site\/presidente-da-fifa-pede-que-todos-os-paises-nomeiem-estadios-de-pele\/#primaryimage"},"thumbnailUrl":"https:\/\/brasilnoticias.org\/site\/wp-content\/uploads\/2023\/01\/naom_63b2de42114ea.jpg","articleSection":["Not\u00edcias","\u00daltimas"],"inLanguage":"pt-PT","potentialAction":[{"@type":"CommentAction","name":"Comment","target":["https:\/\/brasilnoticias.org\/site\/presidente-da-fifa-pede-que-todos-os-paises-nomeiem-estadios-de-pele\/#respond"]}]},{"@type":"WebPage","@id":"https:\/\/brasilnoticias.org\/site\/presidente-da-fifa-pede-que-todos-os-paises-nomeiem-estadios-de-pele\/","url":"https:\/\/brasilnoticias.org\/site\/presidente-da-fifa-pede-que-todos-os-paises-nomeiem-estadios-de-pele\/","name":"Presidente da Fifa pede que todos os pa\u00edses nomeiem est\u00e1dios de Pel\u00e9 - Brasil not\u00edcias","isPartOf":{"@id":"https:\/\/brasilnoticias.org\/site\/#website"},"primaryImageOfPage":{"@id":"https:\/\/brasilnoticias.org\/site\/presidente-da-fifa-pede-que-todos-os-paises-nomeiem-estadios-de-pele\/#primaryimage"},"image":{"@id":"https:\/\/brasilnoticias.org\/site\/presidente-da-fifa-pede-que-todos-os-paises-nomeiem-estadios-de-pele\/#primaryimage"},"thumbnailUrl":"https:\/\/brasilnoticias.org\/site\/wp-content\/uploads\/2023\/01\/naom_63b2de42114ea.jpg","datePublished":"2023-01-03T10:00:56+00:00","breadcrumb":{"@id":"https:\/\/brasilnoticias.org\/site\/presidente-da-fifa-pede-que-todos-os-paises-nomeiem-estadios-de-pele\/#breadcrumb"},"inLanguage":"pt-PT","potentialAction":[{"@type":"ReadAction","target":["https:\/\/brasilnoticias.org\/site\/presidente-da-fifa-pede-que-todos-os-paises-nomeiem-estadios-de-pele\/"]}]},{"@type":"ImageObject","inLanguage":"pt-PT","@id":"https:\/\/brasilnoticias.org\/site\/presidente-da-fifa-pede-que-todos-os-paises-nomeiem-estadios-de-pele\/#primaryimage","url":"https:\/\/brasilnoticias.org\/site\/wp-content\/uploads\/2023\/01\/naom_63b2de42114ea.jpg","contentUrl":"https:\/\/brasilnoticias.org\/site\/wp-content\/uploads\/2023\/01\/naom_63b2de42114ea.jpg","width":960,"height":540},{"@type":"BreadcrumbList","@id":"https:\/\/brasilnoticias.org\/site\/presidente-da-fifa-pede-que-todos-os-paises-nomeiem-estadios-de-pele\/#breadcrumb","itemListElement":[{"@type":"ListItem","position":1,"name":"In\u00edcio","item":"https:\/\/brasilnoticias.org\/site\/"},{"@type":"ListItem","position":2,"name":"Presidente da Fifa pede que todos os pa\u00edses nomeiem est\u00e1dios de Pel\u00e9"}]},{"@type":"WebSite","@id":"https:\/\/brasilnoticias.org\/site\/#website","url":"https:\/\/brasilnoticias.org\/site\/","name":"Brasil not\u00edcias","description":"Brasil not\u00edcias","publisher":{"@id":"https:\/\/brasilnoticias.org\/site\/#organization"},"potentialAction":[{"@type":"SearchAction","target":{"@type":"EntryPoint","urlTemplate":"https:\/\/brasilnoticias.org\/site\/?s={search_term_string}"},"query-input":{"@type":"PropertyValueSpecification","valueRequired":true,"valueName":"search_term_string"}}],"inLanguage":"pt-PT"},{"@type":"Organization","@id":"https:\/\/brasilnoticias.org\/site\/#organization","name":"Brasil not\u00edcias","url":"https:\/\/brasilnoticias.org\/site\/","logo":{"@type":"ImageObject","inLanguage":"pt-PT","@id":"https:\/\/brasilnoticias.org\/site\/#\/schema\/logo\/image\/","url":"https:\/\/brasilnoticias.org\/site\/wp-content\/uploads\/2022\/05\/cropped-brasilnoticias-mini.jpg","contentUrl":"https:\/\/brasilnoticias.org\/site\/wp-content\/uploads\/2022\/05\/cropped-brasilnoticias-mini.jpg","width":314,"height":86,"caption":"Brasil not\u00edcias"},"image":{"@id":"https:\/\/brasilnoticias.org\/site\/#\/schema\/logo\/image\/"}},{"@type":"Person","@id":"https:\/\/brasilnoticias.org\/site\/#\/schema\/person\/a0e05b973ec4d15c658d51911e53507b","name":"Reda\u00e7\u00e3o","image":{"@type":"ImageObject","inLanguage":"pt-PT","@id":"https:\/\/brasilnoticias.org\/site\/#\/schema\/person\/image\/","url":"https:\/\/secure.gravatar.com\/avatar\/75d8b050df2de108b08ae78dfb8e374892df24a383c67db9c46a9c604f6aee9c?s=96&d=mm&r=g","contentUrl":"https:\/\/secure.gravatar.com\/avatar\/75d8b050df2de108b08ae78dfb8e374892df24a383c67db9c46a9c604f6aee9c?s=96&d=mm&r=g","caption":"Reda\u00e7\u00e3o"},"sameAs":["https:\/\/brasilnoticias.org\/site"],"url":"https:\/\/brasilnoticias.org\/site\/author\/fernandozsngmail-com\/"}]}},"_links":{"self":[{"href":"https:\/\/brasilnoticias.org\/site\/wp-json\/wp\/v2\/posts\/3029","targetHints":{"allow":["GET"]}}],"collection":[{"href":"https:\/\/brasilnoticias.org\/site\/wp-json\/wp\/v2\/posts"}],"about":[{"href":"https:\/\/brasilnoticias.org\/site\/wp-json\/wp\/v2\/types\/post"}],"author":[{"embeddable":true,"href":"https:\/\/brasilnoticias.org\/site\/wp-json\/wp\/v2\/users\/1"}],"replies":[{"embeddable":true,"href":"https:\/\/brasilnoticias.org\/site\/wp-json\/wp\/v2\/comments?post=3029"}],"version-history":[{"count":1,"href":"https:\/\/brasilnoticias.org\/site\/wp-json\/wp\/v2\/posts\/3029\/revisions"}],"predecessor-version":[{"id":3031,"href":"https:\/\/brasilnoticias.org\/site\/wp-json\/wp\/v2\/posts\/3029\/revisions\/3031"}],"wp:featuredmedia":[{"embeddable":true,"href":"https:\/\/brasilnoticias.org\/site\/wp-json\/wp\/v2\/media\/3030"}],"wp:attachment":[{"href":"https:\/\/brasilnoticias.org\/site\/wp-json\/wp\/v2\/media?parent=3029"}],"wp:term":[{"taxonomy":"category","embeddable":true,"href":"https:\/\/brasilnoticias.org\/site\/wp-json\/wp\/v2\/categories?post=3029"},{"taxonomy":"post_tag","embeddable":true,"href":"https:\/\/brasilnoticias.org\/site\/wp-json\/wp\/v2\/tags?post=3029"}],"curies":[{"name":"wp","href":"https:\/\/api.w.org\/{rel}","templated":true}]}}