{"id":3044,"date":"2023-01-03T18:22:37","date_gmt":"2023-01-03T21:22:37","guid":{"rendered":"https:\/\/brasilnoticias.org\/site\/?p=3044"},"modified":"2023-01-03T18:22:37","modified_gmt":"2023-01-03T21:22:37","slug":"batida-entre-bicicleta-e-carreta-na-br-324-resulta-em-uma-vitima-fatal","status":"publish","type":"post","link":"https:\/\/brasilnoticias.org\/site\/batida-entre-bicicleta-e-carreta-na-br-324-resulta-em-uma-vitima-fatal\/","title":{"rendered":"Batida entre bicicleta e carreta na BR-324 resulta em uma v\u00edtima fatal"},"content":{"rendered":"<div class=\"styles__Body-sc-1ffquwr-7 ePhtZb\">\n<p>Um ciclista foi morto em um acidente de tr\u00e2nsito, registrado durante a tarde desta ter\u00e7a-feira (3) em um trecho da BR-324, no munic\u00edpio baiano de Feira de Santana.<\/p>\n<p>Segundo a Pol\u00edcia Rodovi\u00e1ria Federal (PRF), o acidente ocorreu porque o condutor da bicicleta colidiu contra uma carreta que transitava na regi\u00e3o.<\/p>\n<p>Ainda de acordo com o \u00f3rg\u00e3o, por conta da batida, a via ficou parcialmente interditada, resultando em congestionamento. At\u00e9 o momento. n\u00e3o foram divulgadas mais informa\u00e7\u00f5es a respeito da situa\u00e7\u00e3o atual na localidade.<\/p>\n<\/div>\n<div class=\"styles__RelatedWrapper-sc-1ffquwr-8 byMLWm\"><\/div>\n<p>&nbsp;<\/p>\n<p class=\"image-credit\">Foto:\u00a0<b>Reprodu\u00e7\u00e3o\/PF<\/b><\/p>\n<p class=\"author\">Por:\u00a0<b>Metro1<\/b><\/p>\n","protected":false},"excerpt":{"rendered":"<p>Um ciclista foi morto em um acidente de tr\u00e2nsito, registrado durante a tarde desta ter\u00e7a-feira (3) em um trecho da<\/p>\n","protected":false},"author":1,"featured_media":3045,"comment_status":"open","ping_status":"open","sticky":false,"template":"","format":"standard","meta":{"colormag_page_container_layout":"default_layout","colormag_page_sidebar_layout":"default_layout","_FSMCFIC_featured_image_caption":"","_FSMCFIC_featured_image_nocaption":"","_FSMCFIC_featured_image_hide":"","footnotes":""},"categories":[3,1],"tags":[],"class_list":["post-3044","post","type-post","status-publish","format-standard","has-post-thumbnail","hentry","category-policia","category-ultimas"],"yoast_head":"<!-- This site is optimized with the Yoast SEO plugin v27.1.1 - https:\/\/yoast.com\/product\/yoast-seo-wordpress\/ -->\n<title>Batida entre bicicleta e carreta na BR-324 resulta em uma v\u00edtima fatal - Brasil not\u00edcias<\/title>\n<meta name=\"robots\" content=\"index, follow, max-snippet:-1, max-image-preview:large, max-video-preview:-1\" \/>\n<link rel=\"canonical\" href=\"https:\/\/brasilnoticias.org\/site\/batida-entre-bicicleta-e-carreta-na-br-324-resulta-em-uma-vitima-fatal\/\" \/>\n<meta property=\"og:locale\" content=\"pt_PT\" \/>\n<meta property=\"og:type\" content=\"article\" \/>\n<meta property=\"og:title\" content=\"Batida entre bicicleta e carreta na BR-324 resulta em uma v\u00edtima fatal - Brasil not\u00edcias\" \/>\n<meta property=\"og:description\" content=\"Um ciclista foi morto em um acidente de tr\u00e2nsito, registrado durante a tarde desta ter\u00e7a-feira (3) em um trecho da\" \/>\n<meta property=\"og:url\" content=\"https:\/\/brasilnoticias.org\/site\/batida-entre-bicicleta-e-carreta-na-br-324-resulta-em-uma-vitima-fatal\/\" \/>\n<meta property=\"og:site_name\" content=\"Brasil not\u00edcias\" \/>\n<meta property=\"article:published_time\" content=\"2023-01-03T21:22:37+00:00\" \/>\n<meta property=\"og:image\" content=\"https:\/\/brasilnoticias.org\/site\/wp-content\/uploads\/2023\/01\/132000batida-entre-bicicleta-e-carreta-na-br-324-resulta-em-uma-vitima-fatal-3.jpg\" \/>\n\t<meta property=\"og:image:width\" content=\"1600\" \/>\n\t<meta property=\"og:image:height\" content=\"752\" \/>\n\t<meta property=\"og:image:type\" content=\"image\/jpeg\" \/>\n<meta name=\"author\" content=\"Reda\u00e7\u00e3o\" \/>\n<meta name=\"twitter:card\" content=\"summary_large_image\" \/>\n<meta name=\"twitter:label1\" content=\"Escrito por\" \/>\n\t<meta name=\"twitter:data1\" content=\"Reda\u00e7\u00e3o\" \/>\n<script type=\"application\/ld+json\" class=\"yoast-schema-graph\">{\"@context\":\"https:\/\/schema.org\",\"@graph\":[{\"@type\":\"Article\",\"@id\":\"https:\/\/brasilnoticias.org\/site\/batida-entre-bicicleta-e-carreta-na-br-324-resulta-em-uma-vitima-fatal\/#article\",\"isPartOf\":{\"@id\":\"https:\/\/brasilnoticias.org\/site\/batida-entre-bicicleta-e-carreta-na-br-324-resulta-em-uma-vitima-fatal\/\"},\"author\":{\"name\":\"Reda\u00e7\u00e3o\",\"@id\":\"https:\/\/brasilnoticias.org\/site\/#\/schema\/person\/a0e05b973ec4d15c658d51911e53507b\"},\"headline\":\"Batida entre bicicleta e carreta na BR-324 resulta em uma v\u00edtima fatal\",\"datePublished\":\"2023-01-03T21:22:37+00:00\",\"mainEntityOfPage\":{\"@id\":\"https:\/\/brasilnoticias.org\/site\/batida-entre-bicicleta-e-carreta-na-br-324-resulta-em-uma-vitima-fatal\/\"},\"wordCount\":112,\"commentCount\":0,\"publisher\":{\"@id\":\"https:\/\/brasilnoticias.org\/site\/#organization\"},\"image\":{\"@id\":\"https:\/\/brasilnoticias.org\/site\/batida-entre-bicicleta-e-carreta-na-br-324-resulta-em-uma-vitima-fatal\/#primaryimage\"},\"thumbnailUrl\":\"https:\/\/brasilnoticias.org\/site\/wp-content\/uploads\/2023\/01\/132000batida-entre-bicicleta-e-carreta-na-br-324-resulta-em-uma-vitima-fatal-3.jpg\",\"articleSection\":[\"Pol\u00edcia\",\"\u00daltimas\"],\"inLanguage\":\"pt-PT\",\"potentialAction\":[{\"@type\":\"CommentAction\",\"name\":\"Comment\",\"target\":[\"https:\/\/brasilnoticias.org\/site\/batida-entre-bicicleta-e-carreta-na-br-324-resulta-em-uma-vitima-fatal\/#respond\"]}]},{\"@type\":\"WebPage\",\"@id\":\"https:\/\/brasilnoticias.org\/site\/batida-entre-bicicleta-e-carreta-na-br-324-resulta-em-uma-vitima-fatal\/\",\"url\":\"https:\/\/brasilnoticias.org\/site\/batida-entre-bicicleta-e-carreta-na-br-324-resulta-em-uma-vitima-fatal\/\",\"name\":\"Batida entre bicicleta e carreta na BR-324 resulta em uma v\u00edtima fatal - Brasil not\u00edcias\",\"isPartOf\":{\"@id\":\"https:\/\/brasilnoticias.org\/site\/#website\"},\"primaryImageOfPage\":{\"@id\":\"https:\/\/brasilnoticias.org\/site\/batida-entre-bicicleta-e-carreta-na-br-324-resulta-em-uma-vitima-fatal\/#primaryimage\"},\"image\":{\"@id\":\"https:\/\/brasilnoticias.org\/site\/batida-entre-bicicleta-e-carreta-na-br-324-resulta-em-uma-vitima-fatal\/#primaryimage\"},\"thumbnailUrl\":\"https:\/\/brasilnoticias.org\/site\/wp-content\/uploads\/2023\/01\/132000batida-entre-bicicleta-e-carreta-na-br-324-resulta-em-uma-vitima-fatal-3.jpg\",\"datePublished\":\"2023-01-03T21:22:37+00:00\",\"breadcrumb\":{\"@id\":\"https:\/\/brasilnoticias.org\/site\/batida-entre-bicicleta-e-carreta-na-br-324-resulta-em-uma-vitima-fatal\/#breadcrumb\"},\"inLanguage\":\"pt-PT\",\"potentialAction\":[{\"@type\":\"ReadAction\",\"target\":[\"https:\/\/brasilnoticias.org\/site\/batida-entre-bicicleta-e-carreta-na-br-324-resulta-em-uma-vitima-fatal\/\"]}]},{\"@type\":\"ImageObject\",\"inLanguage\":\"pt-PT\",\"@id\":\"https:\/\/brasilnoticias.org\/site\/batida-entre-bicicleta-e-carreta-na-br-324-resulta-em-uma-vitima-fatal\/#primaryimage\",\"url\":\"https:\/\/brasilnoticias.org\/site\/wp-content\/uploads\/2023\/01\/132000batida-entre-bicicleta-e-carreta-na-br-324-resulta-em-uma-vitima-fatal-3.jpg\",\"contentUrl\":\"https:\/\/brasilnoticias.org\/site\/wp-content\/uploads\/2023\/01\/132000batida-entre-bicicleta-e-carreta-na-br-324-resulta-em-uma-vitima-fatal-3.jpg\",\"width\":1600,\"height\":752},{\"@type\":\"BreadcrumbList\",\"@id\":\"https:\/\/brasilnoticias.org\/site\/batida-entre-bicicleta-e-carreta-na-br-324-resulta-em-uma-vitima-fatal\/#breadcrumb\",\"itemListElement\":[{\"@type\":\"ListItem\",\"position\":1,\"name\":\"In\u00edcio\",\"item\":\"https:\/\/brasilnoticias.org\/site\/\"},{\"@type\":\"ListItem\",\"position\":2,\"name\":\"Batida entre bicicleta e carreta na BR-324 resulta em uma v\u00edtima fatal\"}]},{\"@type\":\"WebSite\",\"@id\":\"https:\/\/brasilnoticias.org\/site\/#website\",\"url\":\"https:\/\/brasilnoticias.org\/site\/\",\"name\":\"Brasil not\u00edcias\",\"description\":\"Brasil not\u00edcias\",\"publisher\":{\"@id\":\"https:\/\/brasilnoticias.org\/site\/#organization\"},\"potentialAction\":[{\"@type\":\"SearchAction\",\"target\":{\"@type\":\"EntryPoint\",\"urlTemplate\":\"https:\/\/brasilnoticias.org\/site\/?s={search_term_string}\"},\"query-input\":{\"@type\":\"PropertyValueSpecification\",\"valueRequired\":true,\"valueName\":\"search_term_string\"}}],\"inLanguage\":\"pt-PT\"},{\"@type\":\"Organization\",\"@id\":\"https:\/\/brasilnoticias.org\/site\/#organization\",\"name\":\"Brasil not\u00edcias\",\"url\":\"https:\/\/brasilnoticias.org\/site\/\",\"logo\":{\"@type\":\"ImageObject\",\"inLanguage\":\"pt-PT\",\"@id\":\"https:\/\/brasilnoticias.org\/site\/#\/schema\/logo\/image\/\",\"url\":\"https:\/\/brasilnoticias.org\/site\/wp-content\/uploads\/2022\/05\/cropped-brasilnoticias-mini.jpg\",\"contentUrl\":\"https:\/\/brasilnoticias.org\/site\/wp-content\/uploads\/2022\/05\/cropped-brasilnoticias-mini.jpg\",\"width\":314,\"height\":86,\"caption\":\"Brasil not\u00edcias\"},\"image\":{\"@id\":\"https:\/\/brasilnoticias.org\/site\/#\/schema\/logo\/image\/\"}},{\"@type\":\"Person\",\"@id\":\"https:\/\/brasilnoticias.org\/site\/#\/schema\/person\/a0e05b973ec4d15c658d51911e53507b\",\"name\":\"Reda\u00e7\u00e3o\",\"image\":{\"@type\":\"ImageObject\",\"inLanguage\":\"pt-PT\",\"@id\":\"https:\/\/brasilnoticias.org\/site\/#\/schema\/person\/image\/\",\"url\":\"https:\/\/secure.gravatar.com\/avatar\/75d8b050df2de108b08ae78dfb8e374892df24a383c67db9c46a9c604f6aee9c?s=96&d=mm&r=g\",\"contentUrl\":\"https:\/\/secure.gravatar.com\/avatar\/75d8b050df2de108b08ae78dfb8e374892df24a383c67db9c46a9c604f6aee9c?s=96&d=mm&r=g\",\"caption\":\"Reda\u00e7\u00e3o\"},\"sameAs\":[\"https:\/\/brasilnoticias.org\/site\"],\"url\":\"https:\/\/brasilnoticias.org\/site\/author\/fernandozsngmail-com\/\"}]}<\/script>\n<!-- \/ Yoast SEO plugin. -->","yoast_head_json":{"title":"Batida entre bicicleta e carreta na BR-324 resulta em uma v\u00edtima fatal - Brasil not\u00edcias","robots":{"index":"index","follow":"follow","max-snippet":"max-snippet:-1","max-image-preview":"max-image-preview:large","max-video-preview":"max-video-preview:-1"},"canonical":"https:\/\/brasilnoticias.org\/site\/batida-entre-bicicleta-e-carreta-na-br-324-resulta-em-uma-vitima-fatal\/","og_locale":"pt_PT","og_type":"article","og_title":"Batida entre bicicleta e carreta na BR-324 resulta em uma v\u00edtima fatal - Brasil not\u00edcias","og_description":"Um ciclista foi morto em um acidente de tr\u00e2nsito, registrado durante a tarde desta ter\u00e7a-feira (3) em um trecho da","og_url":"https:\/\/brasilnoticias.org\/site\/batida-entre-bicicleta-e-carreta-na-br-324-resulta-em-uma-vitima-fatal\/","og_site_name":"Brasil not\u00edcias","article_published_time":"2023-01-03T21:22:37+00:00","og_image":[{"width":1600,"height":752,"url":"https:\/\/brasilnoticias.org\/site\/wp-content\/uploads\/2023\/01\/132000batida-entre-bicicleta-e-carreta-na-br-324-resulta-em-uma-vitima-fatal-3.jpg","type":"image\/jpeg"}],"author":"Reda\u00e7\u00e3o","twitter_card":"summary_large_image","twitter_misc":{"Escrito por":"Reda\u00e7\u00e3o"},"schema":{"@context":"https:\/\/schema.org","@graph":[{"@type":"Article","@id":"https:\/\/brasilnoticias.org\/site\/batida-entre-bicicleta-e-carreta-na-br-324-resulta-em-uma-vitima-fatal\/#article","isPartOf":{"@id":"https:\/\/brasilnoticias.org\/site\/batida-entre-bicicleta-e-carreta-na-br-324-resulta-em-uma-vitima-fatal\/"},"author":{"name":"Reda\u00e7\u00e3o","@id":"https:\/\/brasilnoticias.org\/site\/#\/schema\/person\/a0e05b973ec4d15c658d51911e53507b"},"headline":"Batida entre bicicleta e carreta na BR-324 resulta em uma v\u00edtima fatal","datePublished":"2023-01-03T21:22:37+00:00","mainEntityOfPage":{"@id":"https:\/\/brasilnoticias.org\/site\/batida-entre-bicicleta-e-carreta-na-br-324-resulta-em-uma-vitima-fatal\/"},"wordCount":112,"commentCount":0,"publisher":{"@id":"https:\/\/brasilnoticias.org\/site\/#organization"},"image":{"@id":"https:\/\/brasilnoticias.org\/site\/batida-entre-bicicleta-e-carreta-na-br-324-resulta-em-uma-vitima-fatal\/#primaryimage"},"thumbnailUrl":"https:\/\/brasilnoticias.org\/site\/wp-content\/uploads\/2023\/01\/132000batida-entre-bicicleta-e-carreta-na-br-324-resulta-em-uma-vitima-fatal-3.jpg","articleSection":["Pol\u00edcia","\u00daltimas"],"inLanguage":"pt-PT","potentialAction":[{"@type":"CommentAction","name":"Comment","target":["https:\/\/brasilnoticias.org\/site\/batida-entre-bicicleta-e-carreta-na-br-324-resulta-em-uma-vitima-fatal\/#respond"]}]},{"@type":"WebPage","@id":"https:\/\/brasilnoticias.org\/site\/batida-entre-bicicleta-e-carreta-na-br-324-resulta-em-uma-vitima-fatal\/","url":"https:\/\/brasilnoticias.org\/site\/batida-entre-bicicleta-e-carreta-na-br-324-resulta-em-uma-vitima-fatal\/","name":"Batida entre bicicleta e carreta na BR-324 resulta em uma v\u00edtima fatal - Brasil not\u00edcias","isPartOf":{"@id":"https:\/\/brasilnoticias.org\/site\/#website"},"primaryImageOfPage":{"@id":"https:\/\/brasilnoticias.org\/site\/batida-entre-bicicleta-e-carreta-na-br-324-resulta-em-uma-vitima-fatal\/#primaryimage"},"image":{"@id":"https:\/\/brasilnoticias.org\/site\/batida-entre-bicicleta-e-carreta-na-br-324-resulta-em-uma-vitima-fatal\/#primaryimage"},"thumbnailUrl":"https:\/\/brasilnoticias.org\/site\/wp-content\/uploads\/2023\/01\/132000batida-entre-bicicleta-e-carreta-na-br-324-resulta-em-uma-vitima-fatal-3.jpg","datePublished":"2023-01-03T21:22:37+00:00","breadcrumb":{"@id":"https:\/\/brasilnoticias.org\/site\/batida-entre-bicicleta-e-carreta-na-br-324-resulta-em-uma-vitima-fatal\/#breadcrumb"},"inLanguage":"pt-PT","potentialAction":[{"@type":"ReadAction","target":["https:\/\/brasilnoticias.org\/site\/batida-entre-bicicleta-e-carreta-na-br-324-resulta-em-uma-vitima-fatal\/"]}]},{"@type":"ImageObject","inLanguage":"pt-PT","@id":"https:\/\/brasilnoticias.org\/site\/batida-entre-bicicleta-e-carreta-na-br-324-resulta-em-uma-vitima-fatal\/#primaryimage","url":"https:\/\/brasilnoticias.org\/site\/wp-content\/uploads\/2023\/01\/132000batida-entre-bicicleta-e-carreta-na-br-324-resulta-em-uma-vitima-fatal-3.jpg","contentUrl":"https:\/\/brasilnoticias.org\/site\/wp-content\/uploads\/2023\/01\/132000batida-entre-bicicleta-e-carreta-na-br-324-resulta-em-uma-vitima-fatal-3.jpg","width":1600,"height":752},{"@type":"BreadcrumbList","@id":"https:\/\/brasilnoticias.org\/site\/batida-entre-bicicleta-e-carreta-na-br-324-resulta-em-uma-vitima-fatal\/#breadcrumb","itemListElement":[{"@type":"ListItem","position":1,"name":"In\u00edcio","item":"https:\/\/brasilnoticias.org\/site\/"},{"@type":"ListItem","position":2,"name":"Batida entre bicicleta e carreta na BR-324 resulta em uma v\u00edtima fatal"}]},{"@type":"WebSite","@id":"https:\/\/brasilnoticias.org\/site\/#website","url":"https:\/\/brasilnoticias.org\/site\/","name":"Brasil not\u00edcias","description":"Brasil not\u00edcias","publisher":{"@id":"https:\/\/brasilnoticias.org\/site\/#organization"},"potentialAction":[{"@type":"SearchAction","target":{"@type":"EntryPoint","urlTemplate":"https:\/\/brasilnoticias.org\/site\/?s={search_term_string}"},"query-input":{"@type":"PropertyValueSpecification","valueRequired":true,"valueName":"search_term_string"}}],"inLanguage":"pt-PT"},{"@type":"Organization","@id":"https:\/\/brasilnoticias.org\/site\/#organization","name":"Brasil not\u00edcias","url":"https:\/\/brasilnoticias.org\/site\/","logo":{"@type":"ImageObject","inLanguage":"pt-PT","@id":"https:\/\/brasilnoticias.org\/site\/#\/schema\/logo\/image\/","url":"https:\/\/brasilnoticias.org\/site\/wp-content\/uploads\/2022\/05\/cropped-brasilnoticias-mini.jpg","contentUrl":"https:\/\/brasilnoticias.org\/site\/wp-content\/uploads\/2022\/05\/cropped-brasilnoticias-mini.jpg","width":314,"height":86,"caption":"Brasil not\u00edcias"},"image":{"@id":"https:\/\/brasilnoticias.org\/site\/#\/schema\/logo\/image\/"}},{"@type":"Person","@id":"https:\/\/brasilnoticias.org\/site\/#\/schema\/person\/a0e05b973ec4d15c658d51911e53507b","name":"Reda\u00e7\u00e3o","image":{"@type":"ImageObject","inLanguage":"pt-PT","@id":"https:\/\/brasilnoticias.org\/site\/#\/schema\/person\/image\/","url":"https:\/\/secure.gravatar.com\/avatar\/75d8b050df2de108b08ae78dfb8e374892df24a383c67db9c46a9c604f6aee9c?s=96&d=mm&r=g","contentUrl":"https:\/\/secure.gravatar.com\/avatar\/75d8b050df2de108b08ae78dfb8e374892df24a383c67db9c46a9c604f6aee9c?s=96&d=mm&r=g","caption":"Reda\u00e7\u00e3o"},"sameAs":["https:\/\/brasilnoticias.org\/site"],"url":"https:\/\/brasilnoticias.org\/site\/author\/fernandozsngmail-com\/"}]}},"_links":{"self":[{"href":"https:\/\/brasilnoticias.org\/site\/wp-json\/wp\/v2\/posts\/3044","targetHints":{"allow":["GET"]}}],"collection":[{"href":"https:\/\/brasilnoticias.org\/site\/wp-json\/wp\/v2\/posts"}],"about":[{"href":"https:\/\/brasilnoticias.org\/site\/wp-json\/wp\/v2\/types\/post"}],"author":[{"embeddable":true,"href":"https:\/\/brasilnoticias.org\/site\/wp-json\/wp\/v2\/users\/1"}],"replies":[{"embeddable":true,"href":"https:\/\/brasilnoticias.org\/site\/wp-json\/wp\/v2\/comments?post=3044"}],"version-history":[{"count":1,"href":"https:\/\/brasilnoticias.org\/site\/wp-json\/wp\/v2\/posts\/3044\/revisions"}],"predecessor-version":[{"id":3046,"href":"https:\/\/brasilnoticias.org\/site\/wp-json\/wp\/v2\/posts\/3044\/revisions\/3046"}],"wp:featuredmedia":[{"embeddable":true,"href":"https:\/\/brasilnoticias.org\/site\/wp-json\/wp\/v2\/media\/3045"}],"wp:attachment":[{"href":"https:\/\/brasilnoticias.org\/site\/wp-json\/wp\/v2\/media?parent=3044"}],"wp:term":[{"taxonomy":"category","embeddable":true,"href":"https:\/\/brasilnoticias.org\/site\/wp-json\/wp\/v2\/categories?post=3044"},{"taxonomy":"post_tag","embeddable":true,"href":"https:\/\/brasilnoticias.org\/site\/wp-json\/wp\/v2\/tags?post=3044"}],"curies":[{"name":"wp","href":"https:\/\/api.w.org\/{rel}","templated":true}]}}