{"id":3053,"date":"2023-01-04T07:00:27","date_gmt":"2023-01-04T10:00:27","guid":{"rendered":"https:\/\/brasilnoticias.org\/site\/?p=3053"},"modified":"2023-01-03T18:30:10","modified_gmt":"2023-01-03T21:30:10","slug":"mae-de-larissa-manoela-se-pronuncia-sobre-deixar-de-seguir-atriz-nas-redes-sociais","status":"publish","type":"post","link":"https:\/\/brasilnoticias.org\/site\/mae-de-larissa-manoela-se-pronuncia-sobre-deixar-de-seguir-atriz-nas-redes-sociais\/","title":{"rendered":"M\u00e3e de Larissa Manoela se pronuncia sobre deixar de seguir atriz nas redes sociais"},"content":{"rendered":"<p>Parece que Larissa Manoela e a m\u00e3e, Silvana Santos, n\u00e3o come\u00e7aram o ano novo muito bem. Isso porque Silvana deu unfollow na filha e no genro no Instagram, e levantou suspeitas sobre um desentendimento na fam\u00edlia.<\/p>\n<p>Por\u00e9m, ela continua a seguir o ex namorado da filha, Leo Cidade, e chegou a comentar &#8220;saudades&#8221; em uma publica\u00e7\u00e3o dele. Agora, Silvana se manifestou sobre o caso e disse que \u00e9 &#8220;muito sens\u00edvel e suscet\u00edvel \u00e0s pistas espec\u00edficas&#8221; que a levaram a perceber que &#8220;algo n\u00e3o estava certo&#8221;.<\/p>\n<p>&#8220;Por isso nunca baixei a guarda e continuo alerta quando sinto alguma coisa errada, principalmente se houver outras pessoas tentando silenci\u00e1-la ou contradiz\u00ea-la. Eu me sentindo uma guardi\u00e3 a fim de relacionar as informa\u00e7\u00f5es emocionais com as racionais. Eu me sentindo uma guardi\u00e3 a fim de relacionar as informa\u00e7\u00f5es emocionais com as racionais para tomar decis\u00f5es com seguran\u00e7a&#8221;, continuou, em entrevista ao Na Telinha.<\/p>\n<p>A empres\u00e1ria e s\u00f3cia da atriz ainda disse n\u00e3o \u00e9 a primeira vez que sente a &#8220;intui\u00e7\u00e3o de m\u00e3e&#8221; e que o sentimento &#8220;n\u00e3o falha&#8221;. &#8220;Confiar nos meus sentimentos e agir de acordo com o meu cora\u00e7\u00e3o, pois n\u00e3o \u00e9 a primeira e n\u00e3o ser\u00e1 a \u00faltima vez que eu senti, alertei e provei que intui\u00e7\u00e3o de m\u00e3e. As m\u00e3es sabem e n\u00e3o sabem como sabem&#8221;, concluiu.<\/p>\n<p>Larissa Manoela e Andr\u00e9 Luiz Frambach anunciaram o noivado em dezembro, ap\u00f3s assumirem o namoro em julho. &#8220;Noivos. A vida \u00e9 feita de ciclos e agora come\u00e7amos mais um. Para a vida toda&#8221;, escreveu a atriz na legenda da publica\u00e7\u00e3o.<\/p>\n<p>Agora, os pombinhos est\u00e3o curtindo a Disney, onde passaram o fim de ano juntos.<\/p>\n<p>&nbsp;<\/p>\n<p>Foto TV Globo\/Jo\u00e3o Cotta<br \/>\nNot\u00edcias ao minuto<\/p>\n<p>&nbsp;<\/p>\n","protected":false},"excerpt":{"rendered":"<p>Parece que Larissa Manoela e a m\u00e3e, Silvana Santos, n\u00e3o come\u00e7aram o ano novo muito bem. Isso porque Silvana deu<\/p>\n","protected":false},"author":1,"featured_media":3054,"comment_status":"open","ping_status":"open","sticky":false,"template":"","format":"standard","meta":{"colormag_page_container_layout":"default_layout","colormag_page_sidebar_layout":"default_layout","_FSMCFIC_featured_image_caption":"","_FSMCFIC_featured_image_nocaption":"","_FSMCFIC_featured_image_hide":"","footnotes":""},"categories":[2,1],"tags":[],"class_list":["post-3053","post","type-post","status-publish","format-standard","has-post-thumbnail","hentry","category-noticias","category-ultimas"],"yoast_head":"<!-- This site is optimized with the Yoast SEO plugin v27.1.1 - https:\/\/yoast.com\/product\/yoast-seo-wordpress\/ -->\n<title>M\u00e3e de Larissa Manoela se pronuncia sobre deixar de seguir atriz nas redes sociais - Brasil not\u00edcias<\/title>\n<meta name=\"robots\" content=\"index, follow, max-snippet:-1, max-image-preview:large, max-video-preview:-1\" \/>\n<link rel=\"canonical\" href=\"https:\/\/brasilnoticias.org\/site\/mae-de-larissa-manoela-se-pronuncia-sobre-deixar-de-seguir-atriz-nas-redes-sociais\/\" \/>\n<meta property=\"og:locale\" content=\"pt_PT\" \/>\n<meta property=\"og:type\" content=\"article\" \/>\n<meta property=\"og:title\" content=\"M\u00e3e de Larissa Manoela se pronuncia sobre deixar de seguir atriz nas redes sociais - Brasil not\u00edcias\" \/>\n<meta property=\"og:description\" content=\"Parece que Larissa Manoela e a m\u00e3e, Silvana Santos, n\u00e3o come\u00e7aram o ano novo muito bem. Isso porque Silvana deu\" \/>\n<meta property=\"og:url\" content=\"https:\/\/brasilnoticias.org\/site\/mae-de-larissa-manoela-se-pronuncia-sobre-deixar-de-seguir-atriz-nas-redes-sociais\/\" \/>\n<meta property=\"og:site_name\" content=\"Brasil not\u00edcias\" \/>\n<meta property=\"article:published_time\" content=\"2023-01-04T10:00:27+00:00\" \/>\n<meta property=\"og:image\" content=\"https:\/\/brasilnoticias.org\/site\/wp-content\/uploads\/2023\/01\/naom_63a0505f74b8e.jpg\" \/>\n\t<meta property=\"og:image:width\" content=\"960\" \/>\n\t<meta property=\"og:image:height\" content=\"540\" \/>\n\t<meta property=\"og:image:type\" content=\"image\/jpeg\" \/>\n<meta name=\"author\" content=\"Reda\u00e7\u00e3o\" \/>\n<meta name=\"twitter:card\" content=\"summary_large_image\" \/>\n<meta name=\"twitter:label1\" content=\"Escrito por\" \/>\n\t<meta name=\"twitter:data1\" content=\"Reda\u00e7\u00e3o\" \/>\n\t<meta name=\"twitter:label2\" content=\"Tempo estimado de leitura\" \/>\n\t<meta name=\"twitter:data2\" content=\"2 minutos\" \/>\n<script type=\"application\/ld+json\" class=\"yoast-schema-graph\">{\"@context\":\"https:\/\/schema.org\",\"@graph\":[{\"@type\":\"Article\",\"@id\":\"https:\/\/brasilnoticias.org\/site\/mae-de-larissa-manoela-se-pronuncia-sobre-deixar-de-seguir-atriz-nas-redes-sociais\/#article\",\"isPartOf\":{\"@id\":\"https:\/\/brasilnoticias.org\/site\/mae-de-larissa-manoela-se-pronuncia-sobre-deixar-de-seguir-atriz-nas-redes-sociais\/\"},\"author\":{\"name\":\"Reda\u00e7\u00e3o\",\"@id\":\"https:\/\/brasilnoticias.org\/site\/#\/schema\/person\/a0e05b973ec4d15c658d51911e53507b\"},\"headline\":\"M\u00e3e de Larissa Manoela se pronuncia sobre deixar de seguir atriz nas redes sociais\",\"datePublished\":\"2023-01-04T10:00:27+00:00\",\"mainEntityOfPage\":{\"@id\":\"https:\/\/brasilnoticias.org\/site\/mae-de-larissa-manoela-se-pronuncia-sobre-deixar-de-seguir-atriz-nas-redes-sociais\/\"},\"wordCount\":326,\"commentCount\":0,\"publisher\":{\"@id\":\"https:\/\/brasilnoticias.org\/site\/#organization\"},\"image\":{\"@id\":\"https:\/\/brasilnoticias.org\/site\/mae-de-larissa-manoela-se-pronuncia-sobre-deixar-de-seguir-atriz-nas-redes-sociais\/#primaryimage\"},\"thumbnailUrl\":\"https:\/\/brasilnoticias.org\/site\/wp-content\/uploads\/2023\/01\/naom_63a0505f74b8e.jpg\",\"articleSection\":[\"Not\u00edcias\",\"\u00daltimas\"],\"inLanguage\":\"pt-PT\",\"potentialAction\":[{\"@type\":\"CommentAction\",\"name\":\"Comment\",\"target\":[\"https:\/\/brasilnoticias.org\/site\/mae-de-larissa-manoela-se-pronuncia-sobre-deixar-de-seguir-atriz-nas-redes-sociais\/#respond\"]}]},{\"@type\":\"WebPage\",\"@id\":\"https:\/\/brasilnoticias.org\/site\/mae-de-larissa-manoela-se-pronuncia-sobre-deixar-de-seguir-atriz-nas-redes-sociais\/\",\"url\":\"https:\/\/brasilnoticias.org\/site\/mae-de-larissa-manoela-se-pronuncia-sobre-deixar-de-seguir-atriz-nas-redes-sociais\/\",\"name\":\"M\u00e3e de Larissa Manoela se pronuncia sobre deixar de seguir atriz nas redes sociais - Brasil not\u00edcias\",\"isPartOf\":{\"@id\":\"https:\/\/brasilnoticias.org\/site\/#website\"},\"primaryImageOfPage\":{\"@id\":\"https:\/\/brasilnoticias.org\/site\/mae-de-larissa-manoela-se-pronuncia-sobre-deixar-de-seguir-atriz-nas-redes-sociais\/#primaryimage\"},\"image\":{\"@id\":\"https:\/\/brasilnoticias.org\/site\/mae-de-larissa-manoela-se-pronuncia-sobre-deixar-de-seguir-atriz-nas-redes-sociais\/#primaryimage\"},\"thumbnailUrl\":\"https:\/\/brasilnoticias.org\/site\/wp-content\/uploads\/2023\/01\/naom_63a0505f74b8e.jpg\",\"datePublished\":\"2023-01-04T10:00:27+00:00\",\"breadcrumb\":{\"@id\":\"https:\/\/brasilnoticias.org\/site\/mae-de-larissa-manoela-se-pronuncia-sobre-deixar-de-seguir-atriz-nas-redes-sociais\/#breadcrumb\"},\"inLanguage\":\"pt-PT\",\"potentialAction\":[{\"@type\":\"ReadAction\",\"target\":[\"https:\/\/brasilnoticias.org\/site\/mae-de-larissa-manoela-se-pronuncia-sobre-deixar-de-seguir-atriz-nas-redes-sociais\/\"]}]},{\"@type\":\"ImageObject\",\"inLanguage\":\"pt-PT\",\"@id\":\"https:\/\/brasilnoticias.org\/site\/mae-de-larissa-manoela-se-pronuncia-sobre-deixar-de-seguir-atriz-nas-redes-sociais\/#primaryimage\",\"url\":\"https:\/\/brasilnoticias.org\/site\/wp-content\/uploads\/2023\/01\/naom_63a0505f74b8e.jpg\",\"contentUrl\":\"https:\/\/brasilnoticias.org\/site\/wp-content\/uploads\/2023\/01\/naom_63a0505f74b8e.jpg\",\"width\":960,\"height\":540},{\"@type\":\"BreadcrumbList\",\"@id\":\"https:\/\/brasilnoticias.org\/site\/mae-de-larissa-manoela-se-pronuncia-sobre-deixar-de-seguir-atriz-nas-redes-sociais\/#breadcrumb\",\"itemListElement\":[{\"@type\":\"ListItem\",\"position\":1,\"name\":\"In\u00edcio\",\"item\":\"https:\/\/brasilnoticias.org\/site\/\"},{\"@type\":\"ListItem\",\"position\":2,\"name\":\"M\u00e3e de Larissa Manoela se pronuncia sobre deixar de seguir atriz nas redes sociais\"}]},{\"@type\":\"WebSite\",\"@id\":\"https:\/\/brasilnoticias.org\/site\/#website\",\"url\":\"https:\/\/brasilnoticias.org\/site\/\",\"name\":\"Brasil not\u00edcias\",\"description\":\"Brasil not\u00edcias\",\"publisher\":{\"@id\":\"https:\/\/brasilnoticias.org\/site\/#organization\"},\"potentialAction\":[{\"@type\":\"SearchAction\",\"target\":{\"@type\":\"EntryPoint\",\"urlTemplate\":\"https:\/\/brasilnoticias.org\/site\/?s={search_term_string}\"},\"query-input\":{\"@type\":\"PropertyValueSpecification\",\"valueRequired\":true,\"valueName\":\"search_term_string\"}}],\"inLanguage\":\"pt-PT\"},{\"@type\":\"Organization\",\"@id\":\"https:\/\/brasilnoticias.org\/site\/#organization\",\"name\":\"Brasil not\u00edcias\",\"url\":\"https:\/\/brasilnoticias.org\/site\/\",\"logo\":{\"@type\":\"ImageObject\",\"inLanguage\":\"pt-PT\",\"@id\":\"https:\/\/brasilnoticias.org\/site\/#\/schema\/logo\/image\/\",\"url\":\"https:\/\/brasilnoticias.org\/site\/wp-content\/uploads\/2022\/05\/cropped-brasilnoticias-mini.jpg\",\"contentUrl\":\"https:\/\/brasilnoticias.org\/site\/wp-content\/uploads\/2022\/05\/cropped-brasilnoticias-mini.jpg\",\"width\":314,\"height\":86,\"caption\":\"Brasil not\u00edcias\"},\"image\":{\"@id\":\"https:\/\/brasilnoticias.org\/site\/#\/schema\/logo\/image\/\"}},{\"@type\":\"Person\",\"@id\":\"https:\/\/brasilnoticias.org\/site\/#\/schema\/person\/a0e05b973ec4d15c658d51911e53507b\",\"name\":\"Reda\u00e7\u00e3o\",\"image\":{\"@type\":\"ImageObject\",\"inLanguage\":\"pt-PT\",\"@id\":\"https:\/\/brasilnoticias.org\/site\/#\/schema\/person\/image\/\",\"url\":\"https:\/\/secure.gravatar.com\/avatar\/75d8b050df2de108b08ae78dfb8e374892df24a383c67db9c46a9c604f6aee9c?s=96&d=mm&r=g\",\"contentUrl\":\"https:\/\/secure.gravatar.com\/avatar\/75d8b050df2de108b08ae78dfb8e374892df24a383c67db9c46a9c604f6aee9c?s=96&d=mm&r=g\",\"caption\":\"Reda\u00e7\u00e3o\"},\"sameAs\":[\"https:\/\/brasilnoticias.org\/site\"],\"url\":\"https:\/\/brasilnoticias.org\/site\/author\/fernandozsngmail-com\/\"}]}<\/script>\n<!-- \/ Yoast SEO plugin. -->","yoast_head_json":{"title":"M\u00e3e de Larissa Manoela se pronuncia sobre deixar de seguir atriz nas redes sociais - Brasil not\u00edcias","robots":{"index":"index","follow":"follow","max-snippet":"max-snippet:-1","max-image-preview":"max-image-preview:large","max-video-preview":"max-video-preview:-1"},"canonical":"https:\/\/brasilnoticias.org\/site\/mae-de-larissa-manoela-se-pronuncia-sobre-deixar-de-seguir-atriz-nas-redes-sociais\/","og_locale":"pt_PT","og_type":"article","og_title":"M\u00e3e de Larissa Manoela se pronuncia sobre deixar de seguir atriz nas redes sociais - Brasil not\u00edcias","og_description":"Parece que Larissa Manoela e a m\u00e3e, Silvana Santos, n\u00e3o come\u00e7aram o ano novo muito bem. Isso porque Silvana deu","og_url":"https:\/\/brasilnoticias.org\/site\/mae-de-larissa-manoela-se-pronuncia-sobre-deixar-de-seguir-atriz-nas-redes-sociais\/","og_site_name":"Brasil not\u00edcias","article_published_time":"2023-01-04T10:00:27+00:00","og_image":[{"width":960,"height":540,"url":"https:\/\/brasilnoticias.org\/site\/wp-content\/uploads\/2023\/01\/naom_63a0505f74b8e.jpg","type":"image\/jpeg"}],"author":"Reda\u00e7\u00e3o","twitter_card":"summary_large_image","twitter_misc":{"Escrito por":"Reda\u00e7\u00e3o","Tempo estimado de leitura":"2 minutos"},"schema":{"@context":"https:\/\/schema.org","@graph":[{"@type":"Article","@id":"https:\/\/brasilnoticias.org\/site\/mae-de-larissa-manoela-se-pronuncia-sobre-deixar-de-seguir-atriz-nas-redes-sociais\/#article","isPartOf":{"@id":"https:\/\/brasilnoticias.org\/site\/mae-de-larissa-manoela-se-pronuncia-sobre-deixar-de-seguir-atriz-nas-redes-sociais\/"},"author":{"name":"Reda\u00e7\u00e3o","@id":"https:\/\/brasilnoticias.org\/site\/#\/schema\/person\/a0e05b973ec4d15c658d51911e53507b"},"headline":"M\u00e3e de Larissa Manoela se pronuncia sobre deixar de seguir atriz nas redes sociais","datePublished":"2023-01-04T10:00:27+00:00","mainEntityOfPage":{"@id":"https:\/\/brasilnoticias.org\/site\/mae-de-larissa-manoela-se-pronuncia-sobre-deixar-de-seguir-atriz-nas-redes-sociais\/"},"wordCount":326,"commentCount":0,"publisher":{"@id":"https:\/\/brasilnoticias.org\/site\/#organization"},"image":{"@id":"https:\/\/brasilnoticias.org\/site\/mae-de-larissa-manoela-se-pronuncia-sobre-deixar-de-seguir-atriz-nas-redes-sociais\/#primaryimage"},"thumbnailUrl":"https:\/\/brasilnoticias.org\/site\/wp-content\/uploads\/2023\/01\/naom_63a0505f74b8e.jpg","articleSection":["Not\u00edcias","\u00daltimas"],"inLanguage":"pt-PT","potentialAction":[{"@type":"CommentAction","name":"Comment","target":["https:\/\/brasilnoticias.org\/site\/mae-de-larissa-manoela-se-pronuncia-sobre-deixar-de-seguir-atriz-nas-redes-sociais\/#respond"]}]},{"@type":"WebPage","@id":"https:\/\/brasilnoticias.org\/site\/mae-de-larissa-manoela-se-pronuncia-sobre-deixar-de-seguir-atriz-nas-redes-sociais\/","url":"https:\/\/brasilnoticias.org\/site\/mae-de-larissa-manoela-se-pronuncia-sobre-deixar-de-seguir-atriz-nas-redes-sociais\/","name":"M\u00e3e de Larissa Manoela se pronuncia sobre deixar de seguir atriz nas redes sociais - Brasil not\u00edcias","isPartOf":{"@id":"https:\/\/brasilnoticias.org\/site\/#website"},"primaryImageOfPage":{"@id":"https:\/\/brasilnoticias.org\/site\/mae-de-larissa-manoela-se-pronuncia-sobre-deixar-de-seguir-atriz-nas-redes-sociais\/#primaryimage"},"image":{"@id":"https:\/\/brasilnoticias.org\/site\/mae-de-larissa-manoela-se-pronuncia-sobre-deixar-de-seguir-atriz-nas-redes-sociais\/#primaryimage"},"thumbnailUrl":"https:\/\/brasilnoticias.org\/site\/wp-content\/uploads\/2023\/01\/naom_63a0505f74b8e.jpg","datePublished":"2023-01-04T10:00:27+00:00","breadcrumb":{"@id":"https:\/\/brasilnoticias.org\/site\/mae-de-larissa-manoela-se-pronuncia-sobre-deixar-de-seguir-atriz-nas-redes-sociais\/#breadcrumb"},"inLanguage":"pt-PT","potentialAction":[{"@type":"ReadAction","target":["https:\/\/brasilnoticias.org\/site\/mae-de-larissa-manoela-se-pronuncia-sobre-deixar-de-seguir-atriz-nas-redes-sociais\/"]}]},{"@type":"ImageObject","inLanguage":"pt-PT","@id":"https:\/\/brasilnoticias.org\/site\/mae-de-larissa-manoela-se-pronuncia-sobre-deixar-de-seguir-atriz-nas-redes-sociais\/#primaryimage","url":"https:\/\/brasilnoticias.org\/site\/wp-content\/uploads\/2023\/01\/naom_63a0505f74b8e.jpg","contentUrl":"https:\/\/brasilnoticias.org\/site\/wp-content\/uploads\/2023\/01\/naom_63a0505f74b8e.jpg","width":960,"height":540},{"@type":"BreadcrumbList","@id":"https:\/\/brasilnoticias.org\/site\/mae-de-larissa-manoela-se-pronuncia-sobre-deixar-de-seguir-atriz-nas-redes-sociais\/#breadcrumb","itemListElement":[{"@type":"ListItem","position":1,"name":"In\u00edcio","item":"https:\/\/brasilnoticias.org\/site\/"},{"@type":"ListItem","position":2,"name":"M\u00e3e de Larissa Manoela se pronuncia sobre deixar de seguir atriz nas redes sociais"}]},{"@type":"WebSite","@id":"https:\/\/brasilnoticias.org\/site\/#website","url":"https:\/\/brasilnoticias.org\/site\/","name":"Brasil not\u00edcias","description":"Brasil not\u00edcias","publisher":{"@id":"https:\/\/brasilnoticias.org\/site\/#organization"},"potentialAction":[{"@type":"SearchAction","target":{"@type":"EntryPoint","urlTemplate":"https:\/\/brasilnoticias.org\/site\/?s={search_term_string}"},"query-input":{"@type":"PropertyValueSpecification","valueRequired":true,"valueName":"search_term_string"}}],"inLanguage":"pt-PT"},{"@type":"Organization","@id":"https:\/\/brasilnoticias.org\/site\/#organization","name":"Brasil not\u00edcias","url":"https:\/\/brasilnoticias.org\/site\/","logo":{"@type":"ImageObject","inLanguage":"pt-PT","@id":"https:\/\/brasilnoticias.org\/site\/#\/schema\/logo\/image\/","url":"https:\/\/brasilnoticias.org\/site\/wp-content\/uploads\/2022\/05\/cropped-brasilnoticias-mini.jpg","contentUrl":"https:\/\/brasilnoticias.org\/site\/wp-content\/uploads\/2022\/05\/cropped-brasilnoticias-mini.jpg","width":314,"height":86,"caption":"Brasil not\u00edcias"},"image":{"@id":"https:\/\/brasilnoticias.org\/site\/#\/schema\/logo\/image\/"}},{"@type":"Person","@id":"https:\/\/brasilnoticias.org\/site\/#\/schema\/person\/a0e05b973ec4d15c658d51911e53507b","name":"Reda\u00e7\u00e3o","image":{"@type":"ImageObject","inLanguage":"pt-PT","@id":"https:\/\/brasilnoticias.org\/site\/#\/schema\/person\/image\/","url":"https:\/\/secure.gravatar.com\/avatar\/75d8b050df2de108b08ae78dfb8e374892df24a383c67db9c46a9c604f6aee9c?s=96&d=mm&r=g","contentUrl":"https:\/\/secure.gravatar.com\/avatar\/75d8b050df2de108b08ae78dfb8e374892df24a383c67db9c46a9c604f6aee9c?s=96&d=mm&r=g","caption":"Reda\u00e7\u00e3o"},"sameAs":["https:\/\/brasilnoticias.org\/site"],"url":"https:\/\/brasilnoticias.org\/site\/author\/fernandozsngmail-com\/"}]}},"_links":{"self":[{"href":"https:\/\/brasilnoticias.org\/site\/wp-json\/wp\/v2\/posts\/3053","targetHints":{"allow":["GET"]}}],"collection":[{"href":"https:\/\/brasilnoticias.org\/site\/wp-json\/wp\/v2\/posts"}],"about":[{"href":"https:\/\/brasilnoticias.org\/site\/wp-json\/wp\/v2\/types\/post"}],"author":[{"embeddable":true,"href":"https:\/\/brasilnoticias.org\/site\/wp-json\/wp\/v2\/users\/1"}],"replies":[{"embeddable":true,"href":"https:\/\/brasilnoticias.org\/site\/wp-json\/wp\/v2\/comments?post=3053"}],"version-history":[{"count":1,"href":"https:\/\/brasilnoticias.org\/site\/wp-json\/wp\/v2\/posts\/3053\/revisions"}],"predecessor-version":[{"id":3055,"href":"https:\/\/brasilnoticias.org\/site\/wp-json\/wp\/v2\/posts\/3053\/revisions\/3055"}],"wp:featuredmedia":[{"embeddable":true,"href":"https:\/\/brasilnoticias.org\/site\/wp-json\/wp\/v2\/media\/3054"}],"wp:attachment":[{"href":"https:\/\/brasilnoticias.org\/site\/wp-json\/wp\/v2\/media?parent=3053"}],"wp:term":[{"taxonomy":"category","embeddable":true,"href":"https:\/\/brasilnoticias.org\/site\/wp-json\/wp\/v2\/categories?post=3053"},{"taxonomy":"post_tag","embeddable":true,"href":"https:\/\/brasilnoticias.org\/site\/wp-json\/wp\/v2\/tags?post=3053"}],"curies":[{"name":"wp","href":"https:\/\/api.w.org\/{rel}","templated":true}]}}