{"id":3067,"date":"2023-01-04T18:00:19","date_gmt":"2023-01-04T21:00:19","guid":{"rendered":"https:\/\/brasilnoticias.org\/site\/?p=3067"},"modified":"2023-01-04T15:27:34","modified_gmt":"2023-01-04T18:27:34","slug":"consumo-exagerado-de-adocantes-pode-diminuir-a-sensibilidade-do-paladar","status":"publish","type":"post","link":"https:\/\/brasilnoticias.org\/site\/consumo-exagerado-de-adocantes-pode-diminuir-a-sensibilidade-do-paladar\/","title":{"rendered":"Consumo exagerado de ado\u00e7antes pode diminuir a sensibilidade do paladar"},"content":{"rendered":"<p>Novos estudos cient\u00edficos mostram que ado\u00e7antes, embora sejam seguros dentro de limites di\u00e1rios, podem causar efeitos adversos quando consumidos em grandes quantidades e a longo prazo, principalmente para os h\u00e1bitos alimentares e a microbiota intestinal.<br \/>\nEssas subst\u00e2ncias ado\u00e7am alimentos ao custo de menos calorias do que o a\u00e7\u00facar tradicional. Com frequ\u00eancia surgem novas mol\u00e9culas que s\u00e3o centenas ou milhares de vezes mais doces e, se ingeridas de forma constante, promovem altera\u00e7\u00f5es nas papilas gustativas, o que prejudica a percep\u00e7\u00e3o do gosto.<\/p>\n<p>A nutricionista Fabiana Nalon, membro da comiss\u00e3o cient\u00edfica da Associa\u00e7\u00e3o de Nutri\u00e7\u00e3o do Distrito Federal, afirma que, com o tempo, essas papilas passam a exigir grandes quantidades de a\u00e7\u00facar e sal para se satisfazerem, piorando significativamente as escolhas alimentares de quem for afetado.<\/p>\n<p>Em crian\u00e7as esse efeito \u00e9 particularmente danoso, j\u00e1 que os pequenos ainda est\u00e3o formando o pr\u00f3prio paladar e precisam se acostumar com sabores como o azedo ou o amargo, que fazem parte de uma alimenta\u00e7\u00e3o completa e saud\u00e1vel.<\/p>\n<p>Para Ana Luisa Faller, professora da UFRJ (Universidade Federal do Rio de Janeiro), as altera\u00e7\u00f5es causadas pelos ado\u00e7antes est\u00e3o come\u00e7ando a ser descobertas. Uma quest\u00e3o emergente sobre a qual os cientistas est\u00e3o se debru\u00e7ando \u00e9 a mudan\u00e7a provocada na flora intestinal, envolvida em processos fundamentais do corpo, como o metabolismo, a imunidade e o crescimento.<\/p>\n<p>Uma revis\u00e3o de estudos feita por especialistas da Universidade de Granada, na Espanha, revela que, entre os ado\u00e7antes n\u00e3o nutritivos, a sacarina e a sucralose podem causar esse desequil\u00edbrio da microbiota. O mesmo vale para a stevia, do tipo nutritivo e natural.<\/p>\n<p>Faller pontua que microrganismos do intestino influenciam diversas fun\u00e7\u00f5es do corpo por meio de prote\u00ednas que eles produzem.<\/p>\n<p>&#8220;Uma altera\u00e7\u00e3o nesse sistema pode levar a efeitos indesejados. Podem gerar mol\u00e9culas que produzem, por exemplo, um processo inflamat\u00f3rio sist\u00eamico ou que causem intoler\u00e2ncia \u00e0 insulina&#8221;, afirma a professora.<\/p>\n<p>Entretanto, faltam dados para a maioria desses aditivos usados no mercado. Os autores, no estudo espanhol, afirmam haver a &#8220;necessidade de executar novas pesquisas a longo prazo de ensaios cl\u00ednicos randomizados, duplo-cegos, controlados por placebo e com doses apropriadas para avaliar o impacto potencial de ado\u00e7antes no intestino&#8221;.<\/p>\n<p>Estudos tamb\u00e9m indicam que as embalagens dos produtos causam mais confus\u00e3o do que esclarecem o consumidor. Especialistas da USP (Universidade de S\u00e3o Paulo) entrevistaram 96 consumidores em Goi\u00e2nia, Porto Alegre, Recife e S\u00e3o Paulo, que revelaram dificuldades na hora de ler e interpretar as informa\u00e7\u00f5es dos r\u00f3tulos, tanto pela falta de familiaridade com os nomes dos ado\u00e7antes quanto pelo desconhecimento sobre eles.<\/p>\n<p>A dica, segundo Fabiana Nalon, \u00e9 buscar pela palavra &#8220;edulcorante&#8221;, usada frequentemente pela ind\u00fastria.<\/p>\n<p>Para os cientistas da USP, durante as entrevistas ficou evidente a desconfian\u00e7a por parte da popula\u00e7\u00e3o em rela\u00e7\u00e3o a esses aditivos alimentares. Uma percep\u00e7\u00e3o comum \u00e9 a associa\u00e7\u00e3o entre os ado\u00e7antes e o surgimento de certos tipos de c\u00e2ncer.<\/p>\n<p>Renata Cintra, professora do Instituto de Bioci\u00eancias da Unesp (Universidade Estadual Paulista) de Botucatu, diz que a rela\u00e7\u00e3o feita entre ado\u00e7antes e o c\u00e2ncer \u00e9 resultado de um estudo da d\u00e9cada de 1970, no qual pesquisadores alimentaram ratos de laborat\u00f3rios com sacarina ciclamato. Depois de algum tempo consumindo doses elevadas da subst\u00e2ncia, os animais desenvolveram c\u00e2ncer de bexiga.<\/p>\n<p>Mas a pesquisadora afirma que, desde ent\u00e3o, nunca foi comprovado que a subst\u00e2ncia tem o mesmo efeito em seres humanos. Al\u00e9m disso, proporcionalmente, o consumo humano di\u00e1rio de ado\u00e7antes \u00e9 imensamente inferior ao que foi utilizado na pesquisa com os roedores.<\/p>\n<p>N\u00e3o existem evid\u00eancias de que essas subst\u00e2ncias fazem mal se forem consumidas nas doses consideradas seguras. No Brasil, para serem usadas na ind\u00fastria, sua seguran\u00e7a deve ser comprovada mediante estudos cient\u00edficos pela Anvisa (Ag\u00eancia Nacional de Vigil\u00e2ncia Sanit\u00e1ria). Em excesso podem causar efeitos colaterais leves ou moderados, como desconforto intestinal e diarreia, como \u00e9 o caso do xilitol.<\/p>\n<p>Os ado\u00e7antes s\u00e3o uma alternativa popular entre pacientes de diabetes, porque permitem driblar o uso da sacarose em preparos doces. Mas ganharam mesmo a aten\u00e7\u00e3o do p\u00fablico interessado no emagrecimento.<\/p>\n<p>Pesquisadores da Universidade de Ci\u00eancias M\u00e9dicas de Poznan, na Pol\u00f4nia, analisaram uma s\u00e9rie de estudos cient\u00edficos e chegaram \u00e0 conclus\u00e3o de que substituir o a\u00e7\u00facar realmente auxilia no combate \u00e0 obesidade, porque diminui a ingest\u00e3o de calorias.<\/p>\n<p>Segundo os especialistas, os ado\u00e7antes n\u00e3o nutritivos n\u00e3o estimulam o consumo de mais comida, como algumas pessoas acreditam, mas eles trazem a ressalva de que algumas pessoas podem deliberadamente fazer essa compensa\u00e7\u00e3o, e nesses casos os benef\u00edcios s\u00e3o perdidos.<\/p>\n<p>A professora Faller faz o mesmo alerta. Alicer\u00e7ar uma dieta sobre o uso de ado\u00e7antes n\u00e3o basta para quem quer perder gordura, afirma.<\/p>\n<p>&#8220;As pessoas veem como uma estrat\u00e9gia porque cortam as calorias do a\u00e7\u00facar. Mas a pr\u00e1tica n\u00e3o vem acompanhada de mudan\u00e7as de h\u00e1bitos alimentares e, portanto, o processo n\u00e3o vai ser efetivo.&#8221;<\/p>\n<p>Not\u00edcias ao minuto<br \/>\nFoto Shutterstock<\/p>\n","protected":false},"excerpt":{"rendered":"<p>Novos estudos cient\u00edficos mostram que ado\u00e7antes, embora sejam seguros dentro de limites di\u00e1rios, podem causar efeitos adversos quando consumidos em<\/p>\n","protected":false},"author":1,"featured_media":3068,"comment_status":"open","ping_status":"open","sticky":false,"template":"","format":"standard","meta":{"colormag_page_container_layout":"default_layout","colormag_page_sidebar_layout":"default_layout","_FSMCFIC_featured_image_caption":"","_FSMCFIC_featured_image_nocaption":"","_FSMCFIC_featured_image_hide":"","footnotes":""},"categories":[2,1],"tags":[],"class_list":["post-3067","post","type-post","status-publish","format-standard","has-post-thumbnail","hentry","category-noticias","category-ultimas"],"yoast_head":"<!-- This site is optimized with the Yoast SEO plugin v27.1.1 - https:\/\/yoast.com\/product\/yoast-seo-wordpress\/ -->\n<title>Consumo exagerado de ado\u00e7antes pode diminuir a sensibilidade do paladar - Brasil not\u00edcias<\/title>\n<meta name=\"robots\" content=\"index, follow, max-snippet:-1, max-image-preview:large, max-video-preview:-1\" \/>\n<link rel=\"canonical\" href=\"https:\/\/brasilnoticias.org\/site\/consumo-exagerado-de-adocantes-pode-diminuir-a-sensibilidade-do-paladar\/\" \/>\n<meta property=\"og:locale\" content=\"pt_PT\" \/>\n<meta property=\"og:type\" content=\"article\" \/>\n<meta property=\"og:title\" content=\"Consumo exagerado de ado\u00e7antes pode diminuir a sensibilidade do paladar - Brasil not\u00edcias\" \/>\n<meta property=\"og:description\" content=\"Novos estudos cient\u00edficos mostram que ado\u00e7antes, embora sejam seguros dentro de limites di\u00e1rios, podem causar efeitos adversos quando consumidos em\" \/>\n<meta property=\"og:url\" content=\"https:\/\/brasilnoticias.org\/site\/consumo-exagerado-de-adocantes-pode-diminuir-a-sensibilidade-do-paladar\/\" \/>\n<meta property=\"og:site_name\" content=\"Brasil not\u00edcias\" \/>\n<meta property=\"article:published_time\" content=\"2023-01-04T21:00:19+00:00\" \/>\n<meta property=\"og:image\" content=\"https:\/\/brasilnoticias.org\/site\/wp-content\/uploads\/2023\/01\/naom_6241744569ee9.jpg\" \/>\n\t<meta property=\"og:image:width\" content=\"960\" \/>\n\t<meta property=\"og:image:height\" content=\"540\" \/>\n\t<meta property=\"og:image:type\" content=\"image\/jpeg\" \/>\n<meta name=\"author\" content=\"Reda\u00e7\u00e3o\" \/>\n<meta name=\"twitter:card\" content=\"summary_large_image\" \/>\n<meta name=\"twitter:label1\" content=\"Escrito por\" \/>\n\t<meta name=\"twitter:data1\" content=\"Reda\u00e7\u00e3o\" \/>\n\t<meta name=\"twitter:label2\" content=\"Tempo estimado de leitura\" \/>\n\t<meta name=\"twitter:data2\" content=\"4 minutos\" \/>\n<script type=\"application\/ld+json\" class=\"yoast-schema-graph\">{\"@context\":\"https:\/\/schema.org\",\"@graph\":[{\"@type\":\"Article\",\"@id\":\"https:\/\/brasilnoticias.org\/site\/consumo-exagerado-de-adocantes-pode-diminuir-a-sensibilidade-do-paladar\/#article\",\"isPartOf\":{\"@id\":\"https:\/\/brasilnoticias.org\/site\/consumo-exagerado-de-adocantes-pode-diminuir-a-sensibilidade-do-paladar\/\"},\"author\":{\"name\":\"Reda\u00e7\u00e3o\",\"@id\":\"https:\/\/brasilnoticias.org\/site\/#\/schema\/person\/a0e05b973ec4d15c658d51911e53507b\"},\"headline\":\"Consumo exagerado de ado\u00e7antes pode diminuir a sensibilidade do paladar\",\"datePublished\":\"2023-01-04T21:00:19+00:00\",\"mainEntityOfPage\":{\"@id\":\"https:\/\/brasilnoticias.org\/site\/consumo-exagerado-de-adocantes-pode-diminuir-a-sensibilidade-do-paladar\/\"},\"wordCount\":900,\"commentCount\":0,\"publisher\":{\"@id\":\"https:\/\/brasilnoticias.org\/site\/#organization\"},\"image\":{\"@id\":\"https:\/\/brasilnoticias.org\/site\/consumo-exagerado-de-adocantes-pode-diminuir-a-sensibilidade-do-paladar\/#primaryimage\"},\"thumbnailUrl\":\"https:\/\/brasilnoticias.org\/site\/wp-content\/uploads\/2023\/01\/naom_6241744569ee9.jpg\",\"articleSection\":[\"Not\u00edcias\",\"\u00daltimas\"],\"inLanguage\":\"pt-PT\",\"potentialAction\":[{\"@type\":\"CommentAction\",\"name\":\"Comment\",\"target\":[\"https:\/\/brasilnoticias.org\/site\/consumo-exagerado-de-adocantes-pode-diminuir-a-sensibilidade-do-paladar\/#respond\"]}]},{\"@type\":\"WebPage\",\"@id\":\"https:\/\/brasilnoticias.org\/site\/consumo-exagerado-de-adocantes-pode-diminuir-a-sensibilidade-do-paladar\/\",\"url\":\"https:\/\/brasilnoticias.org\/site\/consumo-exagerado-de-adocantes-pode-diminuir-a-sensibilidade-do-paladar\/\",\"name\":\"Consumo exagerado de ado\u00e7antes pode diminuir a sensibilidade do paladar - Brasil not\u00edcias\",\"isPartOf\":{\"@id\":\"https:\/\/brasilnoticias.org\/site\/#website\"},\"primaryImageOfPage\":{\"@id\":\"https:\/\/brasilnoticias.org\/site\/consumo-exagerado-de-adocantes-pode-diminuir-a-sensibilidade-do-paladar\/#primaryimage\"},\"image\":{\"@id\":\"https:\/\/brasilnoticias.org\/site\/consumo-exagerado-de-adocantes-pode-diminuir-a-sensibilidade-do-paladar\/#primaryimage\"},\"thumbnailUrl\":\"https:\/\/brasilnoticias.org\/site\/wp-content\/uploads\/2023\/01\/naom_6241744569ee9.jpg\",\"datePublished\":\"2023-01-04T21:00:19+00:00\",\"breadcrumb\":{\"@id\":\"https:\/\/brasilnoticias.org\/site\/consumo-exagerado-de-adocantes-pode-diminuir-a-sensibilidade-do-paladar\/#breadcrumb\"},\"inLanguage\":\"pt-PT\",\"potentialAction\":[{\"@type\":\"ReadAction\",\"target\":[\"https:\/\/brasilnoticias.org\/site\/consumo-exagerado-de-adocantes-pode-diminuir-a-sensibilidade-do-paladar\/\"]}]},{\"@type\":\"ImageObject\",\"inLanguage\":\"pt-PT\",\"@id\":\"https:\/\/brasilnoticias.org\/site\/consumo-exagerado-de-adocantes-pode-diminuir-a-sensibilidade-do-paladar\/#primaryimage\",\"url\":\"https:\/\/brasilnoticias.org\/site\/wp-content\/uploads\/2023\/01\/naom_6241744569ee9.jpg\",\"contentUrl\":\"https:\/\/brasilnoticias.org\/site\/wp-content\/uploads\/2023\/01\/naom_6241744569ee9.jpg\",\"width\":960,\"height\":540},{\"@type\":\"BreadcrumbList\",\"@id\":\"https:\/\/brasilnoticias.org\/site\/consumo-exagerado-de-adocantes-pode-diminuir-a-sensibilidade-do-paladar\/#breadcrumb\",\"itemListElement\":[{\"@type\":\"ListItem\",\"position\":1,\"name\":\"In\u00edcio\",\"item\":\"https:\/\/brasilnoticias.org\/site\/\"},{\"@type\":\"ListItem\",\"position\":2,\"name\":\"Consumo exagerado de ado\u00e7antes pode diminuir a sensibilidade do paladar\"}]},{\"@type\":\"WebSite\",\"@id\":\"https:\/\/brasilnoticias.org\/site\/#website\",\"url\":\"https:\/\/brasilnoticias.org\/site\/\",\"name\":\"Brasil not\u00edcias\",\"description\":\"Brasil not\u00edcias\",\"publisher\":{\"@id\":\"https:\/\/brasilnoticias.org\/site\/#organization\"},\"potentialAction\":[{\"@type\":\"SearchAction\",\"target\":{\"@type\":\"EntryPoint\",\"urlTemplate\":\"https:\/\/brasilnoticias.org\/site\/?s={search_term_string}\"},\"query-input\":{\"@type\":\"PropertyValueSpecification\",\"valueRequired\":true,\"valueName\":\"search_term_string\"}}],\"inLanguage\":\"pt-PT\"},{\"@type\":\"Organization\",\"@id\":\"https:\/\/brasilnoticias.org\/site\/#organization\",\"name\":\"Brasil not\u00edcias\",\"url\":\"https:\/\/brasilnoticias.org\/site\/\",\"logo\":{\"@type\":\"ImageObject\",\"inLanguage\":\"pt-PT\",\"@id\":\"https:\/\/brasilnoticias.org\/site\/#\/schema\/logo\/image\/\",\"url\":\"https:\/\/brasilnoticias.org\/site\/wp-content\/uploads\/2022\/05\/cropped-brasilnoticias-mini.jpg\",\"contentUrl\":\"https:\/\/brasilnoticias.org\/site\/wp-content\/uploads\/2022\/05\/cropped-brasilnoticias-mini.jpg\",\"width\":314,\"height\":86,\"caption\":\"Brasil not\u00edcias\"},\"image\":{\"@id\":\"https:\/\/brasilnoticias.org\/site\/#\/schema\/logo\/image\/\"}},{\"@type\":\"Person\",\"@id\":\"https:\/\/brasilnoticias.org\/site\/#\/schema\/person\/a0e05b973ec4d15c658d51911e53507b\",\"name\":\"Reda\u00e7\u00e3o\",\"image\":{\"@type\":\"ImageObject\",\"inLanguage\":\"pt-PT\",\"@id\":\"https:\/\/brasilnoticias.org\/site\/#\/schema\/person\/image\/\",\"url\":\"https:\/\/secure.gravatar.com\/avatar\/75d8b050df2de108b08ae78dfb8e374892df24a383c67db9c46a9c604f6aee9c?s=96&d=mm&r=g\",\"contentUrl\":\"https:\/\/secure.gravatar.com\/avatar\/75d8b050df2de108b08ae78dfb8e374892df24a383c67db9c46a9c604f6aee9c?s=96&d=mm&r=g\",\"caption\":\"Reda\u00e7\u00e3o\"},\"sameAs\":[\"https:\/\/brasilnoticias.org\/site\"],\"url\":\"https:\/\/brasilnoticias.org\/site\/author\/fernandozsngmail-com\/\"}]}<\/script>\n<!-- \/ Yoast SEO plugin. -->","yoast_head_json":{"title":"Consumo exagerado de ado\u00e7antes pode diminuir a sensibilidade do paladar - Brasil not\u00edcias","robots":{"index":"index","follow":"follow","max-snippet":"max-snippet:-1","max-image-preview":"max-image-preview:large","max-video-preview":"max-video-preview:-1"},"canonical":"https:\/\/brasilnoticias.org\/site\/consumo-exagerado-de-adocantes-pode-diminuir-a-sensibilidade-do-paladar\/","og_locale":"pt_PT","og_type":"article","og_title":"Consumo exagerado de ado\u00e7antes pode diminuir a sensibilidade do paladar - Brasil not\u00edcias","og_description":"Novos estudos cient\u00edficos mostram que ado\u00e7antes, embora sejam seguros dentro de limites di\u00e1rios, podem causar efeitos adversos quando consumidos em","og_url":"https:\/\/brasilnoticias.org\/site\/consumo-exagerado-de-adocantes-pode-diminuir-a-sensibilidade-do-paladar\/","og_site_name":"Brasil not\u00edcias","article_published_time":"2023-01-04T21:00:19+00:00","og_image":[{"width":960,"height":540,"url":"https:\/\/brasilnoticias.org\/site\/wp-content\/uploads\/2023\/01\/naom_6241744569ee9.jpg","type":"image\/jpeg"}],"author":"Reda\u00e7\u00e3o","twitter_card":"summary_large_image","twitter_misc":{"Escrito por":"Reda\u00e7\u00e3o","Tempo estimado de leitura":"4 minutos"},"schema":{"@context":"https:\/\/schema.org","@graph":[{"@type":"Article","@id":"https:\/\/brasilnoticias.org\/site\/consumo-exagerado-de-adocantes-pode-diminuir-a-sensibilidade-do-paladar\/#article","isPartOf":{"@id":"https:\/\/brasilnoticias.org\/site\/consumo-exagerado-de-adocantes-pode-diminuir-a-sensibilidade-do-paladar\/"},"author":{"name":"Reda\u00e7\u00e3o","@id":"https:\/\/brasilnoticias.org\/site\/#\/schema\/person\/a0e05b973ec4d15c658d51911e53507b"},"headline":"Consumo exagerado de ado\u00e7antes pode diminuir a sensibilidade do paladar","datePublished":"2023-01-04T21:00:19+00:00","mainEntityOfPage":{"@id":"https:\/\/brasilnoticias.org\/site\/consumo-exagerado-de-adocantes-pode-diminuir-a-sensibilidade-do-paladar\/"},"wordCount":900,"commentCount":0,"publisher":{"@id":"https:\/\/brasilnoticias.org\/site\/#organization"},"image":{"@id":"https:\/\/brasilnoticias.org\/site\/consumo-exagerado-de-adocantes-pode-diminuir-a-sensibilidade-do-paladar\/#primaryimage"},"thumbnailUrl":"https:\/\/brasilnoticias.org\/site\/wp-content\/uploads\/2023\/01\/naom_6241744569ee9.jpg","articleSection":["Not\u00edcias","\u00daltimas"],"inLanguage":"pt-PT","potentialAction":[{"@type":"CommentAction","name":"Comment","target":["https:\/\/brasilnoticias.org\/site\/consumo-exagerado-de-adocantes-pode-diminuir-a-sensibilidade-do-paladar\/#respond"]}]},{"@type":"WebPage","@id":"https:\/\/brasilnoticias.org\/site\/consumo-exagerado-de-adocantes-pode-diminuir-a-sensibilidade-do-paladar\/","url":"https:\/\/brasilnoticias.org\/site\/consumo-exagerado-de-adocantes-pode-diminuir-a-sensibilidade-do-paladar\/","name":"Consumo exagerado de ado\u00e7antes pode diminuir a sensibilidade do paladar - Brasil not\u00edcias","isPartOf":{"@id":"https:\/\/brasilnoticias.org\/site\/#website"},"primaryImageOfPage":{"@id":"https:\/\/brasilnoticias.org\/site\/consumo-exagerado-de-adocantes-pode-diminuir-a-sensibilidade-do-paladar\/#primaryimage"},"image":{"@id":"https:\/\/brasilnoticias.org\/site\/consumo-exagerado-de-adocantes-pode-diminuir-a-sensibilidade-do-paladar\/#primaryimage"},"thumbnailUrl":"https:\/\/brasilnoticias.org\/site\/wp-content\/uploads\/2023\/01\/naom_6241744569ee9.jpg","datePublished":"2023-01-04T21:00:19+00:00","breadcrumb":{"@id":"https:\/\/brasilnoticias.org\/site\/consumo-exagerado-de-adocantes-pode-diminuir-a-sensibilidade-do-paladar\/#breadcrumb"},"inLanguage":"pt-PT","potentialAction":[{"@type":"ReadAction","target":["https:\/\/brasilnoticias.org\/site\/consumo-exagerado-de-adocantes-pode-diminuir-a-sensibilidade-do-paladar\/"]}]},{"@type":"ImageObject","inLanguage":"pt-PT","@id":"https:\/\/brasilnoticias.org\/site\/consumo-exagerado-de-adocantes-pode-diminuir-a-sensibilidade-do-paladar\/#primaryimage","url":"https:\/\/brasilnoticias.org\/site\/wp-content\/uploads\/2023\/01\/naom_6241744569ee9.jpg","contentUrl":"https:\/\/brasilnoticias.org\/site\/wp-content\/uploads\/2023\/01\/naom_6241744569ee9.jpg","width":960,"height":540},{"@type":"BreadcrumbList","@id":"https:\/\/brasilnoticias.org\/site\/consumo-exagerado-de-adocantes-pode-diminuir-a-sensibilidade-do-paladar\/#breadcrumb","itemListElement":[{"@type":"ListItem","position":1,"name":"In\u00edcio","item":"https:\/\/brasilnoticias.org\/site\/"},{"@type":"ListItem","position":2,"name":"Consumo exagerado de ado\u00e7antes pode diminuir a sensibilidade do paladar"}]},{"@type":"WebSite","@id":"https:\/\/brasilnoticias.org\/site\/#website","url":"https:\/\/brasilnoticias.org\/site\/","name":"Brasil not\u00edcias","description":"Brasil not\u00edcias","publisher":{"@id":"https:\/\/brasilnoticias.org\/site\/#organization"},"potentialAction":[{"@type":"SearchAction","target":{"@type":"EntryPoint","urlTemplate":"https:\/\/brasilnoticias.org\/site\/?s={search_term_string}"},"query-input":{"@type":"PropertyValueSpecification","valueRequired":true,"valueName":"search_term_string"}}],"inLanguage":"pt-PT"},{"@type":"Organization","@id":"https:\/\/brasilnoticias.org\/site\/#organization","name":"Brasil not\u00edcias","url":"https:\/\/brasilnoticias.org\/site\/","logo":{"@type":"ImageObject","inLanguage":"pt-PT","@id":"https:\/\/brasilnoticias.org\/site\/#\/schema\/logo\/image\/","url":"https:\/\/brasilnoticias.org\/site\/wp-content\/uploads\/2022\/05\/cropped-brasilnoticias-mini.jpg","contentUrl":"https:\/\/brasilnoticias.org\/site\/wp-content\/uploads\/2022\/05\/cropped-brasilnoticias-mini.jpg","width":314,"height":86,"caption":"Brasil not\u00edcias"},"image":{"@id":"https:\/\/brasilnoticias.org\/site\/#\/schema\/logo\/image\/"}},{"@type":"Person","@id":"https:\/\/brasilnoticias.org\/site\/#\/schema\/person\/a0e05b973ec4d15c658d51911e53507b","name":"Reda\u00e7\u00e3o","image":{"@type":"ImageObject","inLanguage":"pt-PT","@id":"https:\/\/brasilnoticias.org\/site\/#\/schema\/person\/image\/","url":"https:\/\/secure.gravatar.com\/avatar\/75d8b050df2de108b08ae78dfb8e374892df24a383c67db9c46a9c604f6aee9c?s=96&d=mm&r=g","contentUrl":"https:\/\/secure.gravatar.com\/avatar\/75d8b050df2de108b08ae78dfb8e374892df24a383c67db9c46a9c604f6aee9c?s=96&d=mm&r=g","caption":"Reda\u00e7\u00e3o"},"sameAs":["https:\/\/brasilnoticias.org\/site"],"url":"https:\/\/brasilnoticias.org\/site\/author\/fernandozsngmail-com\/"}]}},"_links":{"self":[{"href":"https:\/\/brasilnoticias.org\/site\/wp-json\/wp\/v2\/posts\/3067","targetHints":{"allow":["GET"]}}],"collection":[{"href":"https:\/\/brasilnoticias.org\/site\/wp-json\/wp\/v2\/posts"}],"about":[{"href":"https:\/\/brasilnoticias.org\/site\/wp-json\/wp\/v2\/types\/post"}],"author":[{"embeddable":true,"href":"https:\/\/brasilnoticias.org\/site\/wp-json\/wp\/v2\/users\/1"}],"replies":[{"embeddable":true,"href":"https:\/\/brasilnoticias.org\/site\/wp-json\/wp\/v2\/comments?post=3067"}],"version-history":[{"count":1,"href":"https:\/\/brasilnoticias.org\/site\/wp-json\/wp\/v2\/posts\/3067\/revisions"}],"predecessor-version":[{"id":3069,"href":"https:\/\/brasilnoticias.org\/site\/wp-json\/wp\/v2\/posts\/3067\/revisions\/3069"}],"wp:featuredmedia":[{"embeddable":true,"href":"https:\/\/brasilnoticias.org\/site\/wp-json\/wp\/v2\/media\/3068"}],"wp:attachment":[{"href":"https:\/\/brasilnoticias.org\/site\/wp-json\/wp\/v2\/media?parent=3067"}],"wp:term":[{"taxonomy":"category","embeddable":true,"href":"https:\/\/brasilnoticias.org\/site\/wp-json\/wp\/v2\/categories?post=3067"},{"taxonomy":"post_tag","embeddable":true,"href":"https:\/\/brasilnoticias.org\/site\/wp-json\/wp\/v2\/tags?post=3067"}],"curies":[{"name":"wp","href":"https:\/\/api.w.org\/{rel}","templated":true}]}}