{"id":309,"date":"2022-05-17T20:21:08","date_gmt":"2022-05-17T23:21:08","guid":{"rendered":"https:\/\/brasilnoticias.org\/site\/?p=309"},"modified":"2022-05-17T20:21:08","modified_gmt":"2022-05-17T23:21:08","slug":"talibas-fecham-comissao-afega-de-direitos-humanos","status":"publish","type":"post","link":"https:\/\/brasilnoticias.org\/site\/talibas-fecham-comissao-afega-de-direitos-humanos\/","title":{"rendered":"TALIB\u00c3S FECHAM COMISS\u00c3O AFEG\u00c3 DE DIREITOS HUMANOS"},"content":{"rendered":"<p>Autoridades do regime extremista\u00a0<a href=\"https:\/\/www.bnews.com.br\/noticias\/mundo\/taliba-ordena-que-mulheres-voltem-cobrir-rosto-e-corpo.html\" target=\"_blank\" rel=\"noopener\">do talib\u00e3s<\/a>\u00a0informaram, nesta ter\u00e7a-feira (17),\u00a0 que dissolveram a comiss\u00e3o independente de direitos humanos do Afeganist\u00e3o, por n\u00e3o acharem sua exist\u00eancia necess\u00e1ria.<\/p>\n<p>Desde que o grupo islamista voltou ao poder foram fechados v\u00e1rios organismos de prote\u00e7\u00e3o das liberdades dos afeg\u00e3os, como a Comiss\u00e3o Eleitoral e o<a href=\"https:\/\/www.bnews.com.br\/noticias\/mundo\/taliba-ordena-que-mulheres-voltem-cobrir-rosto-e-corpo.html\" target=\"_blank\" rel=\"noopener\">\u00a0Minist\u00e9rio de Assuntos da Mulher.<\/a><\/p>\n<p>O trabalho da comiss\u00e3o, que inclu\u00eda a documenta\u00e7\u00e3o das v\u00edtimas civis da guerra de duas d\u00e9cadas no\u00a0<a href=\"https:\/\/www.bnews.com.br\/noticias\/mundo\/321585-aeroporto-do-afeganistao-reabre-para-chegada-de-voos-humanitarios.html\" target=\"_blank\" rel=\"noopener\">Afeganist\u00e3o,<\/a>\u00a0foi interrompido quando os talib\u00e3s derrubaram o governo apoiado pelos Estados Unidos, e seus diretores fugiram do pa\u00eds.<\/p>\n<blockquote class=\"citacao\"><p>\u201cESSES DEPARTAMENTOS N\u00c3O S\u00c3O CONSIDERADOS NECESS\u00c1RIOS, POR ISSO FORAM DISSOLVIDOS. MAS, NO FUTURO, SE FOREM NECESS\u00c1RIOS, SUAS OPERA\u00c7\u00d5ES PODER\u00c3O SER RETOMADAS\u201d , AFIRMOU SAMANGANI.<\/p><\/blockquote>\n<p>Os talib\u00e3s enfrentam um d\u00e9ficit financeiro aproximado de 44 bilh\u00f5es de afeganes, de volta ao poder desde agosto de 2022 prometem um governo mais moderado do que o de seu primeiro regime, de 1996 a 2001.<\/p>\n<p>&nbsp;<\/p>\n<p>&nbsp;<\/p>\n<p>Bnews<\/p>\n","protected":false},"excerpt":{"rendered":"<p>Autoridades do regime extremista\u00a0do talib\u00e3s\u00a0informaram, nesta ter\u00e7a-feira (17),\u00a0 que dissolveram a comiss\u00e3o independente de direitos humanos do Afeganist\u00e3o, por n\u00e3o<\/p>\n","protected":false},"author":2,"featured_media":310,"comment_status":"open","ping_status":"open","sticky":false,"template":"","format":"standard","meta":{"colormag_page_container_layout":"default_layout","colormag_page_sidebar_layout":"default_layout","_FSMCFIC_featured_image_caption":"","_FSMCFIC_featured_image_nocaption":"","_FSMCFIC_featured_image_hide":"","footnotes":""},"categories":[6,1],"tags":[],"class_list":["post-309","post","type-post","status-publish","format-standard","has-post-thumbnail","hentry","category-mundo","category-ultimas"],"yoast_head":"<!-- This site is optimized with the Yoast SEO plugin v27.1.1 - https:\/\/yoast.com\/product\/yoast-seo-wordpress\/ -->\n<title>TALIB\u00c3S FECHAM COMISS\u00c3O AFEG\u00c3 DE DIREITOS HUMANOS - Brasil not\u00edcias<\/title>\n<meta name=\"robots\" content=\"index, follow, max-snippet:-1, max-image-preview:large, max-video-preview:-1\" \/>\n<link rel=\"canonical\" href=\"https:\/\/brasilnoticias.org\/site\/talibas-fecham-comissao-afega-de-direitos-humanos\/\" \/>\n<meta property=\"og:locale\" content=\"pt_PT\" \/>\n<meta property=\"og:type\" content=\"article\" \/>\n<meta property=\"og:title\" content=\"TALIB\u00c3S FECHAM COMISS\u00c3O AFEG\u00c3 DE DIREITOS HUMANOS - Brasil not\u00edcias\" \/>\n<meta property=\"og:description\" content=\"Autoridades do regime extremista\u00a0do talib\u00e3s\u00a0informaram, nesta ter\u00e7a-feira (17),\u00a0 que dissolveram a comiss\u00e3o independente de direitos humanos do Afeganist\u00e3o, por n\u00e3o\" \/>\n<meta property=\"og:url\" content=\"https:\/\/brasilnoticias.org\/site\/talibas-fecham-comissao-afega-de-direitos-humanos\/\" \/>\n<meta property=\"og:site_name\" content=\"Brasil not\u00edcias\" \/>\n<meta property=\"article:published_time\" content=\"2022-05-17T23:21:08+00:00\" \/>\n<meta property=\"og:image\" content=\"https:\/\/brasilnoticias.org\/site\/wp-content\/uploads\/2022\/05\/321804_widelg_widelg_widelg-1.jpg\" \/>\n\t<meta property=\"og:image:width\" content=\"800\" \/>\n\t<meta property=\"og:image:height\" content=\"450\" \/>\n\t<meta property=\"og:image:type\" content=\"image\/jpeg\" \/>\n<meta name=\"author\" content=\"Reda\u00e7\u00e3o\" \/>\n<meta name=\"twitter:card\" content=\"summary_large_image\" \/>\n<meta name=\"twitter:label1\" content=\"Escrito por\" \/>\n\t<meta name=\"twitter:data1\" content=\"Reda\u00e7\u00e3o\" \/>\n\t<meta name=\"twitter:label2\" content=\"Tempo estimado de leitura\" \/>\n\t<meta name=\"twitter:data2\" content=\"1 minuto\" \/>\n<script type=\"application\/ld+json\" class=\"yoast-schema-graph\">{\"@context\":\"https:\/\/schema.org\",\"@graph\":[{\"@type\":\"Article\",\"@id\":\"https:\/\/brasilnoticias.org\/site\/talibas-fecham-comissao-afega-de-direitos-humanos\/#article\",\"isPartOf\":{\"@id\":\"https:\/\/brasilnoticias.org\/site\/talibas-fecham-comissao-afega-de-direitos-humanos\/\"},\"author\":{\"name\":\"Reda\u00e7\u00e3o\",\"@id\":\"https:\/\/brasilnoticias.org\/site\/#\/schema\/person\/f609fa847b5314f1c8b983342f34c798\"},\"headline\":\"TALIB\u00c3S FECHAM COMISS\u00c3O AFEG\u00c3 DE DIREITOS HUMANOS\",\"datePublished\":\"2022-05-17T23:21:08+00:00\",\"mainEntityOfPage\":{\"@id\":\"https:\/\/brasilnoticias.org\/site\/talibas-fecham-comissao-afega-de-direitos-humanos\/\"},\"wordCount\":186,\"commentCount\":0,\"publisher\":{\"@id\":\"https:\/\/brasilnoticias.org\/site\/#organization\"},\"image\":{\"@id\":\"https:\/\/brasilnoticias.org\/site\/talibas-fecham-comissao-afega-de-direitos-humanos\/#primaryimage\"},\"thumbnailUrl\":\"https:\/\/brasilnoticias.org\/site\/wp-content\/uploads\/2022\/05\/321804_widelg_widelg_widelg-1.jpg\",\"articleSection\":[\"Mundo\",\"\u00daltimas\"],\"inLanguage\":\"pt-PT\",\"potentialAction\":[{\"@type\":\"CommentAction\",\"name\":\"Comment\",\"target\":[\"https:\/\/brasilnoticias.org\/site\/talibas-fecham-comissao-afega-de-direitos-humanos\/#respond\"]}]},{\"@type\":\"WebPage\",\"@id\":\"https:\/\/brasilnoticias.org\/site\/talibas-fecham-comissao-afega-de-direitos-humanos\/\",\"url\":\"https:\/\/brasilnoticias.org\/site\/talibas-fecham-comissao-afega-de-direitos-humanos\/\",\"name\":\"TALIB\u00c3S FECHAM COMISS\u00c3O AFEG\u00c3 DE DIREITOS HUMANOS - Brasil not\u00edcias\",\"isPartOf\":{\"@id\":\"https:\/\/brasilnoticias.org\/site\/#website\"},\"primaryImageOfPage\":{\"@id\":\"https:\/\/brasilnoticias.org\/site\/talibas-fecham-comissao-afega-de-direitos-humanos\/#primaryimage\"},\"image\":{\"@id\":\"https:\/\/brasilnoticias.org\/site\/talibas-fecham-comissao-afega-de-direitos-humanos\/#primaryimage\"},\"thumbnailUrl\":\"https:\/\/brasilnoticias.org\/site\/wp-content\/uploads\/2022\/05\/321804_widelg_widelg_widelg-1.jpg\",\"datePublished\":\"2022-05-17T23:21:08+00:00\",\"breadcrumb\":{\"@id\":\"https:\/\/brasilnoticias.org\/site\/talibas-fecham-comissao-afega-de-direitos-humanos\/#breadcrumb\"},\"inLanguage\":\"pt-PT\",\"potentialAction\":[{\"@type\":\"ReadAction\",\"target\":[\"https:\/\/brasilnoticias.org\/site\/talibas-fecham-comissao-afega-de-direitos-humanos\/\"]}]},{\"@type\":\"ImageObject\",\"inLanguage\":\"pt-PT\",\"@id\":\"https:\/\/brasilnoticias.org\/site\/talibas-fecham-comissao-afega-de-direitos-humanos\/#primaryimage\",\"url\":\"https:\/\/brasilnoticias.org\/site\/wp-content\/uploads\/2022\/05\/321804_widelg_widelg_widelg-1.jpg\",\"contentUrl\":\"https:\/\/brasilnoticias.org\/site\/wp-content\/uploads\/2022\/05\/321804_widelg_widelg_widelg-1.jpg\",\"width\":800,\"height\":450},{\"@type\":\"BreadcrumbList\",\"@id\":\"https:\/\/brasilnoticias.org\/site\/talibas-fecham-comissao-afega-de-direitos-humanos\/#breadcrumb\",\"itemListElement\":[{\"@type\":\"ListItem\",\"position\":1,\"name\":\"In\u00edcio\",\"item\":\"https:\/\/brasilnoticias.org\/site\/\"},{\"@type\":\"ListItem\",\"position\":2,\"name\":\"TALIB\u00c3S FECHAM COMISS\u00c3O AFEG\u00c3 DE DIREITOS HUMANOS\"}]},{\"@type\":\"WebSite\",\"@id\":\"https:\/\/brasilnoticias.org\/site\/#website\",\"url\":\"https:\/\/brasilnoticias.org\/site\/\",\"name\":\"Brasil not\u00edcias\",\"description\":\"Brasil not\u00edcias\",\"publisher\":{\"@id\":\"https:\/\/brasilnoticias.org\/site\/#organization\"},\"potentialAction\":[{\"@type\":\"SearchAction\",\"target\":{\"@type\":\"EntryPoint\",\"urlTemplate\":\"https:\/\/brasilnoticias.org\/site\/?s={search_term_string}\"},\"query-input\":{\"@type\":\"PropertyValueSpecification\",\"valueRequired\":true,\"valueName\":\"search_term_string\"}}],\"inLanguage\":\"pt-PT\"},{\"@type\":\"Organization\",\"@id\":\"https:\/\/brasilnoticias.org\/site\/#organization\",\"name\":\"Brasil not\u00edcias\",\"url\":\"https:\/\/brasilnoticias.org\/site\/\",\"logo\":{\"@type\":\"ImageObject\",\"inLanguage\":\"pt-PT\",\"@id\":\"https:\/\/brasilnoticias.org\/site\/#\/schema\/logo\/image\/\",\"url\":\"https:\/\/brasilnoticias.org\/site\/wp-content\/uploads\/2022\/05\/cropped-brasilnoticias-mini.jpg\",\"contentUrl\":\"https:\/\/brasilnoticias.org\/site\/wp-content\/uploads\/2022\/05\/cropped-brasilnoticias-mini.jpg\",\"width\":314,\"height\":86,\"caption\":\"Brasil not\u00edcias\"},\"image\":{\"@id\":\"https:\/\/brasilnoticias.org\/site\/#\/schema\/logo\/image\/\"}},{\"@type\":\"Person\",\"@id\":\"https:\/\/brasilnoticias.org\/site\/#\/schema\/person\/f609fa847b5314f1c8b983342f34c798\",\"name\":\"Reda\u00e7\u00e3o\",\"image\":{\"@type\":\"ImageObject\",\"inLanguage\":\"pt-PT\",\"@id\":\"https:\/\/brasilnoticias.org\/site\/#\/schema\/person\/image\/\",\"url\":\"https:\/\/secure.gravatar.com\/avatar\/447284c06c1ad8b46465a36de9cd0d8326b73387a22799b8b1ffb1fbcff2ed0c?s=96&d=mm&r=g\",\"contentUrl\":\"https:\/\/secure.gravatar.com\/avatar\/447284c06c1ad8b46465a36de9cd0d8326b73387a22799b8b1ffb1fbcff2ed0c?s=96&d=mm&r=g\",\"caption\":\"Reda\u00e7\u00e3o\"},\"url\":\"https:\/\/brasilnoticias.org\/site\/author\/redacao\/\"}]}<\/script>\n<!-- \/ Yoast SEO plugin. -->","yoast_head_json":{"title":"TALIB\u00c3S FECHAM COMISS\u00c3O AFEG\u00c3 DE DIREITOS HUMANOS - Brasil not\u00edcias","robots":{"index":"index","follow":"follow","max-snippet":"max-snippet:-1","max-image-preview":"max-image-preview:large","max-video-preview":"max-video-preview:-1"},"canonical":"https:\/\/brasilnoticias.org\/site\/talibas-fecham-comissao-afega-de-direitos-humanos\/","og_locale":"pt_PT","og_type":"article","og_title":"TALIB\u00c3S FECHAM COMISS\u00c3O AFEG\u00c3 DE DIREITOS HUMANOS - Brasil not\u00edcias","og_description":"Autoridades do regime extremista\u00a0do talib\u00e3s\u00a0informaram, nesta ter\u00e7a-feira (17),\u00a0 que dissolveram a comiss\u00e3o independente de direitos humanos do Afeganist\u00e3o, por n\u00e3o","og_url":"https:\/\/brasilnoticias.org\/site\/talibas-fecham-comissao-afega-de-direitos-humanos\/","og_site_name":"Brasil not\u00edcias","article_published_time":"2022-05-17T23:21:08+00:00","og_image":[{"width":800,"height":450,"url":"https:\/\/brasilnoticias.org\/site\/wp-content\/uploads\/2022\/05\/321804_widelg_widelg_widelg-1.jpg","type":"image\/jpeg"}],"author":"Reda\u00e7\u00e3o","twitter_card":"summary_large_image","twitter_misc":{"Escrito por":"Reda\u00e7\u00e3o","Tempo estimado de leitura":"1 minuto"},"schema":{"@context":"https:\/\/schema.org","@graph":[{"@type":"Article","@id":"https:\/\/brasilnoticias.org\/site\/talibas-fecham-comissao-afega-de-direitos-humanos\/#article","isPartOf":{"@id":"https:\/\/brasilnoticias.org\/site\/talibas-fecham-comissao-afega-de-direitos-humanos\/"},"author":{"name":"Reda\u00e7\u00e3o","@id":"https:\/\/brasilnoticias.org\/site\/#\/schema\/person\/f609fa847b5314f1c8b983342f34c798"},"headline":"TALIB\u00c3S FECHAM COMISS\u00c3O AFEG\u00c3 DE DIREITOS HUMANOS","datePublished":"2022-05-17T23:21:08+00:00","mainEntityOfPage":{"@id":"https:\/\/brasilnoticias.org\/site\/talibas-fecham-comissao-afega-de-direitos-humanos\/"},"wordCount":186,"commentCount":0,"publisher":{"@id":"https:\/\/brasilnoticias.org\/site\/#organization"},"image":{"@id":"https:\/\/brasilnoticias.org\/site\/talibas-fecham-comissao-afega-de-direitos-humanos\/#primaryimage"},"thumbnailUrl":"https:\/\/brasilnoticias.org\/site\/wp-content\/uploads\/2022\/05\/321804_widelg_widelg_widelg-1.jpg","articleSection":["Mundo","\u00daltimas"],"inLanguage":"pt-PT","potentialAction":[{"@type":"CommentAction","name":"Comment","target":["https:\/\/brasilnoticias.org\/site\/talibas-fecham-comissao-afega-de-direitos-humanos\/#respond"]}]},{"@type":"WebPage","@id":"https:\/\/brasilnoticias.org\/site\/talibas-fecham-comissao-afega-de-direitos-humanos\/","url":"https:\/\/brasilnoticias.org\/site\/talibas-fecham-comissao-afega-de-direitos-humanos\/","name":"TALIB\u00c3S FECHAM COMISS\u00c3O AFEG\u00c3 DE DIREITOS HUMANOS - Brasil not\u00edcias","isPartOf":{"@id":"https:\/\/brasilnoticias.org\/site\/#website"},"primaryImageOfPage":{"@id":"https:\/\/brasilnoticias.org\/site\/talibas-fecham-comissao-afega-de-direitos-humanos\/#primaryimage"},"image":{"@id":"https:\/\/brasilnoticias.org\/site\/talibas-fecham-comissao-afega-de-direitos-humanos\/#primaryimage"},"thumbnailUrl":"https:\/\/brasilnoticias.org\/site\/wp-content\/uploads\/2022\/05\/321804_widelg_widelg_widelg-1.jpg","datePublished":"2022-05-17T23:21:08+00:00","breadcrumb":{"@id":"https:\/\/brasilnoticias.org\/site\/talibas-fecham-comissao-afega-de-direitos-humanos\/#breadcrumb"},"inLanguage":"pt-PT","potentialAction":[{"@type":"ReadAction","target":["https:\/\/brasilnoticias.org\/site\/talibas-fecham-comissao-afega-de-direitos-humanos\/"]}]},{"@type":"ImageObject","inLanguage":"pt-PT","@id":"https:\/\/brasilnoticias.org\/site\/talibas-fecham-comissao-afega-de-direitos-humanos\/#primaryimage","url":"https:\/\/brasilnoticias.org\/site\/wp-content\/uploads\/2022\/05\/321804_widelg_widelg_widelg-1.jpg","contentUrl":"https:\/\/brasilnoticias.org\/site\/wp-content\/uploads\/2022\/05\/321804_widelg_widelg_widelg-1.jpg","width":800,"height":450},{"@type":"BreadcrumbList","@id":"https:\/\/brasilnoticias.org\/site\/talibas-fecham-comissao-afega-de-direitos-humanos\/#breadcrumb","itemListElement":[{"@type":"ListItem","position":1,"name":"In\u00edcio","item":"https:\/\/brasilnoticias.org\/site\/"},{"@type":"ListItem","position":2,"name":"TALIB\u00c3S FECHAM COMISS\u00c3O AFEG\u00c3 DE DIREITOS HUMANOS"}]},{"@type":"WebSite","@id":"https:\/\/brasilnoticias.org\/site\/#website","url":"https:\/\/brasilnoticias.org\/site\/","name":"Brasil not\u00edcias","description":"Brasil not\u00edcias","publisher":{"@id":"https:\/\/brasilnoticias.org\/site\/#organization"},"potentialAction":[{"@type":"SearchAction","target":{"@type":"EntryPoint","urlTemplate":"https:\/\/brasilnoticias.org\/site\/?s={search_term_string}"},"query-input":{"@type":"PropertyValueSpecification","valueRequired":true,"valueName":"search_term_string"}}],"inLanguage":"pt-PT"},{"@type":"Organization","@id":"https:\/\/brasilnoticias.org\/site\/#organization","name":"Brasil not\u00edcias","url":"https:\/\/brasilnoticias.org\/site\/","logo":{"@type":"ImageObject","inLanguage":"pt-PT","@id":"https:\/\/brasilnoticias.org\/site\/#\/schema\/logo\/image\/","url":"https:\/\/brasilnoticias.org\/site\/wp-content\/uploads\/2022\/05\/cropped-brasilnoticias-mini.jpg","contentUrl":"https:\/\/brasilnoticias.org\/site\/wp-content\/uploads\/2022\/05\/cropped-brasilnoticias-mini.jpg","width":314,"height":86,"caption":"Brasil not\u00edcias"},"image":{"@id":"https:\/\/brasilnoticias.org\/site\/#\/schema\/logo\/image\/"}},{"@type":"Person","@id":"https:\/\/brasilnoticias.org\/site\/#\/schema\/person\/f609fa847b5314f1c8b983342f34c798","name":"Reda\u00e7\u00e3o","image":{"@type":"ImageObject","inLanguage":"pt-PT","@id":"https:\/\/brasilnoticias.org\/site\/#\/schema\/person\/image\/","url":"https:\/\/secure.gravatar.com\/avatar\/447284c06c1ad8b46465a36de9cd0d8326b73387a22799b8b1ffb1fbcff2ed0c?s=96&d=mm&r=g","contentUrl":"https:\/\/secure.gravatar.com\/avatar\/447284c06c1ad8b46465a36de9cd0d8326b73387a22799b8b1ffb1fbcff2ed0c?s=96&d=mm&r=g","caption":"Reda\u00e7\u00e3o"},"url":"https:\/\/brasilnoticias.org\/site\/author\/redacao\/"}]}},"_links":{"self":[{"href":"https:\/\/brasilnoticias.org\/site\/wp-json\/wp\/v2\/posts\/309","targetHints":{"allow":["GET"]}}],"collection":[{"href":"https:\/\/brasilnoticias.org\/site\/wp-json\/wp\/v2\/posts"}],"about":[{"href":"https:\/\/brasilnoticias.org\/site\/wp-json\/wp\/v2\/types\/post"}],"author":[{"embeddable":true,"href":"https:\/\/brasilnoticias.org\/site\/wp-json\/wp\/v2\/users\/2"}],"replies":[{"embeddable":true,"href":"https:\/\/brasilnoticias.org\/site\/wp-json\/wp\/v2\/comments?post=309"}],"version-history":[{"count":1,"href":"https:\/\/brasilnoticias.org\/site\/wp-json\/wp\/v2\/posts\/309\/revisions"}],"predecessor-version":[{"id":311,"href":"https:\/\/brasilnoticias.org\/site\/wp-json\/wp\/v2\/posts\/309\/revisions\/311"}],"wp:featuredmedia":[{"embeddable":true,"href":"https:\/\/brasilnoticias.org\/site\/wp-json\/wp\/v2\/media\/310"}],"wp:attachment":[{"href":"https:\/\/brasilnoticias.org\/site\/wp-json\/wp\/v2\/media?parent=309"}],"wp:term":[{"taxonomy":"category","embeddable":true,"href":"https:\/\/brasilnoticias.org\/site\/wp-json\/wp\/v2\/categories?post=309"},{"taxonomy":"post_tag","embeddable":true,"href":"https:\/\/brasilnoticias.org\/site\/wp-json\/wp\/v2\/tags?post=309"}],"curies":[{"name":"wp","href":"https:\/\/api.w.org\/{rel}","templated":true}]}}