{"id":3097,"date":"2023-01-05T18:10:55","date_gmt":"2023-01-05T21:10:55","guid":{"rendered":"https:\/\/brasilnoticias.org\/site\/?p=3097"},"modified":"2023-01-05T14:33:14","modified_gmt":"2023-01-05T17:33:14","slug":"idoso-e-preso-por-suspeita-de-matar-vizinho-que-soltava-rojoes-na-grande-sp","status":"publish","type":"post","link":"https:\/\/brasilnoticias.org\/site\/idoso-e-preso-por-suspeita-de-matar-vizinho-que-soltava-rojoes-na-grande-sp\/","title":{"rendered":"Idoso \u00e9 preso por suspeita de matar vizinho que soltava roj\u00f5es na Grande SP"},"content":{"rendered":"<p>Um homem de 74 anos foi preso em flagrante por suspeita de matar um vizinho na segunda-feira (2) ap\u00f3s reclamar do barulho de roj\u00f5es. A v\u00edtima era o engenheiro de produ\u00e7\u00e3o Francisco Nicol\u00e1s Lopes Filho, 38.<\/p>\n<p>O crime aconteceu por volta das 20h na Vila Balne\u00e1ria, em S\u00e3o Bernardo do Campo (Grande SP), e \u00e9 investigado pelo 3\u00ba DP. A Pol\u00edcia Civil n\u00e3o soube informar se o suspeito preso j\u00e1 apresentou defesa.<br \/>\nJuliana Nicol\u00e1s Lopes, 36, irm\u00e3 da v\u00edtima, contou que ela era a dona dos roj\u00f5es. &#8220;Eu chamei meu amigo de inf\u00e2ncia para a gente se divertir e comemorar os desafios do ano, que foram muito dif\u00edceis. A m\u00e3e dele est\u00e1 com c\u00e2ncer e a minha tamb\u00e9m. Chamei ele, meu irm\u00e3o e minha filha para a gente soltar os fogos na rua&#8221;, contou.<\/p>\n<p>Os fogos come\u00e7aram a ser soltos por volta das 19h30, segundo Juliana. \u00c0s 20h, ela percebeu o idoso se aproximando com uma espingarda.<\/p>\n<p>&#8220;Ele sempre foi de amea\u00e7ar todo mundo, brigando, dizendo que o filho \u00e9 policial, que a ex-mulher \u00e9 delegada e que nada acontece com ele. Eu comecei a filmar s\u00f3 para ter uma prova do comportamento dele, mas nunca imaginei que ele fosse fazer isso&#8221;, explicou.<\/p>\n<div class=\"google-auto-placed ap_container\">\n<p>Nas imagens gravadas por Juliana, \u00e9 poss\u00edvel ver a aproxima\u00e7\u00e3o de um homem com um objeto semelhante a uma espingarda. O homem reclama, diz que tem animais e que \u00e9 proibido soltar fogos. As pessoas pedem calma, avisam que entendem e que v\u00e3o parar. \u00c9 poss\u00edvel ouvir uma crian\u00e7a gritando e pedindo por socorro enquanto o homem manda todos deitarem no ch\u00e3o. A filmagem \u00e9 interrompida nesse instante.<\/p>\n<p>&#8220;Ele dizia que se era para dar tiro ele iria atirar. Reclamou que os cavalos dele estavam assustados. Ele mirou em mim, mirou na minha filha de 9 anos. Depois mandou todo mundo deitar, partiu para cima do meu irm\u00e3o e atirou na cabe\u00e7a dele&#8221;, contou.<\/p>\n<p>Lopes Filho foi socorrido pela fam\u00edlia para a UPA (Unidade de Pronto Atendimento) Riacho Grande, no mesmo munic\u00edpio, mas n\u00e3o resistiu aos ferimentos e morreu.<\/p>\n<div class=\"google-auto-placed ap_container\">\n<p>Ap\u00f3s atirar no engenheiro, o suspeito, segundo Juliana, virou as costas e voltou para casa.<\/p>\n<div class=\"google-auto-placed ap_container\">\n<p>A SSP (Secretaria da Seguran\u00e7a P\u00fablica) informou que a Pol\u00edcia Civil investiga o homic\u00eddio e que o idoso de 74 anos foi preso em flagrante. De acordo com a SSP, o homem usou uma espingarda de press\u00e3o municiada com chumbinho.<\/p>\n<p>A arma utilizada no crime foi apreendida e encaminhada \u00e0 per\u00edcia. Foram solicitados exames residuogr\u00e1fico e necrosc\u00f3pico.<\/p>\n<p>O caso foi registrado como homic\u00eddio e localiza\u00e7\u00e3o\/apreens\u00e3o de objeto.<\/p>\n<\/div>\n<p>Foto \u00a0PixaBay<\/p>\n<p>Not\u00edcias ao minuto<\/p>\n<\/div>\n<\/div>\n","protected":false},"excerpt":{"rendered":"<p>Um homem de 74 anos foi preso em flagrante por suspeita de matar um vizinho na segunda-feira (2) ap\u00f3s reclamar<\/p>\n","protected":false},"author":1,"featured_media":3098,"comment_status":"open","ping_status":"open","sticky":false,"template":"","format":"standard","meta":{"colormag_page_container_layout":"default_layout","colormag_page_sidebar_layout":"default_layout","_FSMCFIC_featured_image_caption":"","_FSMCFIC_featured_image_nocaption":"","_FSMCFIC_featured_image_hide":"","footnotes":""},"categories":[2,1],"tags":[],"class_list":["post-3097","post","type-post","status-publish","format-standard","has-post-thumbnail","hentry","category-noticias","category-ultimas"],"yoast_head":"<!-- This site is optimized with the Yoast SEO plugin v27.1.1 - https:\/\/yoast.com\/product\/yoast-seo-wordpress\/ -->\n<title>Idoso \u00e9 preso por suspeita de matar vizinho que soltava roj\u00f5es na Grande SP - Brasil not\u00edcias<\/title>\n<meta name=\"robots\" content=\"index, follow, max-snippet:-1, max-image-preview:large, max-video-preview:-1\" \/>\n<link rel=\"canonical\" href=\"https:\/\/brasilnoticias.org\/site\/idoso-e-preso-por-suspeita-de-matar-vizinho-que-soltava-rojoes-na-grande-sp\/\" \/>\n<meta property=\"og:locale\" content=\"pt_PT\" \/>\n<meta property=\"og:type\" content=\"article\" \/>\n<meta property=\"og:title\" content=\"Idoso \u00e9 preso por suspeita de matar vizinho que soltava roj\u00f5es na Grande SP - Brasil not\u00edcias\" \/>\n<meta property=\"og:description\" content=\"Um homem de 74 anos foi preso em flagrante por suspeita de matar um vizinho na segunda-feira (2) ap\u00f3s reclamar\" \/>\n<meta property=\"og:url\" content=\"https:\/\/brasilnoticias.org\/site\/idoso-e-preso-por-suspeita-de-matar-vizinho-que-soltava-rojoes-na-grande-sp\/\" \/>\n<meta property=\"og:site_name\" content=\"Brasil not\u00edcias\" \/>\n<meta property=\"article:published_time\" content=\"2023-01-05T21:10:55+00:00\" \/>\n<meta property=\"og:image\" content=\"https:\/\/brasilnoticias.org\/site\/wp-content\/uploads\/2023\/01\/naom_556d56fba72a8.jpg\" \/>\n\t<meta property=\"og:image:width\" content=\"960\" \/>\n\t<meta property=\"og:image:height\" content=\"540\" \/>\n\t<meta property=\"og:image:type\" content=\"image\/jpeg\" \/>\n<meta name=\"author\" content=\"Reda\u00e7\u00e3o\" \/>\n<meta name=\"twitter:card\" content=\"summary_large_image\" \/>\n<meta name=\"twitter:label1\" content=\"Escrito por\" \/>\n\t<meta name=\"twitter:data1\" content=\"Reda\u00e7\u00e3o\" \/>\n\t<meta name=\"twitter:label2\" content=\"Tempo estimado de leitura\" \/>\n\t<meta name=\"twitter:data2\" content=\"2 minutos\" \/>\n<script type=\"application\/ld+json\" class=\"yoast-schema-graph\">{\"@context\":\"https:\/\/schema.org\",\"@graph\":[{\"@type\":\"Article\",\"@id\":\"https:\/\/brasilnoticias.org\/site\/idoso-e-preso-por-suspeita-de-matar-vizinho-que-soltava-rojoes-na-grande-sp\/#article\",\"isPartOf\":{\"@id\":\"https:\/\/brasilnoticias.org\/site\/idoso-e-preso-por-suspeita-de-matar-vizinho-que-soltava-rojoes-na-grande-sp\/\"},\"author\":{\"name\":\"Reda\u00e7\u00e3o\",\"@id\":\"https:\/\/brasilnoticias.org\/site\/#\/schema\/person\/a0e05b973ec4d15c658d51911e53507b\"},\"headline\":\"Idoso \u00e9 preso por suspeita de matar vizinho que soltava roj\u00f5es na Grande SP\",\"datePublished\":\"2023-01-05T21:10:55+00:00\",\"mainEntityOfPage\":{\"@id\":\"https:\/\/brasilnoticias.org\/site\/idoso-e-preso-por-suspeita-de-matar-vizinho-que-soltava-rojoes-na-grande-sp\/\"},\"wordCount\":473,\"commentCount\":0,\"publisher\":{\"@id\":\"https:\/\/brasilnoticias.org\/site\/#organization\"},\"image\":{\"@id\":\"https:\/\/brasilnoticias.org\/site\/idoso-e-preso-por-suspeita-de-matar-vizinho-que-soltava-rojoes-na-grande-sp\/#primaryimage\"},\"thumbnailUrl\":\"https:\/\/brasilnoticias.org\/site\/wp-content\/uploads\/2023\/01\/naom_556d56fba72a8.jpg\",\"articleSection\":[\"Not\u00edcias\",\"\u00daltimas\"],\"inLanguage\":\"pt-PT\",\"potentialAction\":[{\"@type\":\"CommentAction\",\"name\":\"Comment\",\"target\":[\"https:\/\/brasilnoticias.org\/site\/idoso-e-preso-por-suspeita-de-matar-vizinho-que-soltava-rojoes-na-grande-sp\/#respond\"]}]},{\"@type\":\"WebPage\",\"@id\":\"https:\/\/brasilnoticias.org\/site\/idoso-e-preso-por-suspeita-de-matar-vizinho-que-soltava-rojoes-na-grande-sp\/\",\"url\":\"https:\/\/brasilnoticias.org\/site\/idoso-e-preso-por-suspeita-de-matar-vizinho-que-soltava-rojoes-na-grande-sp\/\",\"name\":\"Idoso \u00e9 preso por suspeita de matar vizinho que soltava roj\u00f5es na Grande SP - Brasil not\u00edcias\",\"isPartOf\":{\"@id\":\"https:\/\/brasilnoticias.org\/site\/#website\"},\"primaryImageOfPage\":{\"@id\":\"https:\/\/brasilnoticias.org\/site\/idoso-e-preso-por-suspeita-de-matar-vizinho-que-soltava-rojoes-na-grande-sp\/#primaryimage\"},\"image\":{\"@id\":\"https:\/\/brasilnoticias.org\/site\/idoso-e-preso-por-suspeita-de-matar-vizinho-que-soltava-rojoes-na-grande-sp\/#primaryimage\"},\"thumbnailUrl\":\"https:\/\/brasilnoticias.org\/site\/wp-content\/uploads\/2023\/01\/naom_556d56fba72a8.jpg\",\"datePublished\":\"2023-01-05T21:10:55+00:00\",\"breadcrumb\":{\"@id\":\"https:\/\/brasilnoticias.org\/site\/idoso-e-preso-por-suspeita-de-matar-vizinho-que-soltava-rojoes-na-grande-sp\/#breadcrumb\"},\"inLanguage\":\"pt-PT\",\"potentialAction\":[{\"@type\":\"ReadAction\",\"target\":[\"https:\/\/brasilnoticias.org\/site\/idoso-e-preso-por-suspeita-de-matar-vizinho-que-soltava-rojoes-na-grande-sp\/\"]}]},{\"@type\":\"ImageObject\",\"inLanguage\":\"pt-PT\",\"@id\":\"https:\/\/brasilnoticias.org\/site\/idoso-e-preso-por-suspeita-de-matar-vizinho-que-soltava-rojoes-na-grande-sp\/#primaryimage\",\"url\":\"https:\/\/brasilnoticias.org\/site\/wp-content\/uploads\/2023\/01\/naom_556d56fba72a8.jpg\",\"contentUrl\":\"https:\/\/brasilnoticias.org\/site\/wp-content\/uploads\/2023\/01\/naom_556d56fba72a8.jpg\",\"width\":960,\"height\":540},{\"@type\":\"BreadcrumbList\",\"@id\":\"https:\/\/brasilnoticias.org\/site\/idoso-e-preso-por-suspeita-de-matar-vizinho-que-soltava-rojoes-na-grande-sp\/#breadcrumb\",\"itemListElement\":[{\"@type\":\"ListItem\",\"position\":1,\"name\":\"In\u00edcio\",\"item\":\"https:\/\/brasilnoticias.org\/site\/\"},{\"@type\":\"ListItem\",\"position\":2,\"name\":\"Idoso \u00e9 preso por suspeita de matar vizinho que soltava roj\u00f5es na Grande SP\"}]},{\"@type\":\"WebSite\",\"@id\":\"https:\/\/brasilnoticias.org\/site\/#website\",\"url\":\"https:\/\/brasilnoticias.org\/site\/\",\"name\":\"Brasil not\u00edcias\",\"description\":\"Brasil not\u00edcias\",\"publisher\":{\"@id\":\"https:\/\/brasilnoticias.org\/site\/#organization\"},\"potentialAction\":[{\"@type\":\"SearchAction\",\"target\":{\"@type\":\"EntryPoint\",\"urlTemplate\":\"https:\/\/brasilnoticias.org\/site\/?s={search_term_string}\"},\"query-input\":{\"@type\":\"PropertyValueSpecification\",\"valueRequired\":true,\"valueName\":\"search_term_string\"}}],\"inLanguage\":\"pt-PT\"},{\"@type\":\"Organization\",\"@id\":\"https:\/\/brasilnoticias.org\/site\/#organization\",\"name\":\"Brasil not\u00edcias\",\"url\":\"https:\/\/brasilnoticias.org\/site\/\",\"logo\":{\"@type\":\"ImageObject\",\"inLanguage\":\"pt-PT\",\"@id\":\"https:\/\/brasilnoticias.org\/site\/#\/schema\/logo\/image\/\",\"url\":\"https:\/\/brasilnoticias.org\/site\/wp-content\/uploads\/2022\/05\/cropped-brasilnoticias-mini.jpg\",\"contentUrl\":\"https:\/\/brasilnoticias.org\/site\/wp-content\/uploads\/2022\/05\/cropped-brasilnoticias-mini.jpg\",\"width\":314,\"height\":86,\"caption\":\"Brasil not\u00edcias\"},\"image\":{\"@id\":\"https:\/\/brasilnoticias.org\/site\/#\/schema\/logo\/image\/\"}},{\"@type\":\"Person\",\"@id\":\"https:\/\/brasilnoticias.org\/site\/#\/schema\/person\/a0e05b973ec4d15c658d51911e53507b\",\"name\":\"Reda\u00e7\u00e3o\",\"image\":{\"@type\":\"ImageObject\",\"inLanguage\":\"pt-PT\",\"@id\":\"https:\/\/brasilnoticias.org\/site\/#\/schema\/person\/image\/\",\"url\":\"https:\/\/secure.gravatar.com\/avatar\/75d8b050df2de108b08ae78dfb8e374892df24a383c67db9c46a9c604f6aee9c?s=96&d=mm&r=g\",\"contentUrl\":\"https:\/\/secure.gravatar.com\/avatar\/75d8b050df2de108b08ae78dfb8e374892df24a383c67db9c46a9c604f6aee9c?s=96&d=mm&r=g\",\"caption\":\"Reda\u00e7\u00e3o\"},\"sameAs\":[\"https:\/\/brasilnoticias.org\/site\"],\"url\":\"https:\/\/brasilnoticias.org\/site\/author\/fernandozsngmail-com\/\"}]}<\/script>\n<!-- \/ Yoast SEO plugin. -->","yoast_head_json":{"title":"Idoso \u00e9 preso por suspeita de matar vizinho que soltava roj\u00f5es na Grande SP - Brasil not\u00edcias","robots":{"index":"index","follow":"follow","max-snippet":"max-snippet:-1","max-image-preview":"max-image-preview:large","max-video-preview":"max-video-preview:-1"},"canonical":"https:\/\/brasilnoticias.org\/site\/idoso-e-preso-por-suspeita-de-matar-vizinho-que-soltava-rojoes-na-grande-sp\/","og_locale":"pt_PT","og_type":"article","og_title":"Idoso \u00e9 preso por suspeita de matar vizinho que soltava roj\u00f5es na Grande SP - Brasil not\u00edcias","og_description":"Um homem de 74 anos foi preso em flagrante por suspeita de matar um vizinho na segunda-feira (2) ap\u00f3s reclamar","og_url":"https:\/\/brasilnoticias.org\/site\/idoso-e-preso-por-suspeita-de-matar-vizinho-que-soltava-rojoes-na-grande-sp\/","og_site_name":"Brasil not\u00edcias","article_published_time":"2023-01-05T21:10:55+00:00","og_image":[{"width":960,"height":540,"url":"https:\/\/brasilnoticias.org\/site\/wp-content\/uploads\/2023\/01\/naom_556d56fba72a8.jpg","type":"image\/jpeg"}],"author":"Reda\u00e7\u00e3o","twitter_card":"summary_large_image","twitter_misc":{"Escrito por":"Reda\u00e7\u00e3o","Tempo estimado de leitura":"2 minutos"},"schema":{"@context":"https:\/\/schema.org","@graph":[{"@type":"Article","@id":"https:\/\/brasilnoticias.org\/site\/idoso-e-preso-por-suspeita-de-matar-vizinho-que-soltava-rojoes-na-grande-sp\/#article","isPartOf":{"@id":"https:\/\/brasilnoticias.org\/site\/idoso-e-preso-por-suspeita-de-matar-vizinho-que-soltava-rojoes-na-grande-sp\/"},"author":{"name":"Reda\u00e7\u00e3o","@id":"https:\/\/brasilnoticias.org\/site\/#\/schema\/person\/a0e05b973ec4d15c658d51911e53507b"},"headline":"Idoso \u00e9 preso por suspeita de matar vizinho que soltava roj\u00f5es na Grande SP","datePublished":"2023-01-05T21:10:55+00:00","mainEntityOfPage":{"@id":"https:\/\/brasilnoticias.org\/site\/idoso-e-preso-por-suspeita-de-matar-vizinho-que-soltava-rojoes-na-grande-sp\/"},"wordCount":473,"commentCount":0,"publisher":{"@id":"https:\/\/brasilnoticias.org\/site\/#organization"},"image":{"@id":"https:\/\/brasilnoticias.org\/site\/idoso-e-preso-por-suspeita-de-matar-vizinho-que-soltava-rojoes-na-grande-sp\/#primaryimage"},"thumbnailUrl":"https:\/\/brasilnoticias.org\/site\/wp-content\/uploads\/2023\/01\/naom_556d56fba72a8.jpg","articleSection":["Not\u00edcias","\u00daltimas"],"inLanguage":"pt-PT","potentialAction":[{"@type":"CommentAction","name":"Comment","target":["https:\/\/brasilnoticias.org\/site\/idoso-e-preso-por-suspeita-de-matar-vizinho-que-soltava-rojoes-na-grande-sp\/#respond"]}]},{"@type":"WebPage","@id":"https:\/\/brasilnoticias.org\/site\/idoso-e-preso-por-suspeita-de-matar-vizinho-que-soltava-rojoes-na-grande-sp\/","url":"https:\/\/brasilnoticias.org\/site\/idoso-e-preso-por-suspeita-de-matar-vizinho-que-soltava-rojoes-na-grande-sp\/","name":"Idoso \u00e9 preso por suspeita de matar vizinho que soltava roj\u00f5es na Grande SP - Brasil not\u00edcias","isPartOf":{"@id":"https:\/\/brasilnoticias.org\/site\/#website"},"primaryImageOfPage":{"@id":"https:\/\/brasilnoticias.org\/site\/idoso-e-preso-por-suspeita-de-matar-vizinho-que-soltava-rojoes-na-grande-sp\/#primaryimage"},"image":{"@id":"https:\/\/brasilnoticias.org\/site\/idoso-e-preso-por-suspeita-de-matar-vizinho-que-soltava-rojoes-na-grande-sp\/#primaryimage"},"thumbnailUrl":"https:\/\/brasilnoticias.org\/site\/wp-content\/uploads\/2023\/01\/naom_556d56fba72a8.jpg","datePublished":"2023-01-05T21:10:55+00:00","breadcrumb":{"@id":"https:\/\/brasilnoticias.org\/site\/idoso-e-preso-por-suspeita-de-matar-vizinho-que-soltava-rojoes-na-grande-sp\/#breadcrumb"},"inLanguage":"pt-PT","potentialAction":[{"@type":"ReadAction","target":["https:\/\/brasilnoticias.org\/site\/idoso-e-preso-por-suspeita-de-matar-vizinho-que-soltava-rojoes-na-grande-sp\/"]}]},{"@type":"ImageObject","inLanguage":"pt-PT","@id":"https:\/\/brasilnoticias.org\/site\/idoso-e-preso-por-suspeita-de-matar-vizinho-que-soltava-rojoes-na-grande-sp\/#primaryimage","url":"https:\/\/brasilnoticias.org\/site\/wp-content\/uploads\/2023\/01\/naom_556d56fba72a8.jpg","contentUrl":"https:\/\/brasilnoticias.org\/site\/wp-content\/uploads\/2023\/01\/naom_556d56fba72a8.jpg","width":960,"height":540},{"@type":"BreadcrumbList","@id":"https:\/\/brasilnoticias.org\/site\/idoso-e-preso-por-suspeita-de-matar-vizinho-que-soltava-rojoes-na-grande-sp\/#breadcrumb","itemListElement":[{"@type":"ListItem","position":1,"name":"In\u00edcio","item":"https:\/\/brasilnoticias.org\/site\/"},{"@type":"ListItem","position":2,"name":"Idoso \u00e9 preso por suspeita de matar vizinho que soltava roj\u00f5es na Grande SP"}]},{"@type":"WebSite","@id":"https:\/\/brasilnoticias.org\/site\/#website","url":"https:\/\/brasilnoticias.org\/site\/","name":"Brasil not\u00edcias","description":"Brasil not\u00edcias","publisher":{"@id":"https:\/\/brasilnoticias.org\/site\/#organization"},"potentialAction":[{"@type":"SearchAction","target":{"@type":"EntryPoint","urlTemplate":"https:\/\/brasilnoticias.org\/site\/?s={search_term_string}"},"query-input":{"@type":"PropertyValueSpecification","valueRequired":true,"valueName":"search_term_string"}}],"inLanguage":"pt-PT"},{"@type":"Organization","@id":"https:\/\/brasilnoticias.org\/site\/#organization","name":"Brasil not\u00edcias","url":"https:\/\/brasilnoticias.org\/site\/","logo":{"@type":"ImageObject","inLanguage":"pt-PT","@id":"https:\/\/brasilnoticias.org\/site\/#\/schema\/logo\/image\/","url":"https:\/\/brasilnoticias.org\/site\/wp-content\/uploads\/2022\/05\/cropped-brasilnoticias-mini.jpg","contentUrl":"https:\/\/brasilnoticias.org\/site\/wp-content\/uploads\/2022\/05\/cropped-brasilnoticias-mini.jpg","width":314,"height":86,"caption":"Brasil not\u00edcias"},"image":{"@id":"https:\/\/brasilnoticias.org\/site\/#\/schema\/logo\/image\/"}},{"@type":"Person","@id":"https:\/\/brasilnoticias.org\/site\/#\/schema\/person\/a0e05b973ec4d15c658d51911e53507b","name":"Reda\u00e7\u00e3o","image":{"@type":"ImageObject","inLanguage":"pt-PT","@id":"https:\/\/brasilnoticias.org\/site\/#\/schema\/person\/image\/","url":"https:\/\/secure.gravatar.com\/avatar\/75d8b050df2de108b08ae78dfb8e374892df24a383c67db9c46a9c604f6aee9c?s=96&d=mm&r=g","contentUrl":"https:\/\/secure.gravatar.com\/avatar\/75d8b050df2de108b08ae78dfb8e374892df24a383c67db9c46a9c604f6aee9c?s=96&d=mm&r=g","caption":"Reda\u00e7\u00e3o"},"sameAs":["https:\/\/brasilnoticias.org\/site"],"url":"https:\/\/brasilnoticias.org\/site\/author\/fernandozsngmail-com\/"}]}},"_links":{"self":[{"href":"https:\/\/brasilnoticias.org\/site\/wp-json\/wp\/v2\/posts\/3097","targetHints":{"allow":["GET"]}}],"collection":[{"href":"https:\/\/brasilnoticias.org\/site\/wp-json\/wp\/v2\/posts"}],"about":[{"href":"https:\/\/brasilnoticias.org\/site\/wp-json\/wp\/v2\/types\/post"}],"author":[{"embeddable":true,"href":"https:\/\/brasilnoticias.org\/site\/wp-json\/wp\/v2\/users\/1"}],"replies":[{"embeddable":true,"href":"https:\/\/brasilnoticias.org\/site\/wp-json\/wp\/v2\/comments?post=3097"}],"version-history":[{"count":1,"href":"https:\/\/brasilnoticias.org\/site\/wp-json\/wp\/v2\/posts\/3097\/revisions"}],"predecessor-version":[{"id":3099,"href":"https:\/\/brasilnoticias.org\/site\/wp-json\/wp\/v2\/posts\/3097\/revisions\/3099"}],"wp:featuredmedia":[{"embeddable":true,"href":"https:\/\/brasilnoticias.org\/site\/wp-json\/wp\/v2\/media\/3098"}],"wp:attachment":[{"href":"https:\/\/brasilnoticias.org\/site\/wp-json\/wp\/v2\/media?parent=3097"}],"wp:term":[{"taxonomy":"category","embeddable":true,"href":"https:\/\/brasilnoticias.org\/site\/wp-json\/wp\/v2\/categories?post=3097"},{"taxonomy":"post_tag","embeddable":true,"href":"https:\/\/brasilnoticias.org\/site\/wp-json\/wp\/v2\/tags?post=3097"}],"curies":[{"name":"wp","href":"https:\/\/api.w.org\/{rel}","templated":true}]}}