{"id":3100,"date":"2023-01-05T18:30:42","date_gmt":"2023-01-05T21:30:42","guid":{"rendered":"https:\/\/brasilnoticias.org\/site\/?p=3100"},"modified":"2023-01-05T15:37:17","modified_gmt":"2023-01-05T18:37:17","slug":"pf-ainda-procura-7-por-noite-de-vandalismo-no-df-e-pede-prisao-preventiva","status":"publish","type":"post","link":"https:\/\/brasilnoticias.org\/site\/pf-ainda-procura-7-por-noite-de-vandalismo-no-df-e-pede-prisao-preventiva\/","title":{"rendered":"PF ainda procura 7 por noite de vandalismo no DF e pede pris\u00e3o preventiva"},"content":{"rendered":"<p>A Pol\u00edcia Federal ainda n\u00e3o conseguiu cumprir 7 dos 11 mandados de pris\u00e3o expedidos pelo ministro Alexandre de Moraes, do Supremo Tribunal Federal, contra bolsonaristas suspeitos de participa\u00e7\u00e3o na tentativa de invas\u00e3o ao pr\u00e9dio da corpora\u00e7\u00e3o e nos atos de vandalismo que resultaram em inc\u00eandios a carros e \u00f4nibus em Bras\u00edlia, no dia 12 de dezembro.<\/p>\n<p>Todos s\u00e3o alvos da Opera\u00e7\u00e3o Nero, deflagrada pela PF no dia 28. Apenas quatro suspeitos foram presos no primeiro dia da a\u00e7\u00e3o, resultado das investiga\u00e7\u00f5es do \u00f3rg\u00e3o e da Pol\u00edcia Civil do Distrito Federal.<br \/>\nNesta quarta (4), a PF pediu a convers\u00e3o dos pedidos de pris\u00e3o contra os foragidos de tempor\u00e1ria para preventiva.<\/p>\n<p>Um dos procurados \u00e9 Alan Diego Rodrigues, suspeito de ter instalado uma bomba em um caminh\u00e3o de combust\u00edveis pr\u00f3ximo ao aeroporto de Bras\u00edlia na v\u00e9spera do Natal.<\/p>\n<p>A opera\u00e7\u00e3o foi realizada no Distrito Federal, Par\u00e1, Tocantins, Cear\u00e1, Rio, S\u00e3o Paulo, Rond\u00f4nia e Mato Grosso.<\/p>\n<p>Em Bras\u00edlia, foi presa uma pessoa identificada como Klio Hirano. Ela tem diversas postagens publicadas em acampamento em frente ao QG do Ex\u00e9rcito, onde manifestantes pediam uma interven\u00e7\u00e3o das For\u00e7as Armadas para evitar a posse de Lula (PT).<\/p>\n<p>No Rio, a pessoa detida foi \u00c1tila Mello. Ele foi preso no munic\u00edpio de S\u00e3o Gon\u00e7alo.<\/p>\n<p>O caso tramita sob sigilo e a reportagem n\u00e3o conseguiu localizar as defesas dos detidos.<\/p>\n<p>H\u00e1 suspeita de que alguns foragidos foram para acampamentos de bolsonaristas ap\u00f3s a ordem de pris\u00e3o de Moraes, o que dificultou a realiza\u00e7\u00e3o das pris\u00f5es.<\/p>\n<p>Os investigadores veem uma liga\u00e7\u00e3o direta entre o grupo respons\u00e1vel pelos atos de vandalismo em Bras\u00edlia com o acampamento mantido pelos bolsonaristas no QG do Ex\u00e9rcito desde a derrota de Jair Bolsonaro (PL) no segundo turno das elei\u00e7\u00f5es.<\/p>\n<p>Em entrevista coletiva no dia da opera\u00e7\u00e3o, o ent\u00e3o diretor-geral da PF M\u00e1rcio Nunes disse que &#8220;quase a totalidade&#8221; dos alvos da investiga\u00e7\u00e3o passaram pelo QG.<\/p>\n<p>Os envolvidos, segundo a Pol\u00edcia Civil do DF, v\u00e3o de empres\u00e1rios do agroneg\u00f3cio a pastores e cabeleireiro.<\/p>\n<p>Entre os crimes investigados est\u00e1 o de associa\u00e7\u00e3o criminosa para aboli\u00e7\u00e3o do Estado democr\u00e1tico de Direito.<\/p>\n<p>O delegado Leonardo Cardoso, da Civil, confirmou em entrevista que os suspeitos frequentavam o QG, mas disse n\u00e3o ter ind\u00edcios, at\u00e9 o momento, de planejamento pr\u00e9vio do ataque.<\/p>\n<p>&#8220;Quanto ao planejamento dos atos do dia 12, ao que se apurou at\u00e9 o momento n\u00e3o havia um planejamento pr\u00e9vio. O que ficou comprovado na investiga\u00e7\u00e3o \u00e9 que as pessoas que participaram daquele movimento, que acabou culminando em atos de vandalismo, eram pessoas que de, alguma forma, frequentavam o movimento que est\u00e1 instalado no QG&#8221;, afirmou.<\/p>\n<p>Um dos foragidos, Alan Diego tamb\u00e9m \u00e9 procurado por causa de sua participa\u00e7\u00e3o na tentativa de atentado terrorista com o uso de bomba.<\/p>\n<p>Ele foi apontado por George Washington de Oliveira Sousa, que confessou a participa\u00e7\u00e3o no caso da bomba, como respons\u00e1vel por instalar o explosivo no caminh\u00e3o pr\u00f3ximo ao aeroporto de Bras\u00edlia.<\/p>\n<p>&#8220;Eu entreguei o artefato a Alan e insisti que ele instalasse em um poste de energia para interromper o fornecimento de eletricidade, n\u00e3o concordei com a ideia de explodir no estacionamento do aeroporto. Por\u00e9m, eu soube pela TV que a pol\u00edcia tinha apreendido uma bomba no aeroporto e que o Alan n\u00e3o tinha seguido o plano original&#8221;, disse em sua oitiva.<\/p>\n<p>&nbsp;<\/p>\n<p>Foto T\u00e2nia R\u00eago \/ Ag\u00eancia Brasil<\/p>\n<p>Not\u00edcias ao minuto<\/p>\n","protected":false},"excerpt":{"rendered":"<p>A Pol\u00edcia Federal ainda n\u00e3o conseguiu cumprir 7 dos 11 mandados de pris\u00e3o expedidos pelo ministro Alexandre de Moraes, do<\/p>\n","protected":false},"author":1,"featured_media":3101,"comment_status":"open","ping_status":"open","sticky":false,"template":"","format":"standard","meta":{"colormag_page_container_layout":"default_layout","colormag_page_sidebar_layout":"default_layout","_FSMCFIC_featured_image_caption":"","_FSMCFIC_featured_image_nocaption":"","_FSMCFIC_featured_image_hide":"","footnotes":""},"categories":[3,1],"tags":[],"class_list":["post-3100","post","type-post","status-publish","format-standard","has-post-thumbnail","hentry","category-policia","category-ultimas"],"yoast_head":"<!-- This site is optimized with the Yoast SEO plugin v27.1.1 - https:\/\/yoast.com\/product\/yoast-seo-wordpress\/ -->\n<title>PF ainda procura 7 por noite de vandalismo no DF e pede pris\u00e3o preventiva - Brasil not\u00edcias<\/title>\n<meta name=\"robots\" content=\"index, follow, max-snippet:-1, max-image-preview:large, max-video-preview:-1\" \/>\n<link rel=\"canonical\" href=\"https:\/\/brasilnoticias.org\/site\/pf-ainda-procura-7-por-noite-de-vandalismo-no-df-e-pede-prisao-preventiva\/\" \/>\n<meta property=\"og:locale\" content=\"pt_PT\" \/>\n<meta property=\"og:type\" content=\"article\" \/>\n<meta property=\"og:title\" content=\"PF ainda procura 7 por noite de vandalismo no DF e pede pris\u00e3o preventiva - Brasil not\u00edcias\" \/>\n<meta property=\"og:description\" content=\"A Pol\u00edcia Federal ainda n\u00e3o conseguiu cumprir 7 dos 11 mandados de pris\u00e3o expedidos pelo ministro Alexandre de Moraes, do\" \/>\n<meta property=\"og:url\" content=\"https:\/\/brasilnoticias.org\/site\/pf-ainda-procura-7-por-noite-de-vandalismo-no-df-e-pede-prisao-preventiva\/\" \/>\n<meta property=\"og:site_name\" content=\"Brasil not\u00edcias\" \/>\n<meta property=\"article:published_time\" content=\"2023-01-05T21:30:42+00:00\" \/>\n<meta property=\"og:image\" content=\"https:\/\/brasilnoticias.org\/site\/wp-content\/uploads\/2023\/01\/naom_60bf916844dd9.jpg\" \/>\n\t<meta property=\"og:image:width\" content=\"960\" \/>\n\t<meta property=\"og:image:height\" content=\"540\" \/>\n\t<meta property=\"og:image:type\" content=\"image\/jpeg\" \/>\n<meta name=\"author\" content=\"Reda\u00e7\u00e3o\" \/>\n<meta name=\"twitter:card\" content=\"summary_large_image\" \/>\n<meta name=\"twitter:label1\" content=\"Escrito por\" \/>\n\t<meta name=\"twitter:data1\" content=\"Reda\u00e7\u00e3o\" \/>\n\t<meta name=\"twitter:label2\" content=\"Tempo estimado de leitura\" \/>\n\t<meta name=\"twitter:data2\" content=\"3 minutos\" \/>\n<script type=\"application\/ld+json\" class=\"yoast-schema-graph\">{\"@context\":\"https:\/\/schema.org\",\"@graph\":[{\"@type\":\"Article\",\"@id\":\"https:\/\/brasilnoticias.org\/site\/pf-ainda-procura-7-por-noite-de-vandalismo-no-df-e-pede-prisao-preventiva\/#article\",\"isPartOf\":{\"@id\":\"https:\/\/brasilnoticias.org\/site\/pf-ainda-procura-7-por-noite-de-vandalismo-no-df-e-pede-prisao-preventiva\/\"},\"author\":{\"name\":\"Reda\u00e7\u00e3o\",\"@id\":\"https:\/\/brasilnoticias.org\/site\/#\/schema\/person\/a0e05b973ec4d15c658d51911e53507b\"},\"headline\":\"PF ainda procura 7 por noite de vandalismo no DF e pede pris\u00e3o preventiva\",\"datePublished\":\"2023-01-05T21:30:42+00:00\",\"mainEntityOfPage\":{\"@id\":\"https:\/\/brasilnoticias.org\/site\/pf-ainda-procura-7-por-noite-de-vandalismo-no-df-e-pede-prisao-preventiva\/\"},\"wordCount\":631,\"commentCount\":0,\"publisher\":{\"@id\":\"https:\/\/brasilnoticias.org\/site\/#organization\"},\"image\":{\"@id\":\"https:\/\/brasilnoticias.org\/site\/pf-ainda-procura-7-por-noite-de-vandalismo-no-df-e-pede-prisao-preventiva\/#primaryimage\"},\"thumbnailUrl\":\"https:\/\/brasilnoticias.org\/site\/wp-content\/uploads\/2023\/01\/naom_60bf916844dd9.jpg\",\"articleSection\":[\"Pol\u00edcia\",\"\u00daltimas\"],\"inLanguage\":\"pt-PT\",\"potentialAction\":[{\"@type\":\"CommentAction\",\"name\":\"Comment\",\"target\":[\"https:\/\/brasilnoticias.org\/site\/pf-ainda-procura-7-por-noite-de-vandalismo-no-df-e-pede-prisao-preventiva\/#respond\"]}]},{\"@type\":\"WebPage\",\"@id\":\"https:\/\/brasilnoticias.org\/site\/pf-ainda-procura-7-por-noite-de-vandalismo-no-df-e-pede-prisao-preventiva\/\",\"url\":\"https:\/\/brasilnoticias.org\/site\/pf-ainda-procura-7-por-noite-de-vandalismo-no-df-e-pede-prisao-preventiva\/\",\"name\":\"PF ainda procura 7 por noite de vandalismo no DF e pede pris\u00e3o preventiva - Brasil not\u00edcias\",\"isPartOf\":{\"@id\":\"https:\/\/brasilnoticias.org\/site\/#website\"},\"primaryImageOfPage\":{\"@id\":\"https:\/\/brasilnoticias.org\/site\/pf-ainda-procura-7-por-noite-de-vandalismo-no-df-e-pede-prisao-preventiva\/#primaryimage\"},\"image\":{\"@id\":\"https:\/\/brasilnoticias.org\/site\/pf-ainda-procura-7-por-noite-de-vandalismo-no-df-e-pede-prisao-preventiva\/#primaryimage\"},\"thumbnailUrl\":\"https:\/\/brasilnoticias.org\/site\/wp-content\/uploads\/2023\/01\/naom_60bf916844dd9.jpg\",\"datePublished\":\"2023-01-05T21:30:42+00:00\",\"breadcrumb\":{\"@id\":\"https:\/\/brasilnoticias.org\/site\/pf-ainda-procura-7-por-noite-de-vandalismo-no-df-e-pede-prisao-preventiva\/#breadcrumb\"},\"inLanguage\":\"pt-PT\",\"potentialAction\":[{\"@type\":\"ReadAction\",\"target\":[\"https:\/\/brasilnoticias.org\/site\/pf-ainda-procura-7-por-noite-de-vandalismo-no-df-e-pede-prisao-preventiva\/\"]}]},{\"@type\":\"ImageObject\",\"inLanguage\":\"pt-PT\",\"@id\":\"https:\/\/brasilnoticias.org\/site\/pf-ainda-procura-7-por-noite-de-vandalismo-no-df-e-pede-prisao-preventiva\/#primaryimage\",\"url\":\"https:\/\/brasilnoticias.org\/site\/wp-content\/uploads\/2023\/01\/naom_60bf916844dd9.jpg\",\"contentUrl\":\"https:\/\/brasilnoticias.org\/site\/wp-content\/uploads\/2023\/01\/naom_60bf916844dd9.jpg\",\"width\":960,\"height\":540},{\"@type\":\"BreadcrumbList\",\"@id\":\"https:\/\/brasilnoticias.org\/site\/pf-ainda-procura-7-por-noite-de-vandalismo-no-df-e-pede-prisao-preventiva\/#breadcrumb\",\"itemListElement\":[{\"@type\":\"ListItem\",\"position\":1,\"name\":\"In\u00edcio\",\"item\":\"https:\/\/brasilnoticias.org\/site\/\"},{\"@type\":\"ListItem\",\"position\":2,\"name\":\"PF ainda procura 7 por noite de vandalismo no DF e pede pris\u00e3o preventiva\"}]},{\"@type\":\"WebSite\",\"@id\":\"https:\/\/brasilnoticias.org\/site\/#website\",\"url\":\"https:\/\/brasilnoticias.org\/site\/\",\"name\":\"Brasil not\u00edcias\",\"description\":\"Brasil not\u00edcias\",\"publisher\":{\"@id\":\"https:\/\/brasilnoticias.org\/site\/#organization\"},\"potentialAction\":[{\"@type\":\"SearchAction\",\"target\":{\"@type\":\"EntryPoint\",\"urlTemplate\":\"https:\/\/brasilnoticias.org\/site\/?s={search_term_string}\"},\"query-input\":{\"@type\":\"PropertyValueSpecification\",\"valueRequired\":true,\"valueName\":\"search_term_string\"}}],\"inLanguage\":\"pt-PT\"},{\"@type\":\"Organization\",\"@id\":\"https:\/\/brasilnoticias.org\/site\/#organization\",\"name\":\"Brasil not\u00edcias\",\"url\":\"https:\/\/brasilnoticias.org\/site\/\",\"logo\":{\"@type\":\"ImageObject\",\"inLanguage\":\"pt-PT\",\"@id\":\"https:\/\/brasilnoticias.org\/site\/#\/schema\/logo\/image\/\",\"url\":\"https:\/\/brasilnoticias.org\/site\/wp-content\/uploads\/2022\/05\/cropped-brasilnoticias-mini.jpg\",\"contentUrl\":\"https:\/\/brasilnoticias.org\/site\/wp-content\/uploads\/2022\/05\/cropped-brasilnoticias-mini.jpg\",\"width\":314,\"height\":86,\"caption\":\"Brasil not\u00edcias\"},\"image\":{\"@id\":\"https:\/\/brasilnoticias.org\/site\/#\/schema\/logo\/image\/\"}},{\"@type\":\"Person\",\"@id\":\"https:\/\/brasilnoticias.org\/site\/#\/schema\/person\/a0e05b973ec4d15c658d51911e53507b\",\"name\":\"Reda\u00e7\u00e3o\",\"image\":{\"@type\":\"ImageObject\",\"inLanguage\":\"pt-PT\",\"@id\":\"https:\/\/brasilnoticias.org\/site\/#\/schema\/person\/image\/\",\"url\":\"https:\/\/secure.gravatar.com\/avatar\/75d8b050df2de108b08ae78dfb8e374892df24a383c67db9c46a9c604f6aee9c?s=96&d=mm&r=g\",\"contentUrl\":\"https:\/\/secure.gravatar.com\/avatar\/75d8b050df2de108b08ae78dfb8e374892df24a383c67db9c46a9c604f6aee9c?s=96&d=mm&r=g\",\"caption\":\"Reda\u00e7\u00e3o\"},\"sameAs\":[\"https:\/\/brasilnoticias.org\/site\"],\"url\":\"https:\/\/brasilnoticias.org\/site\/author\/fernandozsngmail-com\/\"}]}<\/script>\n<!-- \/ Yoast SEO plugin. -->","yoast_head_json":{"title":"PF ainda procura 7 por noite de vandalismo no DF e pede pris\u00e3o preventiva - Brasil not\u00edcias","robots":{"index":"index","follow":"follow","max-snippet":"max-snippet:-1","max-image-preview":"max-image-preview:large","max-video-preview":"max-video-preview:-1"},"canonical":"https:\/\/brasilnoticias.org\/site\/pf-ainda-procura-7-por-noite-de-vandalismo-no-df-e-pede-prisao-preventiva\/","og_locale":"pt_PT","og_type":"article","og_title":"PF ainda procura 7 por noite de vandalismo no DF e pede pris\u00e3o preventiva - Brasil not\u00edcias","og_description":"A Pol\u00edcia Federal ainda n\u00e3o conseguiu cumprir 7 dos 11 mandados de pris\u00e3o expedidos pelo ministro Alexandre de Moraes, do","og_url":"https:\/\/brasilnoticias.org\/site\/pf-ainda-procura-7-por-noite-de-vandalismo-no-df-e-pede-prisao-preventiva\/","og_site_name":"Brasil not\u00edcias","article_published_time":"2023-01-05T21:30:42+00:00","og_image":[{"width":960,"height":540,"url":"https:\/\/brasilnoticias.org\/site\/wp-content\/uploads\/2023\/01\/naom_60bf916844dd9.jpg","type":"image\/jpeg"}],"author":"Reda\u00e7\u00e3o","twitter_card":"summary_large_image","twitter_misc":{"Escrito por":"Reda\u00e7\u00e3o","Tempo estimado de leitura":"3 minutos"},"schema":{"@context":"https:\/\/schema.org","@graph":[{"@type":"Article","@id":"https:\/\/brasilnoticias.org\/site\/pf-ainda-procura-7-por-noite-de-vandalismo-no-df-e-pede-prisao-preventiva\/#article","isPartOf":{"@id":"https:\/\/brasilnoticias.org\/site\/pf-ainda-procura-7-por-noite-de-vandalismo-no-df-e-pede-prisao-preventiva\/"},"author":{"name":"Reda\u00e7\u00e3o","@id":"https:\/\/brasilnoticias.org\/site\/#\/schema\/person\/a0e05b973ec4d15c658d51911e53507b"},"headline":"PF ainda procura 7 por noite de vandalismo no DF e pede pris\u00e3o preventiva","datePublished":"2023-01-05T21:30:42+00:00","mainEntityOfPage":{"@id":"https:\/\/brasilnoticias.org\/site\/pf-ainda-procura-7-por-noite-de-vandalismo-no-df-e-pede-prisao-preventiva\/"},"wordCount":631,"commentCount":0,"publisher":{"@id":"https:\/\/brasilnoticias.org\/site\/#organization"},"image":{"@id":"https:\/\/brasilnoticias.org\/site\/pf-ainda-procura-7-por-noite-de-vandalismo-no-df-e-pede-prisao-preventiva\/#primaryimage"},"thumbnailUrl":"https:\/\/brasilnoticias.org\/site\/wp-content\/uploads\/2023\/01\/naom_60bf916844dd9.jpg","articleSection":["Pol\u00edcia","\u00daltimas"],"inLanguage":"pt-PT","potentialAction":[{"@type":"CommentAction","name":"Comment","target":["https:\/\/brasilnoticias.org\/site\/pf-ainda-procura-7-por-noite-de-vandalismo-no-df-e-pede-prisao-preventiva\/#respond"]}]},{"@type":"WebPage","@id":"https:\/\/brasilnoticias.org\/site\/pf-ainda-procura-7-por-noite-de-vandalismo-no-df-e-pede-prisao-preventiva\/","url":"https:\/\/brasilnoticias.org\/site\/pf-ainda-procura-7-por-noite-de-vandalismo-no-df-e-pede-prisao-preventiva\/","name":"PF ainda procura 7 por noite de vandalismo no DF e pede pris\u00e3o preventiva - Brasil not\u00edcias","isPartOf":{"@id":"https:\/\/brasilnoticias.org\/site\/#website"},"primaryImageOfPage":{"@id":"https:\/\/brasilnoticias.org\/site\/pf-ainda-procura-7-por-noite-de-vandalismo-no-df-e-pede-prisao-preventiva\/#primaryimage"},"image":{"@id":"https:\/\/brasilnoticias.org\/site\/pf-ainda-procura-7-por-noite-de-vandalismo-no-df-e-pede-prisao-preventiva\/#primaryimage"},"thumbnailUrl":"https:\/\/brasilnoticias.org\/site\/wp-content\/uploads\/2023\/01\/naom_60bf916844dd9.jpg","datePublished":"2023-01-05T21:30:42+00:00","breadcrumb":{"@id":"https:\/\/brasilnoticias.org\/site\/pf-ainda-procura-7-por-noite-de-vandalismo-no-df-e-pede-prisao-preventiva\/#breadcrumb"},"inLanguage":"pt-PT","potentialAction":[{"@type":"ReadAction","target":["https:\/\/brasilnoticias.org\/site\/pf-ainda-procura-7-por-noite-de-vandalismo-no-df-e-pede-prisao-preventiva\/"]}]},{"@type":"ImageObject","inLanguage":"pt-PT","@id":"https:\/\/brasilnoticias.org\/site\/pf-ainda-procura-7-por-noite-de-vandalismo-no-df-e-pede-prisao-preventiva\/#primaryimage","url":"https:\/\/brasilnoticias.org\/site\/wp-content\/uploads\/2023\/01\/naom_60bf916844dd9.jpg","contentUrl":"https:\/\/brasilnoticias.org\/site\/wp-content\/uploads\/2023\/01\/naom_60bf916844dd9.jpg","width":960,"height":540},{"@type":"BreadcrumbList","@id":"https:\/\/brasilnoticias.org\/site\/pf-ainda-procura-7-por-noite-de-vandalismo-no-df-e-pede-prisao-preventiva\/#breadcrumb","itemListElement":[{"@type":"ListItem","position":1,"name":"In\u00edcio","item":"https:\/\/brasilnoticias.org\/site\/"},{"@type":"ListItem","position":2,"name":"PF ainda procura 7 por noite de vandalismo no DF e pede pris\u00e3o preventiva"}]},{"@type":"WebSite","@id":"https:\/\/brasilnoticias.org\/site\/#website","url":"https:\/\/brasilnoticias.org\/site\/","name":"Brasil not\u00edcias","description":"Brasil not\u00edcias","publisher":{"@id":"https:\/\/brasilnoticias.org\/site\/#organization"},"potentialAction":[{"@type":"SearchAction","target":{"@type":"EntryPoint","urlTemplate":"https:\/\/brasilnoticias.org\/site\/?s={search_term_string}"},"query-input":{"@type":"PropertyValueSpecification","valueRequired":true,"valueName":"search_term_string"}}],"inLanguage":"pt-PT"},{"@type":"Organization","@id":"https:\/\/brasilnoticias.org\/site\/#organization","name":"Brasil not\u00edcias","url":"https:\/\/brasilnoticias.org\/site\/","logo":{"@type":"ImageObject","inLanguage":"pt-PT","@id":"https:\/\/brasilnoticias.org\/site\/#\/schema\/logo\/image\/","url":"https:\/\/brasilnoticias.org\/site\/wp-content\/uploads\/2022\/05\/cropped-brasilnoticias-mini.jpg","contentUrl":"https:\/\/brasilnoticias.org\/site\/wp-content\/uploads\/2022\/05\/cropped-brasilnoticias-mini.jpg","width":314,"height":86,"caption":"Brasil not\u00edcias"},"image":{"@id":"https:\/\/brasilnoticias.org\/site\/#\/schema\/logo\/image\/"}},{"@type":"Person","@id":"https:\/\/brasilnoticias.org\/site\/#\/schema\/person\/a0e05b973ec4d15c658d51911e53507b","name":"Reda\u00e7\u00e3o","image":{"@type":"ImageObject","inLanguage":"pt-PT","@id":"https:\/\/brasilnoticias.org\/site\/#\/schema\/person\/image\/","url":"https:\/\/secure.gravatar.com\/avatar\/75d8b050df2de108b08ae78dfb8e374892df24a383c67db9c46a9c604f6aee9c?s=96&d=mm&r=g","contentUrl":"https:\/\/secure.gravatar.com\/avatar\/75d8b050df2de108b08ae78dfb8e374892df24a383c67db9c46a9c604f6aee9c?s=96&d=mm&r=g","caption":"Reda\u00e7\u00e3o"},"sameAs":["https:\/\/brasilnoticias.org\/site"],"url":"https:\/\/brasilnoticias.org\/site\/author\/fernandozsngmail-com\/"}]}},"_links":{"self":[{"href":"https:\/\/brasilnoticias.org\/site\/wp-json\/wp\/v2\/posts\/3100","targetHints":{"allow":["GET"]}}],"collection":[{"href":"https:\/\/brasilnoticias.org\/site\/wp-json\/wp\/v2\/posts"}],"about":[{"href":"https:\/\/brasilnoticias.org\/site\/wp-json\/wp\/v2\/types\/post"}],"author":[{"embeddable":true,"href":"https:\/\/brasilnoticias.org\/site\/wp-json\/wp\/v2\/users\/1"}],"replies":[{"embeddable":true,"href":"https:\/\/brasilnoticias.org\/site\/wp-json\/wp\/v2\/comments?post=3100"}],"version-history":[{"count":1,"href":"https:\/\/brasilnoticias.org\/site\/wp-json\/wp\/v2\/posts\/3100\/revisions"}],"predecessor-version":[{"id":3102,"href":"https:\/\/brasilnoticias.org\/site\/wp-json\/wp\/v2\/posts\/3100\/revisions\/3102"}],"wp:featuredmedia":[{"embeddable":true,"href":"https:\/\/brasilnoticias.org\/site\/wp-json\/wp\/v2\/media\/3101"}],"wp:attachment":[{"href":"https:\/\/brasilnoticias.org\/site\/wp-json\/wp\/v2\/media?parent=3100"}],"wp:term":[{"taxonomy":"category","embeddable":true,"href":"https:\/\/brasilnoticias.org\/site\/wp-json\/wp\/v2\/categories?post=3100"},{"taxonomy":"post_tag","embeddable":true,"href":"https:\/\/brasilnoticias.org\/site\/wp-json\/wp\/v2\/tags?post=3100"}],"curies":[{"name":"wp","href":"https:\/\/api.w.org\/{rel}","templated":true}]}}