{"id":3106,"date":"2023-01-06T06:32:47","date_gmt":"2023-01-06T09:32:47","guid":{"rendered":"https:\/\/brasilnoticias.org\/site\/?p=3106"},"modified":"2023-01-06T06:32:47","modified_gmt":"2023-01-06T09:32:47","slug":"de-cadeira-de-rodas-preta-gil-chega-em-hospital-desmaiada-e-e-internada-as-pressas","status":"publish","type":"post","link":"https:\/\/brasilnoticias.org\/site\/de-cadeira-de-rodas-preta-gil-chega-em-hospital-desmaiada-e-e-internada-as-pressas\/","title":{"rendered":"De cadeira de rodas, Preta Gil chega em hospital desmaiada e \u00e9 internada \u00e0s pressas"},"content":{"rendered":"<p>Acompanhada do marido, Preta Gil deu entrada nesta quinta-feira (05), em uma cl\u00ednica da G\u00e1vea, no Rio de Janeiro.<\/p>\n<p>De acordo com a jornalista F\u00e1bia Oliveira, Preta chegou ao local de cadeira de rodas e desmaiada. A cantora segue em observa\u00e7\u00e3o na unidade e informa\u00e7\u00f5es sobre seu estado de sa\u00fade n\u00e3o foram divulgadas at\u00e9 o momento.<\/p>\n<p>Recentemente, Preta foi diagnosticada pela terceira vez com covid-19. A informa\u00e7\u00e3o foi divulgada por ela atrav\u00e9s das redes sociais.<\/p>\n<p>Foto Reprodu\u00e7\u00e3o | Instagram<\/p>\n<p>Bnews<\/p>\n","protected":false},"excerpt":{"rendered":"<p>Acompanhada do marido, Preta Gil deu entrada nesta quinta-feira (05), em uma cl\u00ednica da G\u00e1vea, no Rio de Janeiro. De<\/p>\n","protected":false},"author":1,"featured_media":3107,"comment_status":"open","ping_status":"open","sticky":false,"template":"","format":"standard","meta":{"colormag_page_container_layout":"default_layout","colormag_page_sidebar_layout":"default_layout","_FSMCFIC_featured_image_caption":"","_FSMCFIC_featured_image_nocaption":"","_FSMCFIC_featured_image_hide":"","footnotes":""},"categories":[2,1],"tags":[],"class_list":["post-3106","post","type-post","status-publish","format-standard","has-post-thumbnail","hentry","category-noticias","category-ultimas"],"yoast_head":"<!-- This site is optimized with the Yoast SEO plugin v27.1.1 - https:\/\/yoast.com\/product\/yoast-seo-wordpress\/ -->\n<title>De cadeira de rodas, Preta Gil chega em hospital desmaiada e \u00e9 internada \u00e0s pressas - Brasil not\u00edcias<\/title>\n<meta name=\"robots\" content=\"index, follow, max-snippet:-1, max-image-preview:large, max-video-preview:-1\" \/>\n<link rel=\"canonical\" href=\"https:\/\/brasilnoticias.org\/site\/de-cadeira-de-rodas-preta-gil-chega-em-hospital-desmaiada-e-e-internada-as-pressas\/\" \/>\n<meta property=\"og:locale\" content=\"pt_PT\" \/>\n<meta property=\"og:type\" content=\"article\" \/>\n<meta property=\"og:title\" content=\"De cadeira de rodas, Preta Gil chega em hospital desmaiada e \u00e9 internada \u00e0s pressas - Brasil not\u00edcias\" \/>\n<meta property=\"og:description\" content=\"Acompanhada do marido, Preta Gil deu entrada nesta quinta-feira (05), em uma cl\u00ednica da G\u00e1vea, no Rio de Janeiro. De\" \/>\n<meta property=\"og:url\" content=\"https:\/\/brasilnoticias.org\/site\/de-cadeira-de-rodas-preta-gil-chega-em-hospital-desmaiada-e-e-internada-as-pressas\/\" \/>\n<meta property=\"og:site_name\" content=\"Brasil not\u00edcias\" \/>\n<meta property=\"article:published_time\" content=\"2023-01-06T09:32:47+00:00\" \/>\n<meta property=\"og:image\" content=\"https:\/\/brasilnoticias.org\/site\/wp-content\/uploads\/2023\/01\/1000x600-7_widelg.webp\" \/>\n\t<meta property=\"og:image:width\" content=\"800\" \/>\n\t<meta property=\"og:image:height\" content=\"450\" \/>\n\t<meta property=\"og:image:type\" content=\"image\/webp\" \/>\n<meta name=\"author\" content=\"Reda\u00e7\u00e3o\" \/>\n<meta name=\"twitter:card\" content=\"summary_large_image\" \/>\n<meta name=\"twitter:label1\" content=\"Escrito por\" \/>\n\t<meta name=\"twitter:data1\" content=\"Reda\u00e7\u00e3o\" \/>\n<script type=\"application\/ld+json\" class=\"yoast-schema-graph\">{\"@context\":\"https:\/\/schema.org\",\"@graph\":[{\"@type\":\"Article\",\"@id\":\"https:\/\/brasilnoticias.org\/site\/de-cadeira-de-rodas-preta-gil-chega-em-hospital-desmaiada-e-e-internada-as-pressas\/#article\",\"isPartOf\":{\"@id\":\"https:\/\/brasilnoticias.org\/site\/de-cadeira-de-rodas-preta-gil-chega-em-hospital-desmaiada-e-e-internada-as-pressas\/\"},\"author\":{\"name\":\"Reda\u00e7\u00e3o\",\"@id\":\"https:\/\/brasilnoticias.org\/site\/#\/schema\/person\/a0e05b973ec4d15c658d51911e53507b\"},\"headline\":\"De cadeira de rodas, Preta Gil chega em hospital desmaiada e \u00e9 internada \u00e0s pressas\",\"datePublished\":\"2023-01-06T09:32:47+00:00\",\"mainEntityOfPage\":{\"@id\":\"https:\/\/brasilnoticias.org\/site\/de-cadeira-de-rodas-preta-gil-chega-em-hospital-desmaiada-e-e-internada-as-pressas\/\"},\"wordCount\":102,\"commentCount\":0,\"publisher\":{\"@id\":\"https:\/\/brasilnoticias.org\/site\/#organization\"},\"image\":{\"@id\":\"https:\/\/brasilnoticias.org\/site\/de-cadeira-de-rodas-preta-gil-chega-em-hospital-desmaiada-e-e-internada-as-pressas\/#primaryimage\"},\"thumbnailUrl\":\"https:\/\/brasilnoticias.org\/site\/wp-content\/uploads\/2023\/01\/1000x600-7_widelg.webp\",\"articleSection\":[\"Not\u00edcias\",\"\u00daltimas\"],\"inLanguage\":\"pt-PT\",\"potentialAction\":[{\"@type\":\"CommentAction\",\"name\":\"Comment\",\"target\":[\"https:\/\/brasilnoticias.org\/site\/de-cadeira-de-rodas-preta-gil-chega-em-hospital-desmaiada-e-e-internada-as-pressas\/#respond\"]}]},{\"@type\":\"WebPage\",\"@id\":\"https:\/\/brasilnoticias.org\/site\/de-cadeira-de-rodas-preta-gil-chega-em-hospital-desmaiada-e-e-internada-as-pressas\/\",\"url\":\"https:\/\/brasilnoticias.org\/site\/de-cadeira-de-rodas-preta-gil-chega-em-hospital-desmaiada-e-e-internada-as-pressas\/\",\"name\":\"De cadeira de rodas, Preta Gil chega em hospital desmaiada e \u00e9 internada \u00e0s pressas - Brasil not\u00edcias\",\"isPartOf\":{\"@id\":\"https:\/\/brasilnoticias.org\/site\/#website\"},\"primaryImageOfPage\":{\"@id\":\"https:\/\/brasilnoticias.org\/site\/de-cadeira-de-rodas-preta-gil-chega-em-hospital-desmaiada-e-e-internada-as-pressas\/#primaryimage\"},\"image\":{\"@id\":\"https:\/\/brasilnoticias.org\/site\/de-cadeira-de-rodas-preta-gil-chega-em-hospital-desmaiada-e-e-internada-as-pressas\/#primaryimage\"},\"thumbnailUrl\":\"https:\/\/brasilnoticias.org\/site\/wp-content\/uploads\/2023\/01\/1000x600-7_widelg.webp\",\"datePublished\":\"2023-01-06T09:32:47+00:00\",\"breadcrumb\":{\"@id\":\"https:\/\/brasilnoticias.org\/site\/de-cadeira-de-rodas-preta-gil-chega-em-hospital-desmaiada-e-e-internada-as-pressas\/#breadcrumb\"},\"inLanguage\":\"pt-PT\",\"potentialAction\":[{\"@type\":\"ReadAction\",\"target\":[\"https:\/\/brasilnoticias.org\/site\/de-cadeira-de-rodas-preta-gil-chega-em-hospital-desmaiada-e-e-internada-as-pressas\/\"]}]},{\"@type\":\"ImageObject\",\"inLanguage\":\"pt-PT\",\"@id\":\"https:\/\/brasilnoticias.org\/site\/de-cadeira-de-rodas-preta-gil-chega-em-hospital-desmaiada-e-e-internada-as-pressas\/#primaryimage\",\"url\":\"https:\/\/brasilnoticias.org\/site\/wp-content\/uploads\/2023\/01\/1000x600-7_widelg.webp\",\"contentUrl\":\"https:\/\/brasilnoticias.org\/site\/wp-content\/uploads\/2023\/01\/1000x600-7_widelg.webp\",\"width\":800,\"height\":450},{\"@type\":\"BreadcrumbList\",\"@id\":\"https:\/\/brasilnoticias.org\/site\/de-cadeira-de-rodas-preta-gil-chega-em-hospital-desmaiada-e-e-internada-as-pressas\/#breadcrumb\",\"itemListElement\":[{\"@type\":\"ListItem\",\"position\":1,\"name\":\"In\u00edcio\",\"item\":\"https:\/\/brasilnoticias.org\/site\/\"},{\"@type\":\"ListItem\",\"position\":2,\"name\":\"De cadeira de rodas, Preta Gil chega em hospital desmaiada e \u00e9 internada \u00e0s pressas\"}]},{\"@type\":\"WebSite\",\"@id\":\"https:\/\/brasilnoticias.org\/site\/#website\",\"url\":\"https:\/\/brasilnoticias.org\/site\/\",\"name\":\"Brasil not\u00edcias\",\"description\":\"Brasil not\u00edcias\",\"publisher\":{\"@id\":\"https:\/\/brasilnoticias.org\/site\/#organization\"},\"potentialAction\":[{\"@type\":\"SearchAction\",\"target\":{\"@type\":\"EntryPoint\",\"urlTemplate\":\"https:\/\/brasilnoticias.org\/site\/?s={search_term_string}\"},\"query-input\":{\"@type\":\"PropertyValueSpecification\",\"valueRequired\":true,\"valueName\":\"search_term_string\"}}],\"inLanguage\":\"pt-PT\"},{\"@type\":\"Organization\",\"@id\":\"https:\/\/brasilnoticias.org\/site\/#organization\",\"name\":\"Brasil not\u00edcias\",\"url\":\"https:\/\/brasilnoticias.org\/site\/\",\"logo\":{\"@type\":\"ImageObject\",\"inLanguage\":\"pt-PT\",\"@id\":\"https:\/\/brasilnoticias.org\/site\/#\/schema\/logo\/image\/\",\"url\":\"https:\/\/brasilnoticias.org\/site\/wp-content\/uploads\/2022\/05\/cropped-brasilnoticias-mini.jpg\",\"contentUrl\":\"https:\/\/brasilnoticias.org\/site\/wp-content\/uploads\/2022\/05\/cropped-brasilnoticias-mini.jpg\",\"width\":314,\"height\":86,\"caption\":\"Brasil not\u00edcias\"},\"image\":{\"@id\":\"https:\/\/brasilnoticias.org\/site\/#\/schema\/logo\/image\/\"}},{\"@type\":\"Person\",\"@id\":\"https:\/\/brasilnoticias.org\/site\/#\/schema\/person\/a0e05b973ec4d15c658d51911e53507b\",\"name\":\"Reda\u00e7\u00e3o\",\"image\":{\"@type\":\"ImageObject\",\"inLanguage\":\"pt-PT\",\"@id\":\"https:\/\/brasilnoticias.org\/site\/#\/schema\/person\/image\/\",\"url\":\"https:\/\/secure.gravatar.com\/avatar\/75d8b050df2de108b08ae78dfb8e374892df24a383c67db9c46a9c604f6aee9c?s=96&d=mm&r=g\",\"contentUrl\":\"https:\/\/secure.gravatar.com\/avatar\/75d8b050df2de108b08ae78dfb8e374892df24a383c67db9c46a9c604f6aee9c?s=96&d=mm&r=g\",\"caption\":\"Reda\u00e7\u00e3o\"},\"sameAs\":[\"https:\/\/brasilnoticias.org\/site\"],\"url\":\"https:\/\/brasilnoticias.org\/site\/author\/fernandozsngmail-com\/\"}]}<\/script>\n<!-- \/ Yoast SEO plugin. -->","yoast_head_json":{"title":"De cadeira de rodas, Preta Gil chega em hospital desmaiada e \u00e9 internada \u00e0s pressas - Brasil not\u00edcias","robots":{"index":"index","follow":"follow","max-snippet":"max-snippet:-1","max-image-preview":"max-image-preview:large","max-video-preview":"max-video-preview:-1"},"canonical":"https:\/\/brasilnoticias.org\/site\/de-cadeira-de-rodas-preta-gil-chega-em-hospital-desmaiada-e-e-internada-as-pressas\/","og_locale":"pt_PT","og_type":"article","og_title":"De cadeira de rodas, Preta Gil chega em hospital desmaiada e \u00e9 internada \u00e0s pressas - Brasil not\u00edcias","og_description":"Acompanhada do marido, Preta Gil deu entrada nesta quinta-feira (05), em uma cl\u00ednica da G\u00e1vea, no Rio de Janeiro. De","og_url":"https:\/\/brasilnoticias.org\/site\/de-cadeira-de-rodas-preta-gil-chega-em-hospital-desmaiada-e-e-internada-as-pressas\/","og_site_name":"Brasil not\u00edcias","article_published_time":"2023-01-06T09:32:47+00:00","og_image":[{"width":800,"height":450,"url":"https:\/\/brasilnoticias.org\/site\/wp-content\/uploads\/2023\/01\/1000x600-7_widelg.webp","type":"image\/webp"}],"author":"Reda\u00e7\u00e3o","twitter_card":"summary_large_image","twitter_misc":{"Escrito por":"Reda\u00e7\u00e3o"},"schema":{"@context":"https:\/\/schema.org","@graph":[{"@type":"Article","@id":"https:\/\/brasilnoticias.org\/site\/de-cadeira-de-rodas-preta-gil-chega-em-hospital-desmaiada-e-e-internada-as-pressas\/#article","isPartOf":{"@id":"https:\/\/brasilnoticias.org\/site\/de-cadeira-de-rodas-preta-gil-chega-em-hospital-desmaiada-e-e-internada-as-pressas\/"},"author":{"name":"Reda\u00e7\u00e3o","@id":"https:\/\/brasilnoticias.org\/site\/#\/schema\/person\/a0e05b973ec4d15c658d51911e53507b"},"headline":"De cadeira de rodas, Preta Gil chega em hospital desmaiada e \u00e9 internada \u00e0s pressas","datePublished":"2023-01-06T09:32:47+00:00","mainEntityOfPage":{"@id":"https:\/\/brasilnoticias.org\/site\/de-cadeira-de-rodas-preta-gil-chega-em-hospital-desmaiada-e-e-internada-as-pressas\/"},"wordCount":102,"commentCount":0,"publisher":{"@id":"https:\/\/brasilnoticias.org\/site\/#organization"},"image":{"@id":"https:\/\/brasilnoticias.org\/site\/de-cadeira-de-rodas-preta-gil-chega-em-hospital-desmaiada-e-e-internada-as-pressas\/#primaryimage"},"thumbnailUrl":"https:\/\/brasilnoticias.org\/site\/wp-content\/uploads\/2023\/01\/1000x600-7_widelg.webp","articleSection":["Not\u00edcias","\u00daltimas"],"inLanguage":"pt-PT","potentialAction":[{"@type":"CommentAction","name":"Comment","target":["https:\/\/brasilnoticias.org\/site\/de-cadeira-de-rodas-preta-gil-chega-em-hospital-desmaiada-e-e-internada-as-pressas\/#respond"]}]},{"@type":"WebPage","@id":"https:\/\/brasilnoticias.org\/site\/de-cadeira-de-rodas-preta-gil-chega-em-hospital-desmaiada-e-e-internada-as-pressas\/","url":"https:\/\/brasilnoticias.org\/site\/de-cadeira-de-rodas-preta-gil-chega-em-hospital-desmaiada-e-e-internada-as-pressas\/","name":"De cadeira de rodas, Preta Gil chega em hospital desmaiada e \u00e9 internada \u00e0s pressas - Brasil not\u00edcias","isPartOf":{"@id":"https:\/\/brasilnoticias.org\/site\/#website"},"primaryImageOfPage":{"@id":"https:\/\/brasilnoticias.org\/site\/de-cadeira-de-rodas-preta-gil-chega-em-hospital-desmaiada-e-e-internada-as-pressas\/#primaryimage"},"image":{"@id":"https:\/\/brasilnoticias.org\/site\/de-cadeira-de-rodas-preta-gil-chega-em-hospital-desmaiada-e-e-internada-as-pressas\/#primaryimage"},"thumbnailUrl":"https:\/\/brasilnoticias.org\/site\/wp-content\/uploads\/2023\/01\/1000x600-7_widelg.webp","datePublished":"2023-01-06T09:32:47+00:00","breadcrumb":{"@id":"https:\/\/brasilnoticias.org\/site\/de-cadeira-de-rodas-preta-gil-chega-em-hospital-desmaiada-e-e-internada-as-pressas\/#breadcrumb"},"inLanguage":"pt-PT","potentialAction":[{"@type":"ReadAction","target":["https:\/\/brasilnoticias.org\/site\/de-cadeira-de-rodas-preta-gil-chega-em-hospital-desmaiada-e-e-internada-as-pressas\/"]}]},{"@type":"ImageObject","inLanguage":"pt-PT","@id":"https:\/\/brasilnoticias.org\/site\/de-cadeira-de-rodas-preta-gil-chega-em-hospital-desmaiada-e-e-internada-as-pressas\/#primaryimage","url":"https:\/\/brasilnoticias.org\/site\/wp-content\/uploads\/2023\/01\/1000x600-7_widelg.webp","contentUrl":"https:\/\/brasilnoticias.org\/site\/wp-content\/uploads\/2023\/01\/1000x600-7_widelg.webp","width":800,"height":450},{"@type":"BreadcrumbList","@id":"https:\/\/brasilnoticias.org\/site\/de-cadeira-de-rodas-preta-gil-chega-em-hospital-desmaiada-e-e-internada-as-pressas\/#breadcrumb","itemListElement":[{"@type":"ListItem","position":1,"name":"In\u00edcio","item":"https:\/\/brasilnoticias.org\/site\/"},{"@type":"ListItem","position":2,"name":"De cadeira de rodas, Preta Gil chega em hospital desmaiada e \u00e9 internada \u00e0s pressas"}]},{"@type":"WebSite","@id":"https:\/\/brasilnoticias.org\/site\/#website","url":"https:\/\/brasilnoticias.org\/site\/","name":"Brasil not\u00edcias","description":"Brasil not\u00edcias","publisher":{"@id":"https:\/\/brasilnoticias.org\/site\/#organization"},"potentialAction":[{"@type":"SearchAction","target":{"@type":"EntryPoint","urlTemplate":"https:\/\/brasilnoticias.org\/site\/?s={search_term_string}"},"query-input":{"@type":"PropertyValueSpecification","valueRequired":true,"valueName":"search_term_string"}}],"inLanguage":"pt-PT"},{"@type":"Organization","@id":"https:\/\/brasilnoticias.org\/site\/#organization","name":"Brasil not\u00edcias","url":"https:\/\/brasilnoticias.org\/site\/","logo":{"@type":"ImageObject","inLanguage":"pt-PT","@id":"https:\/\/brasilnoticias.org\/site\/#\/schema\/logo\/image\/","url":"https:\/\/brasilnoticias.org\/site\/wp-content\/uploads\/2022\/05\/cropped-brasilnoticias-mini.jpg","contentUrl":"https:\/\/brasilnoticias.org\/site\/wp-content\/uploads\/2022\/05\/cropped-brasilnoticias-mini.jpg","width":314,"height":86,"caption":"Brasil not\u00edcias"},"image":{"@id":"https:\/\/brasilnoticias.org\/site\/#\/schema\/logo\/image\/"}},{"@type":"Person","@id":"https:\/\/brasilnoticias.org\/site\/#\/schema\/person\/a0e05b973ec4d15c658d51911e53507b","name":"Reda\u00e7\u00e3o","image":{"@type":"ImageObject","inLanguage":"pt-PT","@id":"https:\/\/brasilnoticias.org\/site\/#\/schema\/person\/image\/","url":"https:\/\/secure.gravatar.com\/avatar\/75d8b050df2de108b08ae78dfb8e374892df24a383c67db9c46a9c604f6aee9c?s=96&d=mm&r=g","contentUrl":"https:\/\/secure.gravatar.com\/avatar\/75d8b050df2de108b08ae78dfb8e374892df24a383c67db9c46a9c604f6aee9c?s=96&d=mm&r=g","caption":"Reda\u00e7\u00e3o"},"sameAs":["https:\/\/brasilnoticias.org\/site"],"url":"https:\/\/brasilnoticias.org\/site\/author\/fernandozsngmail-com\/"}]}},"_links":{"self":[{"href":"https:\/\/brasilnoticias.org\/site\/wp-json\/wp\/v2\/posts\/3106","targetHints":{"allow":["GET"]}}],"collection":[{"href":"https:\/\/brasilnoticias.org\/site\/wp-json\/wp\/v2\/posts"}],"about":[{"href":"https:\/\/brasilnoticias.org\/site\/wp-json\/wp\/v2\/types\/post"}],"author":[{"embeddable":true,"href":"https:\/\/brasilnoticias.org\/site\/wp-json\/wp\/v2\/users\/1"}],"replies":[{"embeddable":true,"href":"https:\/\/brasilnoticias.org\/site\/wp-json\/wp\/v2\/comments?post=3106"}],"version-history":[{"count":1,"href":"https:\/\/brasilnoticias.org\/site\/wp-json\/wp\/v2\/posts\/3106\/revisions"}],"predecessor-version":[{"id":3108,"href":"https:\/\/brasilnoticias.org\/site\/wp-json\/wp\/v2\/posts\/3106\/revisions\/3108"}],"wp:featuredmedia":[{"embeddable":true,"href":"https:\/\/brasilnoticias.org\/site\/wp-json\/wp\/v2\/media\/3107"}],"wp:attachment":[{"href":"https:\/\/brasilnoticias.org\/site\/wp-json\/wp\/v2\/media?parent=3106"}],"wp:term":[{"taxonomy":"category","embeddable":true,"href":"https:\/\/brasilnoticias.org\/site\/wp-json\/wp\/v2\/categories?post=3106"},{"taxonomy":"post_tag","embeddable":true,"href":"https:\/\/brasilnoticias.org\/site\/wp-json\/wp\/v2\/tags?post=3106"}],"curies":[{"name":"wp","href":"https:\/\/api.w.org\/{rel}","templated":true}]}}