{"id":3115,"date":"2023-01-06T18:00:12","date_gmt":"2023-01-06T21:00:12","guid":{"rendered":"https:\/\/brasilnoticias.org\/site\/?p=3115"},"modified":"2023-01-06T11:15:48","modified_gmt":"2023-01-06T14:15:48","slug":"pacientes-e-funcionarios-de-posto-de-saude-sao-assaltados-no-sul-da-bahia","status":"publish","type":"post","link":"https:\/\/brasilnoticias.org\/site\/pacientes-e-funcionarios-de-posto-de-saude-sao-assaltados-no-sul-da-bahia\/","title":{"rendered":"Pacientes e funcion\u00e1rios de posto de sa\u00fade s\u00e3o assaltados no sul da Bahia"},"content":{"rendered":"<p>Pacientes e funcion\u00e1rios da Unidade de Sa\u00fade da Fam\u00edlia Am\u00e1lia Lessa, que fica no bairro do Novo S\u00e3o Caetano, em Itabuna, no sul da Bahia, foram assaltados por dois homens armados na manh\u00e3 de quinta-feira (5).<\/p>\n<p>Por causa disso, o atendimento foi suspenso no local, mas foi retomado ainda na tarde do mesmo dia.<\/p>\n<p>A Pol\u00edcia Militar foi acionada, mas n\u00e3o encontrou os suspeitos. De acordo com os servidores e testemunhas, pertences pessoais das v\u00edtimas foram levados, como celulares e carteiras. N\u00e3o h\u00e1 registro de feridos.<\/p>\n<p>Uma funcion\u00e1ria, que n\u00e3o quis se identificar, afirmou que este n\u00e3o \u00e9 o primeiro caso de assalto que acontece na unidade. Segundo a mulher, o port\u00e3o do posto fica fechado, mas a medida n\u00e3o evita a sensa\u00e7\u00e3o de inseguran\u00e7a.<\/p>\n<p>&#8220;Estamos aqui pedindo mais policiamento e seguran\u00e7a. N\u00e3o \u00e9 a primeira vez que acontece assalto na unidade&#8221;, disse uma funcion\u00e1ria<br \/>\nO caso \u00e9 investigado pela Delegacia do munic\u00edpio.<\/p>\n<p>Foto: Reprodu\u00e7\u00e3o\/TV Bahia<br \/>\nG1<\/p>\n","protected":false},"excerpt":{"rendered":"<p>Pacientes e funcion\u00e1rios da Unidade de Sa\u00fade da Fam\u00edlia Am\u00e1lia Lessa, que fica no bairro do Novo S\u00e3o Caetano, em<\/p>\n","protected":false},"author":1,"featured_media":3116,"comment_status":"open","ping_status":"open","sticky":false,"template":"","format":"standard","meta":{"colormag_page_container_layout":"default_layout","colormag_page_sidebar_layout":"default_layout","_FSMCFIC_featured_image_caption":"","_FSMCFIC_featured_image_nocaption":"","_FSMCFIC_featured_image_hide":"","footnotes":""},"categories":[3,1],"tags":[],"class_list":["post-3115","post","type-post","status-publish","format-standard","has-post-thumbnail","hentry","category-policia","category-ultimas"],"yoast_head":"<!-- This site is optimized with the Yoast SEO plugin v27.1.1 - https:\/\/yoast.com\/product\/yoast-seo-wordpress\/ -->\n<title>Pacientes e funcion\u00e1rios de posto de sa\u00fade s\u00e3o assaltados no sul da Bahia - Brasil not\u00edcias<\/title>\n<meta name=\"robots\" content=\"index, follow, max-snippet:-1, max-image-preview:large, max-video-preview:-1\" \/>\n<link rel=\"canonical\" href=\"https:\/\/brasilnoticias.org\/site\/pacientes-e-funcionarios-de-posto-de-saude-sao-assaltados-no-sul-da-bahia\/\" \/>\n<meta property=\"og:locale\" content=\"pt_PT\" \/>\n<meta property=\"og:type\" content=\"article\" \/>\n<meta property=\"og:title\" content=\"Pacientes e funcion\u00e1rios de posto de sa\u00fade s\u00e3o assaltados no sul da Bahia - Brasil not\u00edcias\" \/>\n<meta property=\"og:description\" content=\"Pacientes e funcion\u00e1rios da Unidade de Sa\u00fade da Fam\u00edlia Am\u00e1lia Lessa, que fica no bairro do Novo S\u00e3o Caetano, em\" \/>\n<meta property=\"og:url\" content=\"https:\/\/brasilnoticias.org\/site\/pacientes-e-funcionarios-de-posto-de-saude-sao-assaltados-no-sul-da-bahia\/\" \/>\n<meta property=\"og:site_name\" content=\"Brasil not\u00edcias\" \/>\n<meta property=\"article:published_time\" content=\"2023-01-06T21:00:12+00:00\" \/>\n<meta property=\"og:image\" content=\"https:\/\/brasilnoticias.org\/site\/wp-content\/uploads\/2023\/01\/whatsapp-image-2023-01-06-at-09.09.02.webp\" \/>\n\t<meta property=\"og:image:width\" content=\"640\" \/>\n\t<meta property=\"og:image:height\" content=\"360\" \/>\n\t<meta property=\"og:image:type\" content=\"image\/webp\" \/>\n<meta name=\"author\" content=\"Reda\u00e7\u00e3o\" \/>\n<meta name=\"twitter:card\" content=\"summary_large_image\" \/>\n<meta name=\"twitter:label1\" content=\"Escrito por\" \/>\n\t<meta name=\"twitter:data1\" content=\"Reda\u00e7\u00e3o\" \/>\n\t<meta name=\"twitter:label2\" content=\"Tempo estimado de leitura\" \/>\n\t<meta name=\"twitter:data2\" content=\"1 minuto\" \/>\n<script type=\"application\/ld+json\" class=\"yoast-schema-graph\">{\"@context\":\"https:\/\/schema.org\",\"@graph\":[{\"@type\":\"Article\",\"@id\":\"https:\/\/brasilnoticias.org\/site\/pacientes-e-funcionarios-de-posto-de-saude-sao-assaltados-no-sul-da-bahia\/#article\",\"isPartOf\":{\"@id\":\"https:\/\/brasilnoticias.org\/site\/pacientes-e-funcionarios-de-posto-de-saude-sao-assaltados-no-sul-da-bahia\/\"},\"author\":{\"name\":\"Reda\u00e7\u00e3o\",\"@id\":\"https:\/\/brasilnoticias.org\/site\/#\/schema\/person\/a0e05b973ec4d15c658d51911e53507b\"},\"headline\":\"Pacientes e funcion\u00e1rios de posto de sa\u00fade s\u00e3o assaltados no sul da Bahia\",\"datePublished\":\"2023-01-06T21:00:12+00:00\",\"mainEntityOfPage\":{\"@id\":\"https:\/\/brasilnoticias.org\/site\/pacientes-e-funcionarios-de-posto-de-saude-sao-assaltados-no-sul-da-bahia\/\"},\"wordCount\":191,\"commentCount\":0,\"publisher\":{\"@id\":\"https:\/\/brasilnoticias.org\/site\/#organization\"},\"image\":{\"@id\":\"https:\/\/brasilnoticias.org\/site\/pacientes-e-funcionarios-de-posto-de-saude-sao-assaltados-no-sul-da-bahia\/#primaryimage\"},\"thumbnailUrl\":\"https:\/\/brasilnoticias.org\/site\/wp-content\/uploads\/2023\/01\/whatsapp-image-2023-01-06-at-09.09.02.webp\",\"articleSection\":[\"Pol\u00edcia\",\"\u00daltimas\"],\"inLanguage\":\"pt-PT\",\"potentialAction\":[{\"@type\":\"CommentAction\",\"name\":\"Comment\",\"target\":[\"https:\/\/brasilnoticias.org\/site\/pacientes-e-funcionarios-de-posto-de-saude-sao-assaltados-no-sul-da-bahia\/#respond\"]}]},{\"@type\":\"WebPage\",\"@id\":\"https:\/\/brasilnoticias.org\/site\/pacientes-e-funcionarios-de-posto-de-saude-sao-assaltados-no-sul-da-bahia\/\",\"url\":\"https:\/\/brasilnoticias.org\/site\/pacientes-e-funcionarios-de-posto-de-saude-sao-assaltados-no-sul-da-bahia\/\",\"name\":\"Pacientes e funcion\u00e1rios de posto de sa\u00fade s\u00e3o assaltados no sul da Bahia - Brasil not\u00edcias\",\"isPartOf\":{\"@id\":\"https:\/\/brasilnoticias.org\/site\/#website\"},\"primaryImageOfPage\":{\"@id\":\"https:\/\/brasilnoticias.org\/site\/pacientes-e-funcionarios-de-posto-de-saude-sao-assaltados-no-sul-da-bahia\/#primaryimage\"},\"image\":{\"@id\":\"https:\/\/brasilnoticias.org\/site\/pacientes-e-funcionarios-de-posto-de-saude-sao-assaltados-no-sul-da-bahia\/#primaryimage\"},\"thumbnailUrl\":\"https:\/\/brasilnoticias.org\/site\/wp-content\/uploads\/2023\/01\/whatsapp-image-2023-01-06-at-09.09.02.webp\",\"datePublished\":\"2023-01-06T21:00:12+00:00\",\"breadcrumb\":{\"@id\":\"https:\/\/brasilnoticias.org\/site\/pacientes-e-funcionarios-de-posto-de-saude-sao-assaltados-no-sul-da-bahia\/#breadcrumb\"},\"inLanguage\":\"pt-PT\",\"potentialAction\":[{\"@type\":\"ReadAction\",\"target\":[\"https:\/\/brasilnoticias.org\/site\/pacientes-e-funcionarios-de-posto-de-saude-sao-assaltados-no-sul-da-bahia\/\"]}]},{\"@type\":\"ImageObject\",\"inLanguage\":\"pt-PT\",\"@id\":\"https:\/\/brasilnoticias.org\/site\/pacientes-e-funcionarios-de-posto-de-saude-sao-assaltados-no-sul-da-bahia\/#primaryimage\",\"url\":\"https:\/\/brasilnoticias.org\/site\/wp-content\/uploads\/2023\/01\/whatsapp-image-2023-01-06-at-09.09.02.webp\",\"contentUrl\":\"https:\/\/brasilnoticias.org\/site\/wp-content\/uploads\/2023\/01\/whatsapp-image-2023-01-06-at-09.09.02.webp\",\"width\":640,\"height\":360},{\"@type\":\"BreadcrumbList\",\"@id\":\"https:\/\/brasilnoticias.org\/site\/pacientes-e-funcionarios-de-posto-de-saude-sao-assaltados-no-sul-da-bahia\/#breadcrumb\",\"itemListElement\":[{\"@type\":\"ListItem\",\"position\":1,\"name\":\"In\u00edcio\",\"item\":\"https:\/\/brasilnoticias.org\/site\/\"},{\"@type\":\"ListItem\",\"position\":2,\"name\":\"Pacientes e funcion\u00e1rios de posto de sa\u00fade s\u00e3o assaltados no sul da Bahia\"}]},{\"@type\":\"WebSite\",\"@id\":\"https:\/\/brasilnoticias.org\/site\/#website\",\"url\":\"https:\/\/brasilnoticias.org\/site\/\",\"name\":\"Brasil not\u00edcias\",\"description\":\"Brasil not\u00edcias\",\"publisher\":{\"@id\":\"https:\/\/brasilnoticias.org\/site\/#organization\"},\"potentialAction\":[{\"@type\":\"SearchAction\",\"target\":{\"@type\":\"EntryPoint\",\"urlTemplate\":\"https:\/\/brasilnoticias.org\/site\/?s={search_term_string}\"},\"query-input\":{\"@type\":\"PropertyValueSpecification\",\"valueRequired\":true,\"valueName\":\"search_term_string\"}}],\"inLanguage\":\"pt-PT\"},{\"@type\":\"Organization\",\"@id\":\"https:\/\/brasilnoticias.org\/site\/#organization\",\"name\":\"Brasil not\u00edcias\",\"url\":\"https:\/\/brasilnoticias.org\/site\/\",\"logo\":{\"@type\":\"ImageObject\",\"inLanguage\":\"pt-PT\",\"@id\":\"https:\/\/brasilnoticias.org\/site\/#\/schema\/logo\/image\/\",\"url\":\"https:\/\/brasilnoticias.org\/site\/wp-content\/uploads\/2022\/05\/cropped-brasilnoticias-mini.jpg\",\"contentUrl\":\"https:\/\/brasilnoticias.org\/site\/wp-content\/uploads\/2022\/05\/cropped-brasilnoticias-mini.jpg\",\"width\":314,\"height\":86,\"caption\":\"Brasil not\u00edcias\"},\"image\":{\"@id\":\"https:\/\/brasilnoticias.org\/site\/#\/schema\/logo\/image\/\"}},{\"@type\":\"Person\",\"@id\":\"https:\/\/brasilnoticias.org\/site\/#\/schema\/person\/a0e05b973ec4d15c658d51911e53507b\",\"name\":\"Reda\u00e7\u00e3o\",\"image\":{\"@type\":\"ImageObject\",\"inLanguage\":\"pt-PT\",\"@id\":\"https:\/\/brasilnoticias.org\/site\/#\/schema\/person\/image\/\",\"url\":\"https:\/\/secure.gravatar.com\/avatar\/75d8b050df2de108b08ae78dfb8e374892df24a383c67db9c46a9c604f6aee9c?s=96&d=mm&r=g\",\"contentUrl\":\"https:\/\/secure.gravatar.com\/avatar\/75d8b050df2de108b08ae78dfb8e374892df24a383c67db9c46a9c604f6aee9c?s=96&d=mm&r=g\",\"caption\":\"Reda\u00e7\u00e3o\"},\"sameAs\":[\"https:\/\/brasilnoticias.org\/site\"],\"url\":\"https:\/\/brasilnoticias.org\/site\/author\/fernandozsngmail-com\/\"}]}<\/script>\n<!-- \/ Yoast SEO plugin. -->","yoast_head_json":{"title":"Pacientes e funcion\u00e1rios de posto de sa\u00fade s\u00e3o assaltados no sul da Bahia - Brasil not\u00edcias","robots":{"index":"index","follow":"follow","max-snippet":"max-snippet:-1","max-image-preview":"max-image-preview:large","max-video-preview":"max-video-preview:-1"},"canonical":"https:\/\/brasilnoticias.org\/site\/pacientes-e-funcionarios-de-posto-de-saude-sao-assaltados-no-sul-da-bahia\/","og_locale":"pt_PT","og_type":"article","og_title":"Pacientes e funcion\u00e1rios de posto de sa\u00fade s\u00e3o assaltados no sul da Bahia - Brasil not\u00edcias","og_description":"Pacientes e funcion\u00e1rios da Unidade de Sa\u00fade da Fam\u00edlia Am\u00e1lia Lessa, que fica no bairro do Novo S\u00e3o Caetano, em","og_url":"https:\/\/brasilnoticias.org\/site\/pacientes-e-funcionarios-de-posto-de-saude-sao-assaltados-no-sul-da-bahia\/","og_site_name":"Brasil not\u00edcias","article_published_time":"2023-01-06T21:00:12+00:00","og_image":[{"width":640,"height":360,"url":"https:\/\/brasilnoticias.org\/site\/wp-content\/uploads\/2023\/01\/whatsapp-image-2023-01-06-at-09.09.02.webp","type":"image\/webp"}],"author":"Reda\u00e7\u00e3o","twitter_card":"summary_large_image","twitter_misc":{"Escrito por":"Reda\u00e7\u00e3o","Tempo estimado de leitura":"1 minuto"},"schema":{"@context":"https:\/\/schema.org","@graph":[{"@type":"Article","@id":"https:\/\/brasilnoticias.org\/site\/pacientes-e-funcionarios-de-posto-de-saude-sao-assaltados-no-sul-da-bahia\/#article","isPartOf":{"@id":"https:\/\/brasilnoticias.org\/site\/pacientes-e-funcionarios-de-posto-de-saude-sao-assaltados-no-sul-da-bahia\/"},"author":{"name":"Reda\u00e7\u00e3o","@id":"https:\/\/brasilnoticias.org\/site\/#\/schema\/person\/a0e05b973ec4d15c658d51911e53507b"},"headline":"Pacientes e funcion\u00e1rios de posto de sa\u00fade s\u00e3o assaltados no sul da Bahia","datePublished":"2023-01-06T21:00:12+00:00","mainEntityOfPage":{"@id":"https:\/\/brasilnoticias.org\/site\/pacientes-e-funcionarios-de-posto-de-saude-sao-assaltados-no-sul-da-bahia\/"},"wordCount":191,"commentCount":0,"publisher":{"@id":"https:\/\/brasilnoticias.org\/site\/#organization"},"image":{"@id":"https:\/\/brasilnoticias.org\/site\/pacientes-e-funcionarios-de-posto-de-saude-sao-assaltados-no-sul-da-bahia\/#primaryimage"},"thumbnailUrl":"https:\/\/brasilnoticias.org\/site\/wp-content\/uploads\/2023\/01\/whatsapp-image-2023-01-06-at-09.09.02.webp","articleSection":["Pol\u00edcia","\u00daltimas"],"inLanguage":"pt-PT","potentialAction":[{"@type":"CommentAction","name":"Comment","target":["https:\/\/brasilnoticias.org\/site\/pacientes-e-funcionarios-de-posto-de-saude-sao-assaltados-no-sul-da-bahia\/#respond"]}]},{"@type":"WebPage","@id":"https:\/\/brasilnoticias.org\/site\/pacientes-e-funcionarios-de-posto-de-saude-sao-assaltados-no-sul-da-bahia\/","url":"https:\/\/brasilnoticias.org\/site\/pacientes-e-funcionarios-de-posto-de-saude-sao-assaltados-no-sul-da-bahia\/","name":"Pacientes e funcion\u00e1rios de posto de sa\u00fade s\u00e3o assaltados no sul da Bahia - Brasil not\u00edcias","isPartOf":{"@id":"https:\/\/brasilnoticias.org\/site\/#website"},"primaryImageOfPage":{"@id":"https:\/\/brasilnoticias.org\/site\/pacientes-e-funcionarios-de-posto-de-saude-sao-assaltados-no-sul-da-bahia\/#primaryimage"},"image":{"@id":"https:\/\/brasilnoticias.org\/site\/pacientes-e-funcionarios-de-posto-de-saude-sao-assaltados-no-sul-da-bahia\/#primaryimage"},"thumbnailUrl":"https:\/\/brasilnoticias.org\/site\/wp-content\/uploads\/2023\/01\/whatsapp-image-2023-01-06-at-09.09.02.webp","datePublished":"2023-01-06T21:00:12+00:00","breadcrumb":{"@id":"https:\/\/brasilnoticias.org\/site\/pacientes-e-funcionarios-de-posto-de-saude-sao-assaltados-no-sul-da-bahia\/#breadcrumb"},"inLanguage":"pt-PT","potentialAction":[{"@type":"ReadAction","target":["https:\/\/brasilnoticias.org\/site\/pacientes-e-funcionarios-de-posto-de-saude-sao-assaltados-no-sul-da-bahia\/"]}]},{"@type":"ImageObject","inLanguage":"pt-PT","@id":"https:\/\/brasilnoticias.org\/site\/pacientes-e-funcionarios-de-posto-de-saude-sao-assaltados-no-sul-da-bahia\/#primaryimage","url":"https:\/\/brasilnoticias.org\/site\/wp-content\/uploads\/2023\/01\/whatsapp-image-2023-01-06-at-09.09.02.webp","contentUrl":"https:\/\/brasilnoticias.org\/site\/wp-content\/uploads\/2023\/01\/whatsapp-image-2023-01-06-at-09.09.02.webp","width":640,"height":360},{"@type":"BreadcrumbList","@id":"https:\/\/brasilnoticias.org\/site\/pacientes-e-funcionarios-de-posto-de-saude-sao-assaltados-no-sul-da-bahia\/#breadcrumb","itemListElement":[{"@type":"ListItem","position":1,"name":"In\u00edcio","item":"https:\/\/brasilnoticias.org\/site\/"},{"@type":"ListItem","position":2,"name":"Pacientes e funcion\u00e1rios de posto de sa\u00fade s\u00e3o assaltados no sul da Bahia"}]},{"@type":"WebSite","@id":"https:\/\/brasilnoticias.org\/site\/#website","url":"https:\/\/brasilnoticias.org\/site\/","name":"Brasil not\u00edcias","description":"Brasil not\u00edcias","publisher":{"@id":"https:\/\/brasilnoticias.org\/site\/#organization"},"potentialAction":[{"@type":"SearchAction","target":{"@type":"EntryPoint","urlTemplate":"https:\/\/brasilnoticias.org\/site\/?s={search_term_string}"},"query-input":{"@type":"PropertyValueSpecification","valueRequired":true,"valueName":"search_term_string"}}],"inLanguage":"pt-PT"},{"@type":"Organization","@id":"https:\/\/brasilnoticias.org\/site\/#organization","name":"Brasil not\u00edcias","url":"https:\/\/brasilnoticias.org\/site\/","logo":{"@type":"ImageObject","inLanguage":"pt-PT","@id":"https:\/\/brasilnoticias.org\/site\/#\/schema\/logo\/image\/","url":"https:\/\/brasilnoticias.org\/site\/wp-content\/uploads\/2022\/05\/cropped-brasilnoticias-mini.jpg","contentUrl":"https:\/\/brasilnoticias.org\/site\/wp-content\/uploads\/2022\/05\/cropped-brasilnoticias-mini.jpg","width":314,"height":86,"caption":"Brasil not\u00edcias"},"image":{"@id":"https:\/\/brasilnoticias.org\/site\/#\/schema\/logo\/image\/"}},{"@type":"Person","@id":"https:\/\/brasilnoticias.org\/site\/#\/schema\/person\/a0e05b973ec4d15c658d51911e53507b","name":"Reda\u00e7\u00e3o","image":{"@type":"ImageObject","inLanguage":"pt-PT","@id":"https:\/\/brasilnoticias.org\/site\/#\/schema\/person\/image\/","url":"https:\/\/secure.gravatar.com\/avatar\/75d8b050df2de108b08ae78dfb8e374892df24a383c67db9c46a9c604f6aee9c?s=96&d=mm&r=g","contentUrl":"https:\/\/secure.gravatar.com\/avatar\/75d8b050df2de108b08ae78dfb8e374892df24a383c67db9c46a9c604f6aee9c?s=96&d=mm&r=g","caption":"Reda\u00e7\u00e3o"},"sameAs":["https:\/\/brasilnoticias.org\/site"],"url":"https:\/\/brasilnoticias.org\/site\/author\/fernandozsngmail-com\/"}]}},"_links":{"self":[{"href":"https:\/\/brasilnoticias.org\/site\/wp-json\/wp\/v2\/posts\/3115","targetHints":{"allow":["GET"]}}],"collection":[{"href":"https:\/\/brasilnoticias.org\/site\/wp-json\/wp\/v2\/posts"}],"about":[{"href":"https:\/\/brasilnoticias.org\/site\/wp-json\/wp\/v2\/types\/post"}],"author":[{"embeddable":true,"href":"https:\/\/brasilnoticias.org\/site\/wp-json\/wp\/v2\/users\/1"}],"replies":[{"embeddable":true,"href":"https:\/\/brasilnoticias.org\/site\/wp-json\/wp\/v2\/comments?post=3115"}],"version-history":[{"count":1,"href":"https:\/\/brasilnoticias.org\/site\/wp-json\/wp\/v2\/posts\/3115\/revisions"}],"predecessor-version":[{"id":3117,"href":"https:\/\/brasilnoticias.org\/site\/wp-json\/wp\/v2\/posts\/3115\/revisions\/3117"}],"wp:featuredmedia":[{"embeddable":true,"href":"https:\/\/brasilnoticias.org\/site\/wp-json\/wp\/v2\/media\/3116"}],"wp:attachment":[{"href":"https:\/\/brasilnoticias.org\/site\/wp-json\/wp\/v2\/media?parent=3115"}],"wp:term":[{"taxonomy":"category","embeddable":true,"href":"https:\/\/brasilnoticias.org\/site\/wp-json\/wp\/v2\/categories?post=3115"},{"taxonomy":"post_tag","embeddable":true,"href":"https:\/\/brasilnoticias.org\/site\/wp-json\/wp\/v2\/tags?post=3115"}],"curies":[{"name":"wp","href":"https:\/\/api.w.org\/{rel}","templated":true}]}}