{"id":3152,"date":"2023-01-08T07:00:46","date_gmt":"2023-01-08T10:00:46","guid":{"rendered":"https:\/\/brasilnoticias.org\/site\/?p=3152"},"modified":"2023-01-07T22:02:41","modified_gmt":"2023-01-08T01:02:41","slug":"arrascaeta-do-flamengo-inicia-processo-para-tirar-cidadania-brasileira","status":"publish","type":"post","link":"https:\/\/brasilnoticias.org\/site\/arrascaeta-do-flamengo-inicia-processo-para-tirar-cidadania-brasileira\/","title":{"rendered":"Arrascaeta, do Flamengo, inicia processo para tirar cidadania brasileira"},"content":{"rendered":"<p>O uruguaio Arrascaeta, atual jogador do Flamengo, est\u00e1 em busca da cidadania brasileira. O jogador veio para o Pa\u00eds em 2015, para atuar pelo Cruzeiro, onde jogou por quatro anos, at\u00e9 seguir para o rubro-negro carioca, onde completar\u00e1 tamb\u00e9m quatro anos em 2023. Assim, o jogador soma, ao todo, oito anos em territ\u00f3rio brasileiro, al\u00e9m de atender aos outros pr\u00e9-requisitos necess\u00e1rios para obten\u00e7\u00e3o da cidadania.<\/p>\n<p>Com a poss\u00edvel naturaliza\u00e7\u00e3o do camisa 14, o Flamengo ganharia mais uma vaga na lista de estrangeiros da CBF. Sendo assim, poderia contratar mais dois jogadores estrangeiros. O clube j\u00e1 conta com Arturo Vidal, Guillermo Varela e Erick Pulgar.<\/p>\n<p>Ainda que obtenha a cidadania, por j\u00e1 ter atuado pelo Uruguai em jogos da FIFA, inclusive na \u00faltima edi\u00e7\u00e3o da Copa do Mundo, Arrascaeta s\u00f3 poderia jogar pela sele\u00e7\u00e3o brasileira em partidas que n\u00e3o fossem oficiais.<\/p>\n<p>Foto: Divulga\u00e7\u00e3o<br \/>\nPor: Metro1<\/p>\n","protected":false},"excerpt":{"rendered":"<p>O uruguaio Arrascaeta, atual jogador do Flamengo, est\u00e1 em busca da cidadania brasileira. O jogador veio para o Pa\u00eds em<\/p>\n","protected":false},"author":1,"featured_media":3153,"comment_status":"open","ping_status":"open","sticky":false,"template":"","format":"standard","meta":{"colormag_page_container_layout":"default_layout","colormag_page_sidebar_layout":"default_layout","_FSMCFIC_featured_image_caption":"","_FSMCFIC_featured_image_nocaption":"","_FSMCFIC_featured_image_hide":"","footnotes":""},"categories":[4,1],"tags":[],"class_list":["post-3152","post","type-post","status-publish","format-standard","has-post-thumbnail","hentry","category-esporte","category-ultimas"],"yoast_head":"<!-- This site is optimized with the Yoast SEO plugin v27.1.1 - https:\/\/yoast.com\/product\/yoast-seo-wordpress\/ -->\n<title>Arrascaeta, do Flamengo, inicia processo para tirar cidadania brasileira - Brasil not\u00edcias<\/title>\n<meta name=\"robots\" content=\"index, follow, max-snippet:-1, max-image-preview:large, max-video-preview:-1\" \/>\n<link rel=\"canonical\" href=\"https:\/\/brasilnoticias.org\/site\/arrascaeta-do-flamengo-inicia-processo-para-tirar-cidadania-brasileira\/\" \/>\n<meta property=\"og:locale\" content=\"pt_PT\" \/>\n<meta property=\"og:type\" content=\"article\" \/>\n<meta property=\"og:title\" content=\"Arrascaeta, do Flamengo, inicia processo para tirar cidadania brasileira - Brasil not\u00edcias\" \/>\n<meta property=\"og:description\" content=\"O uruguaio Arrascaeta, atual jogador do Flamengo, est\u00e1 em busca da cidadania brasileira. O jogador veio para o Pa\u00eds em\" \/>\n<meta property=\"og:url\" content=\"https:\/\/brasilnoticias.org\/site\/arrascaeta-do-flamengo-inicia-processo-para-tirar-cidadania-brasileira\/\" \/>\n<meta property=\"og:site_name\" content=\"Brasil not\u00edcias\" \/>\n<meta property=\"article:published_time\" content=\"2023-01-08T10:00:46+00:00\" \/>\n<meta property=\"og:image\" content=\"https:\/\/brasilnoticias.org\/site\/wp-content\/uploads\/2023\/01\/132133arrascaeta-do-flamengo-inicia-processo-para-tirar-cidadania-brasileira-3.jpg\" \/>\n\t<meta property=\"og:image:width\" content=\"1600\" \/>\n\t<meta property=\"og:image:height\" content=\"752\" \/>\n\t<meta property=\"og:image:type\" content=\"image\/jpeg\" \/>\n<meta name=\"author\" content=\"Reda\u00e7\u00e3o\" \/>\n<meta name=\"twitter:card\" content=\"summary_large_image\" \/>\n<meta name=\"twitter:label1\" content=\"Escrito por\" \/>\n\t<meta name=\"twitter:data1\" content=\"Reda\u00e7\u00e3o\" \/>\n\t<meta name=\"twitter:label2\" content=\"Tempo estimado de leitura\" \/>\n\t<meta name=\"twitter:data2\" content=\"1 minuto\" \/>\n<script type=\"application\/ld+json\" class=\"yoast-schema-graph\">{\"@context\":\"https:\/\/schema.org\",\"@graph\":[{\"@type\":\"Article\",\"@id\":\"https:\/\/brasilnoticias.org\/site\/arrascaeta-do-flamengo-inicia-processo-para-tirar-cidadania-brasileira\/#article\",\"isPartOf\":{\"@id\":\"https:\/\/brasilnoticias.org\/site\/arrascaeta-do-flamengo-inicia-processo-para-tirar-cidadania-brasileira\/\"},\"author\":{\"name\":\"Reda\u00e7\u00e3o\",\"@id\":\"https:\/\/brasilnoticias.org\/site\/#\/schema\/person\/a0e05b973ec4d15c658d51911e53507b\"},\"headline\":\"Arrascaeta, do Flamengo, inicia processo para tirar cidadania brasileira\",\"datePublished\":\"2023-01-08T10:00:46+00:00\",\"mainEntityOfPage\":{\"@id\":\"https:\/\/brasilnoticias.org\/site\/arrascaeta-do-flamengo-inicia-processo-para-tirar-cidadania-brasileira\/\"},\"wordCount\":163,\"commentCount\":0,\"publisher\":{\"@id\":\"https:\/\/brasilnoticias.org\/site\/#organization\"},\"image\":{\"@id\":\"https:\/\/brasilnoticias.org\/site\/arrascaeta-do-flamengo-inicia-processo-para-tirar-cidadania-brasileira\/#primaryimage\"},\"thumbnailUrl\":\"https:\/\/brasilnoticias.org\/site\/wp-content\/uploads\/2023\/01\/132133arrascaeta-do-flamengo-inicia-processo-para-tirar-cidadania-brasileira-3.jpg\",\"articleSection\":[\"Esporte\",\"\u00daltimas\"],\"inLanguage\":\"pt-PT\",\"potentialAction\":[{\"@type\":\"CommentAction\",\"name\":\"Comment\",\"target\":[\"https:\/\/brasilnoticias.org\/site\/arrascaeta-do-flamengo-inicia-processo-para-tirar-cidadania-brasileira\/#respond\"]}]},{\"@type\":\"WebPage\",\"@id\":\"https:\/\/brasilnoticias.org\/site\/arrascaeta-do-flamengo-inicia-processo-para-tirar-cidadania-brasileira\/\",\"url\":\"https:\/\/brasilnoticias.org\/site\/arrascaeta-do-flamengo-inicia-processo-para-tirar-cidadania-brasileira\/\",\"name\":\"Arrascaeta, do Flamengo, inicia processo para tirar cidadania brasileira - Brasil not\u00edcias\",\"isPartOf\":{\"@id\":\"https:\/\/brasilnoticias.org\/site\/#website\"},\"primaryImageOfPage\":{\"@id\":\"https:\/\/brasilnoticias.org\/site\/arrascaeta-do-flamengo-inicia-processo-para-tirar-cidadania-brasileira\/#primaryimage\"},\"image\":{\"@id\":\"https:\/\/brasilnoticias.org\/site\/arrascaeta-do-flamengo-inicia-processo-para-tirar-cidadania-brasileira\/#primaryimage\"},\"thumbnailUrl\":\"https:\/\/brasilnoticias.org\/site\/wp-content\/uploads\/2023\/01\/132133arrascaeta-do-flamengo-inicia-processo-para-tirar-cidadania-brasileira-3.jpg\",\"datePublished\":\"2023-01-08T10:00:46+00:00\",\"breadcrumb\":{\"@id\":\"https:\/\/brasilnoticias.org\/site\/arrascaeta-do-flamengo-inicia-processo-para-tirar-cidadania-brasileira\/#breadcrumb\"},\"inLanguage\":\"pt-PT\",\"potentialAction\":[{\"@type\":\"ReadAction\",\"target\":[\"https:\/\/brasilnoticias.org\/site\/arrascaeta-do-flamengo-inicia-processo-para-tirar-cidadania-brasileira\/\"]}]},{\"@type\":\"ImageObject\",\"inLanguage\":\"pt-PT\",\"@id\":\"https:\/\/brasilnoticias.org\/site\/arrascaeta-do-flamengo-inicia-processo-para-tirar-cidadania-brasileira\/#primaryimage\",\"url\":\"https:\/\/brasilnoticias.org\/site\/wp-content\/uploads\/2023\/01\/132133arrascaeta-do-flamengo-inicia-processo-para-tirar-cidadania-brasileira-3.jpg\",\"contentUrl\":\"https:\/\/brasilnoticias.org\/site\/wp-content\/uploads\/2023\/01\/132133arrascaeta-do-flamengo-inicia-processo-para-tirar-cidadania-brasileira-3.jpg\",\"width\":1600,\"height\":752},{\"@type\":\"BreadcrumbList\",\"@id\":\"https:\/\/brasilnoticias.org\/site\/arrascaeta-do-flamengo-inicia-processo-para-tirar-cidadania-brasileira\/#breadcrumb\",\"itemListElement\":[{\"@type\":\"ListItem\",\"position\":1,\"name\":\"In\u00edcio\",\"item\":\"https:\/\/brasilnoticias.org\/site\/\"},{\"@type\":\"ListItem\",\"position\":2,\"name\":\"Arrascaeta, do Flamengo, inicia processo para tirar cidadania brasileira\"}]},{\"@type\":\"WebSite\",\"@id\":\"https:\/\/brasilnoticias.org\/site\/#website\",\"url\":\"https:\/\/brasilnoticias.org\/site\/\",\"name\":\"Brasil not\u00edcias\",\"description\":\"Brasil not\u00edcias\",\"publisher\":{\"@id\":\"https:\/\/brasilnoticias.org\/site\/#organization\"},\"potentialAction\":[{\"@type\":\"SearchAction\",\"target\":{\"@type\":\"EntryPoint\",\"urlTemplate\":\"https:\/\/brasilnoticias.org\/site\/?s={search_term_string}\"},\"query-input\":{\"@type\":\"PropertyValueSpecification\",\"valueRequired\":true,\"valueName\":\"search_term_string\"}}],\"inLanguage\":\"pt-PT\"},{\"@type\":\"Organization\",\"@id\":\"https:\/\/brasilnoticias.org\/site\/#organization\",\"name\":\"Brasil not\u00edcias\",\"url\":\"https:\/\/brasilnoticias.org\/site\/\",\"logo\":{\"@type\":\"ImageObject\",\"inLanguage\":\"pt-PT\",\"@id\":\"https:\/\/brasilnoticias.org\/site\/#\/schema\/logo\/image\/\",\"url\":\"https:\/\/brasilnoticias.org\/site\/wp-content\/uploads\/2022\/05\/cropped-brasilnoticias-mini.jpg\",\"contentUrl\":\"https:\/\/brasilnoticias.org\/site\/wp-content\/uploads\/2022\/05\/cropped-brasilnoticias-mini.jpg\",\"width\":314,\"height\":86,\"caption\":\"Brasil not\u00edcias\"},\"image\":{\"@id\":\"https:\/\/brasilnoticias.org\/site\/#\/schema\/logo\/image\/\"}},{\"@type\":\"Person\",\"@id\":\"https:\/\/brasilnoticias.org\/site\/#\/schema\/person\/a0e05b973ec4d15c658d51911e53507b\",\"name\":\"Reda\u00e7\u00e3o\",\"image\":{\"@type\":\"ImageObject\",\"inLanguage\":\"pt-PT\",\"@id\":\"https:\/\/brasilnoticias.org\/site\/#\/schema\/person\/image\/\",\"url\":\"https:\/\/secure.gravatar.com\/avatar\/75d8b050df2de108b08ae78dfb8e374892df24a383c67db9c46a9c604f6aee9c?s=96&d=mm&r=g\",\"contentUrl\":\"https:\/\/secure.gravatar.com\/avatar\/75d8b050df2de108b08ae78dfb8e374892df24a383c67db9c46a9c604f6aee9c?s=96&d=mm&r=g\",\"caption\":\"Reda\u00e7\u00e3o\"},\"sameAs\":[\"https:\/\/brasilnoticias.org\/site\"],\"url\":\"https:\/\/brasilnoticias.org\/site\/author\/fernandozsngmail-com\/\"}]}<\/script>\n<!-- \/ Yoast SEO plugin. -->","yoast_head_json":{"title":"Arrascaeta, do Flamengo, inicia processo para tirar cidadania brasileira - Brasil not\u00edcias","robots":{"index":"index","follow":"follow","max-snippet":"max-snippet:-1","max-image-preview":"max-image-preview:large","max-video-preview":"max-video-preview:-1"},"canonical":"https:\/\/brasilnoticias.org\/site\/arrascaeta-do-flamengo-inicia-processo-para-tirar-cidadania-brasileira\/","og_locale":"pt_PT","og_type":"article","og_title":"Arrascaeta, do Flamengo, inicia processo para tirar cidadania brasileira - Brasil not\u00edcias","og_description":"O uruguaio Arrascaeta, atual jogador do Flamengo, est\u00e1 em busca da cidadania brasileira. O jogador veio para o Pa\u00eds em","og_url":"https:\/\/brasilnoticias.org\/site\/arrascaeta-do-flamengo-inicia-processo-para-tirar-cidadania-brasileira\/","og_site_name":"Brasil not\u00edcias","article_published_time":"2023-01-08T10:00:46+00:00","og_image":[{"width":1600,"height":752,"url":"https:\/\/brasilnoticias.org\/site\/wp-content\/uploads\/2023\/01\/132133arrascaeta-do-flamengo-inicia-processo-para-tirar-cidadania-brasileira-3.jpg","type":"image\/jpeg"}],"author":"Reda\u00e7\u00e3o","twitter_card":"summary_large_image","twitter_misc":{"Escrito por":"Reda\u00e7\u00e3o","Tempo estimado de leitura":"1 minuto"},"schema":{"@context":"https:\/\/schema.org","@graph":[{"@type":"Article","@id":"https:\/\/brasilnoticias.org\/site\/arrascaeta-do-flamengo-inicia-processo-para-tirar-cidadania-brasileira\/#article","isPartOf":{"@id":"https:\/\/brasilnoticias.org\/site\/arrascaeta-do-flamengo-inicia-processo-para-tirar-cidadania-brasileira\/"},"author":{"name":"Reda\u00e7\u00e3o","@id":"https:\/\/brasilnoticias.org\/site\/#\/schema\/person\/a0e05b973ec4d15c658d51911e53507b"},"headline":"Arrascaeta, do Flamengo, inicia processo para tirar cidadania brasileira","datePublished":"2023-01-08T10:00:46+00:00","mainEntityOfPage":{"@id":"https:\/\/brasilnoticias.org\/site\/arrascaeta-do-flamengo-inicia-processo-para-tirar-cidadania-brasileira\/"},"wordCount":163,"commentCount":0,"publisher":{"@id":"https:\/\/brasilnoticias.org\/site\/#organization"},"image":{"@id":"https:\/\/brasilnoticias.org\/site\/arrascaeta-do-flamengo-inicia-processo-para-tirar-cidadania-brasileira\/#primaryimage"},"thumbnailUrl":"https:\/\/brasilnoticias.org\/site\/wp-content\/uploads\/2023\/01\/132133arrascaeta-do-flamengo-inicia-processo-para-tirar-cidadania-brasileira-3.jpg","articleSection":["Esporte","\u00daltimas"],"inLanguage":"pt-PT","potentialAction":[{"@type":"CommentAction","name":"Comment","target":["https:\/\/brasilnoticias.org\/site\/arrascaeta-do-flamengo-inicia-processo-para-tirar-cidadania-brasileira\/#respond"]}]},{"@type":"WebPage","@id":"https:\/\/brasilnoticias.org\/site\/arrascaeta-do-flamengo-inicia-processo-para-tirar-cidadania-brasileira\/","url":"https:\/\/brasilnoticias.org\/site\/arrascaeta-do-flamengo-inicia-processo-para-tirar-cidadania-brasileira\/","name":"Arrascaeta, do Flamengo, inicia processo para tirar cidadania brasileira - Brasil not\u00edcias","isPartOf":{"@id":"https:\/\/brasilnoticias.org\/site\/#website"},"primaryImageOfPage":{"@id":"https:\/\/brasilnoticias.org\/site\/arrascaeta-do-flamengo-inicia-processo-para-tirar-cidadania-brasileira\/#primaryimage"},"image":{"@id":"https:\/\/brasilnoticias.org\/site\/arrascaeta-do-flamengo-inicia-processo-para-tirar-cidadania-brasileira\/#primaryimage"},"thumbnailUrl":"https:\/\/brasilnoticias.org\/site\/wp-content\/uploads\/2023\/01\/132133arrascaeta-do-flamengo-inicia-processo-para-tirar-cidadania-brasileira-3.jpg","datePublished":"2023-01-08T10:00:46+00:00","breadcrumb":{"@id":"https:\/\/brasilnoticias.org\/site\/arrascaeta-do-flamengo-inicia-processo-para-tirar-cidadania-brasileira\/#breadcrumb"},"inLanguage":"pt-PT","potentialAction":[{"@type":"ReadAction","target":["https:\/\/brasilnoticias.org\/site\/arrascaeta-do-flamengo-inicia-processo-para-tirar-cidadania-brasileira\/"]}]},{"@type":"ImageObject","inLanguage":"pt-PT","@id":"https:\/\/brasilnoticias.org\/site\/arrascaeta-do-flamengo-inicia-processo-para-tirar-cidadania-brasileira\/#primaryimage","url":"https:\/\/brasilnoticias.org\/site\/wp-content\/uploads\/2023\/01\/132133arrascaeta-do-flamengo-inicia-processo-para-tirar-cidadania-brasileira-3.jpg","contentUrl":"https:\/\/brasilnoticias.org\/site\/wp-content\/uploads\/2023\/01\/132133arrascaeta-do-flamengo-inicia-processo-para-tirar-cidadania-brasileira-3.jpg","width":1600,"height":752},{"@type":"BreadcrumbList","@id":"https:\/\/brasilnoticias.org\/site\/arrascaeta-do-flamengo-inicia-processo-para-tirar-cidadania-brasileira\/#breadcrumb","itemListElement":[{"@type":"ListItem","position":1,"name":"In\u00edcio","item":"https:\/\/brasilnoticias.org\/site\/"},{"@type":"ListItem","position":2,"name":"Arrascaeta, do Flamengo, inicia processo para tirar cidadania brasileira"}]},{"@type":"WebSite","@id":"https:\/\/brasilnoticias.org\/site\/#website","url":"https:\/\/brasilnoticias.org\/site\/","name":"Brasil not\u00edcias","description":"Brasil not\u00edcias","publisher":{"@id":"https:\/\/brasilnoticias.org\/site\/#organization"},"potentialAction":[{"@type":"SearchAction","target":{"@type":"EntryPoint","urlTemplate":"https:\/\/brasilnoticias.org\/site\/?s={search_term_string}"},"query-input":{"@type":"PropertyValueSpecification","valueRequired":true,"valueName":"search_term_string"}}],"inLanguage":"pt-PT"},{"@type":"Organization","@id":"https:\/\/brasilnoticias.org\/site\/#organization","name":"Brasil not\u00edcias","url":"https:\/\/brasilnoticias.org\/site\/","logo":{"@type":"ImageObject","inLanguage":"pt-PT","@id":"https:\/\/brasilnoticias.org\/site\/#\/schema\/logo\/image\/","url":"https:\/\/brasilnoticias.org\/site\/wp-content\/uploads\/2022\/05\/cropped-brasilnoticias-mini.jpg","contentUrl":"https:\/\/brasilnoticias.org\/site\/wp-content\/uploads\/2022\/05\/cropped-brasilnoticias-mini.jpg","width":314,"height":86,"caption":"Brasil not\u00edcias"},"image":{"@id":"https:\/\/brasilnoticias.org\/site\/#\/schema\/logo\/image\/"}},{"@type":"Person","@id":"https:\/\/brasilnoticias.org\/site\/#\/schema\/person\/a0e05b973ec4d15c658d51911e53507b","name":"Reda\u00e7\u00e3o","image":{"@type":"ImageObject","inLanguage":"pt-PT","@id":"https:\/\/brasilnoticias.org\/site\/#\/schema\/person\/image\/","url":"https:\/\/secure.gravatar.com\/avatar\/75d8b050df2de108b08ae78dfb8e374892df24a383c67db9c46a9c604f6aee9c?s=96&d=mm&r=g","contentUrl":"https:\/\/secure.gravatar.com\/avatar\/75d8b050df2de108b08ae78dfb8e374892df24a383c67db9c46a9c604f6aee9c?s=96&d=mm&r=g","caption":"Reda\u00e7\u00e3o"},"sameAs":["https:\/\/brasilnoticias.org\/site"],"url":"https:\/\/brasilnoticias.org\/site\/author\/fernandozsngmail-com\/"}]}},"_links":{"self":[{"href":"https:\/\/brasilnoticias.org\/site\/wp-json\/wp\/v2\/posts\/3152","targetHints":{"allow":["GET"]}}],"collection":[{"href":"https:\/\/brasilnoticias.org\/site\/wp-json\/wp\/v2\/posts"}],"about":[{"href":"https:\/\/brasilnoticias.org\/site\/wp-json\/wp\/v2\/types\/post"}],"author":[{"embeddable":true,"href":"https:\/\/brasilnoticias.org\/site\/wp-json\/wp\/v2\/users\/1"}],"replies":[{"embeddable":true,"href":"https:\/\/brasilnoticias.org\/site\/wp-json\/wp\/v2\/comments?post=3152"}],"version-history":[{"count":1,"href":"https:\/\/brasilnoticias.org\/site\/wp-json\/wp\/v2\/posts\/3152\/revisions"}],"predecessor-version":[{"id":3154,"href":"https:\/\/brasilnoticias.org\/site\/wp-json\/wp\/v2\/posts\/3152\/revisions\/3154"}],"wp:featuredmedia":[{"embeddable":true,"href":"https:\/\/brasilnoticias.org\/site\/wp-json\/wp\/v2\/media\/3153"}],"wp:attachment":[{"href":"https:\/\/brasilnoticias.org\/site\/wp-json\/wp\/v2\/media?parent=3152"}],"wp:term":[{"taxonomy":"category","embeddable":true,"href":"https:\/\/brasilnoticias.org\/site\/wp-json\/wp\/v2\/categories?post=3152"},{"taxonomy":"post_tag","embeddable":true,"href":"https:\/\/brasilnoticias.org\/site\/wp-json\/wp\/v2\/tags?post=3152"}],"curies":[{"name":"wp","href":"https:\/\/api.w.org\/{rel}","templated":true}]}}