{"id":3155,"date":"2023-01-08T07:10:10","date_gmt":"2023-01-08T10:10:10","guid":{"rendered":"https:\/\/brasilnoticias.org\/site\/?p=3155"},"modified":"2023-01-07T22:08:24","modified_gmt":"2023-01-08T01:08:24","slug":"salario-minimo-vai-ser-pago-normalmente-diz-haddad","status":"publish","type":"post","link":"https:\/\/brasilnoticias.org\/site\/salario-minimo-vai-ser-pago-normalmente-diz-haddad\/","title":{"rendered":"Sal\u00e1rio m\u00ednimo \u201cvai ser pago normalmente\u201d, diz Haddad"},"content":{"rendered":"<p>O sal\u00e1rio m\u00ednimo \u201cvai ser pago normalmente\u201d, disse hoje (6) o ministro da Fazenda, Fernando Haddad, pouco antes de embarcar para S\u00e3o Paulo. Ele, no entanto, n\u00e3o informou quando o governo pretende editar a medida provis\u00f3ria que fixar\u00e1 o valor em R$ 1.320 que consta no Or\u00e7amento Geral da Uni\u00e3o de 2023.<\/p>\n<p>Atualmente, o sal\u00e1rio m\u00ednimo para este ano est\u00e1 em R$ 1.302, conforme medida provis\u00f3ria editada em meados de dezembro pelo governo anterior. Esse valor considera apenas a reposi\u00e7\u00e3o pela infla\u00e7\u00e3o, sem ganhos reais para o trabalhador.<\/p>\n<p>A publica\u00e7\u00e3o de uma nova medida provis\u00f3ria depende de uma avalia\u00e7\u00e3o do ministro do Trabalho, Luiz Marinho, sobre a sufici\u00eancia de recursos para bancar o sal\u00e1rio m\u00ednimo de R$ 1.320 neste ano. Isso porque a forte libera\u00e7\u00e3o de benef\u00edcios do Instituto Nacional do Seguro Social (INSS) no segundo semestre do ano passado pode comprometer a capacidade de o governo bancar o sal\u00e1rio m\u00ednimo acima da infla\u00e7\u00e3o neste ano.<\/p>\n<p>O pronunciamento do Minist\u00e9rio do Trabalho e Emprego originalmente estava previsto para hoje, mas foi adiado para segunda-feira (9) ap\u00f3s a primeira reuni\u00e3o ministerial do novo governo, no Pal\u00e1cio do Planalto.<\/p>\n<p>Apesar de a emenda constitucional da Transi\u00e7\u00e3o ter assegurado R$ 6,8 bilh\u00f5es para bancar o sal\u00e1rio m\u00ednimo de R$ 1.320, a forte libera\u00e7\u00e3o de aposentadorias e pens\u00f5es do INSS nos \u00faltimos meses do ano passado pode resultar em um impacto fiscal maior que o previsto. Nesse caso, o governo ter\u00e1 de remanejar dinheiro de todos os minist\u00e9rios para bancar esse valor.<\/p>\n<p>Foto F\u00e1bio Pelinson<br \/>\nNot\u00edcias ao minuto<\/p>\n","protected":false},"excerpt":{"rendered":"<p>O sal\u00e1rio m\u00ednimo \u201cvai ser pago normalmente\u201d, disse hoje (6) o ministro da Fazenda, Fernando Haddad, pouco antes de embarcar<\/p>\n","protected":false},"author":1,"featured_media":3156,"comment_status":"open","ping_status":"open","sticky":false,"template":"","format":"standard","meta":{"colormag_page_container_layout":"default_layout","colormag_page_sidebar_layout":"default_layout","_FSMCFIC_featured_image_caption":"","_FSMCFIC_featured_image_nocaption":"","_FSMCFIC_featured_image_hide":"","footnotes":""},"categories":[5,1],"tags":[],"class_list":["post-3155","post","type-post","status-publish","format-standard","has-post-thumbnail","hentry","category-politica","category-ultimas"],"yoast_head":"<!-- This site is optimized with the Yoast SEO plugin v27.1.1 - https:\/\/yoast.com\/product\/yoast-seo-wordpress\/ -->\n<title>Sal\u00e1rio m\u00ednimo \u201cvai ser pago normalmente\u201d, diz Haddad - Brasil not\u00edcias<\/title>\n<meta name=\"robots\" content=\"index, follow, max-snippet:-1, max-image-preview:large, max-video-preview:-1\" \/>\n<link rel=\"canonical\" href=\"https:\/\/brasilnoticias.org\/site\/salario-minimo-vai-ser-pago-normalmente-diz-haddad\/\" \/>\n<meta property=\"og:locale\" content=\"pt_PT\" \/>\n<meta property=\"og:type\" content=\"article\" \/>\n<meta property=\"og:title\" content=\"Sal\u00e1rio m\u00ednimo \u201cvai ser pago normalmente\u201d, diz Haddad - Brasil not\u00edcias\" \/>\n<meta property=\"og:description\" content=\"O sal\u00e1rio m\u00ednimo \u201cvai ser pago normalmente\u201d, disse hoje (6) o ministro da Fazenda, Fernando Haddad, pouco antes de embarcar\" \/>\n<meta property=\"og:url\" content=\"https:\/\/brasilnoticias.org\/site\/salario-minimo-vai-ser-pago-normalmente-diz-haddad\/\" \/>\n<meta property=\"og:site_name\" content=\"Brasil not\u00edcias\" \/>\n<meta property=\"article:published_time\" content=\"2023-01-08T10:10:10+00:00\" \/>\n<meta property=\"og:image\" content=\"https:\/\/brasilnoticias.org\/site\/wp-content\/uploads\/2023\/01\/naom_5c4831d49fbf8.jpg\" \/>\n\t<meta property=\"og:image:width\" content=\"960\" \/>\n\t<meta property=\"og:image:height\" content=\"540\" \/>\n\t<meta property=\"og:image:type\" content=\"image\/jpeg\" \/>\n<meta name=\"author\" content=\"Reda\u00e7\u00e3o\" \/>\n<meta name=\"twitter:card\" content=\"summary_large_image\" \/>\n<meta name=\"twitter:label1\" content=\"Escrito por\" \/>\n\t<meta name=\"twitter:data1\" content=\"Reda\u00e7\u00e3o\" \/>\n\t<meta name=\"twitter:label2\" content=\"Tempo estimado de leitura\" \/>\n\t<meta name=\"twitter:data2\" content=\"1 minuto\" \/>\n<script type=\"application\/ld+json\" class=\"yoast-schema-graph\">{\"@context\":\"https:\/\/schema.org\",\"@graph\":[{\"@type\":\"Article\",\"@id\":\"https:\/\/brasilnoticias.org\/site\/salario-minimo-vai-ser-pago-normalmente-diz-haddad\/#article\",\"isPartOf\":{\"@id\":\"https:\/\/brasilnoticias.org\/site\/salario-minimo-vai-ser-pago-normalmente-diz-haddad\/\"},\"author\":{\"name\":\"Reda\u00e7\u00e3o\",\"@id\":\"https:\/\/brasilnoticias.org\/site\/#\/schema\/person\/a0e05b973ec4d15c658d51911e53507b\"},\"headline\":\"Sal\u00e1rio m\u00ednimo \u201cvai ser pago normalmente\u201d, diz Haddad\",\"datePublished\":\"2023-01-08T10:10:10+00:00\",\"mainEntityOfPage\":{\"@id\":\"https:\/\/brasilnoticias.org\/site\/salario-minimo-vai-ser-pago-normalmente-diz-haddad\/\"},\"wordCount\":292,\"commentCount\":0,\"publisher\":{\"@id\":\"https:\/\/brasilnoticias.org\/site\/#organization\"},\"image\":{\"@id\":\"https:\/\/brasilnoticias.org\/site\/salario-minimo-vai-ser-pago-normalmente-diz-haddad\/#primaryimage\"},\"thumbnailUrl\":\"https:\/\/brasilnoticias.org\/site\/wp-content\/uploads\/2023\/01\/naom_5c4831d49fbf8.jpg\",\"articleSection\":[\"Pol\u00edtica\",\"\u00daltimas\"],\"inLanguage\":\"pt-PT\",\"potentialAction\":[{\"@type\":\"CommentAction\",\"name\":\"Comment\",\"target\":[\"https:\/\/brasilnoticias.org\/site\/salario-minimo-vai-ser-pago-normalmente-diz-haddad\/#respond\"]}]},{\"@type\":\"WebPage\",\"@id\":\"https:\/\/brasilnoticias.org\/site\/salario-minimo-vai-ser-pago-normalmente-diz-haddad\/\",\"url\":\"https:\/\/brasilnoticias.org\/site\/salario-minimo-vai-ser-pago-normalmente-diz-haddad\/\",\"name\":\"Sal\u00e1rio m\u00ednimo \u201cvai ser pago normalmente\u201d, diz Haddad - Brasil not\u00edcias\",\"isPartOf\":{\"@id\":\"https:\/\/brasilnoticias.org\/site\/#website\"},\"primaryImageOfPage\":{\"@id\":\"https:\/\/brasilnoticias.org\/site\/salario-minimo-vai-ser-pago-normalmente-diz-haddad\/#primaryimage\"},\"image\":{\"@id\":\"https:\/\/brasilnoticias.org\/site\/salario-minimo-vai-ser-pago-normalmente-diz-haddad\/#primaryimage\"},\"thumbnailUrl\":\"https:\/\/brasilnoticias.org\/site\/wp-content\/uploads\/2023\/01\/naom_5c4831d49fbf8.jpg\",\"datePublished\":\"2023-01-08T10:10:10+00:00\",\"breadcrumb\":{\"@id\":\"https:\/\/brasilnoticias.org\/site\/salario-minimo-vai-ser-pago-normalmente-diz-haddad\/#breadcrumb\"},\"inLanguage\":\"pt-PT\",\"potentialAction\":[{\"@type\":\"ReadAction\",\"target\":[\"https:\/\/brasilnoticias.org\/site\/salario-minimo-vai-ser-pago-normalmente-diz-haddad\/\"]}]},{\"@type\":\"ImageObject\",\"inLanguage\":\"pt-PT\",\"@id\":\"https:\/\/brasilnoticias.org\/site\/salario-minimo-vai-ser-pago-normalmente-diz-haddad\/#primaryimage\",\"url\":\"https:\/\/brasilnoticias.org\/site\/wp-content\/uploads\/2023\/01\/naom_5c4831d49fbf8.jpg\",\"contentUrl\":\"https:\/\/brasilnoticias.org\/site\/wp-content\/uploads\/2023\/01\/naom_5c4831d49fbf8.jpg\",\"width\":960,\"height\":540},{\"@type\":\"BreadcrumbList\",\"@id\":\"https:\/\/brasilnoticias.org\/site\/salario-minimo-vai-ser-pago-normalmente-diz-haddad\/#breadcrumb\",\"itemListElement\":[{\"@type\":\"ListItem\",\"position\":1,\"name\":\"In\u00edcio\",\"item\":\"https:\/\/brasilnoticias.org\/site\/\"},{\"@type\":\"ListItem\",\"position\":2,\"name\":\"Sal\u00e1rio m\u00ednimo \u201cvai ser pago normalmente\u201d, diz Haddad\"}]},{\"@type\":\"WebSite\",\"@id\":\"https:\/\/brasilnoticias.org\/site\/#website\",\"url\":\"https:\/\/brasilnoticias.org\/site\/\",\"name\":\"Brasil not\u00edcias\",\"description\":\"Brasil not\u00edcias\",\"publisher\":{\"@id\":\"https:\/\/brasilnoticias.org\/site\/#organization\"},\"potentialAction\":[{\"@type\":\"SearchAction\",\"target\":{\"@type\":\"EntryPoint\",\"urlTemplate\":\"https:\/\/brasilnoticias.org\/site\/?s={search_term_string}\"},\"query-input\":{\"@type\":\"PropertyValueSpecification\",\"valueRequired\":true,\"valueName\":\"search_term_string\"}}],\"inLanguage\":\"pt-PT\"},{\"@type\":\"Organization\",\"@id\":\"https:\/\/brasilnoticias.org\/site\/#organization\",\"name\":\"Brasil not\u00edcias\",\"url\":\"https:\/\/brasilnoticias.org\/site\/\",\"logo\":{\"@type\":\"ImageObject\",\"inLanguage\":\"pt-PT\",\"@id\":\"https:\/\/brasilnoticias.org\/site\/#\/schema\/logo\/image\/\",\"url\":\"https:\/\/brasilnoticias.org\/site\/wp-content\/uploads\/2022\/05\/cropped-brasilnoticias-mini.jpg\",\"contentUrl\":\"https:\/\/brasilnoticias.org\/site\/wp-content\/uploads\/2022\/05\/cropped-brasilnoticias-mini.jpg\",\"width\":314,\"height\":86,\"caption\":\"Brasil not\u00edcias\"},\"image\":{\"@id\":\"https:\/\/brasilnoticias.org\/site\/#\/schema\/logo\/image\/\"}},{\"@type\":\"Person\",\"@id\":\"https:\/\/brasilnoticias.org\/site\/#\/schema\/person\/a0e05b973ec4d15c658d51911e53507b\",\"name\":\"Reda\u00e7\u00e3o\",\"image\":{\"@type\":\"ImageObject\",\"inLanguage\":\"pt-PT\",\"@id\":\"https:\/\/brasilnoticias.org\/site\/#\/schema\/person\/image\/\",\"url\":\"https:\/\/secure.gravatar.com\/avatar\/75d8b050df2de108b08ae78dfb8e374892df24a383c67db9c46a9c604f6aee9c?s=96&d=mm&r=g\",\"contentUrl\":\"https:\/\/secure.gravatar.com\/avatar\/75d8b050df2de108b08ae78dfb8e374892df24a383c67db9c46a9c604f6aee9c?s=96&d=mm&r=g\",\"caption\":\"Reda\u00e7\u00e3o\"},\"sameAs\":[\"https:\/\/brasilnoticias.org\/site\"],\"url\":\"https:\/\/brasilnoticias.org\/site\/author\/fernandozsngmail-com\/\"}]}<\/script>\n<!-- \/ Yoast SEO plugin. -->","yoast_head_json":{"title":"Sal\u00e1rio m\u00ednimo \u201cvai ser pago normalmente\u201d, diz Haddad - Brasil not\u00edcias","robots":{"index":"index","follow":"follow","max-snippet":"max-snippet:-1","max-image-preview":"max-image-preview:large","max-video-preview":"max-video-preview:-1"},"canonical":"https:\/\/brasilnoticias.org\/site\/salario-minimo-vai-ser-pago-normalmente-diz-haddad\/","og_locale":"pt_PT","og_type":"article","og_title":"Sal\u00e1rio m\u00ednimo \u201cvai ser pago normalmente\u201d, diz Haddad - Brasil not\u00edcias","og_description":"O sal\u00e1rio m\u00ednimo \u201cvai ser pago normalmente\u201d, disse hoje (6) o ministro da Fazenda, Fernando Haddad, pouco antes de embarcar","og_url":"https:\/\/brasilnoticias.org\/site\/salario-minimo-vai-ser-pago-normalmente-diz-haddad\/","og_site_name":"Brasil not\u00edcias","article_published_time":"2023-01-08T10:10:10+00:00","og_image":[{"width":960,"height":540,"url":"https:\/\/brasilnoticias.org\/site\/wp-content\/uploads\/2023\/01\/naom_5c4831d49fbf8.jpg","type":"image\/jpeg"}],"author":"Reda\u00e7\u00e3o","twitter_card":"summary_large_image","twitter_misc":{"Escrito por":"Reda\u00e7\u00e3o","Tempo estimado de leitura":"1 minuto"},"schema":{"@context":"https:\/\/schema.org","@graph":[{"@type":"Article","@id":"https:\/\/brasilnoticias.org\/site\/salario-minimo-vai-ser-pago-normalmente-diz-haddad\/#article","isPartOf":{"@id":"https:\/\/brasilnoticias.org\/site\/salario-minimo-vai-ser-pago-normalmente-diz-haddad\/"},"author":{"name":"Reda\u00e7\u00e3o","@id":"https:\/\/brasilnoticias.org\/site\/#\/schema\/person\/a0e05b973ec4d15c658d51911e53507b"},"headline":"Sal\u00e1rio m\u00ednimo \u201cvai ser pago normalmente\u201d, diz Haddad","datePublished":"2023-01-08T10:10:10+00:00","mainEntityOfPage":{"@id":"https:\/\/brasilnoticias.org\/site\/salario-minimo-vai-ser-pago-normalmente-diz-haddad\/"},"wordCount":292,"commentCount":0,"publisher":{"@id":"https:\/\/brasilnoticias.org\/site\/#organization"},"image":{"@id":"https:\/\/brasilnoticias.org\/site\/salario-minimo-vai-ser-pago-normalmente-diz-haddad\/#primaryimage"},"thumbnailUrl":"https:\/\/brasilnoticias.org\/site\/wp-content\/uploads\/2023\/01\/naom_5c4831d49fbf8.jpg","articleSection":["Pol\u00edtica","\u00daltimas"],"inLanguage":"pt-PT","potentialAction":[{"@type":"CommentAction","name":"Comment","target":["https:\/\/brasilnoticias.org\/site\/salario-minimo-vai-ser-pago-normalmente-diz-haddad\/#respond"]}]},{"@type":"WebPage","@id":"https:\/\/brasilnoticias.org\/site\/salario-minimo-vai-ser-pago-normalmente-diz-haddad\/","url":"https:\/\/brasilnoticias.org\/site\/salario-minimo-vai-ser-pago-normalmente-diz-haddad\/","name":"Sal\u00e1rio m\u00ednimo \u201cvai ser pago normalmente\u201d, diz Haddad - Brasil not\u00edcias","isPartOf":{"@id":"https:\/\/brasilnoticias.org\/site\/#website"},"primaryImageOfPage":{"@id":"https:\/\/brasilnoticias.org\/site\/salario-minimo-vai-ser-pago-normalmente-diz-haddad\/#primaryimage"},"image":{"@id":"https:\/\/brasilnoticias.org\/site\/salario-minimo-vai-ser-pago-normalmente-diz-haddad\/#primaryimage"},"thumbnailUrl":"https:\/\/brasilnoticias.org\/site\/wp-content\/uploads\/2023\/01\/naom_5c4831d49fbf8.jpg","datePublished":"2023-01-08T10:10:10+00:00","breadcrumb":{"@id":"https:\/\/brasilnoticias.org\/site\/salario-minimo-vai-ser-pago-normalmente-diz-haddad\/#breadcrumb"},"inLanguage":"pt-PT","potentialAction":[{"@type":"ReadAction","target":["https:\/\/brasilnoticias.org\/site\/salario-minimo-vai-ser-pago-normalmente-diz-haddad\/"]}]},{"@type":"ImageObject","inLanguage":"pt-PT","@id":"https:\/\/brasilnoticias.org\/site\/salario-minimo-vai-ser-pago-normalmente-diz-haddad\/#primaryimage","url":"https:\/\/brasilnoticias.org\/site\/wp-content\/uploads\/2023\/01\/naom_5c4831d49fbf8.jpg","contentUrl":"https:\/\/brasilnoticias.org\/site\/wp-content\/uploads\/2023\/01\/naom_5c4831d49fbf8.jpg","width":960,"height":540},{"@type":"BreadcrumbList","@id":"https:\/\/brasilnoticias.org\/site\/salario-minimo-vai-ser-pago-normalmente-diz-haddad\/#breadcrumb","itemListElement":[{"@type":"ListItem","position":1,"name":"In\u00edcio","item":"https:\/\/brasilnoticias.org\/site\/"},{"@type":"ListItem","position":2,"name":"Sal\u00e1rio m\u00ednimo \u201cvai ser pago normalmente\u201d, diz Haddad"}]},{"@type":"WebSite","@id":"https:\/\/brasilnoticias.org\/site\/#website","url":"https:\/\/brasilnoticias.org\/site\/","name":"Brasil not\u00edcias","description":"Brasil not\u00edcias","publisher":{"@id":"https:\/\/brasilnoticias.org\/site\/#organization"},"potentialAction":[{"@type":"SearchAction","target":{"@type":"EntryPoint","urlTemplate":"https:\/\/brasilnoticias.org\/site\/?s={search_term_string}"},"query-input":{"@type":"PropertyValueSpecification","valueRequired":true,"valueName":"search_term_string"}}],"inLanguage":"pt-PT"},{"@type":"Organization","@id":"https:\/\/brasilnoticias.org\/site\/#organization","name":"Brasil not\u00edcias","url":"https:\/\/brasilnoticias.org\/site\/","logo":{"@type":"ImageObject","inLanguage":"pt-PT","@id":"https:\/\/brasilnoticias.org\/site\/#\/schema\/logo\/image\/","url":"https:\/\/brasilnoticias.org\/site\/wp-content\/uploads\/2022\/05\/cropped-brasilnoticias-mini.jpg","contentUrl":"https:\/\/brasilnoticias.org\/site\/wp-content\/uploads\/2022\/05\/cropped-brasilnoticias-mini.jpg","width":314,"height":86,"caption":"Brasil not\u00edcias"},"image":{"@id":"https:\/\/brasilnoticias.org\/site\/#\/schema\/logo\/image\/"}},{"@type":"Person","@id":"https:\/\/brasilnoticias.org\/site\/#\/schema\/person\/a0e05b973ec4d15c658d51911e53507b","name":"Reda\u00e7\u00e3o","image":{"@type":"ImageObject","inLanguage":"pt-PT","@id":"https:\/\/brasilnoticias.org\/site\/#\/schema\/person\/image\/","url":"https:\/\/secure.gravatar.com\/avatar\/75d8b050df2de108b08ae78dfb8e374892df24a383c67db9c46a9c604f6aee9c?s=96&d=mm&r=g","contentUrl":"https:\/\/secure.gravatar.com\/avatar\/75d8b050df2de108b08ae78dfb8e374892df24a383c67db9c46a9c604f6aee9c?s=96&d=mm&r=g","caption":"Reda\u00e7\u00e3o"},"sameAs":["https:\/\/brasilnoticias.org\/site"],"url":"https:\/\/brasilnoticias.org\/site\/author\/fernandozsngmail-com\/"}]}},"_links":{"self":[{"href":"https:\/\/brasilnoticias.org\/site\/wp-json\/wp\/v2\/posts\/3155","targetHints":{"allow":["GET"]}}],"collection":[{"href":"https:\/\/brasilnoticias.org\/site\/wp-json\/wp\/v2\/posts"}],"about":[{"href":"https:\/\/brasilnoticias.org\/site\/wp-json\/wp\/v2\/types\/post"}],"author":[{"embeddable":true,"href":"https:\/\/brasilnoticias.org\/site\/wp-json\/wp\/v2\/users\/1"}],"replies":[{"embeddable":true,"href":"https:\/\/brasilnoticias.org\/site\/wp-json\/wp\/v2\/comments?post=3155"}],"version-history":[{"count":1,"href":"https:\/\/brasilnoticias.org\/site\/wp-json\/wp\/v2\/posts\/3155\/revisions"}],"predecessor-version":[{"id":3157,"href":"https:\/\/brasilnoticias.org\/site\/wp-json\/wp\/v2\/posts\/3155\/revisions\/3157"}],"wp:featuredmedia":[{"embeddable":true,"href":"https:\/\/brasilnoticias.org\/site\/wp-json\/wp\/v2\/media\/3156"}],"wp:attachment":[{"href":"https:\/\/brasilnoticias.org\/site\/wp-json\/wp\/v2\/media?parent=3155"}],"wp:term":[{"taxonomy":"category","embeddable":true,"href":"https:\/\/brasilnoticias.org\/site\/wp-json\/wp\/v2\/categories?post=3155"},{"taxonomy":"post_tag","embeddable":true,"href":"https:\/\/brasilnoticias.org\/site\/wp-json\/wp\/v2\/tags?post=3155"}],"curies":[{"name":"wp","href":"https:\/\/api.w.org\/{rel}","templated":true}]}}