{"id":3158,"date":"2023-01-08T07:20:48","date_gmt":"2023-01-08T10:20:48","guid":{"rendered":"https:\/\/brasilnoticias.org\/site\/?p=3158"},"modified":"2023-01-07T22:10:50","modified_gmt":"2023-01-08T01:10:50","slug":"harry-diz-que-matou-25-pessoas-enquanto-servia-ao-exercito-no-afeganistao","status":"publish","type":"post","link":"https:\/\/brasilnoticias.org\/site\/harry-diz-que-matou-25-pessoas-enquanto-servia-ao-exercito-no-afeganistao\/","title":{"rendered":"Harry diz que matou 25 pessoas enquanto servia ao Ex\u00e9rcito no Afeganist\u00e3o"},"content":{"rendered":"<p>O pr\u00edncipe Harry revelou em seu livro de mem\u00f3rias &#8220;Spare&#8221; que matou 25 pessoas enquanto servia ao Ex\u00e9rcito no Afeganist\u00e3o, nos anos 2000. Segundo ele, os soldados foram instru\u00eddos a n\u00e3o ver os membros do Talib\u00e3 como pessoas, segundo o jornal The Telegraph, que obteve um trecho do livro.<\/p>\n<p>Na publica\u00e7\u00e3o, ele esclarece que &#8220;n\u00e3o est\u00e1 orgulhoso nem envergonhado&#8221; pelo ocorrido. Mas que sua confiss\u00e3o provavelmente &#8220;far\u00e1 dele e de sua fam\u00edlia um alvo terrorista maior&#8221;, informou o The Independent , citando v\u00e1rios cr\u00edticos, incluindo um publicit\u00e1rio, um jornalista e um ex-comando.<\/p>\n<p>Nas mem\u00f3rias, Harry diz ser capaz de chegar &#8220;com exatid\u00e3o quantos combatentes inimigos matou&#8221;.<\/p>\n<p>&#8220;E me pareceu essencial n\u00e3o ter medo desse n\u00famero&#8221;, revelou o pr\u00edncipe.<\/p>\n<p>O duque de Sussex, 38, serviu como controlador a\u00e9reo avan\u00e7ado no Ex\u00e9rcito Real Brit\u00e2nico de 2007 a 2008 e pilotou o helic\u00f3ptero de ataque entre 2012 e 2013, informou a Al Jazeera.<\/p>\n<p>&#8220;Pareceu-me essencial n\u00e3o ter medo desse n\u00famero. Portanto, o meu n\u00famero \u00e9 o 25. N\u00e3o \u00e9 um n\u00famero que me d\u00ea satisfa\u00e7\u00e3o, mas tamb\u00e9m n\u00e3o me envergonha&#8221;, escreveu, acrescentando que o n\u00famero veio de seis miss\u00f5es durante sua segunda passagem pelo pa\u00eds.<\/p>\n<p>&#8220;Fiz meu prop\u00f3sito, desde o primeiro dia, nunca ir para a cama com qualquer d\u00favida se fiz a coisa certa &#8230; se atirei no Talib\u00e3 e apenas no Talib\u00e3, sem civis nas proximidades. Eu queria voltar para a Gr\u00e3-Bretanha com todos os meus membros, mas mais do que isso, eu queria chegar em casa com minha consci\u00eancia intacta&#8221;, escreveu Harry.<\/p>\n<p>Os representantes de Harry n\u00e3o responderam imediatamente ao pedido de coment\u00e1rio do Insider.<\/p>\n<p>A Penguin Random House, a editora do livro, n\u00e3o compartilhou amplamente trechos do livro de mem\u00f3rias antes de sua publica\u00e7\u00e3o em 10 de janeiro de 2023, mas o Telegraph escreveu que obteve uma c\u00f3pia em espanhol do livro em uma livraria na Espanha.<\/p>\n<p>Foto Getty Images<\/p>\n<p>Not\u00edcias ao minuto<\/p>\n","protected":false},"excerpt":{"rendered":"<p>O pr\u00edncipe Harry revelou em seu livro de mem\u00f3rias &#8220;Spare&#8221; que matou 25 pessoas enquanto servia ao Ex\u00e9rcito no Afeganist\u00e3o,<\/p>\n","protected":false},"author":1,"featured_media":3159,"comment_status":"open","ping_status":"open","sticky":false,"template":"","format":"standard","meta":{"colormag_page_container_layout":"default_layout","colormag_page_sidebar_layout":"default_layout","_FSMCFIC_featured_image_caption":"","_FSMCFIC_featured_image_nocaption":"","_FSMCFIC_featured_image_hide":"","footnotes":""},"categories":[6,1],"tags":[],"class_list":["post-3158","post","type-post","status-publish","format-standard","has-post-thumbnail","hentry","category-mundo","category-ultimas"],"yoast_head":"<!-- This site is optimized with the Yoast SEO plugin v27.1.1 - https:\/\/yoast.com\/product\/yoast-seo-wordpress\/ -->\n<title>Harry diz que matou 25 pessoas enquanto servia ao Ex\u00e9rcito no Afeganist\u00e3o - Brasil not\u00edcias<\/title>\n<meta name=\"robots\" content=\"index, follow, max-snippet:-1, max-image-preview:large, max-video-preview:-1\" \/>\n<link rel=\"canonical\" href=\"https:\/\/brasilnoticias.org\/site\/harry-diz-que-matou-25-pessoas-enquanto-servia-ao-exercito-no-afeganistao\/\" \/>\n<meta property=\"og:locale\" content=\"pt_PT\" \/>\n<meta property=\"og:type\" content=\"article\" \/>\n<meta property=\"og:title\" content=\"Harry diz que matou 25 pessoas enquanto servia ao Ex\u00e9rcito no Afeganist\u00e3o - Brasil not\u00edcias\" \/>\n<meta property=\"og:description\" content=\"O pr\u00edncipe Harry revelou em seu livro de mem\u00f3rias &#8220;Spare&#8221; que matou 25 pessoas enquanto servia ao Ex\u00e9rcito no Afeganist\u00e3o,\" \/>\n<meta property=\"og:url\" content=\"https:\/\/brasilnoticias.org\/site\/harry-diz-que-matou-25-pessoas-enquanto-servia-ao-exercito-no-afeganistao\/\" \/>\n<meta property=\"og:site_name\" content=\"Brasil not\u00edcias\" \/>\n<meta property=\"article:published_time\" content=\"2023-01-08T10:20:48+00:00\" \/>\n<meta property=\"og:image\" content=\"https:\/\/brasilnoticias.org\/site\/wp-content\/uploads\/2023\/01\/naom_631a3b5fce640.jpg\" \/>\n\t<meta property=\"og:image:width\" content=\"960\" \/>\n\t<meta property=\"og:image:height\" content=\"540\" \/>\n\t<meta property=\"og:image:type\" content=\"image\/jpeg\" \/>\n<meta name=\"author\" content=\"Reda\u00e7\u00e3o\" \/>\n<meta name=\"twitter:card\" content=\"summary_large_image\" \/>\n<meta name=\"twitter:label1\" content=\"Escrito por\" \/>\n\t<meta name=\"twitter:data1\" content=\"Reda\u00e7\u00e3o\" \/>\n\t<meta name=\"twitter:label2\" content=\"Tempo estimado de leitura\" \/>\n\t<meta name=\"twitter:data2\" content=\"2 minutos\" \/>\n<script type=\"application\/ld+json\" class=\"yoast-schema-graph\">{\"@context\":\"https:\/\/schema.org\",\"@graph\":[{\"@type\":\"Article\",\"@id\":\"https:\/\/brasilnoticias.org\/site\/harry-diz-que-matou-25-pessoas-enquanto-servia-ao-exercito-no-afeganistao\/#article\",\"isPartOf\":{\"@id\":\"https:\/\/brasilnoticias.org\/site\/harry-diz-que-matou-25-pessoas-enquanto-servia-ao-exercito-no-afeganistao\/\"},\"author\":{\"name\":\"Reda\u00e7\u00e3o\",\"@id\":\"https:\/\/brasilnoticias.org\/site\/#\/schema\/person\/a0e05b973ec4d15c658d51911e53507b\"},\"headline\":\"Harry diz que matou 25 pessoas enquanto servia ao Ex\u00e9rcito no Afeganist\u00e3o\",\"datePublished\":\"2023-01-08T10:20:48+00:00\",\"mainEntityOfPage\":{\"@id\":\"https:\/\/brasilnoticias.org\/site\/harry-diz-que-matou-25-pessoas-enquanto-servia-ao-exercito-no-afeganistao\/\"},\"wordCount\":358,\"commentCount\":0,\"publisher\":{\"@id\":\"https:\/\/brasilnoticias.org\/site\/#organization\"},\"image\":{\"@id\":\"https:\/\/brasilnoticias.org\/site\/harry-diz-que-matou-25-pessoas-enquanto-servia-ao-exercito-no-afeganistao\/#primaryimage\"},\"thumbnailUrl\":\"https:\/\/brasilnoticias.org\/site\/wp-content\/uploads\/2023\/01\/naom_631a3b5fce640.jpg\",\"articleSection\":[\"Mundo\",\"\u00daltimas\"],\"inLanguage\":\"pt-PT\",\"potentialAction\":[{\"@type\":\"CommentAction\",\"name\":\"Comment\",\"target\":[\"https:\/\/brasilnoticias.org\/site\/harry-diz-que-matou-25-pessoas-enquanto-servia-ao-exercito-no-afeganistao\/#respond\"]}]},{\"@type\":\"WebPage\",\"@id\":\"https:\/\/brasilnoticias.org\/site\/harry-diz-que-matou-25-pessoas-enquanto-servia-ao-exercito-no-afeganistao\/\",\"url\":\"https:\/\/brasilnoticias.org\/site\/harry-diz-que-matou-25-pessoas-enquanto-servia-ao-exercito-no-afeganistao\/\",\"name\":\"Harry diz que matou 25 pessoas enquanto servia ao Ex\u00e9rcito no Afeganist\u00e3o - Brasil not\u00edcias\",\"isPartOf\":{\"@id\":\"https:\/\/brasilnoticias.org\/site\/#website\"},\"primaryImageOfPage\":{\"@id\":\"https:\/\/brasilnoticias.org\/site\/harry-diz-que-matou-25-pessoas-enquanto-servia-ao-exercito-no-afeganistao\/#primaryimage\"},\"image\":{\"@id\":\"https:\/\/brasilnoticias.org\/site\/harry-diz-que-matou-25-pessoas-enquanto-servia-ao-exercito-no-afeganistao\/#primaryimage\"},\"thumbnailUrl\":\"https:\/\/brasilnoticias.org\/site\/wp-content\/uploads\/2023\/01\/naom_631a3b5fce640.jpg\",\"datePublished\":\"2023-01-08T10:20:48+00:00\",\"breadcrumb\":{\"@id\":\"https:\/\/brasilnoticias.org\/site\/harry-diz-que-matou-25-pessoas-enquanto-servia-ao-exercito-no-afeganistao\/#breadcrumb\"},\"inLanguage\":\"pt-PT\",\"potentialAction\":[{\"@type\":\"ReadAction\",\"target\":[\"https:\/\/brasilnoticias.org\/site\/harry-diz-que-matou-25-pessoas-enquanto-servia-ao-exercito-no-afeganistao\/\"]}]},{\"@type\":\"ImageObject\",\"inLanguage\":\"pt-PT\",\"@id\":\"https:\/\/brasilnoticias.org\/site\/harry-diz-que-matou-25-pessoas-enquanto-servia-ao-exercito-no-afeganistao\/#primaryimage\",\"url\":\"https:\/\/brasilnoticias.org\/site\/wp-content\/uploads\/2023\/01\/naom_631a3b5fce640.jpg\",\"contentUrl\":\"https:\/\/brasilnoticias.org\/site\/wp-content\/uploads\/2023\/01\/naom_631a3b5fce640.jpg\",\"width\":960,\"height\":540},{\"@type\":\"BreadcrumbList\",\"@id\":\"https:\/\/brasilnoticias.org\/site\/harry-diz-que-matou-25-pessoas-enquanto-servia-ao-exercito-no-afeganistao\/#breadcrumb\",\"itemListElement\":[{\"@type\":\"ListItem\",\"position\":1,\"name\":\"In\u00edcio\",\"item\":\"https:\/\/brasilnoticias.org\/site\/\"},{\"@type\":\"ListItem\",\"position\":2,\"name\":\"Harry diz que matou 25 pessoas enquanto servia ao Ex\u00e9rcito no Afeganist\u00e3o\"}]},{\"@type\":\"WebSite\",\"@id\":\"https:\/\/brasilnoticias.org\/site\/#website\",\"url\":\"https:\/\/brasilnoticias.org\/site\/\",\"name\":\"Brasil not\u00edcias\",\"description\":\"Brasil not\u00edcias\",\"publisher\":{\"@id\":\"https:\/\/brasilnoticias.org\/site\/#organization\"},\"potentialAction\":[{\"@type\":\"SearchAction\",\"target\":{\"@type\":\"EntryPoint\",\"urlTemplate\":\"https:\/\/brasilnoticias.org\/site\/?s={search_term_string}\"},\"query-input\":{\"@type\":\"PropertyValueSpecification\",\"valueRequired\":true,\"valueName\":\"search_term_string\"}}],\"inLanguage\":\"pt-PT\"},{\"@type\":\"Organization\",\"@id\":\"https:\/\/brasilnoticias.org\/site\/#organization\",\"name\":\"Brasil not\u00edcias\",\"url\":\"https:\/\/brasilnoticias.org\/site\/\",\"logo\":{\"@type\":\"ImageObject\",\"inLanguage\":\"pt-PT\",\"@id\":\"https:\/\/brasilnoticias.org\/site\/#\/schema\/logo\/image\/\",\"url\":\"https:\/\/brasilnoticias.org\/site\/wp-content\/uploads\/2022\/05\/cropped-brasilnoticias-mini.jpg\",\"contentUrl\":\"https:\/\/brasilnoticias.org\/site\/wp-content\/uploads\/2022\/05\/cropped-brasilnoticias-mini.jpg\",\"width\":314,\"height\":86,\"caption\":\"Brasil not\u00edcias\"},\"image\":{\"@id\":\"https:\/\/brasilnoticias.org\/site\/#\/schema\/logo\/image\/\"}},{\"@type\":\"Person\",\"@id\":\"https:\/\/brasilnoticias.org\/site\/#\/schema\/person\/a0e05b973ec4d15c658d51911e53507b\",\"name\":\"Reda\u00e7\u00e3o\",\"image\":{\"@type\":\"ImageObject\",\"inLanguage\":\"pt-PT\",\"@id\":\"https:\/\/brasilnoticias.org\/site\/#\/schema\/person\/image\/\",\"url\":\"https:\/\/secure.gravatar.com\/avatar\/75d8b050df2de108b08ae78dfb8e374892df24a383c67db9c46a9c604f6aee9c?s=96&d=mm&r=g\",\"contentUrl\":\"https:\/\/secure.gravatar.com\/avatar\/75d8b050df2de108b08ae78dfb8e374892df24a383c67db9c46a9c604f6aee9c?s=96&d=mm&r=g\",\"caption\":\"Reda\u00e7\u00e3o\"},\"sameAs\":[\"https:\/\/brasilnoticias.org\/site\"],\"url\":\"https:\/\/brasilnoticias.org\/site\/author\/fernandozsngmail-com\/\"}]}<\/script>\n<!-- \/ Yoast SEO plugin. -->","yoast_head_json":{"title":"Harry diz que matou 25 pessoas enquanto servia ao Ex\u00e9rcito no Afeganist\u00e3o - Brasil not\u00edcias","robots":{"index":"index","follow":"follow","max-snippet":"max-snippet:-1","max-image-preview":"max-image-preview:large","max-video-preview":"max-video-preview:-1"},"canonical":"https:\/\/brasilnoticias.org\/site\/harry-diz-que-matou-25-pessoas-enquanto-servia-ao-exercito-no-afeganistao\/","og_locale":"pt_PT","og_type":"article","og_title":"Harry diz que matou 25 pessoas enquanto servia ao Ex\u00e9rcito no Afeganist\u00e3o - Brasil not\u00edcias","og_description":"O pr\u00edncipe Harry revelou em seu livro de mem\u00f3rias &#8220;Spare&#8221; que matou 25 pessoas enquanto servia ao Ex\u00e9rcito no Afeganist\u00e3o,","og_url":"https:\/\/brasilnoticias.org\/site\/harry-diz-que-matou-25-pessoas-enquanto-servia-ao-exercito-no-afeganistao\/","og_site_name":"Brasil not\u00edcias","article_published_time":"2023-01-08T10:20:48+00:00","og_image":[{"width":960,"height":540,"url":"https:\/\/brasilnoticias.org\/site\/wp-content\/uploads\/2023\/01\/naom_631a3b5fce640.jpg","type":"image\/jpeg"}],"author":"Reda\u00e7\u00e3o","twitter_card":"summary_large_image","twitter_misc":{"Escrito por":"Reda\u00e7\u00e3o","Tempo estimado de leitura":"2 minutos"},"schema":{"@context":"https:\/\/schema.org","@graph":[{"@type":"Article","@id":"https:\/\/brasilnoticias.org\/site\/harry-diz-que-matou-25-pessoas-enquanto-servia-ao-exercito-no-afeganistao\/#article","isPartOf":{"@id":"https:\/\/brasilnoticias.org\/site\/harry-diz-que-matou-25-pessoas-enquanto-servia-ao-exercito-no-afeganistao\/"},"author":{"name":"Reda\u00e7\u00e3o","@id":"https:\/\/brasilnoticias.org\/site\/#\/schema\/person\/a0e05b973ec4d15c658d51911e53507b"},"headline":"Harry diz que matou 25 pessoas enquanto servia ao Ex\u00e9rcito no Afeganist\u00e3o","datePublished":"2023-01-08T10:20:48+00:00","mainEntityOfPage":{"@id":"https:\/\/brasilnoticias.org\/site\/harry-diz-que-matou-25-pessoas-enquanto-servia-ao-exercito-no-afeganistao\/"},"wordCount":358,"commentCount":0,"publisher":{"@id":"https:\/\/brasilnoticias.org\/site\/#organization"},"image":{"@id":"https:\/\/brasilnoticias.org\/site\/harry-diz-que-matou-25-pessoas-enquanto-servia-ao-exercito-no-afeganistao\/#primaryimage"},"thumbnailUrl":"https:\/\/brasilnoticias.org\/site\/wp-content\/uploads\/2023\/01\/naom_631a3b5fce640.jpg","articleSection":["Mundo","\u00daltimas"],"inLanguage":"pt-PT","potentialAction":[{"@type":"CommentAction","name":"Comment","target":["https:\/\/brasilnoticias.org\/site\/harry-diz-que-matou-25-pessoas-enquanto-servia-ao-exercito-no-afeganistao\/#respond"]}]},{"@type":"WebPage","@id":"https:\/\/brasilnoticias.org\/site\/harry-diz-que-matou-25-pessoas-enquanto-servia-ao-exercito-no-afeganistao\/","url":"https:\/\/brasilnoticias.org\/site\/harry-diz-que-matou-25-pessoas-enquanto-servia-ao-exercito-no-afeganistao\/","name":"Harry diz que matou 25 pessoas enquanto servia ao Ex\u00e9rcito no Afeganist\u00e3o - Brasil not\u00edcias","isPartOf":{"@id":"https:\/\/brasilnoticias.org\/site\/#website"},"primaryImageOfPage":{"@id":"https:\/\/brasilnoticias.org\/site\/harry-diz-que-matou-25-pessoas-enquanto-servia-ao-exercito-no-afeganistao\/#primaryimage"},"image":{"@id":"https:\/\/brasilnoticias.org\/site\/harry-diz-que-matou-25-pessoas-enquanto-servia-ao-exercito-no-afeganistao\/#primaryimage"},"thumbnailUrl":"https:\/\/brasilnoticias.org\/site\/wp-content\/uploads\/2023\/01\/naom_631a3b5fce640.jpg","datePublished":"2023-01-08T10:20:48+00:00","breadcrumb":{"@id":"https:\/\/brasilnoticias.org\/site\/harry-diz-que-matou-25-pessoas-enquanto-servia-ao-exercito-no-afeganistao\/#breadcrumb"},"inLanguage":"pt-PT","potentialAction":[{"@type":"ReadAction","target":["https:\/\/brasilnoticias.org\/site\/harry-diz-que-matou-25-pessoas-enquanto-servia-ao-exercito-no-afeganistao\/"]}]},{"@type":"ImageObject","inLanguage":"pt-PT","@id":"https:\/\/brasilnoticias.org\/site\/harry-diz-que-matou-25-pessoas-enquanto-servia-ao-exercito-no-afeganistao\/#primaryimage","url":"https:\/\/brasilnoticias.org\/site\/wp-content\/uploads\/2023\/01\/naom_631a3b5fce640.jpg","contentUrl":"https:\/\/brasilnoticias.org\/site\/wp-content\/uploads\/2023\/01\/naom_631a3b5fce640.jpg","width":960,"height":540},{"@type":"BreadcrumbList","@id":"https:\/\/brasilnoticias.org\/site\/harry-diz-que-matou-25-pessoas-enquanto-servia-ao-exercito-no-afeganistao\/#breadcrumb","itemListElement":[{"@type":"ListItem","position":1,"name":"In\u00edcio","item":"https:\/\/brasilnoticias.org\/site\/"},{"@type":"ListItem","position":2,"name":"Harry diz que matou 25 pessoas enquanto servia ao Ex\u00e9rcito no Afeganist\u00e3o"}]},{"@type":"WebSite","@id":"https:\/\/brasilnoticias.org\/site\/#website","url":"https:\/\/brasilnoticias.org\/site\/","name":"Brasil not\u00edcias","description":"Brasil not\u00edcias","publisher":{"@id":"https:\/\/brasilnoticias.org\/site\/#organization"},"potentialAction":[{"@type":"SearchAction","target":{"@type":"EntryPoint","urlTemplate":"https:\/\/brasilnoticias.org\/site\/?s={search_term_string}"},"query-input":{"@type":"PropertyValueSpecification","valueRequired":true,"valueName":"search_term_string"}}],"inLanguage":"pt-PT"},{"@type":"Organization","@id":"https:\/\/brasilnoticias.org\/site\/#organization","name":"Brasil not\u00edcias","url":"https:\/\/brasilnoticias.org\/site\/","logo":{"@type":"ImageObject","inLanguage":"pt-PT","@id":"https:\/\/brasilnoticias.org\/site\/#\/schema\/logo\/image\/","url":"https:\/\/brasilnoticias.org\/site\/wp-content\/uploads\/2022\/05\/cropped-brasilnoticias-mini.jpg","contentUrl":"https:\/\/brasilnoticias.org\/site\/wp-content\/uploads\/2022\/05\/cropped-brasilnoticias-mini.jpg","width":314,"height":86,"caption":"Brasil not\u00edcias"},"image":{"@id":"https:\/\/brasilnoticias.org\/site\/#\/schema\/logo\/image\/"}},{"@type":"Person","@id":"https:\/\/brasilnoticias.org\/site\/#\/schema\/person\/a0e05b973ec4d15c658d51911e53507b","name":"Reda\u00e7\u00e3o","image":{"@type":"ImageObject","inLanguage":"pt-PT","@id":"https:\/\/brasilnoticias.org\/site\/#\/schema\/person\/image\/","url":"https:\/\/secure.gravatar.com\/avatar\/75d8b050df2de108b08ae78dfb8e374892df24a383c67db9c46a9c604f6aee9c?s=96&d=mm&r=g","contentUrl":"https:\/\/secure.gravatar.com\/avatar\/75d8b050df2de108b08ae78dfb8e374892df24a383c67db9c46a9c604f6aee9c?s=96&d=mm&r=g","caption":"Reda\u00e7\u00e3o"},"sameAs":["https:\/\/brasilnoticias.org\/site"],"url":"https:\/\/brasilnoticias.org\/site\/author\/fernandozsngmail-com\/"}]}},"_links":{"self":[{"href":"https:\/\/brasilnoticias.org\/site\/wp-json\/wp\/v2\/posts\/3158","targetHints":{"allow":["GET"]}}],"collection":[{"href":"https:\/\/brasilnoticias.org\/site\/wp-json\/wp\/v2\/posts"}],"about":[{"href":"https:\/\/brasilnoticias.org\/site\/wp-json\/wp\/v2\/types\/post"}],"author":[{"embeddable":true,"href":"https:\/\/brasilnoticias.org\/site\/wp-json\/wp\/v2\/users\/1"}],"replies":[{"embeddable":true,"href":"https:\/\/brasilnoticias.org\/site\/wp-json\/wp\/v2\/comments?post=3158"}],"version-history":[{"count":2,"href":"https:\/\/brasilnoticias.org\/site\/wp-json\/wp\/v2\/posts\/3158\/revisions"}],"predecessor-version":[{"id":3161,"href":"https:\/\/brasilnoticias.org\/site\/wp-json\/wp\/v2\/posts\/3158\/revisions\/3161"}],"wp:featuredmedia":[{"embeddable":true,"href":"https:\/\/brasilnoticias.org\/site\/wp-json\/wp\/v2\/media\/3159"}],"wp:attachment":[{"href":"https:\/\/brasilnoticias.org\/site\/wp-json\/wp\/v2\/media?parent=3158"}],"wp:term":[{"taxonomy":"category","embeddable":true,"href":"https:\/\/brasilnoticias.org\/site\/wp-json\/wp\/v2\/categories?post=3158"},{"taxonomy":"post_tag","embeddable":true,"href":"https:\/\/brasilnoticias.org\/site\/wp-json\/wp\/v2\/tags?post=3158"}],"curies":[{"name":"wp","href":"https:\/\/api.w.org\/{rel}","templated":true}]}}