{"id":3181,"date":"2023-01-12T18:20:51","date_gmt":"2023-01-12T21:20:51","guid":{"rendered":"https:\/\/brasilnoticias.org\/site\/?p=3181"},"modified":"2023-01-12T17:51:37","modified_gmt":"2023-01-12T20:51:37","slug":"flamengo-usa-garotos-para-a-estreia-no-carioca-contra-o-audax-no-maracana","status":"publish","type":"post","link":"https:\/\/brasilnoticias.org\/site\/flamengo-usa-garotos-para-a-estreia-no-carioca-contra-o-audax-no-maracana\/","title":{"rendered":"Flamengo usa garotos para a estreia no Carioca contra o Audax no Maracan\u00e3"},"content":{"rendered":"<p>O Campeonato Carioca come\u00e7a nesta quinta-feira, com o confronto antecipado da quinta rodada entre Flamengo e Audax Rio, programado para o est\u00e1dio do Maracan\u00e3, no Rio, a partir das 21h30. De olho nas finais da Supercopa do Brasil e no Mundial Interclubes, o Flamengo vai ter como base o seu time sub-20. Esta estrat\u00e9gia de disputar as primeiras rodadas com os garotos j\u00e1 foi adotada nas \u00faltimas tr\u00eas temporadas.<br \/>\nEste jogo foi antecipado uma vez que o rubro-negro precisa abrir espa\u00e7o para duas competi\u00e7\u00f5es importantes. Uma delas \u00e9 a decis\u00e3o da Supercopa do Brasil, em jogo \u00fanico diante do Palmeiras, campe\u00e3o brasileiro, dia 28 de janeiro no est\u00e1dio Man\u00e9 Garrincha, em Bras\u00edlia). Depois, o Flamengo ter\u00e1 o Mundial Interclubes, no Marrocos, que come\u00e7a dia 1\u00ba e vai at\u00e9 11 de fevereiro.<\/p>\n<p>Mesmo sem as estrelas que brilharam em 2022 com as conquistas da Copa do Brasil e da Copa Libertadores, a torcida est\u00e1 animada neste reencontro com o time ap\u00f3s dois meses. Mais de 30 mil ingressos j\u00e1 foram vendidos. Na \u00faltima rodada do Brasileir\u00e3o, no dia 12 de novembro, o Flamengo perdeu para o Ava\u00ed, por 2 a 1, mesmo dentro do Maracan\u00e3. O t\u00e9cnico M\u00e1rio Jorge deixou a disputa da Copa S\u00e3o Paulo de Futebol J\u00fanior justamente para comandar o time nestes jogos. Entre os jogadores selecionados est\u00e1 o atacante Matheus Fran\u00e7a, que marcou seis gols em 23 jogos, e Victor Hugo, que fez tr\u00eas. A base do time da estreia empatou por 1 a 1 com o Boavista, no \u00faltimo domingo, em jogo-treino.<\/p>\n<p>Fora de campo, a diretoria confirmou a venda de 50% dos direitos de Hugo Souza, de 23 anos, para o Vissel Kobe, da primeira divis\u00e3o japonesa. Por &#8216;metade do jogador&#8217; o Flamengo vai embolsar US$ 1,3 milh\u00e3o, algo perto de R$ 6,5 milh\u00f5es e o goleiro vai assinar contrato de tr\u00eas anos. Ele apareceu bem no time principal durante a pandemia, em 2020, mas depois teve altos e baixos.<\/p>\n<p>O Audax Rio terminou o Carioca de 2022 em oitavo lugar e n\u00e3o avan\u00e7ou na Ta\u00e7a Rio. O time tem o comando de J\u00fanior Lopes, mais conhecido por ser filho de Ant\u00f4nio Lopes, ex-delegado de pol\u00edcia e que, no passado, viveu grandes momentos como t\u00e9cnico, principalmente no comando do Vasco.<\/p>\n<p>O treinador diz que n\u00e3o cai na falsa impress\u00e3o de que o time rubro-negro sem seus titulares pode ser facilmente surpreendido. A preocupa\u00e7\u00e3o, ent\u00e3o, \u00e9 estrear com um resultado satisfat\u00f3rio. &#8220;O Flamengo vai botar um time mais jovem em campo, por conta da viagem para o Mundial, mas com jogadores de qualidade, que j\u00e1 estiveram no time&#8221;.<\/p>\n<p>Uma novidade nesta temporada \u00e9 que a transmiss\u00e3o dos jogos vai ficar a cargo da TV Bandeirantes em canal aberto, com jogos tamb\u00e9m passando na BandSports. O contrato com a Federa\u00e7\u00e3o Carioca de Futebol vai at\u00e9 2025. Quando ocorrer jogos simult\u00e2neos, um deles vai ser mostrado pelo Carioc\u00e3oTV, canal de Youtube. At\u00e9 2021, a Rede Globo detinha os direitos de televis\u00e3o.<\/p>\n<p>&nbsp;<\/p>\n<p>Foto Shutterstock<br \/>\nNot\u00edcias ao minuto<\/p>\n","protected":false},"excerpt":{"rendered":"<p>O Campeonato Carioca come\u00e7a nesta quinta-feira, com o confronto antecipado da quinta rodada entre Flamengo e Audax Rio, programado para<\/p>\n","protected":false},"author":1,"featured_media":3182,"comment_status":"open","ping_status":"open","sticky":false,"template":"","format":"standard","meta":{"colormag_page_container_layout":"default_layout","colormag_page_sidebar_layout":"default_layout","_FSMCFIC_featured_image_caption":"","_FSMCFIC_featured_image_nocaption":"","_FSMCFIC_featured_image_hide":"","footnotes":""},"categories":[4,1],"tags":[],"class_list":["post-3181","post","type-post","status-publish","format-standard","has-post-thumbnail","hentry","category-esporte","category-ultimas"],"yoast_head":"<!-- This site is optimized with the Yoast SEO plugin v27.1.1 - https:\/\/yoast.com\/product\/yoast-seo-wordpress\/ -->\n<title>Flamengo usa garotos para a estreia no Carioca contra o Audax no Maracan\u00e3 - Brasil not\u00edcias<\/title>\n<meta name=\"robots\" content=\"index, follow, max-snippet:-1, max-image-preview:large, max-video-preview:-1\" \/>\n<link rel=\"canonical\" href=\"https:\/\/brasilnoticias.org\/site\/flamengo-usa-garotos-para-a-estreia-no-carioca-contra-o-audax-no-maracana\/\" \/>\n<meta property=\"og:locale\" content=\"pt_PT\" \/>\n<meta property=\"og:type\" content=\"article\" \/>\n<meta property=\"og:title\" content=\"Flamengo usa garotos para a estreia no Carioca contra o Audax no Maracan\u00e3 - Brasil not\u00edcias\" \/>\n<meta property=\"og:description\" content=\"O Campeonato Carioca come\u00e7a nesta quinta-feira, com o confronto antecipado da quinta rodada entre Flamengo e Audax Rio, programado para\" \/>\n<meta property=\"og:url\" content=\"https:\/\/brasilnoticias.org\/site\/flamengo-usa-garotos-para-a-estreia-no-carioca-contra-o-audax-no-maracana\/\" \/>\n<meta property=\"og:site_name\" content=\"Brasil not\u00edcias\" \/>\n<meta property=\"article:published_time\" content=\"2023-01-12T21:20:51+00:00\" \/>\n<meta property=\"og:image\" content=\"https:\/\/brasilnoticias.org\/site\/wp-content\/uploads\/2023\/01\/naom_5f68d49168ae5.jpg\" \/>\n\t<meta property=\"og:image:width\" content=\"960\" \/>\n\t<meta property=\"og:image:height\" content=\"540\" \/>\n\t<meta property=\"og:image:type\" content=\"image\/jpeg\" \/>\n<meta name=\"author\" content=\"Reda\u00e7\u00e3o\" \/>\n<meta name=\"twitter:card\" content=\"summary_large_image\" \/>\n<meta name=\"twitter:label1\" content=\"Escrito por\" \/>\n\t<meta name=\"twitter:data1\" content=\"Reda\u00e7\u00e3o\" \/>\n\t<meta name=\"twitter:label2\" content=\"Tempo estimado de leitura\" \/>\n\t<meta name=\"twitter:data2\" content=\"3 minutos\" \/>\n<script type=\"application\/ld+json\" class=\"yoast-schema-graph\">{\"@context\":\"https:\/\/schema.org\",\"@graph\":[{\"@type\":\"Article\",\"@id\":\"https:\/\/brasilnoticias.org\/site\/flamengo-usa-garotos-para-a-estreia-no-carioca-contra-o-audax-no-maracana\/#article\",\"isPartOf\":{\"@id\":\"https:\/\/brasilnoticias.org\/site\/flamengo-usa-garotos-para-a-estreia-no-carioca-contra-o-audax-no-maracana\/\"},\"author\":{\"name\":\"Reda\u00e7\u00e3o\",\"@id\":\"https:\/\/brasilnoticias.org\/site\/#\/schema\/person\/a0e05b973ec4d15c658d51911e53507b\"},\"headline\":\"Flamengo usa garotos para a estreia no Carioca contra o Audax no Maracan\u00e3\",\"datePublished\":\"2023-01-12T21:20:51+00:00\",\"mainEntityOfPage\":{\"@id\":\"https:\/\/brasilnoticias.org\/site\/flamengo-usa-garotos-para-a-estreia-no-carioca-contra-o-audax-no-maracana\/\"},\"wordCount\":532,\"commentCount\":0,\"publisher\":{\"@id\":\"https:\/\/brasilnoticias.org\/site\/#organization\"},\"image\":{\"@id\":\"https:\/\/brasilnoticias.org\/site\/flamengo-usa-garotos-para-a-estreia-no-carioca-contra-o-audax-no-maracana\/#primaryimage\"},\"thumbnailUrl\":\"https:\/\/brasilnoticias.org\/site\/wp-content\/uploads\/2023\/01\/naom_5f68d49168ae5.jpg\",\"articleSection\":[\"Esporte\",\"\u00daltimas\"],\"inLanguage\":\"pt-PT\",\"potentialAction\":[{\"@type\":\"CommentAction\",\"name\":\"Comment\",\"target\":[\"https:\/\/brasilnoticias.org\/site\/flamengo-usa-garotos-para-a-estreia-no-carioca-contra-o-audax-no-maracana\/#respond\"]}]},{\"@type\":\"WebPage\",\"@id\":\"https:\/\/brasilnoticias.org\/site\/flamengo-usa-garotos-para-a-estreia-no-carioca-contra-o-audax-no-maracana\/\",\"url\":\"https:\/\/brasilnoticias.org\/site\/flamengo-usa-garotos-para-a-estreia-no-carioca-contra-o-audax-no-maracana\/\",\"name\":\"Flamengo usa garotos para a estreia no Carioca contra o Audax no Maracan\u00e3 - Brasil not\u00edcias\",\"isPartOf\":{\"@id\":\"https:\/\/brasilnoticias.org\/site\/#website\"},\"primaryImageOfPage\":{\"@id\":\"https:\/\/brasilnoticias.org\/site\/flamengo-usa-garotos-para-a-estreia-no-carioca-contra-o-audax-no-maracana\/#primaryimage\"},\"image\":{\"@id\":\"https:\/\/brasilnoticias.org\/site\/flamengo-usa-garotos-para-a-estreia-no-carioca-contra-o-audax-no-maracana\/#primaryimage\"},\"thumbnailUrl\":\"https:\/\/brasilnoticias.org\/site\/wp-content\/uploads\/2023\/01\/naom_5f68d49168ae5.jpg\",\"datePublished\":\"2023-01-12T21:20:51+00:00\",\"breadcrumb\":{\"@id\":\"https:\/\/brasilnoticias.org\/site\/flamengo-usa-garotos-para-a-estreia-no-carioca-contra-o-audax-no-maracana\/#breadcrumb\"},\"inLanguage\":\"pt-PT\",\"potentialAction\":[{\"@type\":\"ReadAction\",\"target\":[\"https:\/\/brasilnoticias.org\/site\/flamengo-usa-garotos-para-a-estreia-no-carioca-contra-o-audax-no-maracana\/\"]}]},{\"@type\":\"ImageObject\",\"inLanguage\":\"pt-PT\",\"@id\":\"https:\/\/brasilnoticias.org\/site\/flamengo-usa-garotos-para-a-estreia-no-carioca-contra-o-audax-no-maracana\/#primaryimage\",\"url\":\"https:\/\/brasilnoticias.org\/site\/wp-content\/uploads\/2023\/01\/naom_5f68d49168ae5.jpg\",\"contentUrl\":\"https:\/\/brasilnoticias.org\/site\/wp-content\/uploads\/2023\/01\/naom_5f68d49168ae5.jpg\",\"width\":960,\"height\":540},{\"@type\":\"BreadcrumbList\",\"@id\":\"https:\/\/brasilnoticias.org\/site\/flamengo-usa-garotos-para-a-estreia-no-carioca-contra-o-audax-no-maracana\/#breadcrumb\",\"itemListElement\":[{\"@type\":\"ListItem\",\"position\":1,\"name\":\"In\u00edcio\",\"item\":\"https:\/\/brasilnoticias.org\/site\/\"},{\"@type\":\"ListItem\",\"position\":2,\"name\":\"Flamengo usa garotos para a estreia no Carioca contra o Audax no Maracan\u00e3\"}]},{\"@type\":\"WebSite\",\"@id\":\"https:\/\/brasilnoticias.org\/site\/#website\",\"url\":\"https:\/\/brasilnoticias.org\/site\/\",\"name\":\"Brasil not\u00edcias\",\"description\":\"Brasil not\u00edcias\",\"publisher\":{\"@id\":\"https:\/\/brasilnoticias.org\/site\/#organization\"},\"potentialAction\":[{\"@type\":\"SearchAction\",\"target\":{\"@type\":\"EntryPoint\",\"urlTemplate\":\"https:\/\/brasilnoticias.org\/site\/?s={search_term_string}\"},\"query-input\":{\"@type\":\"PropertyValueSpecification\",\"valueRequired\":true,\"valueName\":\"search_term_string\"}}],\"inLanguage\":\"pt-PT\"},{\"@type\":\"Organization\",\"@id\":\"https:\/\/brasilnoticias.org\/site\/#organization\",\"name\":\"Brasil not\u00edcias\",\"url\":\"https:\/\/brasilnoticias.org\/site\/\",\"logo\":{\"@type\":\"ImageObject\",\"inLanguage\":\"pt-PT\",\"@id\":\"https:\/\/brasilnoticias.org\/site\/#\/schema\/logo\/image\/\",\"url\":\"https:\/\/brasilnoticias.org\/site\/wp-content\/uploads\/2022\/05\/cropped-brasilnoticias-mini.jpg\",\"contentUrl\":\"https:\/\/brasilnoticias.org\/site\/wp-content\/uploads\/2022\/05\/cropped-brasilnoticias-mini.jpg\",\"width\":314,\"height\":86,\"caption\":\"Brasil not\u00edcias\"},\"image\":{\"@id\":\"https:\/\/brasilnoticias.org\/site\/#\/schema\/logo\/image\/\"}},{\"@type\":\"Person\",\"@id\":\"https:\/\/brasilnoticias.org\/site\/#\/schema\/person\/a0e05b973ec4d15c658d51911e53507b\",\"name\":\"Reda\u00e7\u00e3o\",\"image\":{\"@type\":\"ImageObject\",\"inLanguage\":\"pt-PT\",\"@id\":\"https:\/\/brasilnoticias.org\/site\/#\/schema\/person\/image\/\",\"url\":\"https:\/\/secure.gravatar.com\/avatar\/75d8b050df2de108b08ae78dfb8e374892df24a383c67db9c46a9c604f6aee9c?s=96&d=mm&r=g\",\"contentUrl\":\"https:\/\/secure.gravatar.com\/avatar\/75d8b050df2de108b08ae78dfb8e374892df24a383c67db9c46a9c604f6aee9c?s=96&d=mm&r=g\",\"caption\":\"Reda\u00e7\u00e3o\"},\"sameAs\":[\"https:\/\/brasilnoticias.org\/site\"],\"url\":\"https:\/\/brasilnoticias.org\/site\/author\/fernandozsngmail-com\/\"}]}<\/script>\n<!-- \/ Yoast SEO plugin. -->","yoast_head_json":{"title":"Flamengo usa garotos para a estreia no Carioca contra o Audax no Maracan\u00e3 - Brasil not\u00edcias","robots":{"index":"index","follow":"follow","max-snippet":"max-snippet:-1","max-image-preview":"max-image-preview:large","max-video-preview":"max-video-preview:-1"},"canonical":"https:\/\/brasilnoticias.org\/site\/flamengo-usa-garotos-para-a-estreia-no-carioca-contra-o-audax-no-maracana\/","og_locale":"pt_PT","og_type":"article","og_title":"Flamengo usa garotos para a estreia no Carioca contra o Audax no Maracan\u00e3 - Brasil not\u00edcias","og_description":"O Campeonato Carioca come\u00e7a nesta quinta-feira, com o confronto antecipado da quinta rodada entre Flamengo e Audax Rio, programado para","og_url":"https:\/\/brasilnoticias.org\/site\/flamengo-usa-garotos-para-a-estreia-no-carioca-contra-o-audax-no-maracana\/","og_site_name":"Brasil not\u00edcias","article_published_time":"2023-01-12T21:20:51+00:00","og_image":[{"width":960,"height":540,"url":"https:\/\/brasilnoticias.org\/site\/wp-content\/uploads\/2023\/01\/naom_5f68d49168ae5.jpg","type":"image\/jpeg"}],"author":"Reda\u00e7\u00e3o","twitter_card":"summary_large_image","twitter_misc":{"Escrito por":"Reda\u00e7\u00e3o","Tempo estimado de leitura":"3 minutos"},"schema":{"@context":"https:\/\/schema.org","@graph":[{"@type":"Article","@id":"https:\/\/brasilnoticias.org\/site\/flamengo-usa-garotos-para-a-estreia-no-carioca-contra-o-audax-no-maracana\/#article","isPartOf":{"@id":"https:\/\/brasilnoticias.org\/site\/flamengo-usa-garotos-para-a-estreia-no-carioca-contra-o-audax-no-maracana\/"},"author":{"name":"Reda\u00e7\u00e3o","@id":"https:\/\/brasilnoticias.org\/site\/#\/schema\/person\/a0e05b973ec4d15c658d51911e53507b"},"headline":"Flamengo usa garotos para a estreia no Carioca contra o Audax no Maracan\u00e3","datePublished":"2023-01-12T21:20:51+00:00","mainEntityOfPage":{"@id":"https:\/\/brasilnoticias.org\/site\/flamengo-usa-garotos-para-a-estreia-no-carioca-contra-o-audax-no-maracana\/"},"wordCount":532,"commentCount":0,"publisher":{"@id":"https:\/\/brasilnoticias.org\/site\/#organization"},"image":{"@id":"https:\/\/brasilnoticias.org\/site\/flamengo-usa-garotos-para-a-estreia-no-carioca-contra-o-audax-no-maracana\/#primaryimage"},"thumbnailUrl":"https:\/\/brasilnoticias.org\/site\/wp-content\/uploads\/2023\/01\/naom_5f68d49168ae5.jpg","articleSection":["Esporte","\u00daltimas"],"inLanguage":"pt-PT","potentialAction":[{"@type":"CommentAction","name":"Comment","target":["https:\/\/brasilnoticias.org\/site\/flamengo-usa-garotos-para-a-estreia-no-carioca-contra-o-audax-no-maracana\/#respond"]}]},{"@type":"WebPage","@id":"https:\/\/brasilnoticias.org\/site\/flamengo-usa-garotos-para-a-estreia-no-carioca-contra-o-audax-no-maracana\/","url":"https:\/\/brasilnoticias.org\/site\/flamengo-usa-garotos-para-a-estreia-no-carioca-contra-o-audax-no-maracana\/","name":"Flamengo usa garotos para a estreia no Carioca contra o Audax no Maracan\u00e3 - Brasil not\u00edcias","isPartOf":{"@id":"https:\/\/brasilnoticias.org\/site\/#website"},"primaryImageOfPage":{"@id":"https:\/\/brasilnoticias.org\/site\/flamengo-usa-garotos-para-a-estreia-no-carioca-contra-o-audax-no-maracana\/#primaryimage"},"image":{"@id":"https:\/\/brasilnoticias.org\/site\/flamengo-usa-garotos-para-a-estreia-no-carioca-contra-o-audax-no-maracana\/#primaryimage"},"thumbnailUrl":"https:\/\/brasilnoticias.org\/site\/wp-content\/uploads\/2023\/01\/naom_5f68d49168ae5.jpg","datePublished":"2023-01-12T21:20:51+00:00","breadcrumb":{"@id":"https:\/\/brasilnoticias.org\/site\/flamengo-usa-garotos-para-a-estreia-no-carioca-contra-o-audax-no-maracana\/#breadcrumb"},"inLanguage":"pt-PT","potentialAction":[{"@type":"ReadAction","target":["https:\/\/brasilnoticias.org\/site\/flamengo-usa-garotos-para-a-estreia-no-carioca-contra-o-audax-no-maracana\/"]}]},{"@type":"ImageObject","inLanguage":"pt-PT","@id":"https:\/\/brasilnoticias.org\/site\/flamengo-usa-garotos-para-a-estreia-no-carioca-contra-o-audax-no-maracana\/#primaryimage","url":"https:\/\/brasilnoticias.org\/site\/wp-content\/uploads\/2023\/01\/naom_5f68d49168ae5.jpg","contentUrl":"https:\/\/brasilnoticias.org\/site\/wp-content\/uploads\/2023\/01\/naom_5f68d49168ae5.jpg","width":960,"height":540},{"@type":"BreadcrumbList","@id":"https:\/\/brasilnoticias.org\/site\/flamengo-usa-garotos-para-a-estreia-no-carioca-contra-o-audax-no-maracana\/#breadcrumb","itemListElement":[{"@type":"ListItem","position":1,"name":"In\u00edcio","item":"https:\/\/brasilnoticias.org\/site\/"},{"@type":"ListItem","position":2,"name":"Flamengo usa garotos para a estreia no Carioca contra o Audax no Maracan\u00e3"}]},{"@type":"WebSite","@id":"https:\/\/brasilnoticias.org\/site\/#website","url":"https:\/\/brasilnoticias.org\/site\/","name":"Brasil not\u00edcias","description":"Brasil not\u00edcias","publisher":{"@id":"https:\/\/brasilnoticias.org\/site\/#organization"},"potentialAction":[{"@type":"SearchAction","target":{"@type":"EntryPoint","urlTemplate":"https:\/\/brasilnoticias.org\/site\/?s={search_term_string}"},"query-input":{"@type":"PropertyValueSpecification","valueRequired":true,"valueName":"search_term_string"}}],"inLanguage":"pt-PT"},{"@type":"Organization","@id":"https:\/\/brasilnoticias.org\/site\/#organization","name":"Brasil not\u00edcias","url":"https:\/\/brasilnoticias.org\/site\/","logo":{"@type":"ImageObject","inLanguage":"pt-PT","@id":"https:\/\/brasilnoticias.org\/site\/#\/schema\/logo\/image\/","url":"https:\/\/brasilnoticias.org\/site\/wp-content\/uploads\/2022\/05\/cropped-brasilnoticias-mini.jpg","contentUrl":"https:\/\/brasilnoticias.org\/site\/wp-content\/uploads\/2022\/05\/cropped-brasilnoticias-mini.jpg","width":314,"height":86,"caption":"Brasil not\u00edcias"},"image":{"@id":"https:\/\/brasilnoticias.org\/site\/#\/schema\/logo\/image\/"}},{"@type":"Person","@id":"https:\/\/brasilnoticias.org\/site\/#\/schema\/person\/a0e05b973ec4d15c658d51911e53507b","name":"Reda\u00e7\u00e3o","image":{"@type":"ImageObject","inLanguage":"pt-PT","@id":"https:\/\/brasilnoticias.org\/site\/#\/schema\/person\/image\/","url":"https:\/\/secure.gravatar.com\/avatar\/75d8b050df2de108b08ae78dfb8e374892df24a383c67db9c46a9c604f6aee9c?s=96&d=mm&r=g","contentUrl":"https:\/\/secure.gravatar.com\/avatar\/75d8b050df2de108b08ae78dfb8e374892df24a383c67db9c46a9c604f6aee9c?s=96&d=mm&r=g","caption":"Reda\u00e7\u00e3o"},"sameAs":["https:\/\/brasilnoticias.org\/site"],"url":"https:\/\/brasilnoticias.org\/site\/author\/fernandozsngmail-com\/"}]}},"_links":{"self":[{"href":"https:\/\/brasilnoticias.org\/site\/wp-json\/wp\/v2\/posts\/3181","targetHints":{"allow":["GET"]}}],"collection":[{"href":"https:\/\/brasilnoticias.org\/site\/wp-json\/wp\/v2\/posts"}],"about":[{"href":"https:\/\/brasilnoticias.org\/site\/wp-json\/wp\/v2\/types\/post"}],"author":[{"embeddable":true,"href":"https:\/\/brasilnoticias.org\/site\/wp-json\/wp\/v2\/users\/1"}],"replies":[{"embeddable":true,"href":"https:\/\/brasilnoticias.org\/site\/wp-json\/wp\/v2\/comments?post=3181"}],"version-history":[{"count":1,"href":"https:\/\/brasilnoticias.org\/site\/wp-json\/wp\/v2\/posts\/3181\/revisions"}],"predecessor-version":[{"id":3183,"href":"https:\/\/brasilnoticias.org\/site\/wp-json\/wp\/v2\/posts\/3181\/revisions\/3183"}],"wp:featuredmedia":[{"embeddable":true,"href":"https:\/\/brasilnoticias.org\/site\/wp-json\/wp\/v2\/media\/3182"}],"wp:attachment":[{"href":"https:\/\/brasilnoticias.org\/site\/wp-json\/wp\/v2\/media?parent=3181"}],"wp:term":[{"taxonomy":"category","embeddable":true,"href":"https:\/\/brasilnoticias.org\/site\/wp-json\/wp\/v2\/categories?post=3181"},{"taxonomy":"post_tag","embeddable":true,"href":"https:\/\/brasilnoticias.org\/site\/wp-json\/wp\/v2\/tags?post=3181"}],"curies":[{"name":"wp","href":"https:\/\/api.w.org\/{rel}","templated":true}]}}