{"id":3193,"date":"2023-01-13T07:10:09","date_gmt":"2023-01-13T10:10:09","guid":{"rendered":"https:\/\/brasilnoticias.org\/site\/?p=3193"},"modified":"2023-01-12T18:09:05","modified_gmt":"2023-01-12T21:09:05","slug":"estudo-descobre-nova-proteina-responsavel-por-espalhar-cancer-de-pele","status":"publish","type":"post","link":"https:\/\/brasilnoticias.org\/site\/estudo-descobre-nova-proteina-responsavel-por-espalhar-cancer-de-pele\/","title":{"rendered":"Estudo descobre nova prote\u00edna respons\u00e1vel por espalhar c\u00e2ncer de pele"},"content":{"rendered":"<p>Um novo estudo desenvolvido por pesquisadores da Queen Mary University of London, na Inglaterra, e publicado na revista cient\u00edfica Nature Cell Biology descobriu mais uma prote\u00edna respons\u00e1vel pelo espalhamento do melanoma, o tipo mais agressivo de c\u00e2ncer de pele. Chamada LAP1, a subst\u00e2ncia possibilita que as c\u00e9lulas cancer\u00edgenas mudem a forma de seu n\u00facleo, tornando-as aptas a migrarem e se espalharem para outros \u00f3rg\u00e3os.<br \/>\nA descoberta colabora para o desenvolvimento de novas tecnologias medicinais capazes de impedir o surgimento de met\u00e1stases, aumentando as chances de cura da doen\u00e7a. Embora o melanoma represente apenas 3% dos casos de c\u00e2ncer de pele no Brasil, segundo o Instituto Nacional de C\u00e2ncer (Inca), ele provoca os piores progn\u00f3sticos pela gravidade e pela alta possibilidade de espalhamento para outros \u00f3rg\u00e3os.<\/p>\n<p>&#8220;Como o LAP1 \u00e9 expresso em n\u00edveis t\u00e3o altos nas c\u00e9lulas metast\u00e1ticas, interferir nessa maquinaria molecular pode ter um grande impacto na dissemina\u00e7\u00e3o do c\u00e2ncer. Atualmente, n\u00e3o h\u00e1 medicamentos que tenham como alvo o LAP1 diretamente, portanto, olhando para o futuro, gostar\u00edamos de investigar maneiras de atingir o LAP1 e o envelope nuclear para ver se \u00e9 poss\u00edvel bloquear esse mecanismo de progress\u00e3o do melanoma&#8221;, disse a professora de biologia da Queen Mary University of London Victoria Sanz-Moreno, uma das respons\u00e1veis pelo estudo, em uma publica\u00e7\u00e3o da universidade.<\/p>\n<p>C\u00e2ncer de pele e met\u00e1stases<\/p>\n<p>O c\u00e2ncer de pele \u00e9 o tipo de c\u00e2ncer mais frequente no Brasil, correspondendo a 30% dos diagn\u00f3sticos da doen\u00e7a, segundo dados do Inca. Em todos os seus tipos, o espalhamento do c\u00e2ncer por meio das met\u00e1stases \u00e9 a principal causa de morte. Em boa parte dos casos, quando descoberto no in\u00edcio, antes do aparecimento das met\u00e1stases &#8211; o que pode acontecer de forma acelerada -, a doen\u00e7a tem cura.<\/p>\n<p>Estudos anteriores sobre c\u00e2ncer de pele j\u00e1 haviam mostrado que algumas prote\u00ednas s\u00e3o respons\u00e1veis pelo espalhamento da doen\u00e7a. Neste novo, financiado pela Cancer Research UK, os pesquisadores descobriram que, entre essas prote\u00ednas, as c\u00e9lulas agressivas de melanoma abrigam altos n\u00edveis da LAP1.<\/p>\n<p>Fazendo uma medi\u00e7\u00e3o dos n\u00edveis de prote\u00ednas no tumor de pacientes com melanoma por tipo, os cientistas perceberam que o aumento nos n\u00edveis da LAP1 estava associado a um mau progn\u00f3stico, ou seja, a um desfecho pior do quadro de c\u00e2ncer. Em adicional, quando a equipe bloqueou a produ\u00e7\u00e3o da subst\u00e2ncia nas c\u00e9lulas cancer\u00edgenas, elas diminu\u00edram a sua capacidade de locomo\u00e7\u00e3o.<\/p>\n<p>O relat\u00f3rio da pesquisa ressalta, no entanto, que o bloqueio da produ\u00e7\u00e3o de prote\u00edna LAP1 n\u00e3o mata ou diminui o tumor, nem impede o surgimento de met\u00e1stases, apenas faz com que as chances do melanoma se espalhar sejam menores.<\/p>\n<p>Como prevenir o c\u00e2ncer de pele?<\/p>\n<p>T\u00e3o importante quanto o tratamento precoce \u00e9 a preven\u00e7\u00e3o. Veja recomenda\u00e7\u00f5es dos especialistas para se prevenir contra o c\u00e2ncer de pele:<\/p>\n<p>&#8211; Proteja-se do sol. Evite exposi\u00e7\u00e3o ao sol em hor\u00e1rios de maior intensidade, como entre 10h e 16h. Se n\u00e3o for poss\u00edvel, adote prote\u00e7\u00e3o, como filtros solares, lugares com sombra e roupas com prote\u00e7\u00e3o contra raios ultravioleta.<\/p>\n<p>&#8211; Utilize o FPS ideal. Ao escolher o protetor solar, evite aqueles com FPS menores que 30. Pessoas de pele clara ou sens\u00edvel, devem investir em FPS mais altos.<\/p>\n<p>&#8211; Protetor solar \u00e9 rotina. N\u00e3o \u00e9 apenas nos momentos de lazer, como na piscina ou na praia, que o filtro solar deve ser usado. Ele deve fazer parte da rotina e reaplica\u00e7\u00e3o a cada duas horas &#8211; em especial em situa\u00e7\u00f5es que envolvem suor ou contato com \u00e1gua.<\/p>\n<p>&#8211; Considerar fatores heredit\u00e1rios. O dermatologista explica que as chances de um paciente com hist\u00f3rico familiar desenvolver c\u00e2ncer de pele s\u00e3o maiores. Por isso, se esse for seu caso, adote cuidado de prote\u00e7\u00e3o, observe sua pr\u00f3pria pele com frequ\u00eancia e tenha acompanhamento com um m\u00e9dico especialista.<\/p>\n<p>&#8211; Procure um dermatologista. A recomenda\u00e7\u00e3o \u00e9 ir ao dermatologista pelo menos uma vez ao ano. Dessa forma, \u00e9 poss\u00edvel ter um acompanhamento frequente e identificar de forma precoce qualquer altera\u00e7\u00e3o na pele.<\/p>\n<p>&nbsp;<\/p>\n<p>Foto Shutterstock<br \/>\nNot\u00edcias ao minuto<\/p>\n","protected":false},"excerpt":{"rendered":"<p>Um novo estudo desenvolvido por pesquisadores da Queen Mary University of London, na Inglaterra, e publicado na revista cient\u00edfica Nature<\/p>\n","protected":false},"author":1,"featured_media":3194,"comment_status":"open","ping_status":"open","sticky":false,"template":"","format":"standard","meta":{"colormag_page_container_layout":"default_layout","colormag_page_sidebar_layout":"default_layout","_FSMCFIC_featured_image_caption":"","_FSMCFIC_featured_image_nocaption":"","_FSMCFIC_featured_image_hide":"","footnotes":""},"categories":[2,1],"tags":[],"class_list":["post-3193","post","type-post","status-publish","format-standard","has-post-thumbnail","hentry","category-noticias","category-ultimas"],"yoast_head":"<!-- This site is optimized with the Yoast SEO plugin v27.1.1 - https:\/\/yoast.com\/product\/yoast-seo-wordpress\/ -->\n<title>Estudo descobre nova prote\u00edna respons\u00e1vel por espalhar c\u00e2ncer de pele - Brasil not\u00edcias<\/title>\n<meta name=\"robots\" content=\"index, follow, max-snippet:-1, max-image-preview:large, max-video-preview:-1\" \/>\n<link rel=\"canonical\" href=\"https:\/\/brasilnoticias.org\/site\/estudo-descobre-nova-proteina-responsavel-por-espalhar-cancer-de-pele\/\" \/>\n<meta property=\"og:locale\" content=\"pt_PT\" \/>\n<meta property=\"og:type\" content=\"article\" \/>\n<meta property=\"og:title\" content=\"Estudo descobre nova prote\u00edna respons\u00e1vel por espalhar c\u00e2ncer de pele - Brasil not\u00edcias\" \/>\n<meta property=\"og:description\" content=\"Um novo estudo desenvolvido por pesquisadores da Queen Mary University of London, na Inglaterra, e publicado na revista cient\u00edfica Nature\" \/>\n<meta property=\"og:url\" content=\"https:\/\/brasilnoticias.org\/site\/estudo-descobre-nova-proteina-responsavel-por-espalhar-cancer-de-pele\/\" \/>\n<meta property=\"og:site_name\" content=\"Brasil not\u00edcias\" \/>\n<meta property=\"article:published_time\" content=\"2023-01-13T10:10:09+00:00\" \/>\n<meta property=\"og:image\" content=\"https:\/\/brasilnoticias.org\/site\/wp-content\/uploads\/2023\/01\/naom_5fd7584489a81.jpg\" \/>\n\t<meta property=\"og:image:width\" content=\"960\" \/>\n\t<meta property=\"og:image:height\" content=\"540\" \/>\n\t<meta property=\"og:image:type\" content=\"image\/jpeg\" \/>\n<meta name=\"author\" content=\"Reda\u00e7\u00e3o\" \/>\n<meta name=\"twitter:card\" content=\"summary_large_image\" \/>\n<meta name=\"twitter:label1\" content=\"Escrito por\" \/>\n\t<meta name=\"twitter:data1\" content=\"Reda\u00e7\u00e3o\" \/>\n\t<meta name=\"twitter:label2\" content=\"Tempo estimado de leitura\" \/>\n\t<meta name=\"twitter:data2\" content=\"4 minutos\" \/>\n<script type=\"application\/ld+json\" class=\"yoast-schema-graph\">{\"@context\":\"https:\/\/schema.org\",\"@graph\":[{\"@type\":\"Article\",\"@id\":\"https:\/\/brasilnoticias.org\/site\/estudo-descobre-nova-proteina-responsavel-por-espalhar-cancer-de-pele\/#article\",\"isPartOf\":{\"@id\":\"https:\/\/brasilnoticias.org\/site\/estudo-descobre-nova-proteina-responsavel-por-espalhar-cancer-de-pele\/\"},\"author\":{\"name\":\"Reda\u00e7\u00e3o\",\"@id\":\"https:\/\/brasilnoticias.org\/site\/#\/schema\/person\/a0e05b973ec4d15c658d51911e53507b\"},\"headline\":\"Estudo descobre nova prote\u00edna respons\u00e1vel por espalhar c\u00e2ncer de pele\",\"datePublished\":\"2023-01-13T10:10:09+00:00\",\"mainEntityOfPage\":{\"@id\":\"https:\/\/brasilnoticias.org\/site\/estudo-descobre-nova-proteina-responsavel-por-espalhar-cancer-de-pele\/\"},\"wordCount\":748,\"commentCount\":0,\"publisher\":{\"@id\":\"https:\/\/brasilnoticias.org\/site\/#organization\"},\"image\":{\"@id\":\"https:\/\/brasilnoticias.org\/site\/estudo-descobre-nova-proteina-responsavel-por-espalhar-cancer-de-pele\/#primaryimage\"},\"thumbnailUrl\":\"https:\/\/brasilnoticias.org\/site\/wp-content\/uploads\/2023\/01\/naom_5fd7584489a81.jpg\",\"articleSection\":[\"Not\u00edcias\",\"\u00daltimas\"],\"inLanguage\":\"pt-PT\",\"potentialAction\":[{\"@type\":\"CommentAction\",\"name\":\"Comment\",\"target\":[\"https:\/\/brasilnoticias.org\/site\/estudo-descobre-nova-proteina-responsavel-por-espalhar-cancer-de-pele\/#respond\"]}]},{\"@type\":\"WebPage\",\"@id\":\"https:\/\/brasilnoticias.org\/site\/estudo-descobre-nova-proteina-responsavel-por-espalhar-cancer-de-pele\/\",\"url\":\"https:\/\/brasilnoticias.org\/site\/estudo-descobre-nova-proteina-responsavel-por-espalhar-cancer-de-pele\/\",\"name\":\"Estudo descobre nova prote\u00edna respons\u00e1vel por espalhar c\u00e2ncer de pele - Brasil not\u00edcias\",\"isPartOf\":{\"@id\":\"https:\/\/brasilnoticias.org\/site\/#website\"},\"primaryImageOfPage\":{\"@id\":\"https:\/\/brasilnoticias.org\/site\/estudo-descobre-nova-proteina-responsavel-por-espalhar-cancer-de-pele\/#primaryimage\"},\"image\":{\"@id\":\"https:\/\/brasilnoticias.org\/site\/estudo-descobre-nova-proteina-responsavel-por-espalhar-cancer-de-pele\/#primaryimage\"},\"thumbnailUrl\":\"https:\/\/brasilnoticias.org\/site\/wp-content\/uploads\/2023\/01\/naom_5fd7584489a81.jpg\",\"datePublished\":\"2023-01-13T10:10:09+00:00\",\"breadcrumb\":{\"@id\":\"https:\/\/brasilnoticias.org\/site\/estudo-descobre-nova-proteina-responsavel-por-espalhar-cancer-de-pele\/#breadcrumb\"},\"inLanguage\":\"pt-PT\",\"potentialAction\":[{\"@type\":\"ReadAction\",\"target\":[\"https:\/\/brasilnoticias.org\/site\/estudo-descobre-nova-proteina-responsavel-por-espalhar-cancer-de-pele\/\"]}]},{\"@type\":\"ImageObject\",\"inLanguage\":\"pt-PT\",\"@id\":\"https:\/\/brasilnoticias.org\/site\/estudo-descobre-nova-proteina-responsavel-por-espalhar-cancer-de-pele\/#primaryimage\",\"url\":\"https:\/\/brasilnoticias.org\/site\/wp-content\/uploads\/2023\/01\/naom_5fd7584489a81.jpg\",\"contentUrl\":\"https:\/\/brasilnoticias.org\/site\/wp-content\/uploads\/2023\/01\/naom_5fd7584489a81.jpg\",\"width\":960,\"height\":540},{\"@type\":\"BreadcrumbList\",\"@id\":\"https:\/\/brasilnoticias.org\/site\/estudo-descobre-nova-proteina-responsavel-por-espalhar-cancer-de-pele\/#breadcrumb\",\"itemListElement\":[{\"@type\":\"ListItem\",\"position\":1,\"name\":\"In\u00edcio\",\"item\":\"https:\/\/brasilnoticias.org\/site\/\"},{\"@type\":\"ListItem\",\"position\":2,\"name\":\"Estudo descobre nova prote\u00edna respons\u00e1vel por espalhar c\u00e2ncer de pele\"}]},{\"@type\":\"WebSite\",\"@id\":\"https:\/\/brasilnoticias.org\/site\/#website\",\"url\":\"https:\/\/brasilnoticias.org\/site\/\",\"name\":\"Brasil not\u00edcias\",\"description\":\"Brasil not\u00edcias\",\"publisher\":{\"@id\":\"https:\/\/brasilnoticias.org\/site\/#organization\"},\"potentialAction\":[{\"@type\":\"SearchAction\",\"target\":{\"@type\":\"EntryPoint\",\"urlTemplate\":\"https:\/\/brasilnoticias.org\/site\/?s={search_term_string}\"},\"query-input\":{\"@type\":\"PropertyValueSpecification\",\"valueRequired\":true,\"valueName\":\"search_term_string\"}}],\"inLanguage\":\"pt-PT\"},{\"@type\":\"Organization\",\"@id\":\"https:\/\/brasilnoticias.org\/site\/#organization\",\"name\":\"Brasil not\u00edcias\",\"url\":\"https:\/\/brasilnoticias.org\/site\/\",\"logo\":{\"@type\":\"ImageObject\",\"inLanguage\":\"pt-PT\",\"@id\":\"https:\/\/brasilnoticias.org\/site\/#\/schema\/logo\/image\/\",\"url\":\"https:\/\/brasilnoticias.org\/site\/wp-content\/uploads\/2022\/05\/cropped-brasilnoticias-mini.jpg\",\"contentUrl\":\"https:\/\/brasilnoticias.org\/site\/wp-content\/uploads\/2022\/05\/cropped-brasilnoticias-mini.jpg\",\"width\":314,\"height\":86,\"caption\":\"Brasil not\u00edcias\"},\"image\":{\"@id\":\"https:\/\/brasilnoticias.org\/site\/#\/schema\/logo\/image\/\"}},{\"@type\":\"Person\",\"@id\":\"https:\/\/brasilnoticias.org\/site\/#\/schema\/person\/a0e05b973ec4d15c658d51911e53507b\",\"name\":\"Reda\u00e7\u00e3o\",\"image\":{\"@type\":\"ImageObject\",\"inLanguage\":\"pt-PT\",\"@id\":\"https:\/\/brasilnoticias.org\/site\/#\/schema\/person\/image\/\",\"url\":\"https:\/\/secure.gravatar.com\/avatar\/75d8b050df2de108b08ae78dfb8e374892df24a383c67db9c46a9c604f6aee9c?s=96&d=mm&r=g\",\"contentUrl\":\"https:\/\/secure.gravatar.com\/avatar\/75d8b050df2de108b08ae78dfb8e374892df24a383c67db9c46a9c604f6aee9c?s=96&d=mm&r=g\",\"caption\":\"Reda\u00e7\u00e3o\"},\"sameAs\":[\"https:\/\/brasilnoticias.org\/site\"],\"url\":\"https:\/\/brasilnoticias.org\/site\/author\/fernandozsngmail-com\/\"}]}<\/script>\n<!-- \/ Yoast SEO plugin. -->","yoast_head_json":{"title":"Estudo descobre nova prote\u00edna respons\u00e1vel por espalhar c\u00e2ncer de pele - Brasil not\u00edcias","robots":{"index":"index","follow":"follow","max-snippet":"max-snippet:-1","max-image-preview":"max-image-preview:large","max-video-preview":"max-video-preview:-1"},"canonical":"https:\/\/brasilnoticias.org\/site\/estudo-descobre-nova-proteina-responsavel-por-espalhar-cancer-de-pele\/","og_locale":"pt_PT","og_type":"article","og_title":"Estudo descobre nova prote\u00edna respons\u00e1vel por espalhar c\u00e2ncer de pele - Brasil not\u00edcias","og_description":"Um novo estudo desenvolvido por pesquisadores da Queen Mary University of London, na Inglaterra, e publicado na revista cient\u00edfica Nature","og_url":"https:\/\/brasilnoticias.org\/site\/estudo-descobre-nova-proteina-responsavel-por-espalhar-cancer-de-pele\/","og_site_name":"Brasil not\u00edcias","article_published_time":"2023-01-13T10:10:09+00:00","og_image":[{"width":960,"height":540,"url":"https:\/\/brasilnoticias.org\/site\/wp-content\/uploads\/2023\/01\/naom_5fd7584489a81.jpg","type":"image\/jpeg"}],"author":"Reda\u00e7\u00e3o","twitter_card":"summary_large_image","twitter_misc":{"Escrito por":"Reda\u00e7\u00e3o","Tempo estimado de leitura":"4 minutos"},"schema":{"@context":"https:\/\/schema.org","@graph":[{"@type":"Article","@id":"https:\/\/brasilnoticias.org\/site\/estudo-descobre-nova-proteina-responsavel-por-espalhar-cancer-de-pele\/#article","isPartOf":{"@id":"https:\/\/brasilnoticias.org\/site\/estudo-descobre-nova-proteina-responsavel-por-espalhar-cancer-de-pele\/"},"author":{"name":"Reda\u00e7\u00e3o","@id":"https:\/\/brasilnoticias.org\/site\/#\/schema\/person\/a0e05b973ec4d15c658d51911e53507b"},"headline":"Estudo descobre nova prote\u00edna respons\u00e1vel por espalhar c\u00e2ncer de pele","datePublished":"2023-01-13T10:10:09+00:00","mainEntityOfPage":{"@id":"https:\/\/brasilnoticias.org\/site\/estudo-descobre-nova-proteina-responsavel-por-espalhar-cancer-de-pele\/"},"wordCount":748,"commentCount":0,"publisher":{"@id":"https:\/\/brasilnoticias.org\/site\/#organization"},"image":{"@id":"https:\/\/brasilnoticias.org\/site\/estudo-descobre-nova-proteina-responsavel-por-espalhar-cancer-de-pele\/#primaryimage"},"thumbnailUrl":"https:\/\/brasilnoticias.org\/site\/wp-content\/uploads\/2023\/01\/naom_5fd7584489a81.jpg","articleSection":["Not\u00edcias","\u00daltimas"],"inLanguage":"pt-PT","potentialAction":[{"@type":"CommentAction","name":"Comment","target":["https:\/\/brasilnoticias.org\/site\/estudo-descobre-nova-proteina-responsavel-por-espalhar-cancer-de-pele\/#respond"]}]},{"@type":"WebPage","@id":"https:\/\/brasilnoticias.org\/site\/estudo-descobre-nova-proteina-responsavel-por-espalhar-cancer-de-pele\/","url":"https:\/\/brasilnoticias.org\/site\/estudo-descobre-nova-proteina-responsavel-por-espalhar-cancer-de-pele\/","name":"Estudo descobre nova prote\u00edna respons\u00e1vel por espalhar c\u00e2ncer de pele - Brasil not\u00edcias","isPartOf":{"@id":"https:\/\/brasilnoticias.org\/site\/#website"},"primaryImageOfPage":{"@id":"https:\/\/brasilnoticias.org\/site\/estudo-descobre-nova-proteina-responsavel-por-espalhar-cancer-de-pele\/#primaryimage"},"image":{"@id":"https:\/\/brasilnoticias.org\/site\/estudo-descobre-nova-proteina-responsavel-por-espalhar-cancer-de-pele\/#primaryimage"},"thumbnailUrl":"https:\/\/brasilnoticias.org\/site\/wp-content\/uploads\/2023\/01\/naom_5fd7584489a81.jpg","datePublished":"2023-01-13T10:10:09+00:00","breadcrumb":{"@id":"https:\/\/brasilnoticias.org\/site\/estudo-descobre-nova-proteina-responsavel-por-espalhar-cancer-de-pele\/#breadcrumb"},"inLanguage":"pt-PT","potentialAction":[{"@type":"ReadAction","target":["https:\/\/brasilnoticias.org\/site\/estudo-descobre-nova-proteina-responsavel-por-espalhar-cancer-de-pele\/"]}]},{"@type":"ImageObject","inLanguage":"pt-PT","@id":"https:\/\/brasilnoticias.org\/site\/estudo-descobre-nova-proteina-responsavel-por-espalhar-cancer-de-pele\/#primaryimage","url":"https:\/\/brasilnoticias.org\/site\/wp-content\/uploads\/2023\/01\/naom_5fd7584489a81.jpg","contentUrl":"https:\/\/brasilnoticias.org\/site\/wp-content\/uploads\/2023\/01\/naom_5fd7584489a81.jpg","width":960,"height":540},{"@type":"BreadcrumbList","@id":"https:\/\/brasilnoticias.org\/site\/estudo-descobre-nova-proteina-responsavel-por-espalhar-cancer-de-pele\/#breadcrumb","itemListElement":[{"@type":"ListItem","position":1,"name":"In\u00edcio","item":"https:\/\/brasilnoticias.org\/site\/"},{"@type":"ListItem","position":2,"name":"Estudo descobre nova prote\u00edna respons\u00e1vel por espalhar c\u00e2ncer de pele"}]},{"@type":"WebSite","@id":"https:\/\/brasilnoticias.org\/site\/#website","url":"https:\/\/brasilnoticias.org\/site\/","name":"Brasil not\u00edcias","description":"Brasil not\u00edcias","publisher":{"@id":"https:\/\/brasilnoticias.org\/site\/#organization"},"potentialAction":[{"@type":"SearchAction","target":{"@type":"EntryPoint","urlTemplate":"https:\/\/brasilnoticias.org\/site\/?s={search_term_string}"},"query-input":{"@type":"PropertyValueSpecification","valueRequired":true,"valueName":"search_term_string"}}],"inLanguage":"pt-PT"},{"@type":"Organization","@id":"https:\/\/brasilnoticias.org\/site\/#organization","name":"Brasil not\u00edcias","url":"https:\/\/brasilnoticias.org\/site\/","logo":{"@type":"ImageObject","inLanguage":"pt-PT","@id":"https:\/\/brasilnoticias.org\/site\/#\/schema\/logo\/image\/","url":"https:\/\/brasilnoticias.org\/site\/wp-content\/uploads\/2022\/05\/cropped-brasilnoticias-mini.jpg","contentUrl":"https:\/\/brasilnoticias.org\/site\/wp-content\/uploads\/2022\/05\/cropped-brasilnoticias-mini.jpg","width":314,"height":86,"caption":"Brasil not\u00edcias"},"image":{"@id":"https:\/\/brasilnoticias.org\/site\/#\/schema\/logo\/image\/"}},{"@type":"Person","@id":"https:\/\/brasilnoticias.org\/site\/#\/schema\/person\/a0e05b973ec4d15c658d51911e53507b","name":"Reda\u00e7\u00e3o","image":{"@type":"ImageObject","inLanguage":"pt-PT","@id":"https:\/\/brasilnoticias.org\/site\/#\/schema\/person\/image\/","url":"https:\/\/secure.gravatar.com\/avatar\/75d8b050df2de108b08ae78dfb8e374892df24a383c67db9c46a9c604f6aee9c?s=96&d=mm&r=g","contentUrl":"https:\/\/secure.gravatar.com\/avatar\/75d8b050df2de108b08ae78dfb8e374892df24a383c67db9c46a9c604f6aee9c?s=96&d=mm&r=g","caption":"Reda\u00e7\u00e3o"},"sameAs":["https:\/\/brasilnoticias.org\/site"],"url":"https:\/\/brasilnoticias.org\/site\/author\/fernandozsngmail-com\/"}]}},"_links":{"self":[{"href":"https:\/\/brasilnoticias.org\/site\/wp-json\/wp\/v2\/posts\/3193","targetHints":{"allow":["GET"]}}],"collection":[{"href":"https:\/\/brasilnoticias.org\/site\/wp-json\/wp\/v2\/posts"}],"about":[{"href":"https:\/\/brasilnoticias.org\/site\/wp-json\/wp\/v2\/types\/post"}],"author":[{"embeddable":true,"href":"https:\/\/brasilnoticias.org\/site\/wp-json\/wp\/v2\/users\/1"}],"replies":[{"embeddable":true,"href":"https:\/\/brasilnoticias.org\/site\/wp-json\/wp\/v2\/comments?post=3193"}],"version-history":[{"count":1,"href":"https:\/\/brasilnoticias.org\/site\/wp-json\/wp\/v2\/posts\/3193\/revisions"}],"predecessor-version":[{"id":3195,"href":"https:\/\/brasilnoticias.org\/site\/wp-json\/wp\/v2\/posts\/3193\/revisions\/3195"}],"wp:featuredmedia":[{"embeddable":true,"href":"https:\/\/brasilnoticias.org\/site\/wp-json\/wp\/v2\/media\/3194"}],"wp:attachment":[{"href":"https:\/\/brasilnoticias.org\/site\/wp-json\/wp\/v2\/media?parent=3193"}],"wp:term":[{"taxonomy":"category","embeddable":true,"href":"https:\/\/brasilnoticias.org\/site\/wp-json\/wp\/v2\/categories?post=3193"},{"taxonomy":"post_tag","embeddable":true,"href":"https:\/\/brasilnoticias.org\/site\/wp-json\/wp\/v2\/tags?post=3193"}],"curies":[{"name":"wp","href":"https:\/\/api.w.org\/{rel}","templated":true}]}}