{"id":3204,"date":"2023-01-13T18:00:23","date_gmt":"2023-01-13T21:00:23","guid":{"rendered":"https:\/\/brasilnoticias.org\/site\/?p=3204"},"modified":"2023-01-13T12:26:33","modified_gmt":"2023-01-13T15:26:33","slug":"china-pede-a-populacao-para-evitar-visitas-a-idosos-em-meio-a-alta-da-covid","status":"publish","type":"post","link":"https:\/\/brasilnoticias.org\/site\/china-pede-a-populacao-para-evitar-visitas-a-idosos-em-meio-a-alta-da-covid\/","title":{"rendered":"China pede \u00e0 popula\u00e7\u00e3o para evitar visitas a idosos em meio a alta da Covid"},"content":{"rendered":"<p>A preocupa\u00e7\u00e3o com a alta nos casos de Covid em meio ao fluxo intenso de viagens motivadas pelo Ano-Novo local fez com que uma autoridade do regime chin\u00eas viesse a p\u00fablico desencorajar a popula\u00e7\u00e3o a visitar parentes idosos no feriado, que vai at\u00e9 o pr\u00f3ximo dia 21.<\/p>\n<p>&#8220;Voc\u00eas t\u00eam diversas maneiras de mostrar que se importam com eles. N\u00e3o precisam, necessariamente, levar o v\u00edrus para suas casas&#8221;, afirmou nesta quinta-feira (12) Guo Jianwen, membro do Conselho de Preven\u00e7\u00e3o da Pandemia no pa\u00eds, citado pelo jornal brit\u00e2nico The Guardian.<\/p>\n<p>O Ano-Novo chin\u00eas \u00e9 a primeira grande celebra\u00e7\u00e3o no pa\u00eds sem as restri\u00e7\u00f5es mais r\u00edgidas da pol\u00edtica de Covid zero, flexibilizada de forma abrupta pelo regime no final do ano passado, ap\u00f3s uma s\u00e9rie de protestos contestando as medidas. O movimento, por\u00e9m, levou a um pico de infec\u00e7\u00f5es, que tem disparado uma nova crise sanit\u00e1ria, em meio \u00e0 data -sempre marcada pela expectativa de deslocamento de milh\u00f5es de chineses.<\/p>\n<p>A equa\u00e7\u00e3o preocupa porque a tend\u00eancia do feriado \u00e9 que habitantes das grandes metr\u00f3poles do pa\u00eds viajem para suas prov\u00edncias de origem, muitas vezes mais afastadas, com um sistema de sa\u00fade menos aparelhado e com taxas de vacina\u00e7\u00e3o menores. O \u00edndice de imuniza\u00e7\u00e3o entre os idosos, ali\u00e1s, tamb\u00e9m \u00e9 um tema de aten\u00e7\u00e3o nesse momento da pandemia.<\/p>\n<p>&#8220;Ao contr\u00e1rio do que se viu nas \u00e1reas urbanas, a onda da \u00f4micron n\u00e3o atingiu seu pico na China rural&#8221;, disse Xi Chen, professor da Universidade Yale (EUA), \u00e0 ag\u00eancia de not\u00edcias AFP. &#8220;As coisas podem piorar significativamente quando os trabalhadores das cidades come\u00e7arem a retornar para as \u00e1reas rurais.&#8221;<\/p>\n<p>Outro fluxo considerado pelas autoridades, ent\u00e3o, \u00e9 de moradores das prov\u00edncias viajando \u00e0s cidades maiores em busca do atendimento m\u00e9dico que n\u00e3o conseguem encontrar onde moram. Na semana passada, autoridades chinesas calculavam que o pior j\u00e1 havia passado em locais como Pequim e Tianjin, mas alertavam para o risco de recrudescimento nesta \u00e9poca, justamente devido ao feriado.<\/p>\n<p>No in\u00edcio de dezembro, ap\u00f3s quase tr\u00eas anos de protocolos r\u00edgidos, o pa\u00eds reduziu a exig\u00eancia de testes e requisitos de quarentena e aposentou sistemas de rastreamento de contatos.<\/p>\n<p>A flexibiliza\u00e7\u00e3o repentina da pol\u00edtica, sem uma estrat\u00e9gia clara que a substitu\u00edsse, fez salas de emerg\u00eancia de hospitais em grandes cidades ficarem lotadas -com dezenas de pacientes, a maioria idosos, vistos em macas do lado de fora.<\/p>\n<p>Em meio a um dos piores surtos da doen\u00e7a, o pa\u00eds mudou a defini\u00e7\u00e3o de morte por Covid no in\u00edcio deste ano. Pela medida, criticada pela OMS (Organiza\u00e7\u00e3o Mundial da Sa\u00fade), infectados pelo v\u00edrus que morrerem com outras condi\u00e7\u00f5es associadas n\u00e3o entram na contabiliza\u00e7\u00e3o de v\u00edtimas da doen\u00e7a.<\/p>\n<p>&#8220;Os n\u00fameros atuais sub-representam o impacto real da doen\u00e7a em termos de interna\u00e7\u00f5es hospitalares e em UTIs e, particularmente, em termos de mortes&#8221;, disse Mike Ryan, diretor de emerg\u00eancias da OMS, no in\u00edcio deste ano.<\/p>\n<p>Segundo o jornal Global Times, autoridades locais foram instru\u00eddas a ampliar a capacidade de transporte de emerg\u00eancia e garantir que cl\u00ednicas rurais estejam equipadas com ao menos uma ambul\u00e2ncia. Os agentes tamb\u00e9m devem incentivar os moradores a formar equipes volunt\u00e1rias para transportar os pacientes quando socorristas n\u00e3o conseguirem chegar a tempo.<br \/>\nApesar disso, o pa\u00eds tenta sustentar a ideia de que o combate \u00e0 doen\u00e7a \u00e9 efetivo.<\/p>\n<p>&#8220;Ao contr\u00e1rio do que especulam meios de comunica\u00e7\u00e3o e pol\u00edticos ocidentais, que consideram a recente mudan\u00e7a um ponto de virada, a recente otimiza\u00e7\u00e3o \u00e9 resultado da avalia\u00e7\u00e3o cient\u00edfica da China sobre a atual pandemia e \u00e9 baseada em um planejamento prudente&#8221;, afirmou a ag\u00eancia de not\u00edcias oficial Xinhua nesta quinta.<\/p>\n<p>Getty Images<br \/>\nNot\u00edcias ao minuto<\/p>\n","protected":false},"excerpt":{"rendered":"<p>A preocupa\u00e7\u00e3o com a alta nos casos de Covid em meio ao fluxo intenso de viagens motivadas pelo Ano-Novo local<\/p>\n","protected":false},"author":1,"featured_media":3205,"comment_status":"open","ping_status":"open","sticky":false,"template":"","format":"standard","meta":{"colormag_page_container_layout":"default_layout","colormag_page_sidebar_layout":"default_layout","_FSMCFIC_featured_image_caption":"","_FSMCFIC_featured_image_nocaption":"","_FSMCFIC_featured_image_hide":"","footnotes":""},"categories":[6,1],"tags":[],"class_list":["post-3204","post","type-post","status-publish","format-standard","has-post-thumbnail","hentry","category-mundo","category-ultimas"],"yoast_head":"<!-- This site is optimized with the Yoast SEO plugin v27.1.1 - https:\/\/yoast.com\/product\/yoast-seo-wordpress\/ -->\n<title>China pede \u00e0 popula\u00e7\u00e3o para evitar visitas a idosos em meio a alta da Covid - Brasil not\u00edcias<\/title>\n<meta name=\"robots\" content=\"index, follow, max-snippet:-1, max-image-preview:large, max-video-preview:-1\" \/>\n<link rel=\"canonical\" href=\"https:\/\/brasilnoticias.org\/site\/china-pede-a-populacao-para-evitar-visitas-a-idosos-em-meio-a-alta-da-covid\/\" \/>\n<meta property=\"og:locale\" content=\"pt_PT\" \/>\n<meta property=\"og:type\" content=\"article\" \/>\n<meta property=\"og:title\" content=\"China pede \u00e0 popula\u00e7\u00e3o para evitar visitas a idosos em meio a alta da Covid - Brasil not\u00edcias\" \/>\n<meta property=\"og:description\" content=\"A preocupa\u00e7\u00e3o com a alta nos casos de Covid em meio ao fluxo intenso de viagens motivadas pelo Ano-Novo local\" \/>\n<meta property=\"og:url\" content=\"https:\/\/brasilnoticias.org\/site\/china-pede-a-populacao-para-evitar-visitas-a-idosos-em-meio-a-alta-da-covid\/\" \/>\n<meta property=\"og:site_name\" content=\"Brasil not\u00edcias\" \/>\n<meta property=\"article:published_time\" content=\"2023-01-13T21:00:23+00:00\" \/>\n<meta property=\"og:image\" content=\"https:\/\/brasilnoticias.org\/site\/wp-content\/uploads\/2023\/01\/naom_6176a788c66fd.jpg\" \/>\n\t<meta property=\"og:image:width\" content=\"960\" \/>\n\t<meta property=\"og:image:height\" content=\"540\" \/>\n\t<meta property=\"og:image:type\" content=\"image\/jpeg\" \/>\n<meta name=\"author\" content=\"Reda\u00e7\u00e3o\" \/>\n<meta name=\"twitter:card\" content=\"summary_large_image\" \/>\n<meta name=\"twitter:label1\" content=\"Escrito por\" \/>\n\t<meta name=\"twitter:data1\" content=\"Reda\u00e7\u00e3o\" \/>\n\t<meta name=\"twitter:label2\" content=\"Tempo estimado de leitura\" \/>\n\t<meta name=\"twitter:data2\" content=\"3 minutos\" \/>\n<script type=\"application\/ld+json\" class=\"yoast-schema-graph\">{\"@context\":\"https:\/\/schema.org\",\"@graph\":[{\"@type\":\"Article\",\"@id\":\"https:\/\/brasilnoticias.org\/site\/china-pede-a-populacao-para-evitar-visitas-a-idosos-em-meio-a-alta-da-covid\/#article\",\"isPartOf\":{\"@id\":\"https:\/\/brasilnoticias.org\/site\/china-pede-a-populacao-para-evitar-visitas-a-idosos-em-meio-a-alta-da-covid\/\"},\"author\":{\"name\":\"Reda\u00e7\u00e3o\",\"@id\":\"https:\/\/brasilnoticias.org\/site\/#\/schema\/person\/a0e05b973ec4d15c658d51911e53507b\"},\"headline\":\"China pede \u00e0 popula\u00e7\u00e3o para evitar visitas a idosos em meio a alta da Covid\",\"datePublished\":\"2023-01-13T21:00:23+00:00\",\"mainEntityOfPage\":{\"@id\":\"https:\/\/brasilnoticias.org\/site\/china-pede-a-populacao-para-evitar-visitas-a-idosos-em-meio-a-alta-da-covid\/\"},\"wordCount\":686,\"commentCount\":0,\"publisher\":{\"@id\":\"https:\/\/brasilnoticias.org\/site\/#organization\"},\"image\":{\"@id\":\"https:\/\/brasilnoticias.org\/site\/china-pede-a-populacao-para-evitar-visitas-a-idosos-em-meio-a-alta-da-covid\/#primaryimage\"},\"thumbnailUrl\":\"https:\/\/brasilnoticias.org\/site\/wp-content\/uploads\/2023\/01\/naom_6176a788c66fd.jpg\",\"articleSection\":[\"Mundo\",\"\u00daltimas\"],\"inLanguage\":\"pt-PT\",\"potentialAction\":[{\"@type\":\"CommentAction\",\"name\":\"Comment\",\"target\":[\"https:\/\/brasilnoticias.org\/site\/china-pede-a-populacao-para-evitar-visitas-a-idosos-em-meio-a-alta-da-covid\/#respond\"]}]},{\"@type\":\"WebPage\",\"@id\":\"https:\/\/brasilnoticias.org\/site\/china-pede-a-populacao-para-evitar-visitas-a-idosos-em-meio-a-alta-da-covid\/\",\"url\":\"https:\/\/brasilnoticias.org\/site\/china-pede-a-populacao-para-evitar-visitas-a-idosos-em-meio-a-alta-da-covid\/\",\"name\":\"China pede \u00e0 popula\u00e7\u00e3o para evitar visitas a idosos em meio a alta da Covid - Brasil not\u00edcias\",\"isPartOf\":{\"@id\":\"https:\/\/brasilnoticias.org\/site\/#website\"},\"primaryImageOfPage\":{\"@id\":\"https:\/\/brasilnoticias.org\/site\/china-pede-a-populacao-para-evitar-visitas-a-idosos-em-meio-a-alta-da-covid\/#primaryimage\"},\"image\":{\"@id\":\"https:\/\/brasilnoticias.org\/site\/china-pede-a-populacao-para-evitar-visitas-a-idosos-em-meio-a-alta-da-covid\/#primaryimage\"},\"thumbnailUrl\":\"https:\/\/brasilnoticias.org\/site\/wp-content\/uploads\/2023\/01\/naom_6176a788c66fd.jpg\",\"datePublished\":\"2023-01-13T21:00:23+00:00\",\"breadcrumb\":{\"@id\":\"https:\/\/brasilnoticias.org\/site\/china-pede-a-populacao-para-evitar-visitas-a-idosos-em-meio-a-alta-da-covid\/#breadcrumb\"},\"inLanguage\":\"pt-PT\",\"potentialAction\":[{\"@type\":\"ReadAction\",\"target\":[\"https:\/\/brasilnoticias.org\/site\/china-pede-a-populacao-para-evitar-visitas-a-idosos-em-meio-a-alta-da-covid\/\"]}]},{\"@type\":\"ImageObject\",\"inLanguage\":\"pt-PT\",\"@id\":\"https:\/\/brasilnoticias.org\/site\/china-pede-a-populacao-para-evitar-visitas-a-idosos-em-meio-a-alta-da-covid\/#primaryimage\",\"url\":\"https:\/\/brasilnoticias.org\/site\/wp-content\/uploads\/2023\/01\/naom_6176a788c66fd.jpg\",\"contentUrl\":\"https:\/\/brasilnoticias.org\/site\/wp-content\/uploads\/2023\/01\/naom_6176a788c66fd.jpg\",\"width\":960,\"height\":540},{\"@type\":\"BreadcrumbList\",\"@id\":\"https:\/\/brasilnoticias.org\/site\/china-pede-a-populacao-para-evitar-visitas-a-idosos-em-meio-a-alta-da-covid\/#breadcrumb\",\"itemListElement\":[{\"@type\":\"ListItem\",\"position\":1,\"name\":\"In\u00edcio\",\"item\":\"https:\/\/brasilnoticias.org\/site\/\"},{\"@type\":\"ListItem\",\"position\":2,\"name\":\"China pede \u00e0 popula\u00e7\u00e3o para evitar visitas a idosos em meio a alta da Covid\"}]},{\"@type\":\"WebSite\",\"@id\":\"https:\/\/brasilnoticias.org\/site\/#website\",\"url\":\"https:\/\/brasilnoticias.org\/site\/\",\"name\":\"Brasil not\u00edcias\",\"description\":\"Brasil not\u00edcias\",\"publisher\":{\"@id\":\"https:\/\/brasilnoticias.org\/site\/#organization\"},\"potentialAction\":[{\"@type\":\"SearchAction\",\"target\":{\"@type\":\"EntryPoint\",\"urlTemplate\":\"https:\/\/brasilnoticias.org\/site\/?s={search_term_string}\"},\"query-input\":{\"@type\":\"PropertyValueSpecification\",\"valueRequired\":true,\"valueName\":\"search_term_string\"}}],\"inLanguage\":\"pt-PT\"},{\"@type\":\"Organization\",\"@id\":\"https:\/\/brasilnoticias.org\/site\/#organization\",\"name\":\"Brasil not\u00edcias\",\"url\":\"https:\/\/brasilnoticias.org\/site\/\",\"logo\":{\"@type\":\"ImageObject\",\"inLanguage\":\"pt-PT\",\"@id\":\"https:\/\/brasilnoticias.org\/site\/#\/schema\/logo\/image\/\",\"url\":\"https:\/\/brasilnoticias.org\/site\/wp-content\/uploads\/2022\/05\/cropped-brasilnoticias-mini.jpg\",\"contentUrl\":\"https:\/\/brasilnoticias.org\/site\/wp-content\/uploads\/2022\/05\/cropped-brasilnoticias-mini.jpg\",\"width\":314,\"height\":86,\"caption\":\"Brasil not\u00edcias\"},\"image\":{\"@id\":\"https:\/\/brasilnoticias.org\/site\/#\/schema\/logo\/image\/\"}},{\"@type\":\"Person\",\"@id\":\"https:\/\/brasilnoticias.org\/site\/#\/schema\/person\/a0e05b973ec4d15c658d51911e53507b\",\"name\":\"Reda\u00e7\u00e3o\",\"image\":{\"@type\":\"ImageObject\",\"inLanguage\":\"pt-PT\",\"@id\":\"https:\/\/brasilnoticias.org\/site\/#\/schema\/person\/image\/\",\"url\":\"https:\/\/secure.gravatar.com\/avatar\/75d8b050df2de108b08ae78dfb8e374892df24a383c67db9c46a9c604f6aee9c?s=96&d=mm&r=g\",\"contentUrl\":\"https:\/\/secure.gravatar.com\/avatar\/75d8b050df2de108b08ae78dfb8e374892df24a383c67db9c46a9c604f6aee9c?s=96&d=mm&r=g\",\"caption\":\"Reda\u00e7\u00e3o\"},\"sameAs\":[\"https:\/\/brasilnoticias.org\/site\"],\"url\":\"https:\/\/brasilnoticias.org\/site\/author\/fernandozsngmail-com\/\"}]}<\/script>\n<!-- \/ Yoast SEO plugin. -->","yoast_head_json":{"title":"China pede \u00e0 popula\u00e7\u00e3o para evitar visitas a idosos em meio a alta da Covid - Brasil not\u00edcias","robots":{"index":"index","follow":"follow","max-snippet":"max-snippet:-1","max-image-preview":"max-image-preview:large","max-video-preview":"max-video-preview:-1"},"canonical":"https:\/\/brasilnoticias.org\/site\/china-pede-a-populacao-para-evitar-visitas-a-idosos-em-meio-a-alta-da-covid\/","og_locale":"pt_PT","og_type":"article","og_title":"China pede \u00e0 popula\u00e7\u00e3o para evitar visitas a idosos em meio a alta da Covid - Brasil not\u00edcias","og_description":"A preocupa\u00e7\u00e3o com a alta nos casos de Covid em meio ao fluxo intenso de viagens motivadas pelo Ano-Novo local","og_url":"https:\/\/brasilnoticias.org\/site\/china-pede-a-populacao-para-evitar-visitas-a-idosos-em-meio-a-alta-da-covid\/","og_site_name":"Brasil not\u00edcias","article_published_time":"2023-01-13T21:00:23+00:00","og_image":[{"width":960,"height":540,"url":"https:\/\/brasilnoticias.org\/site\/wp-content\/uploads\/2023\/01\/naom_6176a788c66fd.jpg","type":"image\/jpeg"}],"author":"Reda\u00e7\u00e3o","twitter_card":"summary_large_image","twitter_misc":{"Escrito por":"Reda\u00e7\u00e3o","Tempo estimado de leitura":"3 minutos"},"schema":{"@context":"https:\/\/schema.org","@graph":[{"@type":"Article","@id":"https:\/\/brasilnoticias.org\/site\/china-pede-a-populacao-para-evitar-visitas-a-idosos-em-meio-a-alta-da-covid\/#article","isPartOf":{"@id":"https:\/\/brasilnoticias.org\/site\/china-pede-a-populacao-para-evitar-visitas-a-idosos-em-meio-a-alta-da-covid\/"},"author":{"name":"Reda\u00e7\u00e3o","@id":"https:\/\/brasilnoticias.org\/site\/#\/schema\/person\/a0e05b973ec4d15c658d51911e53507b"},"headline":"China pede \u00e0 popula\u00e7\u00e3o para evitar visitas a idosos em meio a alta da Covid","datePublished":"2023-01-13T21:00:23+00:00","mainEntityOfPage":{"@id":"https:\/\/brasilnoticias.org\/site\/china-pede-a-populacao-para-evitar-visitas-a-idosos-em-meio-a-alta-da-covid\/"},"wordCount":686,"commentCount":0,"publisher":{"@id":"https:\/\/brasilnoticias.org\/site\/#organization"},"image":{"@id":"https:\/\/brasilnoticias.org\/site\/china-pede-a-populacao-para-evitar-visitas-a-idosos-em-meio-a-alta-da-covid\/#primaryimage"},"thumbnailUrl":"https:\/\/brasilnoticias.org\/site\/wp-content\/uploads\/2023\/01\/naom_6176a788c66fd.jpg","articleSection":["Mundo","\u00daltimas"],"inLanguage":"pt-PT","potentialAction":[{"@type":"CommentAction","name":"Comment","target":["https:\/\/brasilnoticias.org\/site\/china-pede-a-populacao-para-evitar-visitas-a-idosos-em-meio-a-alta-da-covid\/#respond"]}]},{"@type":"WebPage","@id":"https:\/\/brasilnoticias.org\/site\/china-pede-a-populacao-para-evitar-visitas-a-idosos-em-meio-a-alta-da-covid\/","url":"https:\/\/brasilnoticias.org\/site\/china-pede-a-populacao-para-evitar-visitas-a-idosos-em-meio-a-alta-da-covid\/","name":"China pede \u00e0 popula\u00e7\u00e3o para evitar visitas a idosos em meio a alta da Covid - Brasil not\u00edcias","isPartOf":{"@id":"https:\/\/brasilnoticias.org\/site\/#website"},"primaryImageOfPage":{"@id":"https:\/\/brasilnoticias.org\/site\/china-pede-a-populacao-para-evitar-visitas-a-idosos-em-meio-a-alta-da-covid\/#primaryimage"},"image":{"@id":"https:\/\/brasilnoticias.org\/site\/china-pede-a-populacao-para-evitar-visitas-a-idosos-em-meio-a-alta-da-covid\/#primaryimage"},"thumbnailUrl":"https:\/\/brasilnoticias.org\/site\/wp-content\/uploads\/2023\/01\/naom_6176a788c66fd.jpg","datePublished":"2023-01-13T21:00:23+00:00","breadcrumb":{"@id":"https:\/\/brasilnoticias.org\/site\/china-pede-a-populacao-para-evitar-visitas-a-idosos-em-meio-a-alta-da-covid\/#breadcrumb"},"inLanguage":"pt-PT","potentialAction":[{"@type":"ReadAction","target":["https:\/\/brasilnoticias.org\/site\/china-pede-a-populacao-para-evitar-visitas-a-idosos-em-meio-a-alta-da-covid\/"]}]},{"@type":"ImageObject","inLanguage":"pt-PT","@id":"https:\/\/brasilnoticias.org\/site\/china-pede-a-populacao-para-evitar-visitas-a-idosos-em-meio-a-alta-da-covid\/#primaryimage","url":"https:\/\/brasilnoticias.org\/site\/wp-content\/uploads\/2023\/01\/naom_6176a788c66fd.jpg","contentUrl":"https:\/\/brasilnoticias.org\/site\/wp-content\/uploads\/2023\/01\/naom_6176a788c66fd.jpg","width":960,"height":540},{"@type":"BreadcrumbList","@id":"https:\/\/brasilnoticias.org\/site\/china-pede-a-populacao-para-evitar-visitas-a-idosos-em-meio-a-alta-da-covid\/#breadcrumb","itemListElement":[{"@type":"ListItem","position":1,"name":"In\u00edcio","item":"https:\/\/brasilnoticias.org\/site\/"},{"@type":"ListItem","position":2,"name":"China pede \u00e0 popula\u00e7\u00e3o para evitar visitas a idosos em meio a alta da Covid"}]},{"@type":"WebSite","@id":"https:\/\/brasilnoticias.org\/site\/#website","url":"https:\/\/brasilnoticias.org\/site\/","name":"Brasil not\u00edcias","description":"Brasil not\u00edcias","publisher":{"@id":"https:\/\/brasilnoticias.org\/site\/#organization"},"potentialAction":[{"@type":"SearchAction","target":{"@type":"EntryPoint","urlTemplate":"https:\/\/brasilnoticias.org\/site\/?s={search_term_string}"},"query-input":{"@type":"PropertyValueSpecification","valueRequired":true,"valueName":"search_term_string"}}],"inLanguage":"pt-PT"},{"@type":"Organization","@id":"https:\/\/brasilnoticias.org\/site\/#organization","name":"Brasil not\u00edcias","url":"https:\/\/brasilnoticias.org\/site\/","logo":{"@type":"ImageObject","inLanguage":"pt-PT","@id":"https:\/\/brasilnoticias.org\/site\/#\/schema\/logo\/image\/","url":"https:\/\/brasilnoticias.org\/site\/wp-content\/uploads\/2022\/05\/cropped-brasilnoticias-mini.jpg","contentUrl":"https:\/\/brasilnoticias.org\/site\/wp-content\/uploads\/2022\/05\/cropped-brasilnoticias-mini.jpg","width":314,"height":86,"caption":"Brasil not\u00edcias"},"image":{"@id":"https:\/\/brasilnoticias.org\/site\/#\/schema\/logo\/image\/"}},{"@type":"Person","@id":"https:\/\/brasilnoticias.org\/site\/#\/schema\/person\/a0e05b973ec4d15c658d51911e53507b","name":"Reda\u00e7\u00e3o","image":{"@type":"ImageObject","inLanguage":"pt-PT","@id":"https:\/\/brasilnoticias.org\/site\/#\/schema\/person\/image\/","url":"https:\/\/secure.gravatar.com\/avatar\/75d8b050df2de108b08ae78dfb8e374892df24a383c67db9c46a9c604f6aee9c?s=96&d=mm&r=g","contentUrl":"https:\/\/secure.gravatar.com\/avatar\/75d8b050df2de108b08ae78dfb8e374892df24a383c67db9c46a9c604f6aee9c?s=96&d=mm&r=g","caption":"Reda\u00e7\u00e3o"},"sameAs":["https:\/\/brasilnoticias.org\/site"],"url":"https:\/\/brasilnoticias.org\/site\/author\/fernandozsngmail-com\/"}]}},"_links":{"self":[{"href":"https:\/\/brasilnoticias.org\/site\/wp-json\/wp\/v2\/posts\/3204","targetHints":{"allow":["GET"]}}],"collection":[{"href":"https:\/\/brasilnoticias.org\/site\/wp-json\/wp\/v2\/posts"}],"about":[{"href":"https:\/\/brasilnoticias.org\/site\/wp-json\/wp\/v2\/types\/post"}],"author":[{"embeddable":true,"href":"https:\/\/brasilnoticias.org\/site\/wp-json\/wp\/v2\/users\/1"}],"replies":[{"embeddable":true,"href":"https:\/\/brasilnoticias.org\/site\/wp-json\/wp\/v2\/comments?post=3204"}],"version-history":[{"count":1,"href":"https:\/\/brasilnoticias.org\/site\/wp-json\/wp\/v2\/posts\/3204\/revisions"}],"predecessor-version":[{"id":3206,"href":"https:\/\/brasilnoticias.org\/site\/wp-json\/wp\/v2\/posts\/3204\/revisions\/3206"}],"wp:featuredmedia":[{"embeddable":true,"href":"https:\/\/brasilnoticias.org\/site\/wp-json\/wp\/v2\/media\/3205"}],"wp:attachment":[{"href":"https:\/\/brasilnoticias.org\/site\/wp-json\/wp\/v2\/media?parent=3204"}],"wp:term":[{"taxonomy":"category","embeddable":true,"href":"https:\/\/brasilnoticias.org\/site\/wp-json\/wp\/v2\/categories?post=3204"},{"taxonomy":"post_tag","embeddable":true,"href":"https:\/\/brasilnoticias.org\/site\/wp-json\/wp\/v2\/tags?post=3204"}],"curies":[{"name":"wp","href":"https:\/\/api.w.org\/{rel}","templated":true}]}}