{"id":3207,"date":"2023-01-13T18:10:41","date_gmt":"2023-01-13T21:10:41","guid":{"rendered":"https:\/\/brasilnoticias.org\/site\/?p=3207"},"modified":"2023-01-13T12:30:00","modified_gmt":"2023-01-13T15:30:00","slug":"bolsonaro-concedeu-a-neymar-uma-das-maiores-honrarias-antes-de-deixar-cargo","status":"publish","type":"post","link":"https:\/\/brasilnoticias.org\/site\/bolsonaro-concedeu-a-neymar-uma-das-maiores-honrarias-antes-de-deixar-cargo\/","title":{"rendered":"Bolsonaro concedeu a Neymar uma das maiores honrarias antes de deixar cargo"},"content":{"rendered":"<p>Antes de deixar a presid\u00eancia, Jair Bolsonaro (PL) concedeu t\u00edtulos da Ordem de Rio Branco a diversas personalidades, militares e medalhistas de ouro ol\u00edmpico nos Jogos de T\u00f3quio, disputados em 2021. Entre eles est\u00e1 Neymar, que n\u00e3o esteve presente na conquista ol\u00edmpica do Brasil no Jap\u00e3o. O decreto foi oficializado no Di\u00e1rio Oficial da Uni\u00e3o (DOU), no dia 1\u00ba dezembro de 2022.<br \/>\nNeymar \u00e9 o \u00fanico atleta desta lista a receber a condecora\u00e7\u00e3o sem ter participado dos Jogos Ol\u00edmpicos de T\u00f3quio. Tamb\u00e9m foram homenageados em dezembro pelo governo federal os medalhistas de ouro ol\u00edmpico em 2021: as velejadoras Martine Grael e Kahena Kunze, a ginasta Rebeca Andrade, e o surfista \u00cdtalo Ferreira. Todos receberam a Ordem no grau de comendador.<\/p>\n<p>No DOU, Neymar \u00e9 classificado como &#8220;atleta&#8221; em sua condecora\u00e7\u00e3o. Al\u00e9m disso, outros medalhistas de ouro ol\u00edmpico em 2021 n\u00e3o foram agraciados pela honraria. Ana Marcela Cunha, da maratona aqu\u00e1tica, Hebert Concei\u00e7\u00e3o, do boxe, e Isaquias Queiroz, da canoagem, ficaram fora da lista.<\/p>\n<p>Essa \u00e9 a segunda honraria que Bolsonaro concedeu a Neymar. Em 2020, o ent\u00e3o presidente deu ao jogador a medalha Cruz do M\u00e9rito Desportivo, que tamb\u00e9m foi oferecida a outros 24 esportistas, dentre eles o ginasta Arthur Zanetti, o boxeador Robson Concei\u00e7\u00e3o e a judoca Sarah Menezes.<\/p>\n<p>A condecora\u00e7\u00e3o de Neymar \u00e0 Ordem acontece por meio de sugest\u00e3o da embaixada de Paris, ainda em fevereiro do \u00faltimo ano, para que o jogador recebesse a honraria. Para tal, foram destacadas sua medalha de ouro ol\u00edmpica, conquistada em 2016, seu desempenho na Fran\u00e7a, onde atua desde 2017, e sua presen\u00e7a nas redes sociais.<\/p>\n<p>Falecido no \u00faltimo m\u00eas, Pel\u00e9 \u00e9 um dos atletas brasileiros a ter recebido a condecora\u00e7\u00e3o da Ordem de Rio Branco, em 1969, das m\u00e3os de Em\u00edlio Garrastazu M\u00e9dici, ent\u00e3o presidente do Brasil e Gr\u00e3o-Mestre da Ordem. Em 2008, Cafu tamb\u00e9m foi agraciado com a honraria, no grau de Oficial. Aos 37 anos, o ent\u00e3o lateral-direito do Milan recebeu a medalha das m\u00e3os do c\u00f4nsul Antonio Augusto Dayrell de Lima, em cerim\u00f4nia realizada no consulado do Brasil, em Mil\u00e3o.<\/p>\n<p>A reportagem do Estad\u00e3o contatou a assessoria de Neymar, NR Sports, para comentar sobre o caso, mas n\u00e3o obteve resposta.<\/p>\n<p>O QUE \u00c9 A ORDEM DE RIO BRANCO?<\/p>\n<p>Institu\u00edda pelo ent\u00e3o presidente Jo\u00e3o Goulart no Decreto n\u00ba 51.697, de 5 de fevereiro de 1963, a Ordem de Rio Branco tem o objetivo de estimular a pr\u00e1tica de a\u00e7\u00f5es e feitos dignos de honrosa men\u00e7\u00e3o ao distinguir servi\u00e7os merit\u00f3rios e virtudes c\u00edvicas. Ela \u00e9 intitulada em homenagem ao Bar\u00e3o do Rio Branco, patrono da diplomacia brasileira.<\/p>\n<p>A condecora\u00e7\u00e3o consta de cinco graus: Gr\u00e3-Cruz, Grande Oficial, Comendador, Oficial e Cavaleiro, al\u00e9m de uma Medalha anexa \u00e0 Ordem. Todos os t\u00edtulos distribu\u00eddos por Jair Bolsonaro est\u00e3o no terceiro grau de import\u00e2ncia.<\/p>\n<p>&#8220;A ins\u00edgnia da Ordem \u00e9 uma cruz de quatro bra\u00e7os e oito pontas esmaltadas de branco, tendo no centro a esfera armilar, em prata dourada, inscrita, num c\u00edrculo de esmalte azul, a legenda &#8216;Ubique Patriae Memor&#8217;, do mesmo metal. No reverso dourado, as datas 1845-1912&#8221;, diz o Art. 2\u00ba do Regulamento.<\/p>\n<p>A Ordem de Rio Branco \u00e9 dividida em dois quadros: Ordin\u00e1rio e Suplementar. O primeiro, com vagas limitadas, re\u00fane os diplomatas brasileiros, enquanto o segundo condecora os diplomatas aposentados e todas as demais pessoas f\u00edsicas ou jur\u00eddicas, sejam nacionais ou estrangeiras, que venham a receber a Ordem.<\/p>\n<p>Segundo o portal oficial do governo, o Conselho da Ordem \u00e9 constitu\u00eddo pelo presidente da Rep\u00fablica, Gr\u00e3o-Mestre, pelo ministro de Estado das Rela\u00e7\u00f5es Exteriores, na qualidade de Chanceler, pelos chefes das Casas Civil e Militar da Presid\u00eancia da Rep\u00fablica e pelo secret\u00e1rio-geral do Minist\u00e9rio das Rela\u00e7\u00f5es Exteriores.<\/p>\n<p>RELA\u00c7\u00c3O DE NEYMAR E BOLSONARO<\/p>\n<p>A rela\u00e7\u00e3o entre Neymar e o ex-presidente Jair Bolsonaro \u00e9 antiga. Al\u00e9m de j\u00e1 ter recebido outras condecora\u00e7\u00f5es, ele declarou apoio durante sua campanha \u00e0 reelei\u00e7\u00e3o nas redes sociais, um v\u00eddeo em que faz uma coreografia em sintonia com uma m\u00fasica pedindo voto, em setembro do ano passado. O atacante j\u00e1 havia demonstrado sua proximidade com o presidente em outras oportunidades, mas o apoio ganhou for\u00e7a quando Bolsonaro fez uma visita ao Instituto Neymar J\u00fanior na cidade de Praia Grande, litoral de S\u00e3o Paulo.<\/p>\n<p>\u00c0 \u00e9poca, o atacante da sele\u00e7\u00e3o brasileira e do Paris Saint-Germain foi criticado nas redes sociais e ironizou quem reprovou o seu posicionamento. &#8220;Falam em democracia e um \u0091mont\u00e3o\u0092 de coisa, mas quando algu\u00e9m tem uma opini\u00e3o diferente \u00e9 atacado pelas pr\u00f3prias pessoas que falam em democracia.&#8221;<\/p>\n<p>O jogador tamb\u00e9m participou de uma live para ajudar na campanha \u00e0 reelei\u00e7\u00e3o do ent\u00e3o presidente. &#8220;Nunca falei isso em lugar nenhum, mas queria agradecer ao presidente, que, no momento mais dif\u00edcil da minha vida, foi o primeiro a se posicionar publicamente dizendo que estaria do meu lado&#8221;, afirmou.<\/p>\n<p>Neymar ainda citou o lema de campanha de Bolsonaro &#8211; &#8220;Brasil acima de tudo, Deus acima de todos&#8221; &#8211; antes de receber do presidente um apelo para convencer eleitores, durante a transmiss\u00e3o ao vivo, a votar nele. &#8220;Eu fico muito feliz de ver, ultimamente, bandeiras espalhadas pelo Brasil, n\u00e3o s\u00f3 pelo o que est\u00e1 em jogo, e sim pelo orgulho de ser brasileiro&#8221;, afirmou. &#8220;O que me motivou a expor a minha opini\u00e3o s\u00e3o os valores que o presidente carrega, que s\u00e3o bem parecidos comigo, com a minha fam\u00edlia, com tudo que a gente preza&#8221;, emendou o jogador, que tamb\u00e9m convocou outros atletas a se posicionarem na elei\u00e7\u00e3o.<\/p>\n<p>O atleta tamb\u00e9m prometeu que, caso marcasse na Copa do Mundo do Catar, dedicaria sua comemora\u00e7\u00e3o para Bolsonaro. O atacante marcou em duas oportunidades, diante da Coreia do Sul, nas oitavas de final, e contra a Cro\u00e1cia, nas quartas. Em nenhuma das ocasi\u00f5es dedicou seu gol ao ex-presidente.<\/p>\n<p>Em 2019, quando o atleta foi acusado de tentativa de estupro, Bolsonaro declarou que acreditava na inoc\u00eancia dele e chegou a encontr\u00e1-lo antes de uma partida da sele\u00e7\u00e3o brasileira no est\u00e1dio Man\u00e9 Garrincha, em Bras\u00edlia. &#8220;Espero dar um abra\u00e7o no Neymar antes do jogo. Est\u00e1 em um momento dif\u00edcil, mas acredito nele&#8221;, disse.<\/p>\n<p>No mesmo ano, o pai de Neymar esteve em Bras\u00edlia para uma reuni\u00e3o com o presidente Jair Bolsonaro. O empres\u00e1rio Neymar da Silva Santos foi recebido tamb\u00e9m pelo ministro da Economia, Paulo Guedes, para &#8220;prestar esclarecimentos&#8221; sobre processo contra o jogador que estava sendo avaliado pelo Conselho Administrativo de Recursos Fiscais (Carf).<\/p>\n<p>&nbsp;<\/p>\n<p>Foto Getty Images<br \/>\nNot\u00edcias ao minuto<\/p>\n<p>&nbsp;<\/p>\n<p>&nbsp;<\/p>\n","protected":false},"excerpt":{"rendered":"<p>Antes de deixar a presid\u00eancia, Jair Bolsonaro (PL) concedeu t\u00edtulos da Ordem de Rio Branco a diversas personalidades, militares e<\/p>\n","protected":false},"author":1,"featured_media":3208,"comment_status":"open","ping_status":"open","sticky":false,"template":"","format":"standard","meta":{"colormag_page_container_layout":"default_layout","colormag_page_sidebar_layout":"default_layout","_FSMCFIC_featured_image_caption":"","_FSMCFIC_featured_image_nocaption":"","_FSMCFIC_featured_image_hide":"","footnotes":""},"categories":[2,1],"tags":[],"class_list":["post-3207","post","type-post","status-publish","format-standard","has-post-thumbnail","hentry","category-noticias","category-ultimas"],"yoast_head":"<!-- This site is optimized with the Yoast SEO plugin v27.1.1 - https:\/\/yoast.com\/product\/yoast-seo-wordpress\/ -->\n<title>Bolsonaro concedeu a Neymar uma das maiores honrarias antes de deixar cargo - Brasil not\u00edcias<\/title>\n<meta name=\"robots\" content=\"index, follow, max-snippet:-1, max-image-preview:large, max-video-preview:-1\" \/>\n<link rel=\"canonical\" href=\"https:\/\/brasilnoticias.org\/site\/bolsonaro-concedeu-a-neymar-uma-das-maiores-honrarias-antes-de-deixar-cargo\/\" \/>\n<meta property=\"og:locale\" content=\"pt_PT\" \/>\n<meta property=\"og:type\" content=\"article\" \/>\n<meta property=\"og:title\" content=\"Bolsonaro concedeu a Neymar uma das maiores honrarias antes de deixar cargo - Brasil not\u00edcias\" \/>\n<meta property=\"og:description\" content=\"Antes de deixar a presid\u00eancia, Jair Bolsonaro (PL) concedeu t\u00edtulos da Ordem de Rio Branco a diversas personalidades, militares e\" \/>\n<meta property=\"og:url\" content=\"https:\/\/brasilnoticias.org\/site\/bolsonaro-concedeu-a-neymar-uma-das-maiores-honrarias-antes-de-deixar-cargo\/\" \/>\n<meta property=\"og:site_name\" content=\"Brasil not\u00edcias\" \/>\n<meta property=\"article:published_time\" content=\"2023-01-13T21:10:41+00:00\" \/>\n<meta property=\"og:image\" content=\"https:\/\/brasilnoticias.org\/site\/wp-content\/uploads\/2023\/01\/naom_6394719aa3fe3.jpg\" \/>\n\t<meta property=\"og:image:width\" content=\"960\" \/>\n\t<meta property=\"og:image:height\" content=\"540\" \/>\n\t<meta property=\"og:image:type\" content=\"image\/jpeg\" \/>\n<meta name=\"author\" content=\"Reda\u00e7\u00e3o\" \/>\n<meta name=\"twitter:card\" content=\"summary_large_image\" \/>\n<meta name=\"twitter:label1\" content=\"Escrito por\" \/>\n\t<meta name=\"twitter:data1\" content=\"Reda\u00e7\u00e3o\" \/>\n\t<meta name=\"twitter:label2\" content=\"Tempo estimado de leitura\" \/>\n\t<meta name=\"twitter:data2\" content=\"6 minutos\" \/>\n<script type=\"application\/ld+json\" class=\"yoast-schema-graph\">{\"@context\":\"https:\/\/schema.org\",\"@graph\":[{\"@type\":\"Article\",\"@id\":\"https:\/\/brasilnoticias.org\/site\/bolsonaro-concedeu-a-neymar-uma-das-maiores-honrarias-antes-de-deixar-cargo\/#article\",\"isPartOf\":{\"@id\":\"https:\/\/brasilnoticias.org\/site\/bolsonaro-concedeu-a-neymar-uma-das-maiores-honrarias-antes-de-deixar-cargo\/\"},\"author\":{\"name\":\"Reda\u00e7\u00e3o\",\"@id\":\"https:\/\/brasilnoticias.org\/site\/#\/schema\/person\/a0e05b973ec4d15c658d51911e53507b\"},\"headline\":\"Bolsonaro concedeu a Neymar uma das maiores honrarias antes de deixar cargo\",\"datePublished\":\"2023-01-13T21:10:41+00:00\",\"mainEntityOfPage\":{\"@id\":\"https:\/\/brasilnoticias.org\/site\/bolsonaro-concedeu-a-neymar-uma-das-maiores-honrarias-antes-de-deixar-cargo\/\"},\"wordCount\":1159,\"commentCount\":0,\"publisher\":{\"@id\":\"https:\/\/brasilnoticias.org\/site\/#organization\"},\"image\":{\"@id\":\"https:\/\/brasilnoticias.org\/site\/bolsonaro-concedeu-a-neymar-uma-das-maiores-honrarias-antes-de-deixar-cargo\/#primaryimage\"},\"thumbnailUrl\":\"https:\/\/brasilnoticias.org\/site\/wp-content\/uploads\/2023\/01\/naom_6394719aa3fe3.jpg\",\"articleSection\":[\"Not\u00edcias\",\"\u00daltimas\"],\"inLanguage\":\"pt-PT\",\"potentialAction\":[{\"@type\":\"CommentAction\",\"name\":\"Comment\",\"target\":[\"https:\/\/brasilnoticias.org\/site\/bolsonaro-concedeu-a-neymar-uma-das-maiores-honrarias-antes-de-deixar-cargo\/#respond\"]}]},{\"@type\":\"WebPage\",\"@id\":\"https:\/\/brasilnoticias.org\/site\/bolsonaro-concedeu-a-neymar-uma-das-maiores-honrarias-antes-de-deixar-cargo\/\",\"url\":\"https:\/\/brasilnoticias.org\/site\/bolsonaro-concedeu-a-neymar-uma-das-maiores-honrarias-antes-de-deixar-cargo\/\",\"name\":\"Bolsonaro concedeu a Neymar uma das maiores honrarias antes de deixar cargo - Brasil not\u00edcias\",\"isPartOf\":{\"@id\":\"https:\/\/brasilnoticias.org\/site\/#website\"},\"primaryImageOfPage\":{\"@id\":\"https:\/\/brasilnoticias.org\/site\/bolsonaro-concedeu-a-neymar-uma-das-maiores-honrarias-antes-de-deixar-cargo\/#primaryimage\"},\"image\":{\"@id\":\"https:\/\/brasilnoticias.org\/site\/bolsonaro-concedeu-a-neymar-uma-das-maiores-honrarias-antes-de-deixar-cargo\/#primaryimage\"},\"thumbnailUrl\":\"https:\/\/brasilnoticias.org\/site\/wp-content\/uploads\/2023\/01\/naom_6394719aa3fe3.jpg\",\"datePublished\":\"2023-01-13T21:10:41+00:00\",\"breadcrumb\":{\"@id\":\"https:\/\/brasilnoticias.org\/site\/bolsonaro-concedeu-a-neymar-uma-das-maiores-honrarias-antes-de-deixar-cargo\/#breadcrumb\"},\"inLanguage\":\"pt-PT\",\"potentialAction\":[{\"@type\":\"ReadAction\",\"target\":[\"https:\/\/brasilnoticias.org\/site\/bolsonaro-concedeu-a-neymar-uma-das-maiores-honrarias-antes-de-deixar-cargo\/\"]}]},{\"@type\":\"ImageObject\",\"inLanguage\":\"pt-PT\",\"@id\":\"https:\/\/brasilnoticias.org\/site\/bolsonaro-concedeu-a-neymar-uma-das-maiores-honrarias-antes-de-deixar-cargo\/#primaryimage\",\"url\":\"https:\/\/brasilnoticias.org\/site\/wp-content\/uploads\/2023\/01\/naom_6394719aa3fe3.jpg\",\"contentUrl\":\"https:\/\/brasilnoticias.org\/site\/wp-content\/uploads\/2023\/01\/naom_6394719aa3fe3.jpg\",\"width\":960,\"height\":540},{\"@type\":\"BreadcrumbList\",\"@id\":\"https:\/\/brasilnoticias.org\/site\/bolsonaro-concedeu-a-neymar-uma-das-maiores-honrarias-antes-de-deixar-cargo\/#breadcrumb\",\"itemListElement\":[{\"@type\":\"ListItem\",\"position\":1,\"name\":\"In\u00edcio\",\"item\":\"https:\/\/brasilnoticias.org\/site\/\"},{\"@type\":\"ListItem\",\"position\":2,\"name\":\"Bolsonaro concedeu a Neymar uma das maiores honrarias antes de deixar cargo\"}]},{\"@type\":\"WebSite\",\"@id\":\"https:\/\/brasilnoticias.org\/site\/#website\",\"url\":\"https:\/\/brasilnoticias.org\/site\/\",\"name\":\"Brasil not\u00edcias\",\"description\":\"Brasil not\u00edcias\",\"publisher\":{\"@id\":\"https:\/\/brasilnoticias.org\/site\/#organization\"},\"potentialAction\":[{\"@type\":\"SearchAction\",\"target\":{\"@type\":\"EntryPoint\",\"urlTemplate\":\"https:\/\/brasilnoticias.org\/site\/?s={search_term_string}\"},\"query-input\":{\"@type\":\"PropertyValueSpecification\",\"valueRequired\":true,\"valueName\":\"search_term_string\"}}],\"inLanguage\":\"pt-PT\"},{\"@type\":\"Organization\",\"@id\":\"https:\/\/brasilnoticias.org\/site\/#organization\",\"name\":\"Brasil not\u00edcias\",\"url\":\"https:\/\/brasilnoticias.org\/site\/\",\"logo\":{\"@type\":\"ImageObject\",\"inLanguage\":\"pt-PT\",\"@id\":\"https:\/\/brasilnoticias.org\/site\/#\/schema\/logo\/image\/\",\"url\":\"https:\/\/brasilnoticias.org\/site\/wp-content\/uploads\/2022\/05\/cropped-brasilnoticias-mini.jpg\",\"contentUrl\":\"https:\/\/brasilnoticias.org\/site\/wp-content\/uploads\/2022\/05\/cropped-brasilnoticias-mini.jpg\",\"width\":314,\"height\":86,\"caption\":\"Brasil not\u00edcias\"},\"image\":{\"@id\":\"https:\/\/brasilnoticias.org\/site\/#\/schema\/logo\/image\/\"}},{\"@type\":\"Person\",\"@id\":\"https:\/\/brasilnoticias.org\/site\/#\/schema\/person\/a0e05b973ec4d15c658d51911e53507b\",\"name\":\"Reda\u00e7\u00e3o\",\"image\":{\"@type\":\"ImageObject\",\"inLanguage\":\"pt-PT\",\"@id\":\"https:\/\/brasilnoticias.org\/site\/#\/schema\/person\/image\/\",\"url\":\"https:\/\/secure.gravatar.com\/avatar\/75d8b050df2de108b08ae78dfb8e374892df24a383c67db9c46a9c604f6aee9c?s=96&d=mm&r=g\",\"contentUrl\":\"https:\/\/secure.gravatar.com\/avatar\/75d8b050df2de108b08ae78dfb8e374892df24a383c67db9c46a9c604f6aee9c?s=96&d=mm&r=g\",\"caption\":\"Reda\u00e7\u00e3o\"},\"sameAs\":[\"https:\/\/brasilnoticias.org\/site\"],\"url\":\"https:\/\/brasilnoticias.org\/site\/author\/fernandozsngmail-com\/\"}]}<\/script>\n<!-- \/ Yoast SEO plugin. -->","yoast_head_json":{"title":"Bolsonaro concedeu a Neymar uma das maiores honrarias antes de deixar cargo - Brasil not\u00edcias","robots":{"index":"index","follow":"follow","max-snippet":"max-snippet:-1","max-image-preview":"max-image-preview:large","max-video-preview":"max-video-preview:-1"},"canonical":"https:\/\/brasilnoticias.org\/site\/bolsonaro-concedeu-a-neymar-uma-das-maiores-honrarias-antes-de-deixar-cargo\/","og_locale":"pt_PT","og_type":"article","og_title":"Bolsonaro concedeu a Neymar uma das maiores honrarias antes de deixar cargo - Brasil not\u00edcias","og_description":"Antes de deixar a presid\u00eancia, Jair Bolsonaro (PL) concedeu t\u00edtulos da Ordem de Rio Branco a diversas personalidades, militares e","og_url":"https:\/\/brasilnoticias.org\/site\/bolsonaro-concedeu-a-neymar-uma-das-maiores-honrarias-antes-de-deixar-cargo\/","og_site_name":"Brasil not\u00edcias","article_published_time":"2023-01-13T21:10:41+00:00","og_image":[{"width":960,"height":540,"url":"https:\/\/brasilnoticias.org\/site\/wp-content\/uploads\/2023\/01\/naom_6394719aa3fe3.jpg","type":"image\/jpeg"}],"author":"Reda\u00e7\u00e3o","twitter_card":"summary_large_image","twitter_misc":{"Escrito por":"Reda\u00e7\u00e3o","Tempo estimado de leitura":"6 minutos"},"schema":{"@context":"https:\/\/schema.org","@graph":[{"@type":"Article","@id":"https:\/\/brasilnoticias.org\/site\/bolsonaro-concedeu-a-neymar-uma-das-maiores-honrarias-antes-de-deixar-cargo\/#article","isPartOf":{"@id":"https:\/\/brasilnoticias.org\/site\/bolsonaro-concedeu-a-neymar-uma-das-maiores-honrarias-antes-de-deixar-cargo\/"},"author":{"name":"Reda\u00e7\u00e3o","@id":"https:\/\/brasilnoticias.org\/site\/#\/schema\/person\/a0e05b973ec4d15c658d51911e53507b"},"headline":"Bolsonaro concedeu a Neymar uma das maiores honrarias antes de deixar cargo","datePublished":"2023-01-13T21:10:41+00:00","mainEntityOfPage":{"@id":"https:\/\/brasilnoticias.org\/site\/bolsonaro-concedeu-a-neymar-uma-das-maiores-honrarias-antes-de-deixar-cargo\/"},"wordCount":1159,"commentCount":0,"publisher":{"@id":"https:\/\/brasilnoticias.org\/site\/#organization"},"image":{"@id":"https:\/\/brasilnoticias.org\/site\/bolsonaro-concedeu-a-neymar-uma-das-maiores-honrarias-antes-de-deixar-cargo\/#primaryimage"},"thumbnailUrl":"https:\/\/brasilnoticias.org\/site\/wp-content\/uploads\/2023\/01\/naom_6394719aa3fe3.jpg","articleSection":["Not\u00edcias","\u00daltimas"],"inLanguage":"pt-PT","potentialAction":[{"@type":"CommentAction","name":"Comment","target":["https:\/\/brasilnoticias.org\/site\/bolsonaro-concedeu-a-neymar-uma-das-maiores-honrarias-antes-de-deixar-cargo\/#respond"]}]},{"@type":"WebPage","@id":"https:\/\/brasilnoticias.org\/site\/bolsonaro-concedeu-a-neymar-uma-das-maiores-honrarias-antes-de-deixar-cargo\/","url":"https:\/\/brasilnoticias.org\/site\/bolsonaro-concedeu-a-neymar-uma-das-maiores-honrarias-antes-de-deixar-cargo\/","name":"Bolsonaro concedeu a Neymar uma das maiores honrarias antes de deixar cargo - Brasil not\u00edcias","isPartOf":{"@id":"https:\/\/brasilnoticias.org\/site\/#website"},"primaryImageOfPage":{"@id":"https:\/\/brasilnoticias.org\/site\/bolsonaro-concedeu-a-neymar-uma-das-maiores-honrarias-antes-de-deixar-cargo\/#primaryimage"},"image":{"@id":"https:\/\/brasilnoticias.org\/site\/bolsonaro-concedeu-a-neymar-uma-das-maiores-honrarias-antes-de-deixar-cargo\/#primaryimage"},"thumbnailUrl":"https:\/\/brasilnoticias.org\/site\/wp-content\/uploads\/2023\/01\/naom_6394719aa3fe3.jpg","datePublished":"2023-01-13T21:10:41+00:00","breadcrumb":{"@id":"https:\/\/brasilnoticias.org\/site\/bolsonaro-concedeu-a-neymar-uma-das-maiores-honrarias-antes-de-deixar-cargo\/#breadcrumb"},"inLanguage":"pt-PT","potentialAction":[{"@type":"ReadAction","target":["https:\/\/brasilnoticias.org\/site\/bolsonaro-concedeu-a-neymar-uma-das-maiores-honrarias-antes-de-deixar-cargo\/"]}]},{"@type":"ImageObject","inLanguage":"pt-PT","@id":"https:\/\/brasilnoticias.org\/site\/bolsonaro-concedeu-a-neymar-uma-das-maiores-honrarias-antes-de-deixar-cargo\/#primaryimage","url":"https:\/\/brasilnoticias.org\/site\/wp-content\/uploads\/2023\/01\/naom_6394719aa3fe3.jpg","contentUrl":"https:\/\/brasilnoticias.org\/site\/wp-content\/uploads\/2023\/01\/naom_6394719aa3fe3.jpg","width":960,"height":540},{"@type":"BreadcrumbList","@id":"https:\/\/brasilnoticias.org\/site\/bolsonaro-concedeu-a-neymar-uma-das-maiores-honrarias-antes-de-deixar-cargo\/#breadcrumb","itemListElement":[{"@type":"ListItem","position":1,"name":"In\u00edcio","item":"https:\/\/brasilnoticias.org\/site\/"},{"@type":"ListItem","position":2,"name":"Bolsonaro concedeu a Neymar uma das maiores honrarias antes de deixar cargo"}]},{"@type":"WebSite","@id":"https:\/\/brasilnoticias.org\/site\/#website","url":"https:\/\/brasilnoticias.org\/site\/","name":"Brasil not\u00edcias","description":"Brasil not\u00edcias","publisher":{"@id":"https:\/\/brasilnoticias.org\/site\/#organization"},"potentialAction":[{"@type":"SearchAction","target":{"@type":"EntryPoint","urlTemplate":"https:\/\/brasilnoticias.org\/site\/?s={search_term_string}"},"query-input":{"@type":"PropertyValueSpecification","valueRequired":true,"valueName":"search_term_string"}}],"inLanguage":"pt-PT"},{"@type":"Organization","@id":"https:\/\/brasilnoticias.org\/site\/#organization","name":"Brasil not\u00edcias","url":"https:\/\/brasilnoticias.org\/site\/","logo":{"@type":"ImageObject","inLanguage":"pt-PT","@id":"https:\/\/brasilnoticias.org\/site\/#\/schema\/logo\/image\/","url":"https:\/\/brasilnoticias.org\/site\/wp-content\/uploads\/2022\/05\/cropped-brasilnoticias-mini.jpg","contentUrl":"https:\/\/brasilnoticias.org\/site\/wp-content\/uploads\/2022\/05\/cropped-brasilnoticias-mini.jpg","width":314,"height":86,"caption":"Brasil not\u00edcias"},"image":{"@id":"https:\/\/brasilnoticias.org\/site\/#\/schema\/logo\/image\/"}},{"@type":"Person","@id":"https:\/\/brasilnoticias.org\/site\/#\/schema\/person\/a0e05b973ec4d15c658d51911e53507b","name":"Reda\u00e7\u00e3o","image":{"@type":"ImageObject","inLanguage":"pt-PT","@id":"https:\/\/brasilnoticias.org\/site\/#\/schema\/person\/image\/","url":"https:\/\/secure.gravatar.com\/avatar\/75d8b050df2de108b08ae78dfb8e374892df24a383c67db9c46a9c604f6aee9c?s=96&d=mm&r=g","contentUrl":"https:\/\/secure.gravatar.com\/avatar\/75d8b050df2de108b08ae78dfb8e374892df24a383c67db9c46a9c604f6aee9c?s=96&d=mm&r=g","caption":"Reda\u00e7\u00e3o"},"sameAs":["https:\/\/brasilnoticias.org\/site"],"url":"https:\/\/brasilnoticias.org\/site\/author\/fernandozsngmail-com\/"}]}},"_links":{"self":[{"href":"https:\/\/brasilnoticias.org\/site\/wp-json\/wp\/v2\/posts\/3207","targetHints":{"allow":["GET"]}}],"collection":[{"href":"https:\/\/brasilnoticias.org\/site\/wp-json\/wp\/v2\/posts"}],"about":[{"href":"https:\/\/brasilnoticias.org\/site\/wp-json\/wp\/v2\/types\/post"}],"author":[{"embeddable":true,"href":"https:\/\/brasilnoticias.org\/site\/wp-json\/wp\/v2\/users\/1"}],"replies":[{"embeddable":true,"href":"https:\/\/brasilnoticias.org\/site\/wp-json\/wp\/v2\/comments?post=3207"}],"version-history":[{"count":1,"href":"https:\/\/brasilnoticias.org\/site\/wp-json\/wp\/v2\/posts\/3207\/revisions"}],"predecessor-version":[{"id":3209,"href":"https:\/\/brasilnoticias.org\/site\/wp-json\/wp\/v2\/posts\/3207\/revisions\/3209"}],"wp:featuredmedia":[{"embeddable":true,"href":"https:\/\/brasilnoticias.org\/site\/wp-json\/wp\/v2\/media\/3208"}],"wp:attachment":[{"href":"https:\/\/brasilnoticias.org\/site\/wp-json\/wp\/v2\/media?parent=3207"}],"wp:term":[{"taxonomy":"category","embeddable":true,"href":"https:\/\/brasilnoticias.org\/site\/wp-json\/wp\/v2\/categories?post=3207"},{"taxonomy":"post_tag","embeddable":true,"href":"https:\/\/brasilnoticias.org\/site\/wp-json\/wp\/v2\/tags?post=3207"}],"curies":[{"name":"wp","href":"https:\/\/api.w.org\/{rel}","templated":true}]}}