{"id":321,"date":"2022-05-18T13:19:08","date_gmt":"2022-05-18T16:19:08","guid":{"rendered":"https:\/\/brasilnoticias.org\/site\/?p=321"},"modified":"2022-05-18T13:19:08","modified_gmt":"2022-05-18T16:19:08","slug":"andre-spinola-prestigia-entrega-do-memorial-das-baianas-de-acaraje","status":"publish","type":"post","link":"https:\/\/brasilnoticias.org\/site\/andre-spinola-prestigia-entrega-do-memorial-das-baianas-de-acaraje\/","title":{"rendered":"Andr\u00e9 Sp\u00ednola prestigia entrega do Memorial das Baianas de Acaraj\u00e9"},"content":{"rendered":"<p>O Diretor da R\u00e1dio Massa FM 100.7 e Pr\u00e9-Candidato a Deputado Federal, Andr\u00e9 Sp\u00ednola esteve presente na entrega do Memorial das Baianas de Acaraj\u00e9, na pra\u00e7a da S\u00e9 em Salvador. Ap\u00f3s passar por obras de revitaliza\u00e7\u00e3o, o Memorial foi entregue \u00e0 cidade nesta ter\u00e7a-feira (17) pelo Prefeito Bruno Reis. Esse que \u00e9 um dos importantes equipamentos hist\u00f3ricos e culturais de Salvador, voltou a integrar a lista de atrativos dos soteropolitanos e turistas que visitarem a regi\u00e3o do Centro Hist\u00f3rico.<\/p>\n<p><img loading=\"lazy\" decoding=\"async\" class=\"alignnone size-medium wp-image-322\" src=\"https:\/\/brasilnoticias.org\/site\/wp-content\/uploads\/2022\/05\/WhatsApp-Image-2022-05-17-at-20.55.46.-300x225.jpg\" alt=\"\" width=\"300\" height=\"225\" srcset=\"https:\/\/brasilnoticias.org\/site\/wp-content\/uploads\/2022\/05\/WhatsApp-Image-2022-05-17-at-20.55.46.-300x225.jpg 300w, https:\/\/brasilnoticias.org\/site\/wp-content\/uploads\/2022\/05\/WhatsApp-Image-2022-05-17-at-20.55.46.-768x576.jpg 768w, https:\/\/brasilnoticias.org\/site\/wp-content\/uploads\/2022\/05\/WhatsApp-Image-2022-05-17-at-20.55.46..jpg 1024w\" sizes=\"auto, (max-width: 300px) 100vw, 300px\" \/><\/p>\n<p>\u201cAs baianas s\u00e3o um dos principais s\u00edmbolos da cidade e projetam Salvador para o Brasil e para o mundo, s\u00e3o mulheres de fibra e que produzem um quitute que \u00e9 conhecido nos quatro cantos do planeta. Aqui \u00e9 um reconhecimento da hist\u00f3ria das baianas, \u00e9 mais um ponto de visita\u00e7\u00e3o, mais um equipamento para receber turistas e soteropolitanos, e tenho certeza que esse novo memorial ser\u00e1 um sucesso\u201d, declarou o Prefeito.<\/p>\n<p><img loading=\"lazy\" decoding=\"async\" class=\"alignnone size-medium wp-image-323\" src=\"https:\/\/brasilnoticias.org\/site\/wp-content\/uploads\/2022\/05\/WhatsApp-Image-2022-05-17-at-20.56.30.-300x200.jpg\" alt=\"\" width=\"300\" height=\"200\" srcset=\"https:\/\/brasilnoticias.org\/site\/wp-content\/uploads\/2022\/05\/WhatsApp-Image-2022-05-17-at-20.56.30.-300x200.jpg 300w, https:\/\/brasilnoticias.org\/site\/wp-content\/uploads\/2022\/05\/WhatsApp-Image-2022-05-17-at-20.56.30.-768x512.jpg 768w, https:\/\/brasilnoticias.org\/site\/wp-content\/uploads\/2022\/05\/WhatsApp-Image-2022-05-17-at-20.56.30..jpg 1024w\" sizes=\"auto, (max-width: 300px) 100vw, 300px\" \/><\/p>\n<p>A iniciativa teve objetivo de resgatar a fun\u00e7\u00e3o do espa\u00e7o para exposi\u00e7\u00e3o permanente da hist\u00f3ria das baianas e para realiza\u00e7\u00e3o de eventos e divulga\u00e7\u00e3o da gastronomia regional, especialmente do acaraj\u00e9. O projeto foi elaborado pela Funda\u00e7\u00e3o M\u00e1rio Leal Ferreira (FMLF) e contou com investimento de R$545,4 mil.<br \/>\n<img loading=\"lazy\" decoding=\"async\" class=\"alignnone size-medium wp-image-324\" src=\"https:\/\/brasilnoticias.org\/site\/wp-content\/uploads\/2022\/05\/WhatsApp-Image-2022-05-17-at-20.57.39.-300x229.jpg\" alt=\"\" width=\"300\" height=\"229\" srcset=\"https:\/\/brasilnoticias.org\/site\/wp-content\/uploads\/2022\/05\/WhatsApp-Image-2022-05-17-at-20.57.39.-300x229.jpg 300w, https:\/\/brasilnoticias.org\/site\/wp-content\/uploads\/2022\/05\/WhatsApp-Image-2022-05-17-at-20.57.39.-768x586.jpg 768w, https:\/\/brasilnoticias.org\/site\/wp-content\/uploads\/2022\/05\/WhatsApp-Image-2022-05-17-at-20.57.39..jpg 1024w\" sizes=\"auto, (max-width: 300px) 100vw, 300px\" \/><\/p>\n<p>O Memorial foi inaugurado em 2009, com o objetivo de\u00a0 integrar diferentes espa\u00e7os: cozinha, sala de oficinas, salas de exposi\u00e7\u00e3o e centro de refer\u00eancia, numa perspectiva de difundir conhecimentos sobre o of\u00edcio da baiana de acaraj\u00e9, que \u00e9 patrim\u00f4nio cultural brasileiro, reconhecido pelo Instituto do Patrim\u00f4nio Hist\u00f3rico e Art\u00edstico Nacional (Iphan), em 14 de janeiro de 2005, no Livro de Registro dos Saberes. &#8220;Salvador \u00e9 uma cidade plural e cheia de cultura e de ricas tradi\u00e7\u00f5es. Fico feliz em ver um equipamento como esse que valoriza, difunde e resgata a cultura das Baianas de Acaraj\u00e9, elas s\u00e3o patrim\u00f4nio da nossa cultura. Esse memorial \u00e9 importante para todas as baianas de acaraj\u00e9 do Brasil&#8221;, disse Andr\u00e9 Sp\u00ednola.<\/p>\n<p><img loading=\"lazy\" decoding=\"async\" class=\"alignnone size-medium wp-image-325\" src=\"https:\/\/brasilnoticias.org\/site\/wp-content\/uploads\/2022\/05\/WhatsApp-Image-2022-05-17-at-20.57.04.-300x200.jpg\" alt=\"\" width=\"300\" height=\"200\" srcset=\"https:\/\/brasilnoticias.org\/site\/wp-content\/uploads\/2022\/05\/WhatsApp-Image-2022-05-17-at-20.57.04.-300x200.jpg 300w, https:\/\/brasilnoticias.org\/site\/wp-content\/uploads\/2022\/05\/WhatsApp-Image-2022-05-17-at-20.57.04.-768x512.jpg 768w, https:\/\/brasilnoticias.org\/site\/wp-content\/uploads\/2022\/05\/WhatsApp-Image-2022-05-17-at-20.57.04..jpg 1024w\" sizes=\"auto, (max-width: 300px) 100vw, 300px\" \/><\/p>\n<p>Outras autoridades tamb\u00e9m marcaram presen\u00e7a no evento: a Vice-prefeita de salvador Ana Paula Matos, os Vereadores Luis Carlos, Cl\u00e1udio Tin\u00f4co, Alberto Braga e Palhinha, al\u00e9m do Deputado Federal M\u00e1rcio Marinho, do Diretor de Ilumina\u00e7\u00e3o J\u00fanior Magalh\u00e3es do sub Prefeito de Brotas Alan Muniz, v\u00e1rias Baianas de Acaraj\u00e9 e lideran\u00e7as Comunit\u00e1rias.<\/p>\n<p>&nbsp;<\/p>\n<p><em>Com informa\u00e7\u00f5es da Secom<\/em><\/p>\n","protected":false},"excerpt":{"rendered":"<p>O Diretor da R\u00e1dio Massa FM 100.7 e Pr\u00e9-Candidato a Deputado Federal, Andr\u00e9 Sp\u00ednola esteve presente na entrega do Memorial<\/p>\n","protected":false},"author":2,"featured_media":327,"comment_status":"open","ping_status":"open","sticky":false,"template":"","format":"standard","meta":{"colormag_page_container_layout":"default_layout","colormag_page_sidebar_layout":"default_layout","_FSMCFIC_featured_image_caption":"","_FSMCFIC_featured_image_nocaption":"","_FSMCFIC_featured_image_hide":"","footnotes":""},"categories":[2,1],"tags":[],"class_list":["post-321","post","type-post","status-publish","format-standard","has-post-thumbnail","hentry","category-noticias","category-ultimas"],"yoast_head":"<!-- This site is optimized with the Yoast SEO plugin v27.1.1 - https:\/\/yoast.com\/product\/yoast-seo-wordpress\/ -->\n<title>Andr\u00e9 Sp\u00ednola prestigia entrega do Memorial das Baianas de Acaraj\u00e9 - Brasil not\u00edcias<\/title>\n<meta name=\"robots\" content=\"index, follow, max-snippet:-1, max-image-preview:large, max-video-preview:-1\" \/>\n<link rel=\"canonical\" href=\"https:\/\/brasilnoticias.org\/site\/andre-spinola-prestigia-entrega-do-memorial-das-baianas-de-acaraje\/\" \/>\n<meta property=\"og:locale\" content=\"pt_PT\" \/>\n<meta property=\"og:type\" content=\"article\" \/>\n<meta property=\"og:title\" content=\"Andr\u00e9 Sp\u00ednola prestigia entrega do Memorial das Baianas de Acaraj\u00e9 - Brasil not\u00edcias\" \/>\n<meta property=\"og:description\" content=\"O Diretor da R\u00e1dio Massa FM 100.7 e Pr\u00e9-Candidato a Deputado Federal, Andr\u00e9 Sp\u00ednola esteve presente na entrega do Memorial\" \/>\n<meta property=\"og:url\" content=\"https:\/\/brasilnoticias.org\/site\/andre-spinola-prestigia-entrega-do-memorial-das-baianas-de-acaraje\/\" \/>\n<meta property=\"og:site_name\" content=\"Brasil not\u00edcias\" \/>\n<meta property=\"article:published_time\" content=\"2022-05-18T16:19:08+00:00\" \/>\n<meta property=\"og:image\" content=\"https:\/\/brasilnoticias.org\/site\/wp-content\/uploads\/2022\/05\/Screenshot_20220518-131228-7052.png\" \/>\n\t<meta property=\"og:image:width\" content=\"490\" \/>\n\t<meta property=\"og:image:height\" content=\"354\" \/>\n\t<meta property=\"og:image:type\" content=\"image\/png\" \/>\n<meta name=\"author\" content=\"Reda\u00e7\u00e3o\" \/>\n<meta name=\"twitter:card\" content=\"summary_large_image\" \/>\n<meta name=\"twitter:label1\" content=\"Escrito por\" \/>\n\t<meta name=\"twitter:data1\" content=\"Reda\u00e7\u00e3o\" \/>\n\t<meta name=\"twitter:label2\" content=\"Tempo estimado de leitura\" \/>\n\t<meta name=\"twitter:data2\" content=\"2 minutos\" \/>\n<script type=\"application\/ld+json\" class=\"yoast-schema-graph\">{\"@context\":\"https:\/\/schema.org\",\"@graph\":[{\"@type\":\"Article\",\"@id\":\"https:\/\/brasilnoticias.org\/site\/andre-spinola-prestigia-entrega-do-memorial-das-baianas-de-acaraje\/#article\",\"isPartOf\":{\"@id\":\"https:\/\/brasilnoticias.org\/site\/andre-spinola-prestigia-entrega-do-memorial-das-baianas-de-acaraje\/\"},\"author\":{\"name\":\"Reda\u00e7\u00e3o\",\"@id\":\"https:\/\/brasilnoticias.org\/site\/#\/schema\/person\/f609fa847b5314f1c8b983342f34c798\"},\"headline\":\"Andr\u00e9 Sp\u00ednola prestigia entrega do Memorial das Baianas de Acaraj\u00e9\",\"datePublished\":\"2022-05-18T16:19:08+00:00\",\"mainEntityOfPage\":{\"@id\":\"https:\/\/brasilnoticias.org\/site\/andre-spinola-prestigia-entrega-do-memorial-das-baianas-de-acaraje\/\"},\"wordCount\":414,\"commentCount\":0,\"publisher\":{\"@id\":\"https:\/\/brasilnoticias.org\/site\/#organization\"},\"image\":{\"@id\":\"https:\/\/brasilnoticias.org\/site\/andre-spinola-prestigia-entrega-do-memorial-das-baianas-de-acaraje\/#primaryimage\"},\"thumbnailUrl\":\"https:\/\/brasilnoticias.org\/site\/wp-content\/uploads\/2022\/05\/Screenshot_20220518-131228-7052.png\",\"articleSection\":[\"Not\u00edcias\",\"\u00daltimas\"],\"inLanguage\":\"pt-PT\",\"potentialAction\":[{\"@type\":\"CommentAction\",\"name\":\"Comment\",\"target\":[\"https:\/\/brasilnoticias.org\/site\/andre-spinola-prestigia-entrega-do-memorial-das-baianas-de-acaraje\/#respond\"]}]},{\"@type\":\"WebPage\",\"@id\":\"https:\/\/brasilnoticias.org\/site\/andre-spinola-prestigia-entrega-do-memorial-das-baianas-de-acaraje\/\",\"url\":\"https:\/\/brasilnoticias.org\/site\/andre-spinola-prestigia-entrega-do-memorial-das-baianas-de-acaraje\/\",\"name\":\"Andr\u00e9 Sp\u00ednola prestigia entrega do Memorial das Baianas de Acaraj\u00e9 - Brasil not\u00edcias\",\"isPartOf\":{\"@id\":\"https:\/\/brasilnoticias.org\/site\/#website\"},\"primaryImageOfPage\":{\"@id\":\"https:\/\/brasilnoticias.org\/site\/andre-spinola-prestigia-entrega-do-memorial-das-baianas-de-acaraje\/#primaryimage\"},\"image\":{\"@id\":\"https:\/\/brasilnoticias.org\/site\/andre-spinola-prestigia-entrega-do-memorial-das-baianas-de-acaraje\/#primaryimage\"},\"thumbnailUrl\":\"https:\/\/brasilnoticias.org\/site\/wp-content\/uploads\/2022\/05\/Screenshot_20220518-131228-7052.png\",\"datePublished\":\"2022-05-18T16:19:08+00:00\",\"breadcrumb\":{\"@id\":\"https:\/\/brasilnoticias.org\/site\/andre-spinola-prestigia-entrega-do-memorial-das-baianas-de-acaraje\/#breadcrumb\"},\"inLanguage\":\"pt-PT\",\"potentialAction\":[{\"@type\":\"ReadAction\",\"target\":[\"https:\/\/brasilnoticias.org\/site\/andre-spinola-prestigia-entrega-do-memorial-das-baianas-de-acaraje\/\"]}]},{\"@type\":\"ImageObject\",\"inLanguage\":\"pt-PT\",\"@id\":\"https:\/\/brasilnoticias.org\/site\/andre-spinola-prestigia-entrega-do-memorial-das-baianas-de-acaraje\/#primaryimage\",\"url\":\"https:\/\/brasilnoticias.org\/site\/wp-content\/uploads\/2022\/05\/Screenshot_20220518-131228-7052.png\",\"contentUrl\":\"https:\/\/brasilnoticias.org\/site\/wp-content\/uploads\/2022\/05\/Screenshot_20220518-131228-7052.png\",\"width\":490,\"height\":354},{\"@type\":\"BreadcrumbList\",\"@id\":\"https:\/\/brasilnoticias.org\/site\/andre-spinola-prestigia-entrega-do-memorial-das-baianas-de-acaraje\/#breadcrumb\",\"itemListElement\":[{\"@type\":\"ListItem\",\"position\":1,\"name\":\"In\u00edcio\",\"item\":\"https:\/\/brasilnoticias.org\/site\/\"},{\"@type\":\"ListItem\",\"position\":2,\"name\":\"Andr\u00e9 Sp\u00ednola prestigia entrega do Memorial das Baianas de Acaraj\u00e9\"}]},{\"@type\":\"WebSite\",\"@id\":\"https:\/\/brasilnoticias.org\/site\/#website\",\"url\":\"https:\/\/brasilnoticias.org\/site\/\",\"name\":\"Brasil not\u00edcias\",\"description\":\"Brasil not\u00edcias\",\"publisher\":{\"@id\":\"https:\/\/brasilnoticias.org\/site\/#organization\"},\"potentialAction\":[{\"@type\":\"SearchAction\",\"target\":{\"@type\":\"EntryPoint\",\"urlTemplate\":\"https:\/\/brasilnoticias.org\/site\/?s={search_term_string}\"},\"query-input\":{\"@type\":\"PropertyValueSpecification\",\"valueRequired\":true,\"valueName\":\"search_term_string\"}}],\"inLanguage\":\"pt-PT\"},{\"@type\":\"Organization\",\"@id\":\"https:\/\/brasilnoticias.org\/site\/#organization\",\"name\":\"Brasil not\u00edcias\",\"url\":\"https:\/\/brasilnoticias.org\/site\/\",\"logo\":{\"@type\":\"ImageObject\",\"inLanguage\":\"pt-PT\",\"@id\":\"https:\/\/brasilnoticias.org\/site\/#\/schema\/logo\/image\/\",\"url\":\"https:\/\/brasilnoticias.org\/site\/wp-content\/uploads\/2022\/05\/cropped-brasilnoticias-mini.jpg\",\"contentUrl\":\"https:\/\/brasilnoticias.org\/site\/wp-content\/uploads\/2022\/05\/cropped-brasilnoticias-mini.jpg\",\"width\":314,\"height\":86,\"caption\":\"Brasil not\u00edcias\"},\"image\":{\"@id\":\"https:\/\/brasilnoticias.org\/site\/#\/schema\/logo\/image\/\"}},{\"@type\":\"Person\",\"@id\":\"https:\/\/brasilnoticias.org\/site\/#\/schema\/person\/f609fa847b5314f1c8b983342f34c798\",\"name\":\"Reda\u00e7\u00e3o\",\"image\":{\"@type\":\"ImageObject\",\"inLanguage\":\"pt-PT\",\"@id\":\"https:\/\/brasilnoticias.org\/site\/#\/schema\/person\/image\/\",\"url\":\"https:\/\/secure.gravatar.com\/avatar\/447284c06c1ad8b46465a36de9cd0d8326b73387a22799b8b1ffb1fbcff2ed0c?s=96&d=mm&r=g\",\"contentUrl\":\"https:\/\/secure.gravatar.com\/avatar\/447284c06c1ad8b46465a36de9cd0d8326b73387a22799b8b1ffb1fbcff2ed0c?s=96&d=mm&r=g\",\"caption\":\"Reda\u00e7\u00e3o\"},\"url\":\"https:\/\/brasilnoticias.org\/site\/author\/redacao\/\"}]}<\/script>\n<!-- \/ Yoast SEO plugin. -->","yoast_head_json":{"title":"Andr\u00e9 Sp\u00ednola prestigia entrega do Memorial das Baianas de Acaraj\u00e9 - Brasil not\u00edcias","robots":{"index":"index","follow":"follow","max-snippet":"max-snippet:-1","max-image-preview":"max-image-preview:large","max-video-preview":"max-video-preview:-1"},"canonical":"https:\/\/brasilnoticias.org\/site\/andre-spinola-prestigia-entrega-do-memorial-das-baianas-de-acaraje\/","og_locale":"pt_PT","og_type":"article","og_title":"Andr\u00e9 Sp\u00ednola prestigia entrega do Memorial das Baianas de Acaraj\u00e9 - Brasil not\u00edcias","og_description":"O Diretor da R\u00e1dio Massa FM 100.7 e Pr\u00e9-Candidato a Deputado Federal, Andr\u00e9 Sp\u00ednola esteve presente na entrega do Memorial","og_url":"https:\/\/brasilnoticias.org\/site\/andre-spinola-prestigia-entrega-do-memorial-das-baianas-de-acaraje\/","og_site_name":"Brasil not\u00edcias","article_published_time":"2022-05-18T16:19:08+00:00","og_image":[{"width":490,"height":354,"url":"https:\/\/brasilnoticias.org\/site\/wp-content\/uploads\/2022\/05\/Screenshot_20220518-131228-7052.png","type":"image\/png"}],"author":"Reda\u00e7\u00e3o","twitter_card":"summary_large_image","twitter_misc":{"Escrito por":"Reda\u00e7\u00e3o","Tempo estimado de leitura":"2 minutos"},"schema":{"@context":"https:\/\/schema.org","@graph":[{"@type":"Article","@id":"https:\/\/brasilnoticias.org\/site\/andre-spinola-prestigia-entrega-do-memorial-das-baianas-de-acaraje\/#article","isPartOf":{"@id":"https:\/\/brasilnoticias.org\/site\/andre-spinola-prestigia-entrega-do-memorial-das-baianas-de-acaraje\/"},"author":{"name":"Reda\u00e7\u00e3o","@id":"https:\/\/brasilnoticias.org\/site\/#\/schema\/person\/f609fa847b5314f1c8b983342f34c798"},"headline":"Andr\u00e9 Sp\u00ednola prestigia entrega do Memorial das Baianas de Acaraj\u00e9","datePublished":"2022-05-18T16:19:08+00:00","mainEntityOfPage":{"@id":"https:\/\/brasilnoticias.org\/site\/andre-spinola-prestigia-entrega-do-memorial-das-baianas-de-acaraje\/"},"wordCount":414,"commentCount":0,"publisher":{"@id":"https:\/\/brasilnoticias.org\/site\/#organization"},"image":{"@id":"https:\/\/brasilnoticias.org\/site\/andre-spinola-prestigia-entrega-do-memorial-das-baianas-de-acaraje\/#primaryimage"},"thumbnailUrl":"https:\/\/brasilnoticias.org\/site\/wp-content\/uploads\/2022\/05\/Screenshot_20220518-131228-7052.png","articleSection":["Not\u00edcias","\u00daltimas"],"inLanguage":"pt-PT","potentialAction":[{"@type":"CommentAction","name":"Comment","target":["https:\/\/brasilnoticias.org\/site\/andre-spinola-prestigia-entrega-do-memorial-das-baianas-de-acaraje\/#respond"]}]},{"@type":"WebPage","@id":"https:\/\/brasilnoticias.org\/site\/andre-spinola-prestigia-entrega-do-memorial-das-baianas-de-acaraje\/","url":"https:\/\/brasilnoticias.org\/site\/andre-spinola-prestigia-entrega-do-memorial-das-baianas-de-acaraje\/","name":"Andr\u00e9 Sp\u00ednola prestigia entrega do Memorial das Baianas de Acaraj\u00e9 - Brasil not\u00edcias","isPartOf":{"@id":"https:\/\/brasilnoticias.org\/site\/#website"},"primaryImageOfPage":{"@id":"https:\/\/brasilnoticias.org\/site\/andre-spinola-prestigia-entrega-do-memorial-das-baianas-de-acaraje\/#primaryimage"},"image":{"@id":"https:\/\/brasilnoticias.org\/site\/andre-spinola-prestigia-entrega-do-memorial-das-baianas-de-acaraje\/#primaryimage"},"thumbnailUrl":"https:\/\/brasilnoticias.org\/site\/wp-content\/uploads\/2022\/05\/Screenshot_20220518-131228-7052.png","datePublished":"2022-05-18T16:19:08+00:00","breadcrumb":{"@id":"https:\/\/brasilnoticias.org\/site\/andre-spinola-prestigia-entrega-do-memorial-das-baianas-de-acaraje\/#breadcrumb"},"inLanguage":"pt-PT","potentialAction":[{"@type":"ReadAction","target":["https:\/\/brasilnoticias.org\/site\/andre-spinola-prestigia-entrega-do-memorial-das-baianas-de-acaraje\/"]}]},{"@type":"ImageObject","inLanguage":"pt-PT","@id":"https:\/\/brasilnoticias.org\/site\/andre-spinola-prestigia-entrega-do-memorial-das-baianas-de-acaraje\/#primaryimage","url":"https:\/\/brasilnoticias.org\/site\/wp-content\/uploads\/2022\/05\/Screenshot_20220518-131228-7052.png","contentUrl":"https:\/\/brasilnoticias.org\/site\/wp-content\/uploads\/2022\/05\/Screenshot_20220518-131228-7052.png","width":490,"height":354},{"@type":"BreadcrumbList","@id":"https:\/\/brasilnoticias.org\/site\/andre-spinola-prestigia-entrega-do-memorial-das-baianas-de-acaraje\/#breadcrumb","itemListElement":[{"@type":"ListItem","position":1,"name":"In\u00edcio","item":"https:\/\/brasilnoticias.org\/site\/"},{"@type":"ListItem","position":2,"name":"Andr\u00e9 Sp\u00ednola prestigia entrega do Memorial das Baianas de Acaraj\u00e9"}]},{"@type":"WebSite","@id":"https:\/\/brasilnoticias.org\/site\/#website","url":"https:\/\/brasilnoticias.org\/site\/","name":"Brasil not\u00edcias","description":"Brasil not\u00edcias","publisher":{"@id":"https:\/\/brasilnoticias.org\/site\/#organization"},"potentialAction":[{"@type":"SearchAction","target":{"@type":"EntryPoint","urlTemplate":"https:\/\/brasilnoticias.org\/site\/?s={search_term_string}"},"query-input":{"@type":"PropertyValueSpecification","valueRequired":true,"valueName":"search_term_string"}}],"inLanguage":"pt-PT"},{"@type":"Organization","@id":"https:\/\/brasilnoticias.org\/site\/#organization","name":"Brasil not\u00edcias","url":"https:\/\/brasilnoticias.org\/site\/","logo":{"@type":"ImageObject","inLanguage":"pt-PT","@id":"https:\/\/brasilnoticias.org\/site\/#\/schema\/logo\/image\/","url":"https:\/\/brasilnoticias.org\/site\/wp-content\/uploads\/2022\/05\/cropped-brasilnoticias-mini.jpg","contentUrl":"https:\/\/brasilnoticias.org\/site\/wp-content\/uploads\/2022\/05\/cropped-brasilnoticias-mini.jpg","width":314,"height":86,"caption":"Brasil not\u00edcias"},"image":{"@id":"https:\/\/brasilnoticias.org\/site\/#\/schema\/logo\/image\/"}},{"@type":"Person","@id":"https:\/\/brasilnoticias.org\/site\/#\/schema\/person\/f609fa847b5314f1c8b983342f34c798","name":"Reda\u00e7\u00e3o","image":{"@type":"ImageObject","inLanguage":"pt-PT","@id":"https:\/\/brasilnoticias.org\/site\/#\/schema\/person\/image\/","url":"https:\/\/secure.gravatar.com\/avatar\/447284c06c1ad8b46465a36de9cd0d8326b73387a22799b8b1ffb1fbcff2ed0c?s=96&d=mm&r=g","contentUrl":"https:\/\/secure.gravatar.com\/avatar\/447284c06c1ad8b46465a36de9cd0d8326b73387a22799b8b1ffb1fbcff2ed0c?s=96&d=mm&r=g","caption":"Reda\u00e7\u00e3o"},"url":"https:\/\/brasilnoticias.org\/site\/author\/redacao\/"}]}},"_links":{"self":[{"href":"https:\/\/brasilnoticias.org\/site\/wp-json\/wp\/v2\/posts\/321","targetHints":{"allow":["GET"]}}],"collection":[{"href":"https:\/\/brasilnoticias.org\/site\/wp-json\/wp\/v2\/posts"}],"about":[{"href":"https:\/\/brasilnoticias.org\/site\/wp-json\/wp\/v2\/types\/post"}],"author":[{"embeddable":true,"href":"https:\/\/brasilnoticias.org\/site\/wp-json\/wp\/v2\/users\/2"}],"replies":[{"embeddable":true,"href":"https:\/\/brasilnoticias.org\/site\/wp-json\/wp\/v2\/comments?post=321"}],"version-history":[{"count":1,"href":"https:\/\/brasilnoticias.org\/site\/wp-json\/wp\/v2\/posts\/321\/revisions"}],"predecessor-version":[{"id":328,"href":"https:\/\/brasilnoticias.org\/site\/wp-json\/wp\/v2\/posts\/321\/revisions\/328"}],"wp:featuredmedia":[{"embeddable":true,"href":"https:\/\/brasilnoticias.org\/site\/wp-json\/wp\/v2\/media\/327"}],"wp:attachment":[{"href":"https:\/\/brasilnoticias.org\/site\/wp-json\/wp\/v2\/media?parent=321"}],"wp:term":[{"taxonomy":"category","embeddable":true,"href":"https:\/\/brasilnoticias.org\/site\/wp-json\/wp\/v2\/categories?post=321"},{"taxonomy":"post_tag","embeddable":true,"href":"https:\/\/brasilnoticias.org\/site\/wp-json\/wp\/v2\/tags?post=321"}],"curies":[{"name":"wp","href":"https:\/\/api.w.org\/{rel}","templated":true}]}}