{"id":3229,"date":"2023-01-14T06:40:57","date_gmt":"2023-01-14T09:40:57","guid":{"rendered":"https:\/\/brasilnoticias.org\/site\/?p=3229"},"modified":"2023-01-14T06:40:57","modified_gmt":"2023-01-14T09:40:57","slug":"lista-de-sorteados-para-o-colegio-e-creche-da-policia-militar-na-bahia-e-divulgada","status":"publish","type":"post","link":"https:\/\/brasilnoticias.org\/site\/lista-de-sorteados-para-o-colegio-e-creche-da-policia-militar-na-bahia-e-divulgada\/","title":{"rendered":"Lista de sorteados para o col\u00e9gio e creche da Pol\u00edcia Militar na Bahia \u00e9 divulgada"},"content":{"rendered":"<div class=\"styles__Body-sc-1ffquwr-7 ePhtZb\">\n<p>A Pol\u00edcia Militar da Bahia divulgou, na manh\u00e3 desta sexta-feira (13), a lista com os nomes dos 3.666 alunos contemplados para as vagas da Creche Nossa Senhora das Gra\u00e7as (CMEI) e das 16 unidades do Col\u00e9gio da Pol\u00edcia Militar (CPM).<\/p>\n<p>O sorteio eletr\u00f4nico das vagas foi realizado \u00e0s 10h no audit\u00f3rio do Instituto An\u00edsio Teixeira (IAT), na capital baiana, e transmitido ao vivo pela internet.<\/p>\n<p>Para conferir a lista dos alunos sorteados \u00e9 necess\u00e1rio basta\u00a0<strong><a href=\"http:\/\/www.pm.ba.gov.br\/cpm2023\/\" target=\"_blank\" rel=\"noopener\">clicar aqui<\/a><\/strong>.<\/p>\n<p>Depois da confirma\u00e7\u00e3o, os pais ou respons\u00e1vel legal pelo candidato dever\u00e3o se dirigir \u00e0 unidade escolar escolhida no ato da inscri\u00e7\u00e3o (CPM ou creche), entre os dias 16 a 19 de janeiro de 2023, das 8h \u00e0s 12h e das 13h \u00e0s 17h, e, excepcionalmente, no dia 20 de janeiro, das 8h \u00e0s 12h.<\/p>\n<\/div>\n<div class=\"styles__RelatedWrapper-sc-1ffquwr-8 byMLWm\"><\/div>\n<p>Foto: Reprodu\u00e7\u00e3o\/Youtube<br \/>\nPor: Metro1<\/p>\n","protected":false},"excerpt":{"rendered":"<p>A Pol\u00edcia Militar da Bahia divulgou, na manh\u00e3 desta sexta-feira (13), a lista com os nomes dos 3.666 alunos contemplados<\/p>\n","protected":false},"author":1,"featured_media":3230,"comment_status":"open","ping_status":"open","sticky":false,"template":"","format":"standard","meta":{"colormag_page_container_layout":"default_layout","colormag_page_sidebar_layout":"default_layout","_FSMCFIC_featured_image_caption":"","_FSMCFIC_featured_image_nocaption":"","_FSMCFIC_featured_image_hide":"","footnotes":""},"categories":[2,1],"tags":[],"class_list":["post-3229","post","type-post","status-publish","format-standard","has-post-thumbnail","hentry","category-noticias","category-ultimas"],"yoast_head":"<!-- This site is optimized with the Yoast SEO plugin v27.1.1 - https:\/\/yoast.com\/product\/yoast-seo-wordpress\/ -->\n<title>Lista de sorteados para o col\u00e9gio e creche da Pol\u00edcia Militar na Bahia \u00e9 divulgada - Brasil not\u00edcias<\/title>\n<meta name=\"robots\" content=\"index, follow, max-snippet:-1, max-image-preview:large, max-video-preview:-1\" \/>\n<link rel=\"canonical\" href=\"https:\/\/brasilnoticias.org\/site\/lista-de-sorteados-para-o-colegio-e-creche-da-policia-militar-na-bahia-e-divulgada\/\" \/>\n<meta property=\"og:locale\" content=\"pt_PT\" \/>\n<meta property=\"og:type\" content=\"article\" \/>\n<meta property=\"og:title\" content=\"Lista de sorteados para o col\u00e9gio e creche da Pol\u00edcia Militar na Bahia \u00e9 divulgada - Brasil not\u00edcias\" \/>\n<meta property=\"og:description\" content=\"A Pol\u00edcia Militar da Bahia divulgou, na manh\u00e3 desta sexta-feira (13), a lista com os nomes dos 3.666 alunos contemplados\" \/>\n<meta property=\"og:url\" content=\"https:\/\/brasilnoticias.org\/site\/lista-de-sorteados-para-o-colegio-e-creche-da-policia-militar-na-bahia-e-divulgada\/\" \/>\n<meta property=\"og:site_name\" content=\"Brasil not\u00edcias\" \/>\n<meta property=\"article:published_time\" content=\"2023-01-14T09:40:57+00:00\" \/>\n<meta property=\"og:image\" content=\"https:\/\/brasilnoticias.org\/site\/wp-content\/uploads\/2023\/01\/132336lista-de-sorteados-para-o-colegio-e-creche-da-policia-militar-na-bahia-e-divulgada-3.jpg\" \/>\n\t<meta property=\"og:image:width\" content=\"1600\" \/>\n\t<meta property=\"og:image:height\" content=\"752\" \/>\n\t<meta property=\"og:image:type\" content=\"image\/jpeg\" \/>\n<meta name=\"author\" content=\"Reda\u00e7\u00e3o\" \/>\n<meta name=\"twitter:card\" content=\"summary_large_image\" \/>\n<meta name=\"twitter:label1\" content=\"Escrito por\" \/>\n\t<meta name=\"twitter:data1\" content=\"Reda\u00e7\u00e3o\" \/>\n\t<meta name=\"twitter:label2\" content=\"Tempo estimado de leitura\" \/>\n\t<meta name=\"twitter:data2\" content=\"1 minuto\" \/>\n<script type=\"application\/ld+json\" class=\"yoast-schema-graph\">{\"@context\":\"https:\/\/schema.org\",\"@graph\":[{\"@type\":\"Article\",\"@id\":\"https:\/\/brasilnoticias.org\/site\/lista-de-sorteados-para-o-colegio-e-creche-da-policia-militar-na-bahia-e-divulgada\/#article\",\"isPartOf\":{\"@id\":\"https:\/\/brasilnoticias.org\/site\/lista-de-sorteados-para-o-colegio-e-creche-da-policia-militar-na-bahia-e-divulgada\/\"},\"author\":{\"name\":\"Reda\u00e7\u00e3o\",\"@id\":\"https:\/\/brasilnoticias.org\/site\/#\/schema\/person\/a0e05b973ec4d15c658d51911e53507b\"},\"headline\":\"Lista de sorteados para o col\u00e9gio e creche da Pol\u00edcia Militar na Bahia \u00e9 divulgada\",\"datePublished\":\"2023-01-14T09:40:57+00:00\",\"mainEntityOfPage\":{\"@id\":\"https:\/\/brasilnoticias.org\/site\/lista-de-sorteados-para-o-colegio-e-creche-da-policia-militar-na-bahia-e-divulgada\/\"},\"wordCount\":156,\"commentCount\":0,\"publisher\":{\"@id\":\"https:\/\/brasilnoticias.org\/site\/#organization\"},\"image\":{\"@id\":\"https:\/\/brasilnoticias.org\/site\/lista-de-sorteados-para-o-colegio-e-creche-da-policia-militar-na-bahia-e-divulgada\/#primaryimage\"},\"thumbnailUrl\":\"https:\/\/brasilnoticias.org\/site\/wp-content\/uploads\/2023\/01\/132336lista-de-sorteados-para-o-colegio-e-creche-da-policia-militar-na-bahia-e-divulgada-3.jpg\",\"articleSection\":[\"Not\u00edcias\",\"\u00daltimas\"],\"inLanguage\":\"pt-PT\",\"potentialAction\":[{\"@type\":\"CommentAction\",\"name\":\"Comment\",\"target\":[\"https:\/\/brasilnoticias.org\/site\/lista-de-sorteados-para-o-colegio-e-creche-da-policia-militar-na-bahia-e-divulgada\/#respond\"]}]},{\"@type\":\"WebPage\",\"@id\":\"https:\/\/brasilnoticias.org\/site\/lista-de-sorteados-para-o-colegio-e-creche-da-policia-militar-na-bahia-e-divulgada\/\",\"url\":\"https:\/\/brasilnoticias.org\/site\/lista-de-sorteados-para-o-colegio-e-creche-da-policia-militar-na-bahia-e-divulgada\/\",\"name\":\"Lista de sorteados para o col\u00e9gio e creche da Pol\u00edcia Militar na Bahia \u00e9 divulgada - Brasil not\u00edcias\",\"isPartOf\":{\"@id\":\"https:\/\/brasilnoticias.org\/site\/#website\"},\"primaryImageOfPage\":{\"@id\":\"https:\/\/brasilnoticias.org\/site\/lista-de-sorteados-para-o-colegio-e-creche-da-policia-militar-na-bahia-e-divulgada\/#primaryimage\"},\"image\":{\"@id\":\"https:\/\/brasilnoticias.org\/site\/lista-de-sorteados-para-o-colegio-e-creche-da-policia-militar-na-bahia-e-divulgada\/#primaryimage\"},\"thumbnailUrl\":\"https:\/\/brasilnoticias.org\/site\/wp-content\/uploads\/2023\/01\/132336lista-de-sorteados-para-o-colegio-e-creche-da-policia-militar-na-bahia-e-divulgada-3.jpg\",\"datePublished\":\"2023-01-14T09:40:57+00:00\",\"breadcrumb\":{\"@id\":\"https:\/\/brasilnoticias.org\/site\/lista-de-sorteados-para-o-colegio-e-creche-da-policia-militar-na-bahia-e-divulgada\/#breadcrumb\"},\"inLanguage\":\"pt-PT\",\"potentialAction\":[{\"@type\":\"ReadAction\",\"target\":[\"https:\/\/brasilnoticias.org\/site\/lista-de-sorteados-para-o-colegio-e-creche-da-policia-militar-na-bahia-e-divulgada\/\"]}]},{\"@type\":\"ImageObject\",\"inLanguage\":\"pt-PT\",\"@id\":\"https:\/\/brasilnoticias.org\/site\/lista-de-sorteados-para-o-colegio-e-creche-da-policia-militar-na-bahia-e-divulgada\/#primaryimage\",\"url\":\"https:\/\/brasilnoticias.org\/site\/wp-content\/uploads\/2023\/01\/132336lista-de-sorteados-para-o-colegio-e-creche-da-policia-militar-na-bahia-e-divulgada-3.jpg\",\"contentUrl\":\"https:\/\/brasilnoticias.org\/site\/wp-content\/uploads\/2023\/01\/132336lista-de-sorteados-para-o-colegio-e-creche-da-policia-militar-na-bahia-e-divulgada-3.jpg\",\"width\":1600,\"height\":752},{\"@type\":\"BreadcrumbList\",\"@id\":\"https:\/\/brasilnoticias.org\/site\/lista-de-sorteados-para-o-colegio-e-creche-da-policia-militar-na-bahia-e-divulgada\/#breadcrumb\",\"itemListElement\":[{\"@type\":\"ListItem\",\"position\":1,\"name\":\"In\u00edcio\",\"item\":\"https:\/\/brasilnoticias.org\/site\/\"},{\"@type\":\"ListItem\",\"position\":2,\"name\":\"Lista de sorteados para o col\u00e9gio e creche da Pol\u00edcia Militar na Bahia \u00e9 divulgada\"}]},{\"@type\":\"WebSite\",\"@id\":\"https:\/\/brasilnoticias.org\/site\/#website\",\"url\":\"https:\/\/brasilnoticias.org\/site\/\",\"name\":\"Brasil not\u00edcias\",\"description\":\"Brasil not\u00edcias\",\"publisher\":{\"@id\":\"https:\/\/brasilnoticias.org\/site\/#organization\"},\"potentialAction\":[{\"@type\":\"SearchAction\",\"target\":{\"@type\":\"EntryPoint\",\"urlTemplate\":\"https:\/\/brasilnoticias.org\/site\/?s={search_term_string}\"},\"query-input\":{\"@type\":\"PropertyValueSpecification\",\"valueRequired\":true,\"valueName\":\"search_term_string\"}}],\"inLanguage\":\"pt-PT\"},{\"@type\":\"Organization\",\"@id\":\"https:\/\/brasilnoticias.org\/site\/#organization\",\"name\":\"Brasil not\u00edcias\",\"url\":\"https:\/\/brasilnoticias.org\/site\/\",\"logo\":{\"@type\":\"ImageObject\",\"inLanguage\":\"pt-PT\",\"@id\":\"https:\/\/brasilnoticias.org\/site\/#\/schema\/logo\/image\/\",\"url\":\"https:\/\/brasilnoticias.org\/site\/wp-content\/uploads\/2022\/05\/cropped-brasilnoticias-mini.jpg\",\"contentUrl\":\"https:\/\/brasilnoticias.org\/site\/wp-content\/uploads\/2022\/05\/cropped-brasilnoticias-mini.jpg\",\"width\":314,\"height\":86,\"caption\":\"Brasil not\u00edcias\"},\"image\":{\"@id\":\"https:\/\/brasilnoticias.org\/site\/#\/schema\/logo\/image\/\"}},{\"@type\":\"Person\",\"@id\":\"https:\/\/brasilnoticias.org\/site\/#\/schema\/person\/a0e05b973ec4d15c658d51911e53507b\",\"name\":\"Reda\u00e7\u00e3o\",\"image\":{\"@type\":\"ImageObject\",\"inLanguage\":\"pt-PT\",\"@id\":\"https:\/\/brasilnoticias.org\/site\/#\/schema\/person\/image\/\",\"url\":\"https:\/\/secure.gravatar.com\/avatar\/75d8b050df2de108b08ae78dfb8e374892df24a383c67db9c46a9c604f6aee9c?s=96&d=mm&r=g\",\"contentUrl\":\"https:\/\/secure.gravatar.com\/avatar\/75d8b050df2de108b08ae78dfb8e374892df24a383c67db9c46a9c604f6aee9c?s=96&d=mm&r=g\",\"caption\":\"Reda\u00e7\u00e3o\"},\"sameAs\":[\"https:\/\/brasilnoticias.org\/site\"],\"url\":\"https:\/\/brasilnoticias.org\/site\/author\/fernandozsngmail-com\/\"}]}<\/script>\n<!-- \/ Yoast SEO plugin. -->","yoast_head_json":{"title":"Lista de sorteados para o col\u00e9gio e creche da Pol\u00edcia Militar na Bahia \u00e9 divulgada - Brasil not\u00edcias","robots":{"index":"index","follow":"follow","max-snippet":"max-snippet:-1","max-image-preview":"max-image-preview:large","max-video-preview":"max-video-preview:-1"},"canonical":"https:\/\/brasilnoticias.org\/site\/lista-de-sorteados-para-o-colegio-e-creche-da-policia-militar-na-bahia-e-divulgada\/","og_locale":"pt_PT","og_type":"article","og_title":"Lista de sorteados para o col\u00e9gio e creche da Pol\u00edcia Militar na Bahia \u00e9 divulgada - Brasil not\u00edcias","og_description":"A Pol\u00edcia Militar da Bahia divulgou, na manh\u00e3 desta sexta-feira (13), a lista com os nomes dos 3.666 alunos contemplados","og_url":"https:\/\/brasilnoticias.org\/site\/lista-de-sorteados-para-o-colegio-e-creche-da-policia-militar-na-bahia-e-divulgada\/","og_site_name":"Brasil not\u00edcias","article_published_time":"2023-01-14T09:40:57+00:00","og_image":[{"width":1600,"height":752,"url":"https:\/\/brasilnoticias.org\/site\/wp-content\/uploads\/2023\/01\/132336lista-de-sorteados-para-o-colegio-e-creche-da-policia-militar-na-bahia-e-divulgada-3.jpg","type":"image\/jpeg"}],"author":"Reda\u00e7\u00e3o","twitter_card":"summary_large_image","twitter_misc":{"Escrito por":"Reda\u00e7\u00e3o","Tempo estimado de leitura":"1 minuto"},"schema":{"@context":"https:\/\/schema.org","@graph":[{"@type":"Article","@id":"https:\/\/brasilnoticias.org\/site\/lista-de-sorteados-para-o-colegio-e-creche-da-policia-militar-na-bahia-e-divulgada\/#article","isPartOf":{"@id":"https:\/\/brasilnoticias.org\/site\/lista-de-sorteados-para-o-colegio-e-creche-da-policia-militar-na-bahia-e-divulgada\/"},"author":{"name":"Reda\u00e7\u00e3o","@id":"https:\/\/brasilnoticias.org\/site\/#\/schema\/person\/a0e05b973ec4d15c658d51911e53507b"},"headline":"Lista de sorteados para o col\u00e9gio e creche da Pol\u00edcia Militar na Bahia \u00e9 divulgada","datePublished":"2023-01-14T09:40:57+00:00","mainEntityOfPage":{"@id":"https:\/\/brasilnoticias.org\/site\/lista-de-sorteados-para-o-colegio-e-creche-da-policia-militar-na-bahia-e-divulgada\/"},"wordCount":156,"commentCount":0,"publisher":{"@id":"https:\/\/brasilnoticias.org\/site\/#organization"},"image":{"@id":"https:\/\/brasilnoticias.org\/site\/lista-de-sorteados-para-o-colegio-e-creche-da-policia-militar-na-bahia-e-divulgada\/#primaryimage"},"thumbnailUrl":"https:\/\/brasilnoticias.org\/site\/wp-content\/uploads\/2023\/01\/132336lista-de-sorteados-para-o-colegio-e-creche-da-policia-militar-na-bahia-e-divulgada-3.jpg","articleSection":["Not\u00edcias","\u00daltimas"],"inLanguage":"pt-PT","potentialAction":[{"@type":"CommentAction","name":"Comment","target":["https:\/\/brasilnoticias.org\/site\/lista-de-sorteados-para-o-colegio-e-creche-da-policia-militar-na-bahia-e-divulgada\/#respond"]}]},{"@type":"WebPage","@id":"https:\/\/brasilnoticias.org\/site\/lista-de-sorteados-para-o-colegio-e-creche-da-policia-militar-na-bahia-e-divulgada\/","url":"https:\/\/brasilnoticias.org\/site\/lista-de-sorteados-para-o-colegio-e-creche-da-policia-militar-na-bahia-e-divulgada\/","name":"Lista de sorteados para o col\u00e9gio e creche da Pol\u00edcia Militar na Bahia \u00e9 divulgada - Brasil not\u00edcias","isPartOf":{"@id":"https:\/\/brasilnoticias.org\/site\/#website"},"primaryImageOfPage":{"@id":"https:\/\/brasilnoticias.org\/site\/lista-de-sorteados-para-o-colegio-e-creche-da-policia-militar-na-bahia-e-divulgada\/#primaryimage"},"image":{"@id":"https:\/\/brasilnoticias.org\/site\/lista-de-sorteados-para-o-colegio-e-creche-da-policia-militar-na-bahia-e-divulgada\/#primaryimage"},"thumbnailUrl":"https:\/\/brasilnoticias.org\/site\/wp-content\/uploads\/2023\/01\/132336lista-de-sorteados-para-o-colegio-e-creche-da-policia-militar-na-bahia-e-divulgada-3.jpg","datePublished":"2023-01-14T09:40:57+00:00","breadcrumb":{"@id":"https:\/\/brasilnoticias.org\/site\/lista-de-sorteados-para-o-colegio-e-creche-da-policia-militar-na-bahia-e-divulgada\/#breadcrumb"},"inLanguage":"pt-PT","potentialAction":[{"@type":"ReadAction","target":["https:\/\/brasilnoticias.org\/site\/lista-de-sorteados-para-o-colegio-e-creche-da-policia-militar-na-bahia-e-divulgada\/"]}]},{"@type":"ImageObject","inLanguage":"pt-PT","@id":"https:\/\/brasilnoticias.org\/site\/lista-de-sorteados-para-o-colegio-e-creche-da-policia-militar-na-bahia-e-divulgada\/#primaryimage","url":"https:\/\/brasilnoticias.org\/site\/wp-content\/uploads\/2023\/01\/132336lista-de-sorteados-para-o-colegio-e-creche-da-policia-militar-na-bahia-e-divulgada-3.jpg","contentUrl":"https:\/\/brasilnoticias.org\/site\/wp-content\/uploads\/2023\/01\/132336lista-de-sorteados-para-o-colegio-e-creche-da-policia-militar-na-bahia-e-divulgada-3.jpg","width":1600,"height":752},{"@type":"BreadcrumbList","@id":"https:\/\/brasilnoticias.org\/site\/lista-de-sorteados-para-o-colegio-e-creche-da-policia-militar-na-bahia-e-divulgada\/#breadcrumb","itemListElement":[{"@type":"ListItem","position":1,"name":"In\u00edcio","item":"https:\/\/brasilnoticias.org\/site\/"},{"@type":"ListItem","position":2,"name":"Lista de sorteados para o col\u00e9gio e creche da Pol\u00edcia Militar na Bahia \u00e9 divulgada"}]},{"@type":"WebSite","@id":"https:\/\/brasilnoticias.org\/site\/#website","url":"https:\/\/brasilnoticias.org\/site\/","name":"Brasil not\u00edcias","description":"Brasil not\u00edcias","publisher":{"@id":"https:\/\/brasilnoticias.org\/site\/#organization"},"potentialAction":[{"@type":"SearchAction","target":{"@type":"EntryPoint","urlTemplate":"https:\/\/brasilnoticias.org\/site\/?s={search_term_string}"},"query-input":{"@type":"PropertyValueSpecification","valueRequired":true,"valueName":"search_term_string"}}],"inLanguage":"pt-PT"},{"@type":"Organization","@id":"https:\/\/brasilnoticias.org\/site\/#organization","name":"Brasil not\u00edcias","url":"https:\/\/brasilnoticias.org\/site\/","logo":{"@type":"ImageObject","inLanguage":"pt-PT","@id":"https:\/\/brasilnoticias.org\/site\/#\/schema\/logo\/image\/","url":"https:\/\/brasilnoticias.org\/site\/wp-content\/uploads\/2022\/05\/cropped-brasilnoticias-mini.jpg","contentUrl":"https:\/\/brasilnoticias.org\/site\/wp-content\/uploads\/2022\/05\/cropped-brasilnoticias-mini.jpg","width":314,"height":86,"caption":"Brasil not\u00edcias"},"image":{"@id":"https:\/\/brasilnoticias.org\/site\/#\/schema\/logo\/image\/"}},{"@type":"Person","@id":"https:\/\/brasilnoticias.org\/site\/#\/schema\/person\/a0e05b973ec4d15c658d51911e53507b","name":"Reda\u00e7\u00e3o","image":{"@type":"ImageObject","inLanguage":"pt-PT","@id":"https:\/\/brasilnoticias.org\/site\/#\/schema\/person\/image\/","url":"https:\/\/secure.gravatar.com\/avatar\/75d8b050df2de108b08ae78dfb8e374892df24a383c67db9c46a9c604f6aee9c?s=96&d=mm&r=g","contentUrl":"https:\/\/secure.gravatar.com\/avatar\/75d8b050df2de108b08ae78dfb8e374892df24a383c67db9c46a9c604f6aee9c?s=96&d=mm&r=g","caption":"Reda\u00e7\u00e3o"},"sameAs":["https:\/\/brasilnoticias.org\/site"],"url":"https:\/\/brasilnoticias.org\/site\/author\/fernandozsngmail-com\/"}]}},"_links":{"self":[{"href":"https:\/\/brasilnoticias.org\/site\/wp-json\/wp\/v2\/posts\/3229","targetHints":{"allow":["GET"]}}],"collection":[{"href":"https:\/\/brasilnoticias.org\/site\/wp-json\/wp\/v2\/posts"}],"about":[{"href":"https:\/\/brasilnoticias.org\/site\/wp-json\/wp\/v2\/types\/post"}],"author":[{"embeddable":true,"href":"https:\/\/brasilnoticias.org\/site\/wp-json\/wp\/v2\/users\/1"}],"replies":[{"embeddable":true,"href":"https:\/\/brasilnoticias.org\/site\/wp-json\/wp\/v2\/comments?post=3229"}],"version-history":[{"count":1,"href":"https:\/\/brasilnoticias.org\/site\/wp-json\/wp\/v2\/posts\/3229\/revisions"}],"predecessor-version":[{"id":3231,"href":"https:\/\/brasilnoticias.org\/site\/wp-json\/wp\/v2\/posts\/3229\/revisions\/3231"}],"wp:featuredmedia":[{"embeddable":true,"href":"https:\/\/brasilnoticias.org\/site\/wp-json\/wp\/v2\/media\/3230"}],"wp:attachment":[{"href":"https:\/\/brasilnoticias.org\/site\/wp-json\/wp\/v2\/media?parent=3229"}],"wp:term":[{"taxonomy":"category","embeddable":true,"href":"https:\/\/brasilnoticias.org\/site\/wp-json\/wp\/v2\/categories?post=3229"},{"taxonomy":"post_tag","embeddable":true,"href":"https:\/\/brasilnoticias.org\/site\/wp-json\/wp\/v2\/tags?post=3229"}],"curies":[{"name":"wp","href":"https:\/\/api.w.org\/{rel}","templated":true}]}}