{"id":3232,"date":"2023-01-14T18:00:49","date_gmt":"2023-01-14T21:00:49","guid":{"rendered":"https:\/\/brasilnoticias.org\/site\/?p=3232"},"modified":"2023-01-14T06:47:04","modified_gmt":"2023-01-14T09:47:04","slug":"crianca-morre-apos-ser-encontrada-dentro-de-maquina-de-lavar-em-paris","status":"publish","type":"post","link":"https:\/\/brasilnoticias.org\/site\/crianca-morre-apos-ser-encontrada-dentro-de-maquina-de-lavar-em-paris\/","title":{"rendered":"Crian\u00e7a morre ap\u00f3s ser encontrada dentro de m\u00e1quina de lavar em Paris"},"content":{"rendered":"<p>Uma menina de apenas tr\u00eas anos morreu, nesta quinta-feira, ap\u00f3s ser encontrada dentro de uma m\u00e1quina de lavar roupa, de acordo com o jornal franc\u00eas Le Parisien, desconhecendo-se as circunst\u00e2ncias sobre a sua morte.<\/p>\n<div class=\"pub-container inside-news\">\n<p>A crian\u00e7a foi encontrada pelo pai e por um irm\u00e3o por volta das 22h30, na sua casa em Paris, contaram as autoridades ao Le Parisien. Ainda foi levada para o hospital, em estado cr\u00edtico, mas o \u00f3bito acabou por ser declarado uma hora depois de ser encontrada.<\/p>\n<p>A menina tinha celebrado o seu terceiro anivers\u00e1rio h\u00e1 apenas uma semana.<\/p>\n<p>A causa da morte \u00e9 desconhecida, mas, segundo uma fonte da equipe de investiga\u00e7\u00e3o, julga-se que a crian\u00e7a tenha morrido por asfixia.<\/p>\n<p>&#8220;Devemos ter cuidado, n\u00e3o sabemos o que se passou. Aparentemente, ela n\u00e3o apresentava sinais de agress\u00e3o. A aut\u00f3psia revelar\u00e1 mais detalhes&#8221;, disse a mesma fonte ao Le Parisien.<\/p>\n<p>Em depoimentos \u00e0s autoridades, o pai, de 48 anos, contou que a porta do eletrodom\u00e9stico estava fechada e n\u00e3o tinha sido ligado qualquer programa de lavagem.<\/p>\n<p>A fam\u00edlia \u00e9 composta por outros quatro irm\u00e3os, al\u00e9m do pai e da m\u00e3e, de 37 anos. Os irm\u00e3os da crian\u00e7a t\u00eam idades entre os 7 e os 18 anos. Os pais desconhecem o que as crian\u00e7as estavam fazendo e s\u00f3 notaram pela aus\u00eancia da menina mais nova durante a hora de jantar.<\/p>\n<p>O grupo come\u00e7ou ent\u00e3o a procurar a crian\u00e7a, pedindo a ajuda de vizinhos, at\u00e9 que esta foi finalmente encontrada no interior da m\u00e1quina de lavar.<\/p>\n<\/div>\n<p>Foto Reuters<\/p>\n<p>Not\u00edcias ao minuto<\/p>\n","protected":false},"excerpt":{"rendered":"<p>Uma menina de apenas tr\u00eas anos morreu, nesta quinta-feira, ap\u00f3s ser encontrada dentro de uma m\u00e1quina de lavar roupa, de<\/p>\n","protected":false},"author":1,"featured_media":3233,"comment_status":"open","ping_status":"open","sticky":false,"template":"","format":"standard","meta":{"colormag_page_container_layout":"default_layout","colormag_page_sidebar_layout":"default_layout","_FSMCFIC_featured_image_caption":"","_FSMCFIC_featured_image_nocaption":"","_FSMCFIC_featured_image_hide":"","footnotes":""},"categories":[6,1],"tags":[],"class_list":["post-3232","post","type-post","status-publish","format-standard","has-post-thumbnail","hentry","category-mundo","category-ultimas"],"yoast_head":"<!-- This site is optimized with the Yoast SEO plugin v27.1.1 - https:\/\/yoast.com\/product\/yoast-seo-wordpress\/ -->\n<title>Crian\u00e7a morre ap\u00f3s ser encontrada dentro de m\u00e1quina de lavar em Paris - Brasil not\u00edcias<\/title>\n<meta name=\"robots\" content=\"index, follow, max-snippet:-1, max-image-preview:large, max-video-preview:-1\" \/>\n<link rel=\"canonical\" href=\"https:\/\/brasilnoticias.org\/site\/crianca-morre-apos-ser-encontrada-dentro-de-maquina-de-lavar-em-paris\/\" \/>\n<meta property=\"og:locale\" content=\"pt_PT\" \/>\n<meta property=\"og:type\" content=\"article\" \/>\n<meta property=\"og:title\" content=\"Crian\u00e7a morre ap\u00f3s ser encontrada dentro de m\u00e1quina de lavar em Paris - Brasil not\u00edcias\" \/>\n<meta property=\"og:description\" content=\"Uma menina de apenas tr\u00eas anos morreu, nesta quinta-feira, ap\u00f3s ser encontrada dentro de uma m\u00e1quina de lavar roupa, de\" \/>\n<meta property=\"og:url\" content=\"https:\/\/brasilnoticias.org\/site\/crianca-morre-apos-ser-encontrada-dentro-de-maquina-de-lavar-em-paris\/\" \/>\n<meta property=\"og:site_name\" content=\"Brasil not\u00edcias\" \/>\n<meta property=\"article:published_time\" content=\"2023-01-14T21:00:49+00:00\" \/>\n<meta property=\"og:image\" content=\"https:\/\/brasilnoticias.org\/site\/wp-content\/uploads\/2023\/01\/naom_58472c2ba9a1a.jpg\" \/>\n\t<meta property=\"og:image:width\" content=\"960\" \/>\n\t<meta property=\"og:image:height\" content=\"540\" \/>\n\t<meta property=\"og:image:type\" content=\"image\/jpeg\" \/>\n<meta name=\"author\" content=\"Reda\u00e7\u00e3o\" \/>\n<meta name=\"twitter:card\" content=\"summary_large_image\" \/>\n<meta name=\"twitter:label1\" content=\"Escrito por\" \/>\n\t<meta name=\"twitter:data1\" content=\"Reda\u00e7\u00e3o\" \/>\n\t<meta name=\"twitter:label2\" content=\"Tempo estimado de leitura\" \/>\n\t<meta name=\"twitter:data2\" content=\"1 minuto\" \/>\n<script type=\"application\/ld+json\" class=\"yoast-schema-graph\">{\"@context\":\"https:\/\/schema.org\",\"@graph\":[{\"@type\":\"Article\",\"@id\":\"https:\/\/brasilnoticias.org\/site\/crianca-morre-apos-ser-encontrada-dentro-de-maquina-de-lavar-em-paris\/#article\",\"isPartOf\":{\"@id\":\"https:\/\/brasilnoticias.org\/site\/crianca-morre-apos-ser-encontrada-dentro-de-maquina-de-lavar-em-paris\/\"},\"author\":{\"name\":\"Reda\u00e7\u00e3o\",\"@id\":\"https:\/\/brasilnoticias.org\/site\/#\/schema\/person\/a0e05b973ec4d15c658d51911e53507b\"},\"headline\":\"Crian\u00e7a morre ap\u00f3s ser encontrada dentro de m\u00e1quina de lavar em Paris\",\"datePublished\":\"2023-01-14T21:00:49+00:00\",\"mainEntityOfPage\":{\"@id\":\"https:\/\/brasilnoticias.org\/site\/crianca-morre-apos-ser-encontrada-dentro-de-maquina-de-lavar-em-paris\/\"},\"wordCount\":292,\"commentCount\":0,\"publisher\":{\"@id\":\"https:\/\/brasilnoticias.org\/site\/#organization\"},\"image\":{\"@id\":\"https:\/\/brasilnoticias.org\/site\/crianca-morre-apos-ser-encontrada-dentro-de-maquina-de-lavar-em-paris\/#primaryimage\"},\"thumbnailUrl\":\"https:\/\/brasilnoticias.org\/site\/wp-content\/uploads\/2023\/01\/naom_58472c2ba9a1a.jpg\",\"articleSection\":[\"Mundo\",\"\u00daltimas\"],\"inLanguage\":\"pt-PT\",\"potentialAction\":[{\"@type\":\"CommentAction\",\"name\":\"Comment\",\"target\":[\"https:\/\/brasilnoticias.org\/site\/crianca-morre-apos-ser-encontrada-dentro-de-maquina-de-lavar-em-paris\/#respond\"]}]},{\"@type\":\"WebPage\",\"@id\":\"https:\/\/brasilnoticias.org\/site\/crianca-morre-apos-ser-encontrada-dentro-de-maquina-de-lavar-em-paris\/\",\"url\":\"https:\/\/brasilnoticias.org\/site\/crianca-morre-apos-ser-encontrada-dentro-de-maquina-de-lavar-em-paris\/\",\"name\":\"Crian\u00e7a morre ap\u00f3s ser encontrada dentro de m\u00e1quina de lavar em Paris - Brasil not\u00edcias\",\"isPartOf\":{\"@id\":\"https:\/\/brasilnoticias.org\/site\/#website\"},\"primaryImageOfPage\":{\"@id\":\"https:\/\/brasilnoticias.org\/site\/crianca-morre-apos-ser-encontrada-dentro-de-maquina-de-lavar-em-paris\/#primaryimage\"},\"image\":{\"@id\":\"https:\/\/brasilnoticias.org\/site\/crianca-morre-apos-ser-encontrada-dentro-de-maquina-de-lavar-em-paris\/#primaryimage\"},\"thumbnailUrl\":\"https:\/\/brasilnoticias.org\/site\/wp-content\/uploads\/2023\/01\/naom_58472c2ba9a1a.jpg\",\"datePublished\":\"2023-01-14T21:00:49+00:00\",\"breadcrumb\":{\"@id\":\"https:\/\/brasilnoticias.org\/site\/crianca-morre-apos-ser-encontrada-dentro-de-maquina-de-lavar-em-paris\/#breadcrumb\"},\"inLanguage\":\"pt-PT\",\"potentialAction\":[{\"@type\":\"ReadAction\",\"target\":[\"https:\/\/brasilnoticias.org\/site\/crianca-morre-apos-ser-encontrada-dentro-de-maquina-de-lavar-em-paris\/\"]}]},{\"@type\":\"ImageObject\",\"inLanguage\":\"pt-PT\",\"@id\":\"https:\/\/brasilnoticias.org\/site\/crianca-morre-apos-ser-encontrada-dentro-de-maquina-de-lavar-em-paris\/#primaryimage\",\"url\":\"https:\/\/brasilnoticias.org\/site\/wp-content\/uploads\/2023\/01\/naom_58472c2ba9a1a.jpg\",\"contentUrl\":\"https:\/\/brasilnoticias.org\/site\/wp-content\/uploads\/2023\/01\/naom_58472c2ba9a1a.jpg\",\"width\":960,\"height\":540},{\"@type\":\"BreadcrumbList\",\"@id\":\"https:\/\/brasilnoticias.org\/site\/crianca-morre-apos-ser-encontrada-dentro-de-maquina-de-lavar-em-paris\/#breadcrumb\",\"itemListElement\":[{\"@type\":\"ListItem\",\"position\":1,\"name\":\"In\u00edcio\",\"item\":\"https:\/\/brasilnoticias.org\/site\/\"},{\"@type\":\"ListItem\",\"position\":2,\"name\":\"Crian\u00e7a morre ap\u00f3s ser encontrada dentro de m\u00e1quina de lavar em Paris\"}]},{\"@type\":\"WebSite\",\"@id\":\"https:\/\/brasilnoticias.org\/site\/#website\",\"url\":\"https:\/\/brasilnoticias.org\/site\/\",\"name\":\"Brasil not\u00edcias\",\"description\":\"Brasil not\u00edcias\",\"publisher\":{\"@id\":\"https:\/\/brasilnoticias.org\/site\/#organization\"},\"potentialAction\":[{\"@type\":\"SearchAction\",\"target\":{\"@type\":\"EntryPoint\",\"urlTemplate\":\"https:\/\/brasilnoticias.org\/site\/?s={search_term_string}\"},\"query-input\":{\"@type\":\"PropertyValueSpecification\",\"valueRequired\":true,\"valueName\":\"search_term_string\"}}],\"inLanguage\":\"pt-PT\"},{\"@type\":\"Organization\",\"@id\":\"https:\/\/brasilnoticias.org\/site\/#organization\",\"name\":\"Brasil not\u00edcias\",\"url\":\"https:\/\/brasilnoticias.org\/site\/\",\"logo\":{\"@type\":\"ImageObject\",\"inLanguage\":\"pt-PT\",\"@id\":\"https:\/\/brasilnoticias.org\/site\/#\/schema\/logo\/image\/\",\"url\":\"https:\/\/brasilnoticias.org\/site\/wp-content\/uploads\/2022\/05\/cropped-brasilnoticias-mini.jpg\",\"contentUrl\":\"https:\/\/brasilnoticias.org\/site\/wp-content\/uploads\/2022\/05\/cropped-brasilnoticias-mini.jpg\",\"width\":314,\"height\":86,\"caption\":\"Brasil not\u00edcias\"},\"image\":{\"@id\":\"https:\/\/brasilnoticias.org\/site\/#\/schema\/logo\/image\/\"}},{\"@type\":\"Person\",\"@id\":\"https:\/\/brasilnoticias.org\/site\/#\/schema\/person\/a0e05b973ec4d15c658d51911e53507b\",\"name\":\"Reda\u00e7\u00e3o\",\"image\":{\"@type\":\"ImageObject\",\"inLanguage\":\"pt-PT\",\"@id\":\"https:\/\/brasilnoticias.org\/site\/#\/schema\/person\/image\/\",\"url\":\"https:\/\/secure.gravatar.com\/avatar\/75d8b050df2de108b08ae78dfb8e374892df24a383c67db9c46a9c604f6aee9c?s=96&d=mm&r=g\",\"contentUrl\":\"https:\/\/secure.gravatar.com\/avatar\/75d8b050df2de108b08ae78dfb8e374892df24a383c67db9c46a9c604f6aee9c?s=96&d=mm&r=g\",\"caption\":\"Reda\u00e7\u00e3o\"},\"sameAs\":[\"https:\/\/brasilnoticias.org\/site\"],\"url\":\"https:\/\/brasilnoticias.org\/site\/author\/fernandozsngmail-com\/\"}]}<\/script>\n<!-- \/ Yoast SEO plugin. -->","yoast_head_json":{"title":"Crian\u00e7a morre ap\u00f3s ser encontrada dentro de m\u00e1quina de lavar em Paris - Brasil not\u00edcias","robots":{"index":"index","follow":"follow","max-snippet":"max-snippet:-1","max-image-preview":"max-image-preview:large","max-video-preview":"max-video-preview:-1"},"canonical":"https:\/\/brasilnoticias.org\/site\/crianca-morre-apos-ser-encontrada-dentro-de-maquina-de-lavar-em-paris\/","og_locale":"pt_PT","og_type":"article","og_title":"Crian\u00e7a morre ap\u00f3s ser encontrada dentro de m\u00e1quina de lavar em Paris - Brasil not\u00edcias","og_description":"Uma menina de apenas tr\u00eas anos morreu, nesta quinta-feira, ap\u00f3s ser encontrada dentro de uma m\u00e1quina de lavar roupa, de","og_url":"https:\/\/brasilnoticias.org\/site\/crianca-morre-apos-ser-encontrada-dentro-de-maquina-de-lavar-em-paris\/","og_site_name":"Brasil not\u00edcias","article_published_time":"2023-01-14T21:00:49+00:00","og_image":[{"width":960,"height":540,"url":"https:\/\/brasilnoticias.org\/site\/wp-content\/uploads\/2023\/01\/naom_58472c2ba9a1a.jpg","type":"image\/jpeg"}],"author":"Reda\u00e7\u00e3o","twitter_card":"summary_large_image","twitter_misc":{"Escrito por":"Reda\u00e7\u00e3o","Tempo estimado de leitura":"1 minuto"},"schema":{"@context":"https:\/\/schema.org","@graph":[{"@type":"Article","@id":"https:\/\/brasilnoticias.org\/site\/crianca-morre-apos-ser-encontrada-dentro-de-maquina-de-lavar-em-paris\/#article","isPartOf":{"@id":"https:\/\/brasilnoticias.org\/site\/crianca-morre-apos-ser-encontrada-dentro-de-maquina-de-lavar-em-paris\/"},"author":{"name":"Reda\u00e7\u00e3o","@id":"https:\/\/brasilnoticias.org\/site\/#\/schema\/person\/a0e05b973ec4d15c658d51911e53507b"},"headline":"Crian\u00e7a morre ap\u00f3s ser encontrada dentro de m\u00e1quina de lavar em Paris","datePublished":"2023-01-14T21:00:49+00:00","mainEntityOfPage":{"@id":"https:\/\/brasilnoticias.org\/site\/crianca-morre-apos-ser-encontrada-dentro-de-maquina-de-lavar-em-paris\/"},"wordCount":292,"commentCount":0,"publisher":{"@id":"https:\/\/brasilnoticias.org\/site\/#organization"},"image":{"@id":"https:\/\/brasilnoticias.org\/site\/crianca-morre-apos-ser-encontrada-dentro-de-maquina-de-lavar-em-paris\/#primaryimage"},"thumbnailUrl":"https:\/\/brasilnoticias.org\/site\/wp-content\/uploads\/2023\/01\/naom_58472c2ba9a1a.jpg","articleSection":["Mundo","\u00daltimas"],"inLanguage":"pt-PT","potentialAction":[{"@type":"CommentAction","name":"Comment","target":["https:\/\/brasilnoticias.org\/site\/crianca-morre-apos-ser-encontrada-dentro-de-maquina-de-lavar-em-paris\/#respond"]}]},{"@type":"WebPage","@id":"https:\/\/brasilnoticias.org\/site\/crianca-morre-apos-ser-encontrada-dentro-de-maquina-de-lavar-em-paris\/","url":"https:\/\/brasilnoticias.org\/site\/crianca-morre-apos-ser-encontrada-dentro-de-maquina-de-lavar-em-paris\/","name":"Crian\u00e7a morre ap\u00f3s ser encontrada dentro de m\u00e1quina de lavar em Paris - Brasil not\u00edcias","isPartOf":{"@id":"https:\/\/brasilnoticias.org\/site\/#website"},"primaryImageOfPage":{"@id":"https:\/\/brasilnoticias.org\/site\/crianca-morre-apos-ser-encontrada-dentro-de-maquina-de-lavar-em-paris\/#primaryimage"},"image":{"@id":"https:\/\/brasilnoticias.org\/site\/crianca-morre-apos-ser-encontrada-dentro-de-maquina-de-lavar-em-paris\/#primaryimage"},"thumbnailUrl":"https:\/\/brasilnoticias.org\/site\/wp-content\/uploads\/2023\/01\/naom_58472c2ba9a1a.jpg","datePublished":"2023-01-14T21:00:49+00:00","breadcrumb":{"@id":"https:\/\/brasilnoticias.org\/site\/crianca-morre-apos-ser-encontrada-dentro-de-maquina-de-lavar-em-paris\/#breadcrumb"},"inLanguage":"pt-PT","potentialAction":[{"@type":"ReadAction","target":["https:\/\/brasilnoticias.org\/site\/crianca-morre-apos-ser-encontrada-dentro-de-maquina-de-lavar-em-paris\/"]}]},{"@type":"ImageObject","inLanguage":"pt-PT","@id":"https:\/\/brasilnoticias.org\/site\/crianca-morre-apos-ser-encontrada-dentro-de-maquina-de-lavar-em-paris\/#primaryimage","url":"https:\/\/brasilnoticias.org\/site\/wp-content\/uploads\/2023\/01\/naom_58472c2ba9a1a.jpg","contentUrl":"https:\/\/brasilnoticias.org\/site\/wp-content\/uploads\/2023\/01\/naom_58472c2ba9a1a.jpg","width":960,"height":540},{"@type":"BreadcrumbList","@id":"https:\/\/brasilnoticias.org\/site\/crianca-morre-apos-ser-encontrada-dentro-de-maquina-de-lavar-em-paris\/#breadcrumb","itemListElement":[{"@type":"ListItem","position":1,"name":"In\u00edcio","item":"https:\/\/brasilnoticias.org\/site\/"},{"@type":"ListItem","position":2,"name":"Crian\u00e7a morre ap\u00f3s ser encontrada dentro de m\u00e1quina de lavar em Paris"}]},{"@type":"WebSite","@id":"https:\/\/brasilnoticias.org\/site\/#website","url":"https:\/\/brasilnoticias.org\/site\/","name":"Brasil not\u00edcias","description":"Brasil not\u00edcias","publisher":{"@id":"https:\/\/brasilnoticias.org\/site\/#organization"},"potentialAction":[{"@type":"SearchAction","target":{"@type":"EntryPoint","urlTemplate":"https:\/\/brasilnoticias.org\/site\/?s={search_term_string}"},"query-input":{"@type":"PropertyValueSpecification","valueRequired":true,"valueName":"search_term_string"}}],"inLanguage":"pt-PT"},{"@type":"Organization","@id":"https:\/\/brasilnoticias.org\/site\/#organization","name":"Brasil not\u00edcias","url":"https:\/\/brasilnoticias.org\/site\/","logo":{"@type":"ImageObject","inLanguage":"pt-PT","@id":"https:\/\/brasilnoticias.org\/site\/#\/schema\/logo\/image\/","url":"https:\/\/brasilnoticias.org\/site\/wp-content\/uploads\/2022\/05\/cropped-brasilnoticias-mini.jpg","contentUrl":"https:\/\/brasilnoticias.org\/site\/wp-content\/uploads\/2022\/05\/cropped-brasilnoticias-mini.jpg","width":314,"height":86,"caption":"Brasil not\u00edcias"},"image":{"@id":"https:\/\/brasilnoticias.org\/site\/#\/schema\/logo\/image\/"}},{"@type":"Person","@id":"https:\/\/brasilnoticias.org\/site\/#\/schema\/person\/a0e05b973ec4d15c658d51911e53507b","name":"Reda\u00e7\u00e3o","image":{"@type":"ImageObject","inLanguage":"pt-PT","@id":"https:\/\/brasilnoticias.org\/site\/#\/schema\/person\/image\/","url":"https:\/\/secure.gravatar.com\/avatar\/75d8b050df2de108b08ae78dfb8e374892df24a383c67db9c46a9c604f6aee9c?s=96&d=mm&r=g","contentUrl":"https:\/\/secure.gravatar.com\/avatar\/75d8b050df2de108b08ae78dfb8e374892df24a383c67db9c46a9c604f6aee9c?s=96&d=mm&r=g","caption":"Reda\u00e7\u00e3o"},"sameAs":["https:\/\/brasilnoticias.org\/site"],"url":"https:\/\/brasilnoticias.org\/site\/author\/fernandozsngmail-com\/"}]}},"_links":{"self":[{"href":"https:\/\/brasilnoticias.org\/site\/wp-json\/wp\/v2\/posts\/3232","targetHints":{"allow":["GET"]}}],"collection":[{"href":"https:\/\/brasilnoticias.org\/site\/wp-json\/wp\/v2\/posts"}],"about":[{"href":"https:\/\/brasilnoticias.org\/site\/wp-json\/wp\/v2\/types\/post"}],"author":[{"embeddable":true,"href":"https:\/\/brasilnoticias.org\/site\/wp-json\/wp\/v2\/users\/1"}],"replies":[{"embeddable":true,"href":"https:\/\/brasilnoticias.org\/site\/wp-json\/wp\/v2\/comments?post=3232"}],"version-history":[{"count":1,"href":"https:\/\/brasilnoticias.org\/site\/wp-json\/wp\/v2\/posts\/3232\/revisions"}],"predecessor-version":[{"id":3234,"href":"https:\/\/brasilnoticias.org\/site\/wp-json\/wp\/v2\/posts\/3232\/revisions\/3234"}],"wp:featuredmedia":[{"embeddable":true,"href":"https:\/\/brasilnoticias.org\/site\/wp-json\/wp\/v2\/media\/3233"}],"wp:attachment":[{"href":"https:\/\/brasilnoticias.org\/site\/wp-json\/wp\/v2\/media?parent=3232"}],"wp:term":[{"taxonomy":"category","embeddable":true,"href":"https:\/\/brasilnoticias.org\/site\/wp-json\/wp\/v2\/categories?post=3232"},{"taxonomy":"post_tag","embeddable":true,"href":"https:\/\/brasilnoticias.org\/site\/wp-json\/wp\/v2\/tags?post=3232"}],"curies":[{"name":"wp","href":"https:\/\/api.w.org\/{rel}","templated":true}]}}