{"id":3235,"date":"2023-01-14T18:10:07","date_gmt":"2023-01-14T21:10:07","guid":{"rendered":"https:\/\/brasilnoticias.org\/site\/?p=3235"},"modified":"2023-01-14T06:49:02","modified_gmt":"2023-01-14T09:49:02","slug":"russia-anuncia-conquista-de-cidade-na-ucrania-e-abre-crise-com-mercenarios","status":"publish","type":"post","link":"https:\/\/brasilnoticias.org\/site\/russia-anuncia-conquista-de-cidade-na-ucrania-e-abre-crise-com-mercenarios\/","title":{"rendered":"R\u00fassia anuncia conquista de cidade na Ucr\u00e2nia e abre crise com mercen\u00e1rios"},"content":{"rendered":"<p>IGOR GIELOW (FOLHAPRESS) &#8211; O Minist\u00e9rio da Defesa da R\u00fassia anunciou nesta sexta (13) que suas For\u00e7as Armadas tomaram a estrat\u00e9gica cidadezinha de Soledar, em Donetsk, proporcionando um trampolim estrat\u00e9gico para tentar controlar toda a prov\u00edncia no leste da Ucr\u00e2nia.<\/p>\n<div class=\"pub-container inside-news\">\n<p>Ainda h\u00e1 alguns pontos de resist\u00eancia relatados na cidade, mas o sil\u00eancio de Kiev sobre o tema indica que Soledar caiu mesmo. Quem n\u00e3o se calou, contudo, foi o poderoso l\u00edder do grupo mercen\u00e1rio russo Wagner, escancarando uma crise militar sob as asas de Vladimir Putin.<\/p>\n<p>Ievgu\u00eani Prigojin havia postado uma foto dentro de uma das minas de sal que fazem a fama da vila, que tinha 10 mil habitantes antes da guerra, na quarta (11), clamando t\u00ea-la tomado somente com suas for\u00e7as -compostas por muitos condenados retirados de cadeias russas.<\/p>\n<p>O &#8220;chef de Putin&#8221;, apelido do tempo em que sua empresa cuidava dos servi\u00e7os de alimenta\u00e7\u00e3o do Kremlin, divulgou uma nota inusual ap\u00f3s o an\u00fancio do minist\u00e9rio liderado por seu rival Serguei Choigu, que em nenhum momento cita o Wagner.<\/p>\n<p>&#8220;Eles constantemente tentam roubar a vit\u00f3ria do Grupo Wagner, e tentam diminuir seus m\u00e9ritos. Lutas internas, corrup\u00e7\u00e3o, burocracia e autoridades agarradas a suas cadeiras s\u00e3o uma amea\u00e7a significativa para a exist\u00eancia [do grupo]&#8221;, disse.<\/p>\n<p>Na quarta, Prigojin viu um aliado, o general Serguei Surovikin, perder o posto de comandante da campanha militar russa para o chefe do Estado-Maior das For\u00e7as Armadas, Valeri Gerasimov -um dos principais alvos do &#8220;chef de Putin&#8221; e de outro expoente da linha dura com for\u00e7as pr\u00f3prias na Ucr\u00e2nia, o l\u00edder tchetcheno Ramzam Kadirov.<\/p>\n<p>A mexida \u00e9 mais pol\u00edtica do que militar, tanto que Surovikin permanece na guerra como 1 dos 3 adjuntos de Gerasimov. De quebra, Putin tem agora uma figura de proa da Defesa para culpar se as coisas derem errado.<\/p>\n<p>Outra avalia\u00e7\u00e3o \u00e9 que o novo chefe, que \u00e9 o n\u00famero 3 das For\u00e7as Armadas ap\u00f3s o presidente e o ministro, tem maior envergadura como autoridade caso as for\u00e7as da ditadura de Belarus, ao norte da Ucr\u00e2nia, entrem na guerra ao lado da R\u00fassia \u2013como diversos movimentos nas \u00faltimas semanas sugerem.<\/p>\n<p>O tratamento dispensado ao Grupo Wagner, visto como brutal mas de efici\u00eancia t\u00e1tica question\u00e1vel na Ucr\u00e2nia, mostra que Putin segue com sua pol\u00edtica de estimular rivalidades entre os subordinados, permanecendo numa posi\u00e7\u00e3o imperial.<\/p>\n<p>Politicagem \u00e0 parte, a conquista de Soledar, se confirmada, \u00e9 uma vit\u00f3ria importante para os russos n\u00e3o s\u00f3 pelo controle das ricas minas de sal do local. A partir dali, ser\u00e1 poss\u00edvel em tese cortar o suprimento das for\u00e7as ucranianas em Bakhmut, uma cidade dez vezes maior que fica 15 km a sudoeste de l\u00e1.<\/p>\n<p>Desde outubro, Bakhmut \u00e9 o centro do que os militares ucranianos chamam de moedor de carne de Donetsk, com baixas alt\u00edssimas de lado a lado. A cidade, diz o presidente Volodimir Zelenski, foi reduzida a ru\u00ednas.<\/p>\n<p>Se cair, as chances de Putin conquistar os talvez 45% restantes de Donetsk que n\u00e3o est\u00e3o em suas m\u00e3os crescem muito, na avalia\u00e7\u00e3o do analista militar Ivan Barabanov, de Moscou. A regi\u00e3o \u00e9 1 das 4 anexadas ilegalmente pelo Kremlin em setembro, e comp\u00f5e com Lugansk o Donbass, a \u00e1rea mais russ\u00f3fona da Ucr\u00e2nia depois da Crimeia \u2013esta absorvida pela R\u00fassia em 2014.<\/p>\n<p>Nem todo mundo pensa assim. O analista Michael Kofman, do think-tank CNA (Arlington, EUA), diz que o custo em vidas e material da ofensiva pode exaurir o esfor\u00e7o russo, apesar do influxo gradual dos 320 recrutas convocados no fim do ano passado. Por outro lado, aponta, o mesmo pode acontecer com os ucranianos, que n\u00e3o t\u00eam tal capacidade de mobiliza\u00e7\u00e3o.<\/p>\n<p>&#8220;Mesmo que Bakhmut e Soledar caiam, isso n\u00e3o ter\u00e1 impacto estrat\u00e9gico na guerra em si e n\u00e3o ir\u00e1 parar os ucranianos&#8221;, afirmou o porta-voz do Conselho de Seguran\u00e7a Nacional americano, John Kirby, na quinta (12). Ele pode estar certo em sua primeira asser\u00e7\u00e3o, mas a segunda \u00e9 torcida: Kiev tem tido dificuldades de avan\u00e7ar desde que teve uma s\u00e9rie de vit\u00f3rias entre setembro e dezembro.<\/p>\n<\/div>\n<p>Not\u00edcias ao minuto<\/p>\n<p>Foto Getty<\/p>\n","protected":false},"excerpt":{"rendered":"<p>IGOR GIELOW (FOLHAPRESS) &#8211; O Minist\u00e9rio da Defesa da R\u00fassia anunciou nesta sexta (13) que suas For\u00e7as Armadas tomaram a<\/p>\n","protected":false},"author":1,"featured_media":3236,"comment_status":"open","ping_status":"open","sticky":false,"template":"","format":"standard","meta":{"colormag_page_container_layout":"default_layout","colormag_page_sidebar_layout":"default_layout","_FSMCFIC_featured_image_caption":"","_FSMCFIC_featured_image_nocaption":"","_FSMCFIC_featured_image_hide":"","footnotes":""},"categories":[6,1],"tags":[],"class_list":["post-3235","post","type-post","status-publish","format-standard","has-post-thumbnail","hentry","category-mundo","category-ultimas"],"yoast_head":"<!-- This site is optimized with the Yoast SEO plugin v27.1.1 - https:\/\/yoast.com\/product\/yoast-seo-wordpress\/ -->\n<title>R\u00fassia anuncia conquista de cidade na Ucr\u00e2nia e abre crise com mercen\u00e1rios - Brasil not\u00edcias<\/title>\n<meta name=\"robots\" content=\"index, follow, max-snippet:-1, max-image-preview:large, max-video-preview:-1\" \/>\n<link rel=\"canonical\" href=\"https:\/\/brasilnoticias.org\/site\/russia-anuncia-conquista-de-cidade-na-ucrania-e-abre-crise-com-mercenarios\/\" \/>\n<meta property=\"og:locale\" content=\"pt_PT\" \/>\n<meta property=\"og:type\" content=\"article\" \/>\n<meta property=\"og:title\" content=\"R\u00fassia anuncia conquista de cidade na Ucr\u00e2nia e abre crise com mercen\u00e1rios - Brasil not\u00edcias\" \/>\n<meta property=\"og:description\" content=\"IGOR GIELOW (FOLHAPRESS) &#8211; O Minist\u00e9rio da Defesa da R\u00fassia anunciou nesta sexta (13) que suas For\u00e7as Armadas tomaram a\" \/>\n<meta property=\"og:url\" content=\"https:\/\/brasilnoticias.org\/site\/russia-anuncia-conquista-de-cidade-na-ucrania-e-abre-crise-com-mercenarios\/\" \/>\n<meta property=\"og:site_name\" content=\"Brasil not\u00edcias\" \/>\n<meta property=\"article:published_time\" content=\"2023-01-14T21:10:07+00:00\" \/>\n<meta property=\"og:image\" content=\"https:\/\/brasilnoticias.org\/site\/wp-content\/uploads\/2023\/01\/naom_63594e73473e7.jpg\" \/>\n\t<meta property=\"og:image:width\" content=\"960\" \/>\n\t<meta property=\"og:image:height\" content=\"540\" \/>\n\t<meta property=\"og:image:type\" content=\"image\/jpeg\" \/>\n<meta name=\"author\" content=\"Reda\u00e7\u00e3o\" \/>\n<meta name=\"twitter:card\" content=\"summary_large_image\" \/>\n<meta name=\"twitter:label1\" content=\"Escrito por\" \/>\n\t<meta name=\"twitter:data1\" content=\"Reda\u00e7\u00e3o\" \/>\n\t<meta name=\"twitter:label2\" content=\"Tempo estimado de leitura\" \/>\n\t<meta name=\"twitter:data2\" content=\"4 minutos\" \/>\n<script type=\"application\/ld+json\" class=\"yoast-schema-graph\">{\"@context\":\"https:\/\/schema.org\",\"@graph\":[{\"@type\":\"Article\",\"@id\":\"https:\/\/brasilnoticias.org\/site\/russia-anuncia-conquista-de-cidade-na-ucrania-e-abre-crise-com-mercenarios\/#article\",\"isPartOf\":{\"@id\":\"https:\/\/brasilnoticias.org\/site\/russia-anuncia-conquista-de-cidade-na-ucrania-e-abre-crise-com-mercenarios\/\"},\"author\":{\"name\":\"Reda\u00e7\u00e3o\",\"@id\":\"https:\/\/brasilnoticias.org\/site\/#\/schema\/person\/a0e05b973ec4d15c658d51911e53507b\"},\"headline\":\"R\u00fassia anuncia conquista de cidade na Ucr\u00e2nia e abre crise com mercen\u00e1rios\",\"datePublished\":\"2023-01-14T21:10:07+00:00\",\"mainEntityOfPage\":{\"@id\":\"https:\/\/brasilnoticias.org\/site\/russia-anuncia-conquista-de-cidade-na-ucrania-e-abre-crise-com-mercenarios\/\"},\"wordCount\":733,\"commentCount\":0,\"publisher\":{\"@id\":\"https:\/\/brasilnoticias.org\/site\/#organization\"},\"image\":{\"@id\":\"https:\/\/brasilnoticias.org\/site\/russia-anuncia-conquista-de-cidade-na-ucrania-e-abre-crise-com-mercenarios\/#primaryimage\"},\"thumbnailUrl\":\"https:\/\/brasilnoticias.org\/site\/wp-content\/uploads\/2023\/01\/naom_63594e73473e7.jpg\",\"articleSection\":[\"Mundo\",\"\u00daltimas\"],\"inLanguage\":\"pt-PT\",\"potentialAction\":[{\"@type\":\"CommentAction\",\"name\":\"Comment\",\"target\":[\"https:\/\/brasilnoticias.org\/site\/russia-anuncia-conquista-de-cidade-na-ucrania-e-abre-crise-com-mercenarios\/#respond\"]}]},{\"@type\":\"WebPage\",\"@id\":\"https:\/\/brasilnoticias.org\/site\/russia-anuncia-conquista-de-cidade-na-ucrania-e-abre-crise-com-mercenarios\/\",\"url\":\"https:\/\/brasilnoticias.org\/site\/russia-anuncia-conquista-de-cidade-na-ucrania-e-abre-crise-com-mercenarios\/\",\"name\":\"R\u00fassia anuncia conquista de cidade na Ucr\u00e2nia e abre crise com mercen\u00e1rios - Brasil not\u00edcias\",\"isPartOf\":{\"@id\":\"https:\/\/brasilnoticias.org\/site\/#website\"},\"primaryImageOfPage\":{\"@id\":\"https:\/\/brasilnoticias.org\/site\/russia-anuncia-conquista-de-cidade-na-ucrania-e-abre-crise-com-mercenarios\/#primaryimage\"},\"image\":{\"@id\":\"https:\/\/brasilnoticias.org\/site\/russia-anuncia-conquista-de-cidade-na-ucrania-e-abre-crise-com-mercenarios\/#primaryimage\"},\"thumbnailUrl\":\"https:\/\/brasilnoticias.org\/site\/wp-content\/uploads\/2023\/01\/naom_63594e73473e7.jpg\",\"datePublished\":\"2023-01-14T21:10:07+00:00\",\"breadcrumb\":{\"@id\":\"https:\/\/brasilnoticias.org\/site\/russia-anuncia-conquista-de-cidade-na-ucrania-e-abre-crise-com-mercenarios\/#breadcrumb\"},\"inLanguage\":\"pt-PT\",\"potentialAction\":[{\"@type\":\"ReadAction\",\"target\":[\"https:\/\/brasilnoticias.org\/site\/russia-anuncia-conquista-de-cidade-na-ucrania-e-abre-crise-com-mercenarios\/\"]}]},{\"@type\":\"ImageObject\",\"inLanguage\":\"pt-PT\",\"@id\":\"https:\/\/brasilnoticias.org\/site\/russia-anuncia-conquista-de-cidade-na-ucrania-e-abre-crise-com-mercenarios\/#primaryimage\",\"url\":\"https:\/\/brasilnoticias.org\/site\/wp-content\/uploads\/2023\/01\/naom_63594e73473e7.jpg\",\"contentUrl\":\"https:\/\/brasilnoticias.org\/site\/wp-content\/uploads\/2023\/01\/naom_63594e73473e7.jpg\",\"width\":960,\"height\":540},{\"@type\":\"BreadcrumbList\",\"@id\":\"https:\/\/brasilnoticias.org\/site\/russia-anuncia-conquista-de-cidade-na-ucrania-e-abre-crise-com-mercenarios\/#breadcrumb\",\"itemListElement\":[{\"@type\":\"ListItem\",\"position\":1,\"name\":\"In\u00edcio\",\"item\":\"https:\/\/brasilnoticias.org\/site\/\"},{\"@type\":\"ListItem\",\"position\":2,\"name\":\"R\u00fassia anuncia conquista de cidade na Ucr\u00e2nia e abre crise com mercen\u00e1rios\"}]},{\"@type\":\"WebSite\",\"@id\":\"https:\/\/brasilnoticias.org\/site\/#website\",\"url\":\"https:\/\/brasilnoticias.org\/site\/\",\"name\":\"Brasil not\u00edcias\",\"description\":\"Brasil not\u00edcias\",\"publisher\":{\"@id\":\"https:\/\/brasilnoticias.org\/site\/#organization\"},\"potentialAction\":[{\"@type\":\"SearchAction\",\"target\":{\"@type\":\"EntryPoint\",\"urlTemplate\":\"https:\/\/brasilnoticias.org\/site\/?s={search_term_string}\"},\"query-input\":{\"@type\":\"PropertyValueSpecification\",\"valueRequired\":true,\"valueName\":\"search_term_string\"}}],\"inLanguage\":\"pt-PT\"},{\"@type\":\"Organization\",\"@id\":\"https:\/\/brasilnoticias.org\/site\/#organization\",\"name\":\"Brasil not\u00edcias\",\"url\":\"https:\/\/brasilnoticias.org\/site\/\",\"logo\":{\"@type\":\"ImageObject\",\"inLanguage\":\"pt-PT\",\"@id\":\"https:\/\/brasilnoticias.org\/site\/#\/schema\/logo\/image\/\",\"url\":\"https:\/\/brasilnoticias.org\/site\/wp-content\/uploads\/2022\/05\/cropped-brasilnoticias-mini.jpg\",\"contentUrl\":\"https:\/\/brasilnoticias.org\/site\/wp-content\/uploads\/2022\/05\/cropped-brasilnoticias-mini.jpg\",\"width\":314,\"height\":86,\"caption\":\"Brasil not\u00edcias\"},\"image\":{\"@id\":\"https:\/\/brasilnoticias.org\/site\/#\/schema\/logo\/image\/\"}},{\"@type\":\"Person\",\"@id\":\"https:\/\/brasilnoticias.org\/site\/#\/schema\/person\/a0e05b973ec4d15c658d51911e53507b\",\"name\":\"Reda\u00e7\u00e3o\",\"image\":{\"@type\":\"ImageObject\",\"inLanguage\":\"pt-PT\",\"@id\":\"https:\/\/brasilnoticias.org\/site\/#\/schema\/person\/image\/\",\"url\":\"https:\/\/secure.gravatar.com\/avatar\/75d8b050df2de108b08ae78dfb8e374892df24a383c67db9c46a9c604f6aee9c?s=96&d=mm&r=g\",\"contentUrl\":\"https:\/\/secure.gravatar.com\/avatar\/75d8b050df2de108b08ae78dfb8e374892df24a383c67db9c46a9c604f6aee9c?s=96&d=mm&r=g\",\"caption\":\"Reda\u00e7\u00e3o\"},\"sameAs\":[\"https:\/\/brasilnoticias.org\/site\"],\"url\":\"https:\/\/brasilnoticias.org\/site\/author\/fernandozsngmail-com\/\"}]}<\/script>\n<!-- \/ Yoast SEO plugin. -->","yoast_head_json":{"title":"R\u00fassia anuncia conquista de cidade na Ucr\u00e2nia e abre crise com mercen\u00e1rios - Brasil not\u00edcias","robots":{"index":"index","follow":"follow","max-snippet":"max-snippet:-1","max-image-preview":"max-image-preview:large","max-video-preview":"max-video-preview:-1"},"canonical":"https:\/\/brasilnoticias.org\/site\/russia-anuncia-conquista-de-cidade-na-ucrania-e-abre-crise-com-mercenarios\/","og_locale":"pt_PT","og_type":"article","og_title":"R\u00fassia anuncia conquista de cidade na Ucr\u00e2nia e abre crise com mercen\u00e1rios - Brasil not\u00edcias","og_description":"IGOR GIELOW (FOLHAPRESS) &#8211; O Minist\u00e9rio da Defesa da R\u00fassia anunciou nesta sexta (13) que suas For\u00e7as Armadas tomaram a","og_url":"https:\/\/brasilnoticias.org\/site\/russia-anuncia-conquista-de-cidade-na-ucrania-e-abre-crise-com-mercenarios\/","og_site_name":"Brasil not\u00edcias","article_published_time":"2023-01-14T21:10:07+00:00","og_image":[{"width":960,"height":540,"url":"https:\/\/brasilnoticias.org\/site\/wp-content\/uploads\/2023\/01\/naom_63594e73473e7.jpg","type":"image\/jpeg"}],"author":"Reda\u00e7\u00e3o","twitter_card":"summary_large_image","twitter_misc":{"Escrito por":"Reda\u00e7\u00e3o","Tempo estimado de leitura":"4 minutos"},"schema":{"@context":"https:\/\/schema.org","@graph":[{"@type":"Article","@id":"https:\/\/brasilnoticias.org\/site\/russia-anuncia-conquista-de-cidade-na-ucrania-e-abre-crise-com-mercenarios\/#article","isPartOf":{"@id":"https:\/\/brasilnoticias.org\/site\/russia-anuncia-conquista-de-cidade-na-ucrania-e-abre-crise-com-mercenarios\/"},"author":{"name":"Reda\u00e7\u00e3o","@id":"https:\/\/brasilnoticias.org\/site\/#\/schema\/person\/a0e05b973ec4d15c658d51911e53507b"},"headline":"R\u00fassia anuncia conquista de cidade na Ucr\u00e2nia e abre crise com mercen\u00e1rios","datePublished":"2023-01-14T21:10:07+00:00","mainEntityOfPage":{"@id":"https:\/\/brasilnoticias.org\/site\/russia-anuncia-conquista-de-cidade-na-ucrania-e-abre-crise-com-mercenarios\/"},"wordCount":733,"commentCount":0,"publisher":{"@id":"https:\/\/brasilnoticias.org\/site\/#organization"},"image":{"@id":"https:\/\/brasilnoticias.org\/site\/russia-anuncia-conquista-de-cidade-na-ucrania-e-abre-crise-com-mercenarios\/#primaryimage"},"thumbnailUrl":"https:\/\/brasilnoticias.org\/site\/wp-content\/uploads\/2023\/01\/naom_63594e73473e7.jpg","articleSection":["Mundo","\u00daltimas"],"inLanguage":"pt-PT","potentialAction":[{"@type":"CommentAction","name":"Comment","target":["https:\/\/brasilnoticias.org\/site\/russia-anuncia-conquista-de-cidade-na-ucrania-e-abre-crise-com-mercenarios\/#respond"]}]},{"@type":"WebPage","@id":"https:\/\/brasilnoticias.org\/site\/russia-anuncia-conquista-de-cidade-na-ucrania-e-abre-crise-com-mercenarios\/","url":"https:\/\/brasilnoticias.org\/site\/russia-anuncia-conquista-de-cidade-na-ucrania-e-abre-crise-com-mercenarios\/","name":"R\u00fassia anuncia conquista de cidade na Ucr\u00e2nia e abre crise com mercen\u00e1rios - Brasil not\u00edcias","isPartOf":{"@id":"https:\/\/brasilnoticias.org\/site\/#website"},"primaryImageOfPage":{"@id":"https:\/\/brasilnoticias.org\/site\/russia-anuncia-conquista-de-cidade-na-ucrania-e-abre-crise-com-mercenarios\/#primaryimage"},"image":{"@id":"https:\/\/brasilnoticias.org\/site\/russia-anuncia-conquista-de-cidade-na-ucrania-e-abre-crise-com-mercenarios\/#primaryimage"},"thumbnailUrl":"https:\/\/brasilnoticias.org\/site\/wp-content\/uploads\/2023\/01\/naom_63594e73473e7.jpg","datePublished":"2023-01-14T21:10:07+00:00","breadcrumb":{"@id":"https:\/\/brasilnoticias.org\/site\/russia-anuncia-conquista-de-cidade-na-ucrania-e-abre-crise-com-mercenarios\/#breadcrumb"},"inLanguage":"pt-PT","potentialAction":[{"@type":"ReadAction","target":["https:\/\/brasilnoticias.org\/site\/russia-anuncia-conquista-de-cidade-na-ucrania-e-abre-crise-com-mercenarios\/"]}]},{"@type":"ImageObject","inLanguage":"pt-PT","@id":"https:\/\/brasilnoticias.org\/site\/russia-anuncia-conquista-de-cidade-na-ucrania-e-abre-crise-com-mercenarios\/#primaryimage","url":"https:\/\/brasilnoticias.org\/site\/wp-content\/uploads\/2023\/01\/naom_63594e73473e7.jpg","contentUrl":"https:\/\/brasilnoticias.org\/site\/wp-content\/uploads\/2023\/01\/naom_63594e73473e7.jpg","width":960,"height":540},{"@type":"BreadcrumbList","@id":"https:\/\/brasilnoticias.org\/site\/russia-anuncia-conquista-de-cidade-na-ucrania-e-abre-crise-com-mercenarios\/#breadcrumb","itemListElement":[{"@type":"ListItem","position":1,"name":"In\u00edcio","item":"https:\/\/brasilnoticias.org\/site\/"},{"@type":"ListItem","position":2,"name":"R\u00fassia anuncia conquista de cidade na Ucr\u00e2nia e abre crise com mercen\u00e1rios"}]},{"@type":"WebSite","@id":"https:\/\/brasilnoticias.org\/site\/#website","url":"https:\/\/brasilnoticias.org\/site\/","name":"Brasil not\u00edcias","description":"Brasil not\u00edcias","publisher":{"@id":"https:\/\/brasilnoticias.org\/site\/#organization"},"potentialAction":[{"@type":"SearchAction","target":{"@type":"EntryPoint","urlTemplate":"https:\/\/brasilnoticias.org\/site\/?s={search_term_string}"},"query-input":{"@type":"PropertyValueSpecification","valueRequired":true,"valueName":"search_term_string"}}],"inLanguage":"pt-PT"},{"@type":"Organization","@id":"https:\/\/brasilnoticias.org\/site\/#organization","name":"Brasil not\u00edcias","url":"https:\/\/brasilnoticias.org\/site\/","logo":{"@type":"ImageObject","inLanguage":"pt-PT","@id":"https:\/\/brasilnoticias.org\/site\/#\/schema\/logo\/image\/","url":"https:\/\/brasilnoticias.org\/site\/wp-content\/uploads\/2022\/05\/cropped-brasilnoticias-mini.jpg","contentUrl":"https:\/\/brasilnoticias.org\/site\/wp-content\/uploads\/2022\/05\/cropped-brasilnoticias-mini.jpg","width":314,"height":86,"caption":"Brasil not\u00edcias"},"image":{"@id":"https:\/\/brasilnoticias.org\/site\/#\/schema\/logo\/image\/"}},{"@type":"Person","@id":"https:\/\/brasilnoticias.org\/site\/#\/schema\/person\/a0e05b973ec4d15c658d51911e53507b","name":"Reda\u00e7\u00e3o","image":{"@type":"ImageObject","inLanguage":"pt-PT","@id":"https:\/\/brasilnoticias.org\/site\/#\/schema\/person\/image\/","url":"https:\/\/secure.gravatar.com\/avatar\/75d8b050df2de108b08ae78dfb8e374892df24a383c67db9c46a9c604f6aee9c?s=96&d=mm&r=g","contentUrl":"https:\/\/secure.gravatar.com\/avatar\/75d8b050df2de108b08ae78dfb8e374892df24a383c67db9c46a9c604f6aee9c?s=96&d=mm&r=g","caption":"Reda\u00e7\u00e3o"},"sameAs":["https:\/\/brasilnoticias.org\/site"],"url":"https:\/\/brasilnoticias.org\/site\/author\/fernandozsngmail-com\/"}]}},"_links":{"self":[{"href":"https:\/\/brasilnoticias.org\/site\/wp-json\/wp\/v2\/posts\/3235","targetHints":{"allow":["GET"]}}],"collection":[{"href":"https:\/\/brasilnoticias.org\/site\/wp-json\/wp\/v2\/posts"}],"about":[{"href":"https:\/\/brasilnoticias.org\/site\/wp-json\/wp\/v2\/types\/post"}],"author":[{"embeddable":true,"href":"https:\/\/brasilnoticias.org\/site\/wp-json\/wp\/v2\/users\/1"}],"replies":[{"embeddable":true,"href":"https:\/\/brasilnoticias.org\/site\/wp-json\/wp\/v2\/comments?post=3235"}],"version-history":[{"count":1,"href":"https:\/\/brasilnoticias.org\/site\/wp-json\/wp\/v2\/posts\/3235\/revisions"}],"predecessor-version":[{"id":3237,"href":"https:\/\/brasilnoticias.org\/site\/wp-json\/wp\/v2\/posts\/3235\/revisions\/3237"}],"wp:featuredmedia":[{"embeddable":true,"href":"https:\/\/brasilnoticias.org\/site\/wp-json\/wp\/v2\/media\/3236"}],"wp:attachment":[{"href":"https:\/\/brasilnoticias.org\/site\/wp-json\/wp\/v2\/media?parent=3235"}],"wp:term":[{"taxonomy":"category","embeddable":true,"href":"https:\/\/brasilnoticias.org\/site\/wp-json\/wp\/v2\/categories?post=3235"},{"taxonomy":"post_tag","embeddable":true,"href":"https:\/\/brasilnoticias.org\/site\/wp-json\/wp\/v2\/tags?post=3235"}],"curies":[{"name":"wp","href":"https:\/\/api.w.org\/{rel}","templated":true}]}}