{"id":3238,"date":"2023-01-14T18:20:06","date_gmt":"2023-01-14T21:20:06","guid":{"rendered":"https:\/\/brasilnoticias.org\/site\/?p=3238"},"modified":"2023-01-14T06:50:32","modified_gmt":"2023-01-14T09:50:32","slug":"justica-autoriza-prorrogacao-do-emprego-da-forca-nacional-na-amazonia-legal","status":"publish","type":"post","link":"https:\/\/brasilnoticias.org\/site\/justica-autoriza-prorrogacao-do-emprego-da-forca-nacional-na-amazonia-legal\/","title":{"rendered":"Justi\u00e7a autoriza prorroga\u00e7\u00e3o do emprego da For\u00e7a Nacional na Amaz\u00f4nia Legal"},"content":{"rendered":"<p>O Minist\u00e9rio da Justi\u00e7a e Seguran\u00e7a P\u00fablica autorizou a prorroga\u00e7\u00e3o do emprego da For\u00e7a Nacional, em apoio ao Ibama, nas a\u00e7\u00f5es de fiscaliza\u00e7\u00e3o e de repress\u00e3o ao desmatamento ilegal e demais crimes ambientais, e de combate aos inc\u00eandios florestais e queimadas, na \u00e1rea que compreende a Amaz\u00f4nia Legal, em atividades e servi\u00e7os imprescind\u00edveis \u00e0 preserva\u00e7\u00e3o da ordem p\u00fablica e da incolumidade das pessoas e do patrim\u00f4nio. Segundo a Portaria, publicada no\u00a0<i>Di\u00e1rio Oficial da Uni\u00e3o<\/i>\u00a0desta sexta-feira, 13, o emprego da For\u00e7a Nacional na regi\u00e3o poder\u00e1 se estender por mais 180 dias, de 14 de janeiro at\u00e9 12 de julho de 2023.<\/p>\n<p><b>DF<\/b><\/p>\n<p>&nbsp;<\/p>\n<p>Em outra portaria, tamb\u00e9m publicada no\u00a0<i>DOU<\/i>\u00a0desta sexta, o minist\u00e9rio da Justi\u00e7a autoriza a mobiliza\u00e7\u00e3o de policiais militares do Tocantins, par a emprego da For\u00e7a Nacional, para por fim ao grave comprometimento da ordem p\u00fablica em Bras\u00edlia, Distrito Federal, at\u00e9 o dia 31 de janeiro. Depois dos atos radicais do \u00faltimo domingo, 8, v\u00e1rios Estados ofereceram efetivo da PM para refor\u00e7ar a seguran\u00e7a da capital federal.<\/p>\n<div class=\"pub-container inside-news\"><\/div>\n<p>&nbsp;<\/p>\n<div class=\"col-lg-12 col-md-12 col-sm-6 col-xs-6\">\n<p>Not\u00edcias ao minuto<\/p>\n<p class=\"news-main-image-copyright text-left\">Foto For\u00e7a Nacional Arquivo\/Ag\u00eancia Brasil<\/p>\n<\/div>\n<div class=\"col-sm-6 col-xs-6 no-padding visible-sm visible-xs\"><\/div>\n","protected":false},"excerpt":{"rendered":"<p>O Minist\u00e9rio da Justi\u00e7a e Seguran\u00e7a P\u00fablica autorizou a prorroga\u00e7\u00e3o do emprego da For\u00e7a Nacional, em apoio ao Ibama, nas<\/p>\n","protected":false},"author":1,"featured_media":3239,"comment_status":"open","ping_status":"open","sticky":false,"template":"","format":"standard","meta":{"colormag_page_container_layout":"default_layout","colormag_page_sidebar_layout":"default_layout","_FSMCFIC_featured_image_caption":"","_FSMCFIC_featured_image_nocaption":"","_FSMCFIC_featured_image_hide":"","footnotes":""},"categories":[2,1],"tags":[],"class_list":["post-3238","post","type-post","status-publish","format-standard","has-post-thumbnail","hentry","category-noticias","category-ultimas"],"yoast_head":"<!-- This site is optimized with the Yoast SEO plugin v27.1.1 - https:\/\/yoast.com\/product\/yoast-seo-wordpress\/ -->\n<title>Justi\u00e7a autoriza prorroga\u00e7\u00e3o do emprego da For\u00e7a Nacional na Amaz\u00f4nia Legal - Brasil not\u00edcias<\/title>\n<meta name=\"robots\" content=\"index, follow, max-snippet:-1, max-image-preview:large, max-video-preview:-1\" \/>\n<link rel=\"canonical\" href=\"https:\/\/brasilnoticias.org\/site\/justica-autoriza-prorrogacao-do-emprego-da-forca-nacional-na-amazonia-legal\/\" \/>\n<meta property=\"og:locale\" content=\"pt_PT\" \/>\n<meta property=\"og:type\" content=\"article\" \/>\n<meta property=\"og:title\" content=\"Justi\u00e7a autoriza prorroga\u00e7\u00e3o do emprego da For\u00e7a Nacional na Amaz\u00f4nia Legal - Brasil not\u00edcias\" \/>\n<meta property=\"og:description\" content=\"O Minist\u00e9rio da Justi\u00e7a e Seguran\u00e7a P\u00fablica autorizou a prorroga\u00e7\u00e3o do emprego da For\u00e7a Nacional, em apoio ao Ibama, nas\" \/>\n<meta property=\"og:url\" content=\"https:\/\/brasilnoticias.org\/site\/justica-autoriza-prorrogacao-do-emprego-da-forca-nacional-na-amazonia-legal\/\" \/>\n<meta property=\"og:site_name\" content=\"Brasil not\u00edcias\" \/>\n<meta property=\"article:published_time\" content=\"2023-01-14T21:20:06+00:00\" \/>\n<meta property=\"og:image\" content=\"https:\/\/brasilnoticias.org\/site\/wp-content\/uploads\/2023\/01\/naom_5c86a954dcf96.jpg\" \/>\n\t<meta property=\"og:image:width\" content=\"960\" \/>\n\t<meta property=\"og:image:height\" content=\"540\" \/>\n\t<meta property=\"og:image:type\" content=\"image\/jpeg\" \/>\n<meta name=\"author\" content=\"Reda\u00e7\u00e3o\" \/>\n<meta name=\"twitter:card\" content=\"summary_large_image\" \/>\n<meta name=\"twitter:label1\" content=\"Escrito por\" \/>\n\t<meta name=\"twitter:data1\" content=\"Reda\u00e7\u00e3o\" \/>\n\t<meta name=\"twitter:label2\" content=\"Tempo estimado de leitura\" \/>\n\t<meta name=\"twitter:data2\" content=\"1 minuto\" \/>\n<script type=\"application\/ld+json\" class=\"yoast-schema-graph\">{\"@context\":\"https:\/\/schema.org\",\"@graph\":[{\"@type\":\"Article\",\"@id\":\"https:\/\/brasilnoticias.org\/site\/justica-autoriza-prorrogacao-do-emprego-da-forca-nacional-na-amazonia-legal\/#article\",\"isPartOf\":{\"@id\":\"https:\/\/brasilnoticias.org\/site\/justica-autoriza-prorrogacao-do-emprego-da-forca-nacional-na-amazonia-legal\/\"},\"author\":{\"name\":\"Reda\u00e7\u00e3o\",\"@id\":\"https:\/\/brasilnoticias.org\/site\/#\/schema\/person\/a0e05b973ec4d15c658d51911e53507b\"},\"headline\":\"Justi\u00e7a autoriza prorroga\u00e7\u00e3o do emprego da For\u00e7a Nacional na Amaz\u00f4nia Legal\",\"datePublished\":\"2023-01-14T21:20:06+00:00\",\"mainEntityOfPage\":{\"@id\":\"https:\/\/brasilnoticias.org\/site\/justica-autoriza-prorrogacao-do-emprego-da-forca-nacional-na-amazonia-legal\/\"},\"wordCount\":221,\"commentCount\":0,\"publisher\":{\"@id\":\"https:\/\/brasilnoticias.org\/site\/#organization\"},\"image\":{\"@id\":\"https:\/\/brasilnoticias.org\/site\/justica-autoriza-prorrogacao-do-emprego-da-forca-nacional-na-amazonia-legal\/#primaryimage\"},\"thumbnailUrl\":\"https:\/\/brasilnoticias.org\/site\/wp-content\/uploads\/2023\/01\/naom_5c86a954dcf96.jpg\",\"articleSection\":[\"Not\u00edcias\",\"\u00daltimas\"],\"inLanguage\":\"pt-PT\",\"potentialAction\":[{\"@type\":\"CommentAction\",\"name\":\"Comment\",\"target\":[\"https:\/\/brasilnoticias.org\/site\/justica-autoriza-prorrogacao-do-emprego-da-forca-nacional-na-amazonia-legal\/#respond\"]}]},{\"@type\":\"WebPage\",\"@id\":\"https:\/\/brasilnoticias.org\/site\/justica-autoriza-prorrogacao-do-emprego-da-forca-nacional-na-amazonia-legal\/\",\"url\":\"https:\/\/brasilnoticias.org\/site\/justica-autoriza-prorrogacao-do-emprego-da-forca-nacional-na-amazonia-legal\/\",\"name\":\"Justi\u00e7a autoriza prorroga\u00e7\u00e3o do emprego da For\u00e7a Nacional na Amaz\u00f4nia Legal - Brasil not\u00edcias\",\"isPartOf\":{\"@id\":\"https:\/\/brasilnoticias.org\/site\/#website\"},\"primaryImageOfPage\":{\"@id\":\"https:\/\/brasilnoticias.org\/site\/justica-autoriza-prorrogacao-do-emprego-da-forca-nacional-na-amazonia-legal\/#primaryimage\"},\"image\":{\"@id\":\"https:\/\/brasilnoticias.org\/site\/justica-autoriza-prorrogacao-do-emprego-da-forca-nacional-na-amazonia-legal\/#primaryimage\"},\"thumbnailUrl\":\"https:\/\/brasilnoticias.org\/site\/wp-content\/uploads\/2023\/01\/naom_5c86a954dcf96.jpg\",\"datePublished\":\"2023-01-14T21:20:06+00:00\",\"breadcrumb\":{\"@id\":\"https:\/\/brasilnoticias.org\/site\/justica-autoriza-prorrogacao-do-emprego-da-forca-nacional-na-amazonia-legal\/#breadcrumb\"},\"inLanguage\":\"pt-PT\",\"potentialAction\":[{\"@type\":\"ReadAction\",\"target\":[\"https:\/\/brasilnoticias.org\/site\/justica-autoriza-prorrogacao-do-emprego-da-forca-nacional-na-amazonia-legal\/\"]}]},{\"@type\":\"ImageObject\",\"inLanguage\":\"pt-PT\",\"@id\":\"https:\/\/brasilnoticias.org\/site\/justica-autoriza-prorrogacao-do-emprego-da-forca-nacional-na-amazonia-legal\/#primaryimage\",\"url\":\"https:\/\/brasilnoticias.org\/site\/wp-content\/uploads\/2023\/01\/naom_5c86a954dcf96.jpg\",\"contentUrl\":\"https:\/\/brasilnoticias.org\/site\/wp-content\/uploads\/2023\/01\/naom_5c86a954dcf96.jpg\",\"width\":960,\"height\":540},{\"@type\":\"BreadcrumbList\",\"@id\":\"https:\/\/brasilnoticias.org\/site\/justica-autoriza-prorrogacao-do-emprego-da-forca-nacional-na-amazonia-legal\/#breadcrumb\",\"itemListElement\":[{\"@type\":\"ListItem\",\"position\":1,\"name\":\"In\u00edcio\",\"item\":\"https:\/\/brasilnoticias.org\/site\/\"},{\"@type\":\"ListItem\",\"position\":2,\"name\":\"Justi\u00e7a autoriza prorroga\u00e7\u00e3o do emprego da For\u00e7a Nacional na Amaz\u00f4nia Legal\"}]},{\"@type\":\"WebSite\",\"@id\":\"https:\/\/brasilnoticias.org\/site\/#website\",\"url\":\"https:\/\/brasilnoticias.org\/site\/\",\"name\":\"Brasil not\u00edcias\",\"description\":\"Brasil not\u00edcias\",\"publisher\":{\"@id\":\"https:\/\/brasilnoticias.org\/site\/#organization\"},\"potentialAction\":[{\"@type\":\"SearchAction\",\"target\":{\"@type\":\"EntryPoint\",\"urlTemplate\":\"https:\/\/brasilnoticias.org\/site\/?s={search_term_string}\"},\"query-input\":{\"@type\":\"PropertyValueSpecification\",\"valueRequired\":true,\"valueName\":\"search_term_string\"}}],\"inLanguage\":\"pt-PT\"},{\"@type\":\"Organization\",\"@id\":\"https:\/\/brasilnoticias.org\/site\/#organization\",\"name\":\"Brasil not\u00edcias\",\"url\":\"https:\/\/brasilnoticias.org\/site\/\",\"logo\":{\"@type\":\"ImageObject\",\"inLanguage\":\"pt-PT\",\"@id\":\"https:\/\/brasilnoticias.org\/site\/#\/schema\/logo\/image\/\",\"url\":\"https:\/\/brasilnoticias.org\/site\/wp-content\/uploads\/2022\/05\/cropped-brasilnoticias-mini.jpg\",\"contentUrl\":\"https:\/\/brasilnoticias.org\/site\/wp-content\/uploads\/2022\/05\/cropped-brasilnoticias-mini.jpg\",\"width\":314,\"height\":86,\"caption\":\"Brasil not\u00edcias\"},\"image\":{\"@id\":\"https:\/\/brasilnoticias.org\/site\/#\/schema\/logo\/image\/\"}},{\"@type\":\"Person\",\"@id\":\"https:\/\/brasilnoticias.org\/site\/#\/schema\/person\/a0e05b973ec4d15c658d51911e53507b\",\"name\":\"Reda\u00e7\u00e3o\",\"image\":{\"@type\":\"ImageObject\",\"inLanguage\":\"pt-PT\",\"@id\":\"https:\/\/brasilnoticias.org\/site\/#\/schema\/person\/image\/\",\"url\":\"https:\/\/secure.gravatar.com\/avatar\/75d8b050df2de108b08ae78dfb8e374892df24a383c67db9c46a9c604f6aee9c?s=96&d=mm&r=g\",\"contentUrl\":\"https:\/\/secure.gravatar.com\/avatar\/75d8b050df2de108b08ae78dfb8e374892df24a383c67db9c46a9c604f6aee9c?s=96&d=mm&r=g\",\"caption\":\"Reda\u00e7\u00e3o\"},\"sameAs\":[\"https:\/\/brasilnoticias.org\/site\"],\"url\":\"https:\/\/brasilnoticias.org\/site\/author\/fernandozsngmail-com\/\"}]}<\/script>\n<!-- \/ Yoast SEO plugin. -->","yoast_head_json":{"title":"Justi\u00e7a autoriza prorroga\u00e7\u00e3o do emprego da For\u00e7a Nacional na Amaz\u00f4nia Legal - Brasil not\u00edcias","robots":{"index":"index","follow":"follow","max-snippet":"max-snippet:-1","max-image-preview":"max-image-preview:large","max-video-preview":"max-video-preview:-1"},"canonical":"https:\/\/brasilnoticias.org\/site\/justica-autoriza-prorrogacao-do-emprego-da-forca-nacional-na-amazonia-legal\/","og_locale":"pt_PT","og_type":"article","og_title":"Justi\u00e7a autoriza prorroga\u00e7\u00e3o do emprego da For\u00e7a Nacional na Amaz\u00f4nia Legal - Brasil not\u00edcias","og_description":"O Minist\u00e9rio da Justi\u00e7a e Seguran\u00e7a P\u00fablica autorizou a prorroga\u00e7\u00e3o do emprego da For\u00e7a Nacional, em apoio ao Ibama, nas","og_url":"https:\/\/brasilnoticias.org\/site\/justica-autoriza-prorrogacao-do-emprego-da-forca-nacional-na-amazonia-legal\/","og_site_name":"Brasil not\u00edcias","article_published_time":"2023-01-14T21:20:06+00:00","og_image":[{"width":960,"height":540,"url":"https:\/\/brasilnoticias.org\/site\/wp-content\/uploads\/2023\/01\/naom_5c86a954dcf96.jpg","type":"image\/jpeg"}],"author":"Reda\u00e7\u00e3o","twitter_card":"summary_large_image","twitter_misc":{"Escrito por":"Reda\u00e7\u00e3o","Tempo estimado de leitura":"1 minuto"},"schema":{"@context":"https:\/\/schema.org","@graph":[{"@type":"Article","@id":"https:\/\/brasilnoticias.org\/site\/justica-autoriza-prorrogacao-do-emprego-da-forca-nacional-na-amazonia-legal\/#article","isPartOf":{"@id":"https:\/\/brasilnoticias.org\/site\/justica-autoriza-prorrogacao-do-emprego-da-forca-nacional-na-amazonia-legal\/"},"author":{"name":"Reda\u00e7\u00e3o","@id":"https:\/\/brasilnoticias.org\/site\/#\/schema\/person\/a0e05b973ec4d15c658d51911e53507b"},"headline":"Justi\u00e7a autoriza prorroga\u00e7\u00e3o do emprego da For\u00e7a Nacional na Amaz\u00f4nia Legal","datePublished":"2023-01-14T21:20:06+00:00","mainEntityOfPage":{"@id":"https:\/\/brasilnoticias.org\/site\/justica-autoriza-prorrogacao-do-emprego-da-forca-nacional-na-amazonia-legal\/"},"wordCount":221,"commentCount":0,"publisher":{"@id":"https:\/\/brasilnoticias.org\/site\/#organization"},"image":{"@id":"https:\/\/brasilnoticias.org\/site\/justica-autoriza-prorrogacao-do-emprego-da-forca-nacional-na-amazonia-legal\/#primaryimage"},"thumbnailUrl":"https:\/\/brasilnoticias.org\/site\/wp-content\/uploads\/2023\/01\/naom_5c86a954dcf96.jpg","articleSection":["Not\u00edcias","\u00daltimas"],"inLanguage":"pt-PT","potentialAction":[{"@type":"CommentAction","name":"Comment","target":["https:\/\/brasilnoticias.org\/site\/justica-autoriza-prorrogacao-do-emprego-da-forca-nacional-na-amazonia-legal\/#respond"]}]},{"@type":"WebPage","@id":"https:\/\/brasilnoticias.org\/site\/justica-autoriza-prorrogacao-do-emprego-da-forca-nacional-na-amazonia-legal\/","url":"https:\/\/brasilnoticias.org\/site\/justica-autoriza-prorrogacao-do-emprego-da-forca-nacional-na-amazonia-legal\/","name":"Justi\u00e7a autoriza prorroga\u00e7\u00e3o do emprego da For\u00e7a Nacional na Amaz\u00f4nia Legal - Brasil not\u00edcias","isPartOf":{"@id":"https:\/\/brasilnoticias.org\/site\/#website"},"primaryImageOfPage":{"@id":"https:\/\/brasilnoticias.org\/site\/justica-autoriza-prorrogacao-do-emprego-da-forca-nacional-na-amazonia-legal\/#primaryimage"},"image":{"@id":"https:\/\/brasilnoticias.org\/site\/justica-autoriza-prorrogacao-do-emprego-da-forca-nacional-na-amazonia-legal\/#primaryimage"},"thumbnailUrl":"https:\/\/brasilnoticias.org\/site\/wp-content\/uploads\/2023\/01\/naom_5c86a954dcf96.jpg","datePublished":"2023-01-14T21:20:06+00:00","breadcrumb":{"@id":"https:\/\/brasilnoticias.org\/site\/justica-autoriza-prorrogacao-do-emprego-da-forca-nacional-na-amazonia-legal\/#breadcrumb"},"inLanguage":"pt-PT","potentialAction":[{"@type":"ReadAction","target":["https:\/\/brasilnoticias.org\/site\/justica-autoriza-prorrogacao-do-emprego-da-forca-nacional-na-amazonia-legal\/"]}]},{"@type":"ImageObject","inLanguage":"pt-PT","@id":"https:\/\/brasilnoticias.org\/site\/justica-autoriza-prorrogacao-do-emprego-da-forca-nacional-na-amazonia-legal\/#primaryimage","url":"https:\/\/brasilnoticias.org\/site\/wp-content\/uploads\/2023\/01\/naom_5c86a954dcf96.jpg","contentUrl":"https:\/\/brasilnoticias.org\/site\/wp-content\/uploads\/2023\/01\/naom_5c86a954dcf96.jpg","width":960,"height":540},{"@type":"BreadcrumbList","@id":"https:\/\/brasilnoticias.org\/site\/justica-autoriza-prorrogacao-do-emprego-da-forca-nacional-na-amazonia-legal\/#breadcrumb","itemListElement":[{"@type":"ListItem","position":1,"name":"In\u00edcio","item":"https:\/\/brasilnoticias.org\/site\/"},{"@type":"ListItem","position":2,"name":"Justi\u00e7a autoriza prorroga\u00e7\u00e3o do emprego da For\u00e7a Nacional na Amaz\u00f4nia Legal"}]},{"@type":"WebSite","@id":"https:\/\/brasilnoticias.org\/site\/#website","url":"https:\/\/brasilnoticias.org\/site\/","name":"Brasil not\u00edcias","description":"Brasil not\u00edcias","publisher":{"@id":"https:\/\/brasilnoticias.org\/site\/#organization"},"potentialAction":[{"@type":"SearchAction","target":{"@type":"EntryPoint","urlTemplate":"https:\/\/brasilnoticias.org\/site\/?s={search_term_string}"},"query-input":{"@type":"PropertyValueSpecification","valueRequired":true,"valueName":"search_term_string"}}],"inLanguage":"pt-PT"},{"@type":"Organization","@id":"https:\/\/brasilnoticias.org\/site\/#organization","name":"Brasil not\u00edcias","url":"https:\/\/brasilnoticias.org\/site\/","logo":{"@type":"ImageObject","inLanguage":"pt-PT","@id":"https:\/\/brasilnoticias.org\/site\/#\/schema\/logo\/image\/","url":"https:\/\/brasilnoticias.org\/site\/wp-content\/uploads\/2022\/05\/cropped-brasilnoticias-mini.jpg","contentUrl":"https:\/\/brasilnoticias.org\/site\/wp-content\/uploads\/2022\/05\/cropped-brasilnoticias-mini.jpg","width":314,"height":86,"caption":"Brasil not\u00edcias"},"image":{"@id":"https:\/\/brasilnoticias.org\/site\/#\/schema\/logo\/image\/"}},{"@type":"Person","@id":"https:\/\/brasilnoticias.org\/site\/#\/schema\/person\/a0e05b973ec4d15c658d51911e53507b","name":"Reda\u00e7\u00e3o","image":{"@type":"ImageObject","inLanguage":"pt-PT","@id":"https:\/\/brasilnoticias.org\/site\/#\/schema\/person\/image\/","url":"https:\/\/secure.gravatar.com\/avatar\/75d8b050df2de108b08ae78dfb8e374892df24a383c67db9c46a9c604f6aee9c?s=96&d=mm&r=g","contentUrl":"https:\/\/secure.gravatar.com\/avatar\/75d8b050df2de108b08ae78dfb8e374892df24a383c67db9c46a9c604f6aee9c?s=96&d=mm&r=g","caption":"Reda\u00e7\u00e3o"},"sameAs":["https:\/\/brasilnoticias.org\/site"],"url":"https:\/\/brasilnoticias.org\/site\/author\/fernandozsngmail-com\/"}]}},"_links":{"self":[{"href":"https:\/\/brasilnoticias.org\/site\/wp-json\/wp\/v2\/posts\/3238","targetHints":{"allow":["GET"]}}],"collection":[{"href":"https:\/\/brasilnoticias.org\/site\/wp-json\/wp\/v2\/posts"}],"about":[{"href":"https:\/\/brasilnoticias.org\/site\/wp-json\/wp\/v2\/types\/post"}],"author":[{"embeddable":true,"href":"https:\/\/brasilnoticias.org\/site\/wp-json\/wp\/v2\/users\/1"}],"replies":[{"embeddable":true,"href":"https:\/\/brasilnoticias.org\/site\/wp-json\/wp\/v2\/comments?post=3238"}],"version-history":[{"count":1,"href":"https:\/\/brasilnoticias.org\/site\/wp-json\/wp\/v2\/posts\/3238\/revisions"}],"predecessor-version":[{"id":3240,"href":"https:\/\/brasilnoticias.org\/site\/wp-json\/wp\/v2\/posts\/3238\/revisions\/3240"}],"wp:featuredmedia":[{"embeddable":true,"href":"https:\/\/brasilnoticias.org\/site\/wp-json\/wp\/v2\/media\/3239"}],"wp:attachment":[{"href":"https:\/\/brasilnoticias.org\/site\/wp-json\/wp\/v2\/media?parent=3238"}],"wp:term":[{"taxonomy":"category","embeddable":true,"href":"https:\/\/brasilnoticias.org\/site\/wp-json\/wp\/v2\/categories?post=3238"},{"taxonomy":"post_tag","embeddable":true,"href":"https:\/\/brasilnoticias.org\/site\/wp-json\/wp\/v2\/tags?post=3238"}],"curies":[{"name":"wp","href":"https:\/\/api.w.org\/{rel}","templated":true}]}}