{"id":3241,"date":"2023-01-14T18:30:48","date_gmt":"2023-01-14T21:30:48","guid":{"rendered":"https:\/\/brasilnoticias.org\/site\/?p=3241"},"modified":"2023-01-14T06:52:18","modified_gmt":"2023-01-14T09:52:18","slug":"covid-19-se-mantem-no-topo-das-internacoes-por-problemas-respiratorios","status":"publish","type":"post","link":"https:\/\/brasilnoticias.org\/site\/covid-19-se-mantem-no-topo-das-internacoes-por-problemas-respiratorios\/","title":{"rendered":"Covid-19 se mant\u00e9m no topo das interna\u00e7\u00f5es por problemas respirat\u00f3rios"},"content":{"rendered":"<p>O SARS-CoV-2, que causa a covid-19, se mant\u00e9m como o principal v\u00edrus causador de s\u00edndromes respirat\u00f3rias agudas graves (SRAG) no pa\u00eds, segundo o boletim InfoGripe divulgado nesta quinta (12) pela Funda\u00e7\u00e3o Oswaldo Cruz (Fiocruz). Entre as crian\u00e7as, por\u00e9m, o v\u00edrus sincicial respirat\u00f3rio (VSR) tem maior preval\u00eancia.<\/p>\n<div class=\"pub-container inside-news\">\n<p>O boletim mostra que,\u00a0nas \u00faltimas quatro semanas, 77,8% das interna\u00e7\u00f5es por s\u00edndromes respirat\u00f3rias em que houve teste positivo para um v\u00edrus foram causadas pelo SARS-CoV-2. Entre a popula\u00e7\u00e3o em geral, o VSR responde por 12,6% dos casos, mas, entre as crian\u00e7as, chega a 59%.<\/p>\n<p>O predom\u00ednio do SARS-CoV-2 \u00e9 ainda maior nas mortes por SRAG: entre os casos causados por v\u00edrus respirat\u00f3rios, 96,6% est\u00e3o associados \u00e0 covid-19.<\/p>\n<p>O cen\u00e1rio faz com que o coordenador do InfoGripe, Marcelo Gomes, reforce o apelo para que a popula\u00e7\u00e3o busque completar o esquema de vacina\u00e7\u00e3o contra a covid-19, com as duas doses de refor\u00e7o.<\/p>\n<p>&#8220;A covid-19 continua sendo o principal motivo de interna\u00e7\u00e3o por problemas respirat\u00f3rios na popula\u00e7\u00e3o adolescente e adulta de nosso pa\u00eds. \u00c9 isso que os dados de notifica\u00e7\u00e3o t\u00eam nos mostrado. Dado esse cen\u00e1rio, \u00e9 fundamental que a popula\u00e7\u00e3o esteja em dia com a vacina\u00e7\u00e3o contra a covid-19. A vacina \u00e9 nosso principal mecanismo para proteger a nossa sa\u00fade e a nossa vida contra a covid-19&#8221;, afirma.<\/p>\n<p>Gomes\u00a0lembra\u00a0ainda que as crian\u00e7as tamb\u00e9m devem ser vacinadas e lamenta que apenas cerca de 39% da popula\u00e7\u00e3o infantil, de 3 a 11 anos, finalizou o esquema vacinal contra a doen\u00e7a no pa\u00eds.<\/p>\n<p>&#8220;N\u00f3s chama aten\u00e7\u00e3o que, infelizmente, atualmente um percentual importante da popula\u00e7\u00e3o tem se mostrado em d\u00favida se vale a pena ou n\u00e3o vacinar principalmente as crian\u00e7as e adolescentes&#8221;, avalia o pesquisador, que cita um estudo que indicou que a covid-19 causou a morte de duas crian\u00e7as de at\u00e9 5 anos por dia no Brasil em 2020 e 2021.<\/p>\n<p>Desde 12 de dezembro, a m\u00e9dia m\u00f3vel de mortes de pessoas de todas as idades por covid-19 voltou a ultrapassar 100 v\u00edtimas por dia, o que n\u00e3o acontecia desde agosto, segundo dados do painel Monitora Covid-19, da Fiocruz. Somente ontem (11), quase um m\u00eas depois, a m\u00e9dia de mortes di\u00e1rias caiu abaixo de 100, chegando a 96.<\/p>\n<p>A pandemia de covid-19 j\u00e1 provocou a morte de 695.088 pessoas no Brasil, o segundo maior n\u00famero de v\u00edtimas em todo o mundo, segundo a Organiza\u00e7\u00e3o Mundial da Sa\u00fade.<\/p>\n<\/div>\n<p>&nbsp;<\/p>\n<p>Foto iStock<\/p>\n<p>Not\u00edcias ao minuto<\/p>\n","protected":false},"excerpt":{"rendered":"<p>O SARS-CoV-2, que causa a covid-19, se mant\u00e9m como o principal v\u00edrus causador de s\u00edndromes respirat\u00f3rias agudas graves (SRAG) no<\/p>\n","protected":false},"author":1,"featured_media":3242,"comment_status":"open","ping_status":"open","sticky":false,"template":"","format":"standard","meta":{"colormag_page_container_layout":"default_layout","colormag_page_sidebar_layout":"default_layout","_FSMCFIC_featured_image_caption":"","_FSMCFIC_featured_image_nocaption":"","_FSMCFIC_featured_image_hide":"","footnotes":""},"categories":[2,1],"tags":[],"class_list":["post-3241","post","type-post","status-publish","format-standard","has-post-thumbnail","hentry","category-noticias","category-ultimas"],"yoast_head":"<!-- This site is optimized with the Yoast SEO plugin v27.1.1 - https:\/\/yoast.com\/product\/yoast-seo-wordpress\/ -->\n<title>Covid-19 se mant\u00e9m no topo das interna\u00e7\u00f5es por problemas respirat\u00f3rios - Brasil not\u00edcias<\/title>\n<meta name=\"robots\" content=\"index, follow, max-snippet:-1, max-image-preview:large, max-video-preview:-1\" \/>\n<link rel=\"canonical\" href=\"https:\/\/brasilnoticias.org\/site\/covid-19-se-mantem-no-topo-das-internacoes-por-problemas-respiratorios\/\" \/>\n<meta property=\"og:locale\" content=\"pt_PT\" \/>\n<meta property=\"og:type\" content=\"article\" \/>\n<meta property=\"og:title\" content=\"Covid-19 se mant\u00e9m no topo das interna\u00e7\u00f5es por problemas respirat\u00f3rios - Brasil not\u00edcias\" \/>\n<meta property=\"og:description\" content=\"O SARS-CoV-2, que causa a covid-19, se mant\u00e9m como o principal v\u00edrus causador de s\u00edndromes respirat\u00f3rias agudas graves (SRAG) no\" \/>\n<meta property=\"og:url\" content=\"https:\/\/brasilnoticias.org\/site\/covid-19-se-mantem-no-topo-das-internacoes-por-problemas-respiratorios\/\" \/>\n<meta property=\"og:site_name\" content=\"Brasil not\u00edcias\" \/>\n<meta property=\"article:published_time\" content=\"2023-01-14T21:30:48+00:00\" \/>\n<meta property=\"og:image\" content=\"https:\/\/brasilnoticias.org\/site\/wp-content\/uploads\/2023\/01\/naom_5dc2fec144d4d.jpg\" \/>\n\t<meta property=\"og:image:width\" content=\"960\" \/>\n\t<meta property=\"og:image:height\" content=\"540\" \/>\n\t<meta property=\"og:image:type\" content=\"image\/jpeg\" \/>\n<meta name=\"author\" content=\"Reda\u00e7\u00e3o\" \/>\n<meta name=\"twitter:card\" content=\"summary_large_image\" \/>\n<meta name=\"twitter:label1\" content=\"Escrito por\" \/>\n\t<meta name=\"twitter:data1\" content=\"Reda\u00e7\u00e3o\" \/>\n\t<meta name=\"twitter:label2\" content=\"Tempo estimado de leitura\" \/>\n\t<meta name=\"twitter:data2\" content=\"2 minutos\" \/>\n<script type=\"application\/ld+json\" class=\"yoast-schema-graph\">{\"@context\":\"https:\/\/schema.org\",\"@graph\":[{\"@type\":\"Article\",\"@id\":\"https:\/\/brasilnoticias.org\/site\/covid-19-se-mantem-no-topo-das-internacoes-por-problemas-respiratorios\/#article\",\"isPartOf\":{\"@id\":\"https:\/\/brasilnoticias.org\/site\/covid-19-se-mantem-no-topo-das-internacoes-por-problemas-respiratorios\/\"},\"author\":{\"name\":\"Reda\u00e7\u00e3o\",\"@id\":\"https:\/\/brasilnoticias.org\/site\/#\/schema\/person\/a0e05b973ec4d15c658d51911e53507b\"},\"headline\":\"Covid-19 se mant\u00e9m no topo das interna\u00e7\u00f5es por problemas respirat\u00f3rios\",\"datePublished\":\"2023-01-14T21:30:48+00:00\",\"mainEntityOfPage\":{\"@id\":\"https:\/\/brasilnoticias.org\/site\/covid-19-se-mantem-no-topo-das-internacoes-por-problemas-respiratorios\/\"},\"wordCount\":447,\"commentCount\":0,\"publisher\":{\"@id\":\"https:\/\/brasilnoticias.org\/site\/#organization\"},\"image\":{\"@id\":\"https:\/\/brasilnoticias.org\/site\/covid-19-se-mantem-no-topo-das-internacoes-por-problemas-respiratorios\/#primaryimage\"},\"thumbnailUrl\":\"https:\/\/brasilnoticias.org\/site\/wp-content\/uploads\/2023\/01\/naom_5dc2fec144d4d.jpg\",\"articleSection\":[\"Not\u00edcias\",\"\u00daltimas\"],\"inLanguage\":\"pt-PT\",\"potentialAction\":[{\"@type\":\"CommentAction\",\"name\":\"Comment\",\"target\":[\"https:\/\/brasilnoticias.org\/site\/covid-19-se-mantem-no-topo-das-internacoes-por-problemas-respiratorios\/#respond\"]}]},{\"@type\":\"WebPage\",\"@id\":\"https:\/\/brasilnoticias.org\/site\/covid-19-se-mantem-no-topo-das-internacoes-por-problemas-respiratorios\/\",\"url\":\"https:\/\/brasilnoticias.org\/site\/covid-19-se-mantem-no-topo-das-internacoes-por-problemas-respiratorios\/\",\"name\":\"Covid-19 se mant\u00e9m no topo das interna\u00e7\u00f5es por problemas respirat\u00f3rios - Brasil not\u00edcias\",\"isPartOf\":{\"@id\":\"https:\/\/brasilnoticias.org\/site\/#website\"},\"primaryImageOfPage\":{\"@id\":\"https:\/\/brasilnoticias.org\/site\/covid-19-se-mantem-no-topo-das-internacoes-por-problemas-respiratorios\/#primaryimage\"},\"image\":{\"@id\":\"https:\/\/brasilnoticias.org\/site\/covid-19-se-mantem-no-topo-das-internacoes-por-problemas-respiratorios\/#primaryimage\"},\"thumbnailUrl\":\"https:\/\/brasilnoticias.org\/site\/wp-content\/uploads\/2023\/01\/naom_5dc2fec144d4d.jpg\",\"datePublished\":\"2023-01-14T21:30:48+00:00\",\"breadcrumb\":{\"@id\":\"https:\/\/brasilnoticias.org\/site\/covid-19-se-mantem-no-topo-das-internacoes-por-problemas-respiratorios\/#breadcrumb\"},\"inLanguage\":\"pt-PT\",\"potentialAction\":[{\"@type\":\"ReadAction\",\"target\":[\"https:\/\/brasilnoticias.org\/site\/covid-19-se-mantem-no-topo-das-internacoes-por-problemas-respiratorios\/\"]}]},{\"@type\":\"ImageObject\",\"inLanguage\":\"pt-PT\",\"@id\":\"https:\/\/brasilnoticias.org\/site\/covid-19-se-mantem-no-topo-das-internacoes-por-problemas-respiratorios\/#primaryimage\",\"url\":\"https:\/\/brasilnoticias.org\/site\/wp-content\/uploads\/2023\/01\/naom_5dc2fec144d4d.jpg\",\"contentUrl\":\"https:\/\/brasilnoticias.org\/site\/wp-content\/uploads\/2023\/01\/naom_5dc2fec144d4d.jpg\",\"width\":960,\"height\":540},{\"@type\":\"BreadcrumbList\",\"@id\":\"https:\/\/brasilnoticias.org\/site\/covid-19-se-mantem-no-topo-das-internacoes-por-problemas-respiratorios\/#breadcrumb\",\"itemListElement\":[{\"@type\":\"ListItem\",\"position\":1,\"name\":\"In\u00edcio\",\"item\":\"https:\/\/brasilnoticias.org\/site\/\"},{\"@type\":\"ListItem\",\"position\":2,\"name\":\"Covid-19 se mant\u00e9m no topo das interna\u00e7\u00f5es por problemas respirat\u00f3rios\"}]},{\"@type\":\"WebSite\",\"@id\":\"https:\/\/brasilnoticias.org\/site\/#website\",\"url\":\"https:\/\/brasilnoticias.org\/site\/\",\"name\":\"Brasil not\u00edcias\",\"description\":\"Brasil not\u00edcias\",\"publisher\":{\"@id\":\"https:\/\/brasilnoticias.org\/site\/#organization\"},\"potentialAction\":[{\"@type\":\"SearchAction\",\"target\":{\"@type\":\"EntryPoint\",\"urlTemplate\":\"https:\/\/brasilnoticias.org\/site\/?s={search_term_string}\"},\"query-input\":{\"@type\":\"PropertyValueSpecification\",\"valueRequired\":true,\"valueName\":\"search_term_string\"}}],\"inLanguage\":\"pt-PT\"},{\"@type\":\"Organization\",\"@id\":\"https:\/\/brasilnoticias.org\/site\/#organization\",\"name\":\"Brasil not\u00edcias\",\"url\":\"https:\/\/brasilnoticias.org\/site\/\",\"logo\":{\"@type\":\"ImageObject\",\"inLanguage\":\"pt-PT\",\"@id\":\"https:\/\/brasilnoticias.org\/site\/#\/schema\/logo\/image\/\",\"url\":\"https:\/\/brasilnoticias.org\/site\/wp-content\/uploads\/2022\/05\/cropped-brasilnoticias-mini.jpg\",\"contentUrl\":\"https:\/\/brasilnoticias.org\/site\/wp-content\/uploads\/2022\/05\/cropped-brasilnoticias-mini.jpg\",\"width\":314,\"height\":86,\"caption\":\"Brasil not\u00edcias\"},\"image\":{\"@id\":\"https:\/\/brasilnoticias.org\/site\/#\/schema\/logo\/image\/\"}},{\"@type\":\"Person\",\"@id\":\"https:\/\/brasilnoticias.org\/site\/#\/schema\/person\/a0e05b973ec4d15c658d51911e53507b\",\"name\":\"Reda\u00e7\u00e3o\",\"image\":{\"@type\":\"ImageObject\",\"inLanguage\":\"pt-PT\",\"@id\":\"https:\/\/brasilnoticias.org\/site\/#\/schema\/person\/image\/\",\"url\":\"https:\/\/secure.gravatar.com\/avatar\/75d8b050df2de108b08ae78dfb8e374892df24a383c67db9c46a9c604f6aee9c?s=96&d=mm&r=g\",\"contentUrl\":\"https:\/\/secure.gravatar.com\/avatar\/75d8b050df2de108b08ae78dfb8e374892df24a383c67db9c46a9c604f6aee9c?s=96&d=mm&r=g\",\"caption\":\"Reda\u00e7\u00e3o\"},\"sameAs\":[\"https:\/\/brasilnoticias.org\/site\"],\"url\":\"https:\/\/brasilnoticias.org\/site\/author\/fernandozsngmail-com\/\"}]}<\/script>\n<!-- \/ Yoast SEO plugin. -->","yoast_head_json":{"title":"Covid-19 se mant\u00e9m no topo das interna\u00e7\u00f5es por problemas respirat\u00f3rios - Brasil not\u00edcias","robots":{"index":"index","follow":"follow","max-snippet":"max-snippet:-1","max-image-preview":"max-image-preview:large","max-video-preview":"max-video-preview:-1"},"canonical":"https:\/\/brasilnoticias.org\/site\/covid-19-se-mantem-no-topo-das-internacoes-por-problemas-respiratorios\/","og_locale":"pt_PT","og_type":"article","og_title":"Covid-19 se mant\u00e9m no topo das interna\u00e7\u00f5es por problemas respirat\u00f3rios - Brasil not\u00edcias","og_description":"O SARS-CoV-2, que causa a covid-19, se mant\u00e9m como o principal v\u00edrus causador de s\u00edndromes respirat\u00f3rias agudas graves (SRAG) no","og_url":"https:\/\/brasilnoticias.org\/site\/covid-19-se-mantem-no-topo-das-internacoes-por-problemas-respiratorios\/","og_site_name":"Brasil not\u00edcias","article_published_time":"2023-01-14T21:30:48+00:00","og_image":[{"width":960,"height":540,"url":"https:\/\/brasilnoticias.org\/site\/wp-content\/uploads\/2023\/01\/naom_5dc2fec144d4d.jpg","type":"image\/jpeg"}],"author":"Reda\u00e7\u00e3o","twitter_card":"summary_large_image","twitter_misc":{"Escrito por":"Reda\u00e7\u00e3o","Tempo estimado de leitura":"2 minutos"},"schema":{"@context":"https:\/\/schema.org","@graph":[{"@type":"Article","@id":"https:\/\/brasilnoticias.org\/site\/covid-19-se-mantem-no-topo-das-internacoes-por-problemas-respiratorios\/#article","isPartOf":{"@id":"https:\/\/brasilnoticias.org\/site\/covid-19-se-mantem-no-topo-das-internacoes-por-problemas-respiratorios\/"},"author":{"name":"Reda\u00e7\u00e3o","@id":"https:\/\/brasilnoticias.org\/site\/#\/schema\/person\/a0e05b973ec4d15c658d51911e53507b"},"headline":"Covid-19 se mant\u00e9m no topo das interna\u00e7\u00f5es por problemas respirat\u00f3rios","datePublished":"2023-01-14T21:30:48+00:00","mainEntityOfPage":{"@id":"https:\/\/brasilnoticias.org\/site\/covid-19-se-mantem-no-topo-das-internacoes-por-problemas-respiratorios\/"},"wordCount":447,"commentCount":0,"publisher":{"@id":"https:\/\/brasilnoticias.org\/site\/#organization"},"image":{"@id":"https:\/\/brasilnoticias.org\/site\/covid-19-se-mantem-no-topo-das-internacoes-por-problemas-respiratorios\/#primaryimage"},"thumbnailUrl":"https:\/\/brasilnoticias.org\/site\/wp-content\/uploads\/2023\/01\/naom_5dc2fec144d4d.jpg","articleSection":["Not\u00edcias","\u00daltimas"],"inLanguage":"pt-PT","potentialAction":[{"@type":"CommentAction","name":"Comment","target":["https:\/\/brasilnoticias.org\/site\/covid-19-se-mantem-no-topo-das-internacoes-por-problemas-respiratorios\/#respond"]}]},{"@type":"WebPage","@id":"https:\/\/brasilnoticias.org\/site\/covid-19-se-mantem-no-topo-das-internacoes-por-problemas-respiratorios\/","url":"https:\/\/brasilnoticias.org\/site\/covid-19-se-mantem-no-topo-das-internacoes-por-problemas-respiratorios\/","name":"Covid-19 se mant\u00e9m no topo das interna\u00e7\u00f5es por problemas respirat\u00f3rios - Brasil not\u00edcias","isPartOf":{"@id":"https:\/\/brasilnoticias.org\/site\/#website"},"primaryImageOfPage":{"@id":"https:\/\/brasilnoticias.org\/site\/covid-19-se-mantem-no-topo-das-internacoes-por-problemas-respiratorios\/#primaryimage"},"image":{"@id":"https:\/\/brasilnoticias.org\/site\/covid-19-se-mantem-no-topo-das-internacoes-por-problemas-respiratorios\/#primaryimage"},"thumbnailUrl":"https:\/\/brasilnoticias.org\/site\/wp-content\/uploads\/2023\/01\/naom_5dc2fec144d4d.jpg","datePublished":"2023-01-14T21:30:48+00:00","breadcrumb":{"@id":"https:\/\/brasilnoticias.org\/site\/covid-19-se-mantem-no-topo-das-internacoes-por-problemas-respiratorios\/#breadcrumb"},"inLanguage":"pt-PT","potentialAction":[{"@type":"ReadAction","target":["https:\/\/brasilnoticias.org\/site\/covid-19-se-mantem-no-topo-das-internacoes-por-problemas-respiratorios\/"]}]},{"@type":"ImageObject","inLanguage":"pt-PT","@id":"https:\/\/brasilnoticias.org\/site\/covid-19-se-mantem-no-topo-das-internacoes-por-problemas-respiratorios\/#primaryimage","url":"https:\/\/brasilnoticias.org\/site\/wp-content\/uploads\/2023\/01\/naom_5dc2fec144d4d.jpg","contentUrl":"https:\/\/brasilnoticias.org\/site\/wp-content\/uploads\/2023\/01\/naom_5dc2fec144d4d.jpg","width":960,"height":540},{"@type":"BreadcrumbList","@id":"https:\/\/brasilnoticias.org\/site\/covid-19-se-mantem-no-topo-das-internacoes-por-problemas-respiratorios\/#breadcrumb","itemListElement":[{"@type":"ListItem","position":1,"name":"In\u00edcio","item":"https:\/\/brasilnoticias.org\/site\/"},{"@type":"ListItem","position":2,"name":"Covid-19 se mant\u00e9m no topo das interna\u00e7\u00f5es por problemas respirat\u00f3rios"}]},{"@type":"WebSite","@id":"https:\/\/brasilnoticias.org\/site\/#website","url":"https:\/\/brasilnoticias.org\/site\/","name":"Brasil not\u00edcias","description":"Brasil not\u00edcias","publisher":{"@id":"https:\/\/brasilnoticias.org\/site\/#organization"},"potentialAction":[{"@type":"SearchAction","target":{"@type":"EntryPoint","urlTemplate":"https:\/\/brasilnoticias.org\/site\/?s={search_term_string}"},"query-input":{"@type":"PropertyValueSpecification","valueRequired":true,"valueName":"search_term_string"}}],"inLanguage":"pt-PT"},{"@type":"Organization","@id":"https:\/\/brasilnoticias.org\/site\/#organization","name":"Brasil not\u00edcias","url":"https:\/\/brasilnoticias.org\/site\/","logo":{"@type":"ImageObject","inLanguage":"pt-PT","@id":"https:\/\/brasilnoticias.org\/site\/#\/schema\/logo\/image\/","url":"https:\/\/brasilnoticias.org\/site\/wp-content\/uploads\/2022\/05\/cropped-brasilnoticias-mini.jpg","contentUrl":"https:\/\/brasilnoticias.org\/site\/wp-content\/uploads\/2022\/05\/cropped-brasilnoticias-mini.jpg","width":314,"height":86,"caption":"Brasil not\u00edcias"},"image":{"@id":"https:\/\/brasilnoticias.org\/site\/#\/schema\/logo\/image\/"}},{"@type":"Person","@id":"https:\/\/brasilnoticias.org\/site\/#\/schema\/person\/a0e05b973ec4d15c658d51911e53507b","name":"Reda\u00e7\u00e3o","image":{"@type":"ImageObject","inLanguage":"pt-PT","@id":"https:\/\/brasilnoticias.org\/site\/#\/schema\/person\/image\/","url":"https:\/\/secure.gravatar.com\/avatar\/75d8b050df2de108b08ae78dfb8e374892df24a383c67db9c46a9c604f6aee9c?s=96&d=mm&r=g","contentUrl":"https:\/\/secure.gravatar.com\/avatar\/75d8b050df2de108b08ae78dfb8e374892df24a383c67db9c46a9c604f6aee9c?s=96&d=mm&r=g","caption":"Reda\u00e7\u00e3o"},"sameAs":["https:\/\/brasilnoticias.org\/site"],"url":"https:\/\/brasilnoticias.org\/site\/author\/fernandozsngmail-com\/"}]}},"_links":{"self":[{"href":"https:\/\/brasilnoticias.org\/site\/wp-json\/wp\/v2\/posts\/3241","targetHints":{"allow":["GET"]}}],"collection":[{"href":"https:\/\/brasilnoticias.org\/site\/wp-json\/wp\/v2\/posts"}],"about":[{"href":"https:\/\/brasilnoticias.org\/site\/wp-json\/wp\/v2\/types\/post"}],"author":[{"embeddable":true,"href":"https:\/\/brasilnoticias.org\/site\/wp-json\/wp\/v2\/users\/1"}],"replies":[{"embeddable":true,"href":"https:\/\/brasilnoticias.org\/site\/wp-json\/wp\/v2\/comments?post=3241"}],"version-history":[{"count":1,"href":"https:\/\/brasilnoticias.org\/site\/wp-json\/wp\/v2\/posts\/3241\/revisions"}],"predecessor-version":[{"id":3243,"href":"https:\/\/brasilnoticias.org\/site\/wp-json\/wp\/v2\/posts\/3241\/revisions\/3243"}],"wp:featuredmedia":[{"embeddable":true,"href":"https:\/\/brasilnoticias.org\/site\/wp-json\/wp\/v2\/media\/3242"}],"wp:attachment":[{"href":"https:\/\/brasilnoticias.org\/site\/wp-json\/wp\/v2\/media?parent=3241"}],"wp:term":[{"taxonomy":"category","embeddable":true,"href":"https:\/\/brasilnoticias.org\/site\/wp-json\/wp\/v2\/categories?post=3241"},{"taxonomy":"post_tag","embeddable":true,"href":"https:\/\/brasilnoticias.org\/site\/wp-json\/wp\/v2\/tags?post=3241"}],"curies":[{"name":"wp","href":"https:\/\/api.w.org\/{rel}","templated":true}]}}