{"id":3248,"date":"2023-01-15T07:10:12","date_gmt":"2023-01-15T10:10:12","guid":{"rendered":"https:\/\/brasilnoticias.org\/site\/?p=3248"},"modified":"2023-01-14T06:58:31","modified_gmt":"2023-01-14T09:58:31","slug":"empresas-de-reciclagem-sao-suspeitas-de-contaminar-rios-na-grande-sp","status":"publish","type":"post","link":"https:\/\/brasilnoticias.org\/site\/empresas-de-reciclagem-sao-suspeitas-de-contaminar-rios-na-grande-sp\/","title":{"rendered":"Empresas de reciclagem s\u00e3o suspeitas de contaminar rios na Grande SP"},"content":{"rendered":"<p>O coordenador da Defesa Civil de Itaquaquecetuba (Grande SP) iniciou a caminhada por um matagal, \u00e0s margens do c\u00f3rrego Jaguari, \u00e0 procura da origem do inconfund\u00edvel cheiro de am\u00f4nia. N\u00e3o demorou para encontrar um cano de PVC do qual escorria um l\u00edquido escuro diretamente no curso d&#8217;\u00e1gua.<\/p>\n<p>&#8220;\u00c9 da borra de alum\u00ednio&#8221;, disse Anderson Marchiori dos Santos Silva, o coordenador. &#8220;A borra, em contato com a \u00e1gua, produz a am\u00f4nia&#8221;, explicou ele, sobre a pista para encontrar infratores.<\/p>\n<p>O flagrante realizado por funcion\u00e1rios de Itaquaquecetuba, acompanhado pela Folha no final de novembro, \u00e9 exemplo de um problema enfrentado por munic\u00edpios da regi\u00e3o metropolitana com empresas de reciclagem de alum\u00ednio, suspeitas de contaminarem rios e len\u00e7\u00f3is fre\u00e1ticos.<\/p>\n<p>Ao menos seis empresas foram flagradas em irregularidades desde 2021. Metade delas \u00e9 alvo de investiga\u00e7\u00f5es da Pol\u00edcia Civil ou do Minist\u00e9rio P\u00fablico sob a suspeita de descarte irregular de produtos em cursos d&#8217;\u00e1gua e era monitorada a pedido da Promotoria.<\/p>\n<p>As suspeitas envolvem empres\u00e1rios conhecidos no setor como &#8220;lavadores de borras&#8221;, contratados pela pr\u00f3pria ind\u00fastria de reciclagem de alum\u00ednio para tentar recuperar o metal remanescente no subproduto resultante do processo de fundi\u00e7\u00e3o de sucatas, a &#8220;borra preta&#8221; ou &#8220;borra salina&#8221;.<\/p>\n<p>&#8220;\u00c9 um problema s\u00e9rio. H\u00e1 uma concentra\u00e7\u00e3o dessas empresas ali na regi\u00e3o de Suzano, Itaquaquecetuba, na cabeceira do rio Tiet\u00ea&#8221;, disse o presidente da Abrem (Associa\u00e7\u00e3o Brasileira dos Recicladores de Metais).<\/p>\n<p>O nome &#8220;lavadores&#8221; ocorre porque as empresas ficam \u00e0 margem de rios ou c\u00f3rregos e utilizam \u00e1gua na dissolu\u00e7\u00e3o das borras para, da\u00ed, extrair o alum\u00ednio. A cada 1.000 toneladas de borra s\u00e3o retiradas cerca de 50 toneladas de alum\u00ednio.<\/p>\n<p>Pelas regras ambientais, ap\u00f3s a &#8220;garimpagem&#8221; do metal, a \u00e1gua utilizada nesse processo deve ser recuperada, e a sobra do material obrigatoriamente descartada em aterros classe 1 -especiais para receber res\u00edduos perigosos, prejudiciais \u00e0 sa\u00fade.<\/p>\n<p>A situa\u00e7\u00e3o de Itaquaquecetuba chamou a aten\u00e7\u00e3o da associa\u00e7\u00e3o, segundo Lopes, ap\u00f3s o prefeito Eduardo Boigues Queroz (PP) compartilhar nas redes sociais v\u00eddeos nos quais denunciava a degrada\u00e7\u00e3o ambiental provocada pelas empresas e pedia \u00e0 popula\u00e7\u00e3o que denunciasse infratores.<\/p>\n<p>&#8220;A gente vem fazendo o desassoreamento do rio, com o Daee [Departamento de \u00c1guas e Energia El\u00e9trica]. S\u00e3o meses de trabalho, e, quando voc\u00ea v\u00ea, em um final de semana, o trabalho de meses \u00e9 jogado fora. Eles n\u00e3o s\u00e3o empres\u00e1rios, s\u00e3o criminosos&#8221;, disse o prefeito.<\/p>\n<p>De acordo com o munic\u00edpio, a fiscaliza\u00e7\u00e3o encontra certa dificuldade em flagrar as irregularidades porque os descartes de res\u00edduos s\u00e3o feitos geralmente \u00e0 noite, em feriados ou em dias chuvosos -a chuva ajuda a reduzir o odor da am\u00f4nia.<\/p>\n<p>Al\u00e9m das empresas de Itaquaquecetuba, tamb\u00e9m houve registro de problemas em Suzano e Guarulhos.<\/p>\n<p>A associa\u00e7\u00e3o de recicladores estima que cada uma das empresas que atuam na regi\u00e3o de Itaquaquecetuba produza cerca de 1.000 toneladas de res\u00edduos ao m\u00eas. No estado, ainda segundo ela, h\u00e1 cerca de dez empresas trabalhando nesse ramo, cerca de 30 em todo o pa\u00eds.<\/p>\n<p>&#8220;Com tanto sal, vai deixar a \u00e1gua salobra, e deixando a \u00e1gua salobra, mata todos os peixes e toda a vida que tem ali naquele rio. Fora isso, esse sal pode penetrar no solo e atingir at\u00e9 os len\u00e7\u00f3is fre\u00e1ticos. [A \u00e1gua] Vai ficar impr\u00f3pria para consumo, para potabilidade, para irriga\u00e7\u00e3o, para uma por\u00e7\u00e3o de coisas&#8221;, afirma Lopes.<\/p>\n<p>O flagrante presenciado pela Folha, no final de novembro, foi feito pelas equipes de Itaquaquecetuba, mas a empresa estava na vizinha Suzano. Por isso, restou aos fiscais o acionamento da fiscaliza\u00e7\u00e3o local por telefone.<\/p>\n<p>De acordo com Yasmin Zampieri Sampaio, secret\u00e1ria do Meio Ambiente de Itaquaquecetuba, tr\u00eas empresas estavam sendo monitoradas no final do ano, instalada \u00e0s margens do Caputera.<\/p>\n<p>Uma delas tinha sido multada duas vezes ap\u00f3s ter sido constatado o descarte irregular, em 2021 e 2022.<\/p>\n<p>&#8220;Nessa empresa foi constatado o descarte em flagrante. Retiramos as tubula\u00e7\u00f5es clandestinas com a m\u00e1quina escavadeira e os respons\u00e1veis foram conduzidos ao DP [distrito policial]&#8221;, disse a secret\u00e1ria.<\/p>\n<p>A Folha procurou por uma semana os respons\u00e1veis pela empresa Ecol\u00f3gica Reciclagem, mas n\u00e3o teve resposta. A reportagem enviou mensagens para os celulares dos respons\u00e1veis que aparecem nos registros oficiais, ligou para todos os telefones registrados em nome da empresa e enviou e-mail ao contador da empresa, que aparece em sites especializados, tamb\u00e9m sem retorno.<\/p>\n<p>Para o presidente da associa\u00e7\u00e3o dos recicladores, h\u00e1 necessidade de uma altera\u00e7\u00e3o nas leis sobre a destina\u00e7\u00e3o dos res\u00edduos da reciclagem. As empresas geradoras da borra, defende, deveriam ser impedidas de vender o material como sucata e serem obrigadas a dar uma destina\u00e7\u00e3o correta.<\/p>\n<p>Procurada, a Prefeitura de Suzano informou que a empresa flagrada pela equipe de Itaquaquecetuba tinha sido fechada em novembro ap\u00f3s trabalho de fiscaliza\u00e7\u00e3o, por estar em uma \u00e1rea irregular. &#8220;As medidas administrativas com rela\u00e7\u00e3o \u00e0 empresa foram tomadas e as medidas jur\u00eddicas est\u00e3o sendo analisadas junto ao setor jur\u00eddico da prefeitura&#8221;, diz nota enviada \u00e0 reportagem.<\/p>\n<p>&#8220;Vale destacar ainda que crimes do g\u00eanero s\u00e3o acompanhados pela Pol\u00edcia Civil, pelo Gaema (Grupo de Atua\u00e7\u00e3o Especial de Defesa do Meio Ambiente), pela Cesteb (Companhia Ambiental do Estado de S\u00e3o Paulo) e demais \u00f3rg\u00e3os competentes, voltados \u00e0 prote\u00e7\u00e3o ambiental&#8221;, diz nota.<\/p>\n<p>A Cetesb, tamb\u00e9m procurada, diz que realizou a\u00e7\u00f5es conjuntas de fiscaliza\u00e7\u00e3o com equipes da Prefeitura de Itaquaquecetuba em empresas que atuam no ramo de recupera\u00e7\u00e3o e lavagem de borra de alum\u00ednio, no m\u00eas de setembro de 2022, mas n\u00e3o foram observadas irregularidades.<\/p>\n<p>A companhia informou, ainda, que, nos \u00faltimos dois anos, duas dessas empresas &#8220;foram objeto de autua\u00e7\u00e3o mediante advert\u00eancias e multas, por funcionamento sem as devidas licen\u00e7as, disposi\u00e7\u00e3o inadequada de res\u00edduos ou lan\u00e7amento de efluentes em corpo d&#8217;\u00e1gua&#8221;.<\/p>\n<p>Ainda segundo a nota, a Ag\u00eancia de Guarulhos, aplicou um Auto de Interdi\u00e7\u00e3o Tempor\u00e1ria em uma empresa que, desde janeiro de 2021, &#8220;encontra-se com suas atividades paralisadas&#8221;.<\/p>\n<p>&#8220;No caso, o empreendimento possu\u00eda Licen\u00e7a de Opera\u00e7\u00e3o da Cetesb, no entanto, a sua renova\u00e7\u00e3o foi indeferida, uma vez que a empresa n\u00e3o estava atendendo \u00e0s exig\u00eancias t\u00e9cnicas estabelecidas para o seu funcionamento, o que motivou a aplica\u00e7\u00e3o de multas e finalmente a interdi\u00e7\u00e3o mencionada.&#8221;<\/p>\n<p>&nbsp;<\/p>\n<p>Foto Ag\u00eancia Brasil<br \/>\nNot\u00edcias ao minuto<\/p>\n<p>&nbsp;<\/p>\n","protected":false},"excerpt":{"rendered":"<p>O coordenador da Defesa Civil de Itaquaquecetuba (Grande SP) iniciou a caminhada por um matagal, \u00e0s margens do c\u00f3rrego Jaguari,<\/p>\n","protected":false},"author":1,"featured_media":3249,"comment_status":"open","ping_status":"open","sticky":false,"template":"","format":"standard","meta":{"colormag_page_container_layout":"default_layout","colormag_page_sidebar_layout":"default_layout","_FSMCFIC_featured_image_caption":"","_FSMCFIC_featured_image_nocaption":"","_FSMCFIC_featured_image_hide":"","footnotes":""},"categories":[2,1],"tags":[],"class_list":["post-3248","post","type-post","status-publish","format-standard","has-post-thumbnail","hentry","category-noticias","category-ultimas"],"yoast_head":"<!-- This site is optimized with the Yoast SEO plugin v27.1.1 - https:\/\/yoast.com\/product\/yoast-seo-wordpress\/ -->\n<title>Empresas de reciclagem s\u00e3o suspeitas de contaminar rios na Grande SP - Brasil not\u00edcias<\/title>\n<meta name=\"robots\" content=\"index, follow, max-snippet:-1, max-image-preview:large, max-video-preview:-1\" \/>\n<link rel=\"canonical\" href=\"https:\/\/brasilnoticias.org\/site\/empresas-de-reciclagem-sao-suspeitas-de-contaminar-rios-na-grande-sp\/\" \/>\n<meta property=\"og:locale\" content=\"pt_PT\" \/>\n<meta property=\"og:type\" content=\"article\" \/>\n<meta property=\"og:title\" content=\"Empresas de reciclagem s\u00e3o suspeitas de contaminar rios na Grande SP - Brasil not\u00edcias\" \/>\n<meta property=\"og:description\" content=\"O coordenador da Defesa Civil de Itaquaquecetuba (Grande SP) iniciou a caminhada por um matagal, \u00e0s margens do c\u00f3rrego Jaguari,\" \/>\n<meta property=\"og:url\" content=\"https:\/\/brasilnoticias.org\/site\/empresas-de-reciclagem-sao-suspeitas-de-contaminar-rios-na-grande-sp\/\" \/>\n<meta property=\"og:site_name\" content=\"Brasil not\u00edcias\" \/>\n<meta property=\"article:published_time\" content=\"2023-01-15T10:10:12+00:00\" \/>\n<meta property=\"og:image\" content=\"https:\/\/brasilnoticias.org\/site\/wp-content\/uploads\/2023\/01\/naom_59a6841528c7e.jpg\" \/>\n\t<meta property=\"og:image:width\" content=\"960\" \/>\n\t<meta property=\"og:image:height\" content=\"540\" \/>\n\t<meta property=\"og:image:type\" content=\"image\/jpeg\" \/>\n<meta name=\"author\" content=\"Reda\u00e7\u00e3o\" \/>\n<meta name=\"twitter:card\" content=\"summary_large_image\" \/>\n<meta name=\"twitter:label1\" content=\"Escrito por\" \/>\n\t<meta name=\"twitter:data1\" content=\"Reda\u00e7\u00e3o\" \/>\n\t<meta name=\"twitter:label2\" content=\"Tempo estimado de leitura\" \/>\n\t<meta name=\"twitter:data2\" content=\"6 minutos\" \/>\n<script type=\"application\/ld+json\" class=\"yoast-schema-graph\">{\"@context\":\"https:\/\/schema.org\",\"@graph\":[{\"@type\":\"Article\",\"@id\":\"https:\/\/brasilnoticias.org\/site\/empresas-de-reciclagem-sao-suspeitas-de-contaminar-rios-na-grande-sp\/#article\",\"isPartOf\":{\"@id\":\"https:\/\/brasilnoticias.org\/site\/empresas-de-reciclagem-sao-suspeitas-de-contaminar-rios-na-grande-sp\/\"},\"author\":{\"name\":\"Reda\u00e7\u00e3o\",\"@id\":\"https:\/\/brasilnoticias.org\/site\/#\/schema\/person\/a0e05b973ec4d15c658d51911e53507b\"},\"headline\":\"Empresas de reciclagem s\u00e3o suspeitas de contaminar rios na Grande SP\",\"datePublished\":\"2023-01-15T10:10:12+00:00\",\"mainEntityOfPage\":{\"@id\":\"https:\/\/brasilnoticias.org\/site\/empresas-de-reciclagem-sao-suspeitas-de-contaminar-rios-na-grande-sp\/\"},\"wordCount\":1120,\"commentCount\":0,\"publisher\":{\"@id\":\"https:\/\/brasilnoticias.org\/site\/#organization\"},\"image\":{\"@id\":\"https:\/\/brasilnoticias.org\/site\/empresas-de-reciclagem-sao-suspeitas-de-contaminar-rios-na-grande-sp\/#primaryimage\"},\"thumbnailUrl\":\"https:\/\/brasilnoticias.org\/site\/wp-content\/uploads\/2023\/01\/naom_59a6841528c7e.jpg\",\"articleSection\":[\"Not\u00edcias\",\"\u00daltimas\"],\"inLanguage\":\"pt-PT\",\"potentialAction\":[{\"@type\":\"CommentAction\",\"name\":\"Comment\",\"target\":[\"https:\/\/brasilnoticias.org\/site\/empresas-de-reciclagem-sao-suspeitas-de-contaminar-rios-na-grande-sp\/#respond\"]}]},{\"@type\":\"WebPage\",\"@id\":\"https:\/\/brasilnoticias.org\/site\/empresas-de-reciclagem-sao-suspeitas-de-contaminar-rios-na-grande-sp\/\",\"url\":\"https:\/\/brasilnoticias.org\/site\/empresas-de-reciclagem-sao-suspeitas-de-contaminar-rios-na-grande-sp\/\",\"name\":\"Empresas de reciclagem s\u00e3o suspeitas de contaminar rios na Grande SP - Brasil not\u00edcias\",\"isPartOf\":{\"@id\":\"https:\/\/brasilnoticias.org\/site\/#website\"},\"primaryImageOfPage\":{\"@id\":\"https:\/\/brasilnoticias.org\/site\/empresas-de-reciclagem-sao-suspeitas-de-contaminar-rios-na-grande-sp\/#primaryimage\"},\"image\":{\"@id\":\"https:\/\/brasilnoticias.org\/site\/empresas-de-reciclagem-sao-suspeitas-de-contaminar-rios-na-grande-sp\/#primaryimage\"},\"thumbnailUrl\":\"https:\/\/brasilnoticias.org\/site\/wp-content\/uploads\/2023\/01\/naom_59a6841528c7e.jpg\",\"datePublished\":\"2023-01-15T10:10:12+00:00\",\"breadcrumb\":{\"@id\":\"https:\/\/brasilnoticias.org\/site\/empresas-de-reciclagem-sao-suspeitas-de-contaminar-rios-na-grande-sp\/#breadcrumb\"},\"inLanguage\":\"pt-PT\",\"potentialAction\":[{\"@type\":\"ReadAction\",\"target\":[\"https:\/\/brasilnoticias.org\/site\/empresas-de-reciclagem-sao-suspeitas-de-contaminar-rios-na-grande-sp\/\"]}]},{\"@type\":\"ImageObject\",\"inLanguage\":\"pt-PT\",\"@id\":\"https:\/\/brasilnoticias.org\/site\/empresas-de-reciclagem-sao-suspeitas-de-contaminar-rios-na-grande-sp\/#primaryimage\",\"url\":\"https:\/\/brasilnoticias.org\/site\/wp-content\/uploads\/2023\/01\/naom_59a6841528c7e.jpg\",\"contentUrl\":\"https:\/\/brasilnoticias.org\/site\/wp-content\/uploads\/2023\/01\/naom_59a6841528c7e.jpg\",\"width\":960,\"height\":540},{\"@type\":\"BreadcrumbList\",\"@id\":\"https:\/\/brasilnoticias.org\/site\/empresas-de-reciclagem-sao-suspeitas-de-contaminar-rios-na-grande-sp\/#breadcrumb\",\"itemListElement\":[{\"@type\":\"ListItem\",\"position\":1,\"name\":\"In\u00edcio\",\"item\":\"https:\/\/brasilnoticias.org\/site\/\"},{\"@type\":\"ListItem\",\"position\":2,\"name\":\"Empresas de reciclagem s\u00e3o suspeitas de contaminar rios na Grande SP\"}]},{\"@type\":\"WebSite\",\"@id\":\"https:\/\/brasilnoticias.org\/site\/#website\",\"url\":\"https:\/\/brasilnoticias.org\/site\/\",\"name\":\"Brasil not\u00edcias\",\"description\":\"Brasil not\u00edcias\",\"publisher\":{\"@id\":\"https:\/\/brasilnoticias.org\/site\/#organization\"},\"potentialAction\":[{\"@type\":\"SearchAction\",\"target\":{\"@type\":\"EntryPoint\",\"urlTemplate\":\"https:\/\/brasilnoticias.org\/site\/?s={search_term_string}\"},\"query-input\":{\"@type\":\"PropertyValueSpecification\",\"valueRequired\":true,\"valueName\":\"search_term_string\"}}],\"inLanguage\":\"pt-PT\"},{\"@type\":\"Organization\",\"@id\":\"https:\/\/brasilnoticias.org\/site\/#organization\",\"name\":\"Brasil not\u00edcias\",\"url\":\"https:\/\/brasilnoticias.org\/site\/\",\"logo\":{\"@type\":\"ImageObject\",\"inLanguage\":\"pt-PT\",\"@id\":\"https:\/\/brasilnoticias.org\/site\/#\/schema\/logo\/image\/\",\"url\":\"https:\/\/brasilnoticias.org\/site\/wp-content\/uploads\/2022\/05\/cropped-brasilnoticias-mini.jpg\",\"contentUrl\":\"https:\/\/brasilnoticias.org\/site\/wp-content\/uploads\/2022\/05\/cropped-brasilnoticias-mini.jpg\",\"width\":314,\"height\":86,\"caption\":\"Brasil not\u00edcias\"},\"image\":{\"@id\":\"https:\/\/brasilnoticias.org\/site\/#\/schema\/logo\/image\/\"}},{\"@type\":\"Person\",\"@id\":\"https:\/\/brasilnoticias.org\/site\/#\/schema\/person\/a0e05b973ec4d15c658d51911e53507b\",\"name\":\"Reda\u00e7\u00e3o\",\"image\":{\"@type\":\"ImageObject\",\"inLanguage\":\"pt-PT\",\"@id\":\"https:\/\/brasilnoticias.org\/site\/#\/schema\/person\/image\/\",\"url\":\"https:\/\/secure.gravatar.com\/avatar\/75d8b050df2de108b08ae78dfb8e374892df24a383c67db9c46a9c604f6aee9c?s=96&d=mm&r=g\",\"contentUrl\":\"https:\/\/secure.gravatar.com\/avatar\/75d8b050df2de108b08ae78dfb8e374892df24a383c67db9c46a9c604f6aee9c?s=96&d=mm&r=g\",\"caption\":\"Reda\u00e7\u00e3o\"},\"sameAs\":[\"https:\/\/brasilnoticias.org\/site\"],\"url\":\"https:\/\/brasilnoticias.org\/site\/author\/fernandozsngmail-com\/\"}]}<\/script>\n<!-- \/ Yoast SEO plugin. -->","yoast_head_json":{"title":"Empresas de reciclagem s\u00e3o suspeitas de contaminar rios na Grande SP - Brasil not\u00edcias","robots":{"index":"index","follow":"follow","max-snippet":"max-snippet:-1","max-image-preview":"max-image-preview:large","max-video-preview":"max-video-preview:-1"},"canonical":"https:\/\/brasilnoticias.org\/site\/empresas-de-reciclagem-sao-suspeitas-de-contaminar-rios-na-grande-sp\/","og_locale":"pt_PT","og_type":"article","og_title":"Empresas de reciclagem s\u00e3o suspeitas de contaminar rios na Grande SP - Brasil not\u00edcias","og_description":"O coordenador da Defesa Civil de Itaquaquecetuba (Grande SP) iniciou a caminhada por um matagal, \u00e0s margens do c\u00f3rrego Jaguari,","og_url":"https:\/\/brasilnoticias.org\/site\/empresas-de-reciclagem-sao-suspeitas-de-contaminar-rios-na-grande-sp\/","og_site_name":"Brasil not\u00edcias","article_published_time":"2023-01-15T10:10:12+00:00","og_image":[{"width":960,"height":540,"url":"https:\/\/brasilnoticias.org\/site\/wp-content\/uploads\/2023\/01\/naom_59a6841528c7e.jpg","type":"image\/jpeg"}],"author":"Reda\u00e7\u00e3o","twitter_card":"summary_large_image","twitter_misc":{"Escrito por":"Reda\u00e7\u00e3o","Tempo estimado de leitura":"6 minutos"},"schema":{"@context":"https:\/\/schema.org","@graph":[{"@type":"Article","@id":"https:\/\/brasilnoticias.org\/site\/empresas-de-reciclagem-sao-suspeitas-de-contaminar-rios-na-grande-sp\/#article","isPartOf":{"@id":"https:\/\/brasilnoticias.org\/site\/empresas-de-reciclagem-sao-suspeitas-de-contaminar-rios-na-grande-sp\/"},"author":{"name":"Reda\u00e7\u00e3o","@id":"https:\/\/brasilnoticias.org\/site\/#\/schema\/person\/a0e05b973ec4d15c658d51911e53507b"},"headline":"Empresas de reciclagem s\u00e3o suspeitas de contaminar rios na Grande SP","datePublished":"2023-01-15T10:10:12+00:00","mainEntityOfPage":{"@id":"https:\/\/brasilnoticias.org\/site\/empresas-de-reciclagem-sao-suspeitas-de-contaminar-rios-na-grande-sp\/"},"wordCount":1120,"commentCount":0,"publisher":{"@id":"https:\/\/brasilnoticias.org\/site\/#organization"},"image":{"@id":"https:\/\/brasilnoticias.org\/site\/empresas-de-reciclagem-sao-suspeitas-de-contaminar-rios-na-grande-sp\/#primaryimage"},"thumbnailUrl":"https:\/\/brasilnoticias.org\/site\/wp-content\/uploads\/2023\/01\/naom_59a6841528c7e.jpg","articleSection":["Not\u00edcias","\u00daltimas"],"inLanguage":"pt-PT","potentialAction":[{"@type":"CommentAction","name":"Comment","target":["https:\/\/brasilnoticias.org\/site\/empresas-de-reciclagem-sao-suspeitas-de-contaminar-rios-na-grande-sp\/#respond"]}]},{"@type":"WebPage","@id":"https:\/\/brasilnoticias.org\/site\/empresas-de-reciclagem-sao-suspeitas-de-contaminar-rios-na-grande-sp\/","url":"https:\/\/brasilnoticias.org\/site\/empresas-de-reciclagem-sao-suspeitas-de-contaminar-rios-na-grande-sp\/","name":"Empresas de reciclagem s\u00e3o suspeitas de contaminar rios na Grande SP - Brasil not\u00edcias","isPartOf":{"@id":"https:\/\/brasilnoticias.org\/site\/#website"},"primaryImageOfPage":{"@id":"https:\/\/brasilnoticias.org\/site\/empresas-de-reciclagem-sao-suspeitas-de-contaminar-rios-na-grande-sp\/#primaryimage"},"image":{"@id":"https:\/\/brasilnoticias.org\/site\/empresas-de-reciclagem-sao-suspeitas-de-contaminar-rios-na-grande-sp\/#primaryimage"},"thumbnailUrl":"https:\/\/brasilnoticias.org\/site\/wp-content\/uploads\/2023\/01\/naom_59a6841528c7e.jpg","datePublished":"2023-01-15T10:10:12+00:00","breadcrumb":{"@id":"https:\/\/brasilnoticias.org\/site\/empresas-de-reciclagem-sao-suspeitas-de-contaminar-rios-na-grande-sp\/#breadcrumb"},"inLanguage":"pt-PT","potentialAction":[{"@type":"ReadAction","target":["https:\/\/brasilnoticias.org\/site\/empresas-de-reciclagem-sao-suspeitas-de-contaminar-rios-na-grande-sp\/"]}]},{"@type":"ImageObject","inLanguage":"pt-PT","@id":"https:\/\/brasilnoticias.org\/site\/empresas-de-reciclagem-sao-suspeitas-de-contaminar-rios-na-grande-sp\/#primaryimage","url":"https:\/\/brasilnoticias.org\/site\/wp-content\/uploads\/2023\/01\/naom_59a6841528c7e.jpg","contentUrl":"https:\/\/brasilnoticias.org\/site\/wp-content\/uploads\/2023\/01\/naom_59a6841528c7e.jpg","width":960,"height":540},{"@type":"BreadcrumbList","@id":"https:\/\/brasilnoticias.org\/site\/empresas-de-reciclagem-sao-suspeitas-de-contaminar-rios-na-grande-sp\/#breadcrumb","itemListElement":[{"@type":"ListItem","position":1,"name":"In\u00edcio","item":"https:\/\/brasilnoticias.org\/site\/"},{"@type":"ListItem","position":2,"name":"Empresas de reciclagem s\u00e3o suspeitas de contaminar rios na Grande SP"}]},{"@type":"WebSite","@id":"https:\/\/brasilnoticias.org\/site\/#website","url":"https:\/\/brasilnoticias.org\/site\/","name":"Brasil not\u00edcias","description":"Brasil not\u00edcias","publisher":{"@id":"https:\/\/brasilnoticias.org\/site\/#organization"},"potentialAction":[{"@type":"SearchAction","target":{"@type":"EntryPoint","urlTemplate":"https:\/\/brasilnoticias.org\/site\/?s={search_term_string}"},"query-input":{"@type":"PropertyValueSpecification","valueRequired":true,"valueName":"search_term_string"}}],"inLanguage":"pt-PT"},{"@type":"Organization","@id":"https:\/\/brasilnoticias.org\/site\/#organization","name":"Brasil not\u00edcias","url":"https:\/\/brasilnoticias.org\/site\/","logo":{"@type":"ImageObject","inLanguage":"pt-PT","@id":"https:\/\/brasilnoticias.org\/site\/#\/schema\/logo\/image\/","url":"https:\/\/brasilnoticias.org\/site\/wp-content\/uploads\/2022\/05\/cropped-brasilnoticias-mini.jpg","contentUrl":"https:\/\/brasilnoticias.org\/site\/wp-content\/uploads\/2022\/05\/cropped-brasilnoticias-mini.jpg","width":314,"height":86,"caption":"Brasil not\u00edcias"},"image":{"@id":"https:\/\/brasilnoticias.org\/site\/#\/schema\/logo\/image\/"}},{"@type":"Person","@id":"https:\/\/brasilnoticias.org\/site\/#\/schema\/person\/a0e05b973ec4d15c658d51911e53507b","name":"Reda\u00e7\u00e3o","image":{"@type":"ImageObject","inLanguage":"pt-PT","@id":"https:\/\/brasilnoticias.org\/site\/#\/schema\/person\/image\/","url":"https:\/\/secure.gravatar.com\/avatar\/75d8b050df2de108b08ae78dfb8e374892df24a383c67db9c46a9c604f6aee9c?s=96&d=mm&r=g","contentUrl":"https:\/\/secure.gravatar.com\/avatar\/75d8b050df2de108b08ae78dfb8e374892df24a383c67db9c46a9c604f6aee9c?s=96&d=mm&r=g","caption":"Reda\u00e7\u00e3o"},"sameAs":["https:\/\/brasilnoticias.org\/site"],"url":"https:\/\/brasilnoticias.org\/site\/author\/fernandozsngmail-com\/"}]}},"_links":{"self":[{"href":"https:\/\/brasilnoticias.org\/site\/wp-json\/wp\/v2\/posts\/3248","targetHints":{"allow":["GET"]}}],"collection":[{"href":"https:\/\/brasilnoticias.org\/site\/wp-json\/wp\/v2\/posts"}],"about":[{"href":"https:\/\/brasilnoticias.org\/site\/wp-json\/wp\/v2\/types\/post"}],"author":[{"embeddable":true,"href":"https:\/\/brasilnoticias.org\/site\/wp-json\/wp\/v2\/users\/1"}],"replies":[{"embeddable":true,"href":"https:\/\/brasilnoticias.org\/site\/wp-json\/wp\/v2\/comments?post=3248"}],"version-history":[{"count":1,"href":"https:\/\/brasilnoticias.org\/site\/wp-json\/wp\/v2\/posts\/3248\/revisions"}],"predecessor-version":[{"id":3250,"href":"https:\/\/brasilnoticias.org\/site\/wp-json\/wp\/v2\/posts\/3248\/revisions\/3250"}],"wp:featuredmedia":[{"embeddable":true,"href":"https:\/\/brasilnoticias.org\/site\/wp-json\/wp\/v2\/media\/3249"}],"wp:attachment":[{"href":"https:\/\/brasilnoticias.org\/site\/wp-json\/wp\/v2\/media?parent=3248"}],"wp:term":[{"taxonomy":"category","embeddable":true,"href":"https:\/\/brasilnoticias.org\/site\/wp-json\/wp\/v2\/categories?post=3248"},{"taxonomy":"post_tag","embeddable":true,"href":"https:\/\/brasilnoticias.org\/site\/wp-json\/wp\/v2\/tags?post=3248"}],"curies":[{"name":"wp","href":"https:\/\/api.w.org\/{rel}","templated":true}]}}