{"id":3251,"date":"2023-01-15T07:20:52","date_gmt":"2023-01-15T10:20:52","guid":{"rendered":"https:\/\/brasilnoticias.org\/site\/?p=3251"},"modified":"2023-01-14T07:00:23","modified_gmt":"2023-01-14T10:00:23","slug":"fifa-define-cidades-do-mundial-flamengo-jogara-ao-lado-da-espanha-pais-do-real-2","status":"publish","type":"post","link":"https:\/\/brasilnoticias.org\/site\/fifa-define-cidades-do-mundial-flamengo-jogara-ao-lado-da-espanha-pais-do-real-2\/","title":{"rendered":"Fifa define cidades do Mundial: Flamengo jogar\u00e1 ao lado da Espanha, pa\u00eds do Real"},"content":{"rendered":"<p>A Fifa sorteou nesta sexta-feira (13) o chaveamento e as sedes do Mundial de Clubes do Marrocos, que acontecer\u00e1 entre os dias 1 e 11 de fevereiro. O Flamengo atuar\u00e1 na semifinal, no dia 7 de fevereiro, na cidade de T\u00e2nger, que \u00e9 praticamente &#8220;vizinha&#8221; da Espanha, pa\u00eds do Real Madrid, participante mais poderoso da competi\u00e7\u00e3o. A final ser\u00e1 em Rabat, capital do pa\u00eds.<\/p>\n<p>T\u00e2nger fica situada no Estreito de Gibraltar e \u00e9 separada da Espanha apenas pelo Mar Mediterr\u00e2neo.<br \/>\nA dist\u00e2ncia para a costa espanhola \u00e9 de apenas 14km em linha reta.<br \/>\nDe Madrid -cidade do Real- para T\u00e2nger, por exemplo, o trajeto \u00e9 de apenas 1h20 de avi\u00e3o e de cerca de 9 horas de carro\/balsa.<\/p>\n<p>A escolha de T\u00e2nger como sede \u00e9 apontada por muitos como uma forma da Fifa atrair os torcedores espanh\u00f3is, j\u00e1 que os europeus n\u00e3o costumam dar a mesma import\u00e2ncia ao Mundial que os sul-americanos.<\/p>\n<p>J\u00e1 a capital do Marrocos, Rabat, receber\u00e1 a final, no dia 11. A cidade j\u00e1 \u00e9 um pouco mais afastada da Espanha, ficando a cerca de 287km da costa espanhola e a 917km de Madrid.<br \/>\nO voo de Madrid para Rabat dura cerca de 1h40. J\u00e1 a op\u00e7\u00e3o por carro\/balsa \u00e9 de cerca de 11h20.<\/p>\n<p>FLAMENGO ENFRENTAR\u00c1 VENCEDOR DE WYDAD E AL HILAL<\/p>\n<p>No sorteio, o Flamengo conheceu seu poss\u00edvel advers\u00e1rio. Ele sair\u00e1 do confronto entre o Wydad, time da casa, e o Al Hilal, da Ar\u00e1bia Saudita.<\/p>\n<p>Confira os chaveamentos:<\/p>\n<p>Jogo 1 &#8211; 01\/2: Al Ahly x Auckland City<br \/>\nJogo 2 &#8211; 04\/2: Seattle Sounders x Vencedor Jogo 1<br \/>\nJogo 3 &#8211; 04\/2: Wydad Casablanca x Al Hilal<br \/>\nSemifinal 1 &#8211; 07\/2 &#8211; Flamengo x Vencedor Jogo 3<br \/>\nSemifinal 2 &#8211; 08\/2 &#8211; Real Madrid x Vencedor Jogo 2<br \/>\nFinal &#8211; 11\/02 &#8211; Vencedor Semifinal 1 x Vencedor Semifinal 2<br \/>\nDisputa de terceiro lugar &#8211; 11\/02 &#8211; Perdedor Semifinal 1 x Perdedor Semifinal 2<\/p>\n<p>&nbsp;<\/p>\n<p>Foto Getty<br \/>\nNot\u00edcias ao minuto<\/p>\n","protected":false},"excerpt":{"rendered":"<p>A Fifa sorteou nesta sexta-feira (13) o chaveamento e as sedes do Mundial de Clubes do Marrocos, que acontecer\u00e1 entre<\/p>\n","protected":false},"author":1,"featured_media":3252,"comment_status":"open","ping_status":"open","sticky":false,"template":"","format":"standard","meta":{"colormag_page_container_layout":"default_layout","colormag_page_sidebar_layout":"default_layout","_FSMCFIC_featured_image_caption":"","_FSMCFIC_featured_image_nocaption":"","_FSMCFIC_featured_image_hide":"","footnotes":""},"categories":[4,1],"tags":[],"class_list":["post-3251","post","type-post","status-publish","format-standard","has-post-thumbnail","hentry","category-esporte","category-ultimas"],"yoast_head":"<!-- This site is optimized with the Yoast SEO plugin v27.1.1 - https:\/\/yoast.com\/product\/yoast-seo-wordpress\/ -->\n<title>Fifa define cidades do Mundial: Flamengo jogar\u00e1 ao lado da Espanha, pa\u00eds do Real - Brasil not\u00edcias<\/title>\n<meta name=\"robots\" content=\"index, follow, max-snippet:-1, max-image-preview:large, max-video-preview:-1\" \/>\n<link rel=\"canonical\" href=\"https:\/\/brasilnoticias.org\/site\/fifa-define-cidades-do-mundial-flamengo-jogara-ao-lado-da-espanha-pais-do-real-2\/\" \/>\n<meta property=\"og:locale\" content=\"pt_PT\" \/>\n<meta property=\"og:type\" content=\"article\" \/>\n<meta property=\"og:title\" content=\"Fifa define cidades do Mundial: Flamengo jogar\u00e1 ao lado da Espanha, pa\u00eds do Real - Brasil not\u00edcias\" \/>\n<meta property=\"og:description\" content=\"A Fifa sorteou nesta sexta-feira (13) o chaveamento e as sedes do Mundial de Clubes do Marrocos, que acontecer\u00e1 entre\" \/>\n<meta property=\"og:url\" content=\"https:\/\/brasilnoticias.org\/site\/fifa-define-cidades-do-mundial-flamengo-jogara-ao-lado-da-espanha-pais-do-real-2\/\" \/>\n<meta property=\"og:site_name\" content=\"Brasil not\u00edcias\" \/>\n<meta property=\"article:published_time\" content=\"2023-01-15T10:20:52+00:00\" \/>\n<meta property=\"og:image\" content=\"https:\/\/brasilnoticias.org\/site\/wp-content\/uploads\/2023\/01\/naom_63c16de4057f3-1.jpg\" \/>\n\t<meta property=\"og:image:width\" content=\"960\" \/>\n\t<meta property=\"og:image:height\" content=\"540\" \/>\n\t<meta property=\"og:image:type\" content=\"image\/jpeg\" \/>\n<meta name=\"author\" content=\"Reda\u00e7\u00e3o\" \/>\n<meta name=\"twitter:card\" content=\"summary_large_image\" \/>\n<meta name=\"twitter:label1\" content=\"Escrito por\" \/>\n\t<meta name=\"twitter:data1\" content=\"Reda\u00e7\u00e3o\" \/>\n\t<meta name=\"twitter:label2\" content=\"Tempo estimado de leitura\" \/>\n\t<meta name=\"twitter:data2\" content=\"2 minutos\" \/>\n<script type=\"application\/ld+json\" class=\"yoast-schema-graph\">{\"@context\":\"https:\/\/schema.org\",\"@graph\":[{\"@type\":\"Article\",\"@id\":\"https:\/\/brasilnoticias.org\/site\/fifa-define-cidades-do-mundial-flamengo-jogara-ao-lado-da-espanha-pais-do-real-2\/#article\",\"isPartOf\":{\"@id\":\"https:\/\/brasilnoticias.org\/site\/fifa-define-cidades-do-mundial-flamengo-jogara-ao-lado-da-espanha-pais-do-real-2\/\"},\"author\":{\"name\":\"Reda\u00e7\u00e3o\",\"@id\":\"https:\/\/brasilnoticias.org\/site\/#\/schema\/person\/a0e05b973ec4d15c658d51911e53507b\"},\"headline\":\"Fifa define cidades do Mundial: Flamengo jogar\u00e1 ao lado da Espanha, pa\u00eds do Real\",\"datePublished\":\"2023-01-15T10:20:52+00:00\",\"mainEntityOfPage\":{\"@id\":\"https:\/\/brasilnoticias.org\/site\/fifa-define-cidades-do-mundial-flamengo-jogara-ao-lado-da-espanha-pais-do-real-2\/\"},\"wordCount\":326,\"commentCount\":0,\"publisher\":{\"@id\":\"https:\/\/brasilnoticias.org\/site\/#organization\"},\"image\":{\"@id\":\"https:\/\/brasilnoticias.org\/site\/fifa-define-cidades-do-mundial-flamengo-jogara-ao-lado-da-espanha-pais-do-real-2\/#primaryimage\"},\"thumbnailUrl\":\"https:\/\/brasilnoticias.org\/site\/wp-content\/uploads\/2023\/01\/naom_63c16de4057f3-1.jpg\",\"articleSection\":[\"Esporte\",\"\u00daltimas\"],\"inLanguage\":\"pt-PT\",\"potentialAction\":[{\"@type\":\"CommentAction\",\"name\":\"Comment\",\"target\":[\"https:\/\/brasilnoticias.org\/site\/fifa-define-cidades-do-mundial-flamengo-jogara-ao-lado-da-espanha-pais-do-real-2\/#respond\"]}]},{\"@type\":\"WebPage\",\"@id\":\"https:\/\/brasilnoticias.org\/site\/fifa-define-cidades-do-mundial-flamengo-jogara-ao-lado-da-espanha-pais-do-real-2\/\",\"url\":\"https:\/\/brasilnoticias.org\/site\/fifa-define-cidades-do-mundial-flamengo-jogara-ao-lado-da-espanha-pais-do-real-2\/\",\"name\":\"Fifa define cidades do Mundial: Flamengo jogar\u00e1 ao lado da Espanha, pa\u00eds do Real - Brasil not\u00edcias\",\"isPartOf\":{\"@id\":\"https:\/\/brasilnoticias.org\/site\/#website\"},\"primaryImageOfPage\":{\"@id\":\"https:\/\/brasilnoticias.org\/site\/fifa-define-cidades-do-mundial-flamengo-jogara-ao-lado-da-espanha-pais-do-real-2\/#primaryimage\"},\"image\":{\"@id\":\"https:\/\/brasilnoticias.org\/site\/fifa-define-cidades-do-mundial-flamengo-jogara-ao-lado-da-espanha-pais-do-real-2\/#primaryimage\"},\"thumbnailUrl\":\"https:\/\/brasilnoticias.org\/site\/wp-content\/uploads\/2023\/01\/naom_63c16de4057f3-1.jpg\",\"datePublished\":\"2023-01-15T10:20:52+00:00\",\"breadcrumb\":{\"@id\":\"https:\/\/brasilnoticias.org\/site\/fifa-define-cidades-do-mundial-flamengo-jogara-ao-lado-da-espanha-pais-do-real-2\/#breadcrumb\"},\"inLanguage\":\"pt-PT\",\"potentialAction\":[{\"@type\":\"ReadAction\",\"target\":[\"https:\/\/brasilnoticias.org\/site\/fifa-define-cidades-do-mundial-flamengo-jogara-ao-lado-da-espanha-pais-do-real-2\/\"]}]},{\"@type\":\"ImageObject\",\"inLanguage\":\"pt-PT\",\"@id\":\"https:\/\/brasilnoticias.org\/site\/fifa-define-cidades-do-mundial-flamengo-jogara-ao-lado-da-espanha-pais-do-real-2\/#primaryimage\",\"url\":\"https:\/\/brasilnoticias.org\/site\/wp-content\/uploads\/2023\/01\/naom_63c16de4057f3-1.jpg\",\"contentUrl\":\"https:\/\/brasilnoticias.org\/site\/wp-content\/uploads\/2023\/01\/naom_63c16de4057f3-1.jpg\",\"width\":960,\"height\":540},{\"@type\":\"BreadcrumbList\",\"@id\":\"https:\/\/brasilnoticias.org\/site\/fifa-define-cidades-do-mundial-flamengo-jogara-ao-lado-da-espanha-pais-do-real-2\/#breadcrumb\",\"itemListElement\":[{\"@type\":\"ListItem\",\"position\":1,\"name\":\"In\u00edcio\",\"item\":\"https:\/\/brasilnoticias.org\/site\/\"},{\"@type\":\"ListItem\",\"position\":2,\"name\":\"Fifa define cidades do Mundial: Flamengo jogar\u00e1 ao lado da Espanha, pa\u00eds do Real\"}]},{\"@type\":\"WebSite\",\"@id\":\"https:\/\/brasilnoticias.org\/site\/#website\",\"url\":\"https:\/\/brasilnoticias.org\/site\/\",\"name\":\"Brasil not\u00edcias\",\"description\":\"Brasil not\u00edcias\",\"publisher\":{\"@id\":\"https:\/\/brasilnoticias.org\/site\/#organization\"},\"potentialAction\":[{\"@type\":\"SearchAction\",\"target\":{\"@type\":\"EntryPoint\",\"urlTemplate\":\"https:\/\/brasilnoticias.org\/site\/?s={search_term_string}\"},\"query-input\":{\"@type\":\"PropertyValueSpecification\",\"valueRequired\":true,\"valueName\":\"search_term_string\"}}],\"inLanguage\":\"pt-PT\"},{\"@type\":\"Organization\",\"@id\":\"https:\/\/brasilnoticias.org\/site\/#organization\",\"name\":\"Brasil not\u00edcias\",\"url\":\"https:\/\/brasilnoticias.org\/site\/\",\"logo\":{\"@type\":\"ImageObject\",\"inLanguage\":\"pt-PT\",\"@id\":\"https:\/\/brasilnoticias.org\/site\/#\/schema\/logo\/image\/\",\"url\":\"https:\/\/brasilnoticias.org\/site\/wp-content\/uploads\/2022\/05\/cropped-brasilnoticias-mini.jpg\",\"contentUrl\":\"https:\/\/brasilnoticias.org\/site\/wp-content\/uploads\/2022\/05\/cropped-brasilnoticias-mini.jpg\",\"width\":314,\"height\":86,\"caption\":\"Brasil not\u00edcias\"},\"image\":{\"@id\":\"https:\/\/brasilnoticias.org\/site\/#\/schema\/logo\/image\/\"}},{\"@type\":\"Person\",\"@id\":\"https:\/\/brasilnoticias.org\/site\/#\/schema\/person\/a0e05b973ec4d15c658d51911e53507b\",\"name\":\"Reda\u00e7\u00e3o\",\"image\":{\"@type\":\"ImageObject\",\"inLanguage\":\"pt-PT\",\"@id\":\"https:\/\/brasilnoticias.org\/site\/#\/schema\/person\/image\/\",\"url\":\"https:\/\/secure.gravatar.com\/avatar\/75d8b050df2de108b08ae78dfb8e374892df24a383c67db9c46a9c604f6aee9c?s=96&d=mm&r=g\",\"contentUrl\":\"https:\/\/secure.gravatar.com\/avatar\/75d8b050df2de108b08ae78dfb8e374892df24a383c67db9c46a9c604f6aee9c?s=96&d=mm&r=g\",\"caption\":\"Reda\u00e7\u00e3o\"},\"sameAs\":[\"https:\/\/brasilnoticias.org\/site\"],\"url\":\"https:\/\/brasilnoticias.org\/site\/author\/fernandozsngmail-com\/\"}]}<\/script>\n<!-- \/ Yoast SEO plugin. -->","yoast_head_json":{"title":"Fifa define cidades do Mundial: Flamengo jogar\u00e1 ao lado da Espanha, pa\u00eds do Real - Brasil not\u00edcias","robots":{"index":"index","follow":"follow","max-snippet":"max-snippet:-1","max-image-preview":"max-image-preview:large","max-video-preview":"max-video-preview:-1"},"canonical":"https:\/\/brasilnoticias.org\/site\/fifa-define-cidades-do-mundial-flamengo-jogara-ao-lado-da-espanha-pais-do-real-2\/","og_locale":"pt_PT","og_type":"article","og_title":"Fifa define cidades do Mundial: Flamengo jogar\u00e1 ao lado da Espanha, pa\u00eds do Real - Brasil not\u00edcias","og_description":"A Fifa sorteou nesta sexta-feira (13) o chaveamento e as sedes do Mundial de Clubes do Marrocos, que acontecer\u00e1 entre","og_url":"https:\/\/brasilnoticias.org\/site\/fifa-define-cidades-do-mundial-flamengo-jogara-ao-lado-da-espanha-pais-do-real-2\/","og_site_name":"Brasil not\u00edcias","article_published_time":"2023-01-15T10:20:52+00:00","og_image":[{"width":960,"height":540,"url":"https:\/\/brasilnoticias.org\/site\/wp-content\/uploads\/2023\/01\/naom_63c16de4057f3-1.jpg","type":"image\/jpeg"}],"author":"Reda\u00e7\u00e3o","twitter_card":"summary_large_image","twitter_misc":{"Escrito por":"Reda\u00e7\u00e3o","Tempo estimado de leitura":"2 minutos"},"schema":{"@context":"https:\/\/schema.org","@graph":[{"@type":"Article","@id":"https:\/\/brasilnoticias.org\/site\/fifa-define-cidades-do-mundial-flamengo-jogara-ao-lado-da-espanha-pais-do-real-2\/#article","isPartOf":{"@id":"https:\/\/brasilnoticias.org\/site\/fifa-define-cidades-do-mundial-flamengo-jogara-ao-lado-da-espanha-pais-do-real-2\/"},"author":{"name":"Reda\u00e7\u00e3o","@id":"https:\/\/brasilnoticias.org\/site\/#\/schema\/person\/a0e05b973ec4d15c658d51911e53507b"},"headline":"Fifa define cidades do Mundial: Flamengo jogar\u00e1 ao lado da Espanha, pa\u00eds do Real","datePublished":"2023-01-15T10:20:52+00:00","mainEntityOfPage":{"@id":"https:\/\/brasilnoticias.org\/site\/fifa-define-cidades-do-mundial-flamengo-jogara-ao-lado-da-espanha-pais-do-real-2\/"},"wordCount":326,"commentCount":0,"publisher":{"@id":"https:\/\/brasilnoticias.org\/site\/#organization"},"image":{"@id":"https:\/\/brasilnoticias.org\/site\/fifa-define-cidades-do-mundial-flamengo-jogara-ao-lado-da-espanha-pais-do-real-2\/#primaryimage"},"thumbnailUrl":"https:\/\/brasilnoticias.org\/site\/wp-content\/uploads\/2023\/01\/naom_63c16de4057f3-1.jpg","articleSection":["Esporte","\u00daltimas"],"inLanguage":"pt-PT","potentialAction":[{"@type":"CommentAction","name":"Comment","target":["https:\/\/brasilnoticias.org\/site\/fifa-define-cidades-do-mundial-flamengo-jogara-ao-lado-da-espanha-pais-do-real-2\/#respond"]}]},{"@type":"WebPage","@id":"https:\/\/brasilnoticias.org\/site\/fifa-define-cidades-do-mundial-flamengo-jogara-ao-lado-da-espanha-pais-do-real-2\/","url":"https:\/\/brasilnoticias.org\/site\/fifa-define-cidades-do-mundial-flamengo-jogara-ao-lado-da-espanha-pais-do-real-2\/","name":"Fifa define cidades do Mundial: Flamengo jogar\u00e1 ao lado da Espanha, pa\u00eds do Real - Brasil not\u00edcias","isPartOf":{"@id":"https:\/\/brasilnoticias.org\/site\/#website"},"primaryImageOfPage":{"@id":"https:\/\/brasilnoticias.org\/site\/fifa-define-cidades-do-mundial-flamengo-jogara-ao-lado-da-espanha-pais-do-real-2\/#primaryimage"},"image":{"@id":"https:\/\/brasilnoticias.org\/site\/fifa-define-cidades-do-mundial-flamengo-jogara-ao-lado-da-espanha-pais-do-real-2\/#primaryimage"},"thumbnailUrl":"https:\/\/brasilnoticias.org\/site\/wp-content\/uploads\/2023\/01\/naom_63c16de4057f3-1.jpg","datePublished":"2023-01-15T10:20:52+00:00","breadcrumb":{"@id":"https:\/\/brasilnoticias.org\/site\/fifa-define-cidades-do-mundial-flamengo-jogara-ao-lado-da-espanha-pais-do-real-2\/#breadcrumb"},"inLanguage":"pt-PT","potentialAction":[{"@type":"ReadAction","target":["https:\/\/brasilnoticias.org\/site\/fifa-define-cidades-do-mundial-flamengo-jogara-ao-lado-da-espanha-pais-do-real-2\/"]}]},{"@type":"ImageObject","inLanguage":"pt-PT","@id":"https:\/\/brasilnoticias.org\/site\/fifa-define-cidades-do-mundial-flamengo-jogara-ao-lado-da-espanha-pais-do-real-2\/#primaryimage","url":"https:\/\/brasilnoticias.org\/site\/wp-content\/uploads\/2023\/01\/naom_63c16de4057f3-1.jpg","contentUrl":"https:\/\/brasilnoticias.org\/site\/wp-content\/uploads\/2023\/01\/naom_63c16de4057f3-1.jpg","width":960,"height":540},{"@type":"BreadcrumbList","@id":"https:\/\/brasilnoticias.org\/site\/fifa-define-cidades-do-mundial-flamengo-jogara-ao-lado-da-espanha-pais-do-real-2\/#breadcrumb","itemListElement":[{"@type":"ListItem","position":1,"name":"In\u00edcio","item":"https:\/\/brasilnoticias.org\/site\/"},{"@type":"ListItem","position":2,"name":"Fifa define cidades do Mundial: Flamengo jogar\u00e1 ao lado da Espanha, pa\u00eds do Real"}]},{"@type":"WebSite","@id":"https:\/\/brasilnoticias.org\/site\/#website","url":"https:\/\/brasilnoticias.org\/site\/","name":"Brasil not\u00edcias","description":"Brasil not\u00edcias","publisher":{"@id":"https:\/\/brasilnoticias.org\/site\/#organization"},"potentialAction":[{"@type":"SearchAction","target":{"@type":"EntryPoint","urlTemplate":"https:\/\/brasilnoticias.org\/site\/?s={search_term_string}"},"query-input":{"@type":"PropertyValueSpecification","valueRequired":true,"valueName":"search_term_string"}}],"inLanguage":"pt-PT"},{"@type":"Organization","@id":"https:\/\/brasilnoticias.org\/site\/#organization","name":"Brasil not\u00edcias","url":"https:\/\/brasilnoticias.org\/site\/","logo":{"@type":"ImageObject","inLanguage":"pt-PT","@id":"https:\/\/brasilnoticias.org\/site\/#\/schema\/logo\/image\/","url":"https:\/\/brasilnoticias.org\/site\/wp-content\/uploads\/2022\/05\/cropped-brasilnoticias-mini.jpg","contentUrl":"https:\/\/brasilnoticias.org\/site\/wp-content\/uploads\/2022\/05\/cropped-brasilnoticias-mini.jpg","width":314,"height":86,"caption":"Brasil not\u00edcias"},"image":{"@id":"https:\/\/brasilnoticias.org\/site\/#\/schema\/logo\/image\/"}},{"@type":"Person","@id":"https:\/\/brasilnoticias.org\/site\/#\/schema\/person\/a0e05b973ec4d15c658d51911e53507b","name":"Reda\u00e7\u00e3o","image":{"@type":"ImageObject","inLanguage":"pt-PT","@id":"https:\/\/brasilnoticias.org\/site\/#\/schema\/person\/image\/","url":"https:\/\/secure.gravatar.com\/avatar\/75d8b050df2de108b08ae78dfb8e374892df24a383c67db9c46a9c604f6aee9c?s=96&d=mm&r=g","contentUrl":"https:\/\/secure.gravatar.com\/avatar\/75d8b050df2de108b08ae78dfb8e374892df24a383c67db9c46a9c604f6aee9c?s=96&d=mm&r=g","caption":"Reda\u00e7\u00e3o"},"sameAs":["https:\/\/brasilnoticias.org\/site"],"url":"https:\/\/brasilnoticias.org\/site\/author\/fernandozsngmail-com\/"}]}},"_links":{"self":[{"href":"https:\/\/brasilnoticias.org\/site\/wp-json\/wp\/v2\/posts\/3251","targetHints":{"allow":["GET"]}}],"collection":[{"href":"https:\/\/brasilnoticias.org\/site\/wp-json\/wp\/v2\/posts"}],"about":[{"href":"https:\/\/brasilnoticias.org\/site\/wp-json\/wp\/v2\/types\/post"}],"author":[{"embeddable":true,"href":"https:\/\/brasilnoticias.org\/site\/wp-json\/wp\/v2\/users\/1"}],"replies":[{"embeddable":true,"href":"https:\/\/brasilnoticias.org\/site\/wp-json\/wp\/v2\/comments?post=3251"}],"version-history":[{"count":1,"href":"https:\/\/brasilnoticias.org\/site\/wp-json\/wp\/v2\/posts\/3251\/revisions"}],"predecessor-version":[{"id":3253,"href":"https:\/\/brasilnoticias.org\/site\/wp-json\/wp\/v2\/posts\/3251\/revisions\/3253"}],"wp:featuredmedia":[{"embeddable":true,"href":"https:\/\/brasilnoticias.org\/site\/wp-json\/wp\/v2\/media\/3252"}],"wp:attachment":[{"href":"https:\/\/brasilnoticias.org\/site\/wp-json\/wp\/v2\/media?parent=3251"}],"wp:term":[{"taxonomy":"category","embeddable":true,"href":"https:\/\/brasilnoticias.org\/site\/wp-json\/wp\/v2\/categories?post=3251"},{"taxonomy":"post_tag","embeddable":true,"href":"https:\/\/brasilnoticias.org\/site\/wp-json\/wp\/v2\/tags?post=3251"}],"curies":[{"name":"wp","href":"https:\/\/api.w.org\/{rel}","templated":true}]}}