{"id":3257,"date":"2023-01-15T18:00:58","date_gmt":"2023-01-15T21:00:58","guid":{"rendered":"https:\/\/brasilnoticias.org\/site\/?p=3257"},"modified":"2023-01-14T07:03:13","modified_gmt":"2023-01-14T10:03:13","slug":"ministro-dos-transportes-quer-novo-modelo-para-ferrovias","status":"publish","type":"post","link":"https:\/\/brasilnoticias.org\/site\/ministro-dos-transportes-quer-novo-modelo-para-ferrovias\/","title":{"rendered":"Ministro dos Transportes quer novo modelo para ferrovias"},"content":{"rendered":"<p>Pauta que atravessa governos, o aumento da malha ferrovi\u00e1ria no Pa\u00eds tamb\u00e9m aparece com destaque nos planos do novo ministro dos Transportes, Renan Filho (MDB). Assim como outras gest\u00f5es, o ministro tem o desafio de tirar do papel projetos que exigem um capital expressivo e, muitas vezes, geram pouco apetite da iniciativa privada em assumir riscos. Por isso, o ministro afirmou ao Broadcast (sistema de not\u00edcias em tempo real do Grupo Estado) que avalia na pasta qual ser\u00e1 o melhor caminho para desenvolver o modal, de forma que atraia o privado junto da participa\u00e7\u00e3o do setor p\u00fablico &#8211; o que pode incluir projetos de Parcerias P\u00fablico-Privadas (PPPs).<\/p>\n<p>&nbsp;<\/p>\n<p>Demanda hist\u00f3rica do agroneg\u00f3cio, a Ferrogr\u00e3o tamb\u00e9m se tornou parte da agenda de Renan Filho, que v\u00ea caminhos para retomar o projeto paralisado por ordem do Supremo Tribunal Federal (STF). Diante de resist\u00eancias ambientais ao empreendimento, o ministro fez uma defesa dos benef\u00edcios de se substituir o transporte rodovi\u00e1rio pelo ferrovi\u00e1rio. Ele ainda elogiou o Marco Legal das Ferrovias e indicou que a pasta quer melhorar o arcabou\u00e7o de regras sem mexer no &#8220;cerne&#8221; da lei.<\/p>\n<p>&nbsp;<\/p>\n<p>O Brasil conta com uma participa\u00e7\u00e3o baixa de ferrovias no transporte de cargas &#8211; menos de 20% da matriz. Renan Filho destaca como isso tem &#8220;estressado&#8221; as rodovias, diante do crescimento robusto da produ\u00e7\u00e3o de gr\u00e3os no Pa\u00eds.<\/p>\n<p>&nbsp;<\/p>\n<p>&#8220;O objetivo \u00e9 criar as condi\u00e7\u00f5es para termos uma atua\u00e7\u00e3o mais arrojada em ferrovias&#8221;, apontou o ministro, para quem \u00e9 fundamental intensificar esfor\u00e7os para escoar via ferrovias a produ\u00e7\u00e3o do oeste da Bahia, da regi\u00e3o do Matopiba e da regi\u00e3o central do Pa\u00eds, especialmente do Mato Grosso. \u00c9 por essa raz\u00e3o que, al\u00e9m da Ferrogr\u00e3o, as ferrovias de Integra\u00e7\u00e3o Oeste-Leste (Fiol) &#8211; que j\u00e1 teve um segmento leiloado &#8211; e de Integra\u00e7\u00e3o Centro-Oeste (Fico) tamb\u00e9m aparecem com destaque na agenda da pasta.<\/p>\n<p>&nbsp;<\/p>\n<p>Atualmente, parte desses tra\u00e7ados \u00e9 constru\u00edda com recursos obtidos pela Uni\u00e3o por meio das renova\u00e7\u00f5es antecipadas de contratos de concess\u00e3o &#8211; o chamado investimento cruzado. O ritmo de constru\u00e7\u00e3o, contudo, n\u00e3o \u00e9 o mais desejado. Questionado se poder\u00e1 alocar mais recursos p\u00fablicos nesses projetos, o ministro antecipou que conversar\u00e1 com o governo sobre o assunto, uma vez que, pelo or\u00e7amento previsto para as ferrovias, n\u00e3o h\u00e1 &#8220;tanto espa\u00e7o&#8221; para se pensar em PPPs e constitui\u00e7\u00e3o de fundos. &#8220;Se pudermos fazer uma revis\u00e3o, podemos discutir essa quest\u00e3o&#8221;, explicou.<\/p>\n<p>&nbsp;<\/p>\n<p>&#8220;O ideal era que os projetos de concess\u00e3o fossem exclusivamente privados. Entretanto, entre alguns segmentos, ainda n\u00e3o h\u00e1 viabilidade. Ent\u00e3o o p\u00fablico n\u00e3o pode se eximir da responsabilidade de estudar a possibilidade de participar. Esse \u00e9 o caminho que deve acontecer. Esperamos construir condi\u00e7\u00f5es para ter um modelo novo&#8221;, completou o ministro. Ele ainda citou as renova\u00e7\u00f5es antecipadas de contratos de concess\u00e3o de ferrovias, instrumento que, segundo ele, deve continuar, desde que &#8220;signifique tamb\u00e9m um benef\u00edcio robusto para a sociedade&#8221;.<\/p>\n<p>&nbsp;<\/p>\n<p><b>Ferrogr\u00e3o.<\/b><\/p>\n<p>&nbsp;<\/p>\n<p>Planejado para ter 933 quil\u00f4metros de trilhos, ligando Sinop (MT) a Miritituba (PA), o projeto da Ferrogr\u00e3o est\u00e1 parado por ordem do ministro Alexandre de Moraes. A obra \u00e9 estruturada para ser o principal centro de escoamento de gr\u00e3os de MT, papel que hoje \u00e9 exercido pela BR-163. Moraes suspendeu o projeto a pedido do PSOL. A quest\u00e3o de fundo est\u00e1 ligada a uma lei &#8211; resultado de uma medida provis\u00f3ria &#8211; que alterou os limites do Parque Nacional do Jamanxim, no Par\u00e1, ponto importante para viabilizar o tra\u00e7ado da Ferrogr\u00e3o.<\/p>\n<p>&nbsp;<\/p>\n<p>Questionado se ir\u00e1 atuar no STF para destravar o projeto, Renan Filho afirmou que a quest\u00e3o ser\u00e1 discutida &#8220;com profundidade&#8221;, e emendou dizendo ver caminhos para retomar a ferrovia. &#8220;\u00c9 muito importante que a gente discuta a import\u00e2ncia do Pa\u00eds para alimentar o planeta, conter a infla\u00e7\u00e3o internacional de alimentos. E para proteger o meio ambiente. Porque a Ferrogr\u00e3o \u00e9 uma prote\u00e7\u00e3o do meio ambiente, porque com ela tiramos caminh\u00e3o da estrada, e assim reduz o desmatamento tamb\u00e9m&#8221;, citou o ministro, antecipando qual deve ser sua linha de argumenta\u00e7\u00e3o ante o STF e outras inst\u00e2ncias que cuidam de quest\u00f5es ambientais. Os benef\u00edcios ambientais do projeto j\u00e1 eram parte da linha de defesa feita pelo ex-ministro da Infraestrutura, Tarc\u00edsio de Freitas.<\/p>\n<p>&nbsp;<\/p>\n<p>Al\u00e9m de reduzir a emiss\u00e3o de carbono em rela\u00e7\u00e3o ao que \u00e9 emitido por caminh\u00f5es, Renan Filho v\u00ea na Ferrogr\u00e3o um caminho tamb\u00e9m de diminuir as interven\u00e7\u00f5es humanas por quem passa pela regi\u00e3o por meio das estradas. &#8220;\u00c9 muito importante essa discuss\u00e3o com o Meio Ambiente, com o STF, e com os investidores internacionais&#8221;, disse.<\/p>\n<p>&nbsp;<\/p>\n<p><b>Marco legal das ferrovias.<\/b><\/p>\n<p>&nbsp;<\/p>\n<p>Ap\u00f3s dizer em sua posse como ministro que se debru\u00e7aria sobre o marco legal das ferrovias, em vigor desde o ano passado, Renan Filho fez elogios \u00e0 lei, relatada no Senado pelo petista Jean Paul Prates &#8211; indicado \u00e0 Petrobras por Lula &#8211; em trabalho conjunto com o Minist\u00e9rio da Infraestrutura.<\/p>\n<p>&nbsp;<\/p>\n<p>O ministro v\u00ea, contudo, formas de aprimorar o arcabou\u00e7o de regras, em especial nas regulamenta\u00e7\u00f5es, mas indica que n\u00e3o ir\u00e1 romper contratos j\u00e1 assinados com base na legisla\u00e7\u00e3o. Por esse modelo, as empresas conseguem aval do poder p\u00fablico para erguer por conta e risco pr\u00f3prios uma ferrovia privada.<\/p>\n<p>&nbsp;<\/p>\n<p>&#8220;Tem alguns vetos que precisam ser observados, como a gente pode melhorar um pouco, algumas regulamenta\u00e7\u00f5es que podem clarear d\u00favidas. Mas, de maneira geral, o marco legal foi um grande avan\u00e7o. E durante esses 100 dias esperamos nos posicionar detalhadamente&#8221;, explicou o ministro, destacando que as empresas t\u00eam prazos para cumprir e tirar do papel as ferrovias autorizadas. &#8220;Por exemplo, tem tr\u00eas anos para conseguir a licen\u00e7a pr\u00e9via, at\u00e9 tr\u00eas anos n\u00e3o \u00e9 recomend\u00e1vel retirar a autoriza\u00e7\u00e3o. \u00c9 recomend\u00e1vel cumprir o contrato&#8221;, disse.<\/p>\n<div class=\"pub-container inside-news\"><\/div>\n<div>Not\u00edcias ao minuto<\/div>\n<div>Twitter\/ Bill Cassidy<\/div>\n","protected":false},"excerpt":{"rendered":"<p>Pauta que atravessa governos, o aumento da malha ferrovi\u00e1ria no Pa\u00eds tamb\u00e9m aparece com destaque nos planos do novo ministro<\/p>\n","protected":false},"author":1,"featured_media":3258,"comment_status":"open","ping_status":"open","sticky":false,"template":"","format":"standard","meta":{"colormag_page_container_layout":"default_layout","colormag_page_sidebar_layout":"default_layout","_FSMCFIC_featured_image_caption":"","_FSMCFIC_featured_image_nocaption":"","_FSMCFIC_featured_image_hide":"","footnotes":""},"categories":[5,1],"tags":[],"class_list":["post-3257","post","type-post","status-publish","format-standard","has-post-thumbnail","hentry","category-politica","category-ultimas"],"yoast_head":"<!-- This site is optimized with the Yoast SEO plugin v27.1.1 - https:\/\/yoast.com\/product\/yoast-seo-wordpress\/ -->\n<title>Ministro dos Transportes quer novo modelo para ferrovias - Brasil not\u00edcias<\/title>\n<meta name=\"robots\" content=\"index, follow, max-snippet:-1, max-image-preview:large, max-video-preview:-1\" \/>\n<link rel=\"canonical\" href=\"https:\/\/brasilnoticias.org\/site\/ministro-dos-transportes-quer-novo-modelo-para-ferrovias\/\" \/>\n<meta property=\"og:locale\" content=\"pt_PT\" \/>\n<meta property=\"og:type\" content=\"article\" \/>\n<meta property=\"og:title\" content=\"Ministro dos Transportes quer novo modelo para ferrovias - Brasil not\u00edcias\" \/>\n<meta property=\"og:description\" content=\"Pauta que atravessa governos, o aumento da malha ferrovi\u00e1ria no Pa\u00eds tamb\u00e9m aparece com destaque nos planos do novo ministro\" \/>\n<meta property=\"og:url\" content=\"https:\/\/brasilnoticias.org\/site\/ministro-dos-transportes-quer-novo-modelo-para-ferrovias\/\" \/>\n<meta property=\"og:site_name\" content=\"Brasil not\u00edcias\" \/>\n<meta property=\"article:published_time\" content=\"2023-01-15T21:00:58+00:00\" \/>\n<meta property=\"og:image\" content=\"https:\/\/brasilnoticias.org\/site\/wp-content\/uploads\/2023\/01\/naom_569cd8f26846b.jpg\" \/>\n\t<meta property=\"og:image:width\" content=\"960\" \/>\n\t<meta property=\"og:image:height\" content=\"540\" \/>\n\t<meta property=\"og:image:type\" content=\"image\/jpeg\" \/>\n<meta name=\"author\" content=\"Reda\u00e7\u00e3o\" \/>\n<meta name=\"twitter:card\" content=\"summary_large_image\" \/>\n<meta name=\"twitter:label1\" content=\"Escrito por\" \/>\n\t<meta name=\"twitter:data1\" content=\"Reda\u00e7\u00e3o\" \/>\n\t<meta name=\"twitter:label2\" content=\"Tempo estimado de leitura\" \/>\n\t<meta name=\"twitter:data2\" content=\"5 minutos\" \/>\n<script type=\"application\/ld+json\" class=\"yoast-schema-graph\">{\"@context\":\"https:\/\/schema.org\",\"@graph\":[{\"@type\":\"Article\",\"@id\":\"https:\/\/brasilnoticias.org\/site\/ministro-dos-transportes-quer-novo-modelo-para-ferrovias\/#article\",\"isPartOf\":{\"@id\":\"https:\/\/brasilnoticias.org\/site\/ministro-dos-transportes-quer-novo-modelo-para-ferrovias\/\"},\"author\":{\"name\":\"Reda\u00e7\u00e3o\",\"@id\":\"https:\/\/brasilnoticias.org\/site\/#\/schema\/person\/a0e05b973ec4d15c658d51911e53507b\"},\"headline\":\"Ministro dos Transportes quer novo modelo para ferrovias\",\"datePublished\":\"2023-01-15T21:00:58+00:00\",\"mainEntityOfPage\":{\"@id\":\"https:\/\/brasilnoticias.org\/site\/ministro-dos-transportes-quer-novo-modelo-para-ferrovias\/\"},\"wordCount\":1041,\"commentCount\":0,\"publisher\":{\"@id\":\"https:\/\/brasilnoticias.org\/site\/#organization\"},\"image\":{\"@id\":\"https:\/\/brasilnoticias.org\/site\/ministro-dos-transportes-quer-novo-modelo-para-ferrovias\/#primaryimage\"},\"thumbnailUrl\":\"https:\/\/brasilnoticias.org\/site\/wp-content\/uploads\/2023\/01\/naom_569cd8f26846b.jpg\",\"articleSection\":[\"Pol\u00edtica\",\"\u00daltimas\"],\"inLanguage\":\"pt-PT\",\"potentialAction\":[{\"@type\":\"CommentAction\",\"name\":\"Comment\",\"target\":[\"https:\/\/brasilnoticias.org\/site\/ministro-dos-transportes-quer-novo-modelo-para-ferrovias\/#respond\"]}]},{\"@type\":\"WebPage\",\"@id\":\"https:\/\/brasilnoticias.org\/site\/ministro-dos-transportes-quer-novo-modelo-para-ferrovias\/\",\"url\":\"https:\/\/brasilnoticias.org\/site\/ministro-dos-transportes-quer-novo-modelo-para-ferrovias\/\",\"name\":\"Ministro dos Transportes quer novo modelo para ferrovias - Brasil not\u00edcias\",\"isPartOf\":{\"@id\":\"https:\/\/brasilnoticias.org\/site\/#website\"},\"primaryImageOfPage\":{\"@id\":\"https:\/\/brasilnoticias.org\/site\/ministro-dos-transportes-quer-novo-modelo-para-ferrovias\/#primaryimage\"},\"image\":{\"@id\":\"https:\/\/brasilnoticias.org\/site\/ministro-dos-transportes-quer-novo-modelo-para-ferrovias\/#primaryimage\"},\"thumbnailUrl\":\"https:\/\/brasilnoticias.org\/site\/wp-content\/uploads\/2023\/01\/naom_569cd8f26846b.jpg\",\"datePublished\":\"2023-01-15T21:00:58+00:00\",\"breadcrumb\":{\"@id\":\"https:\/\/brasilnoticias.org\/site\/ministro-dos-transportes-quer-novo-modelo-para-ferrovias\/#breadcrumb\"},\"inLanguage\":\"pt-PT\",\"potentialAction\":[{\"@type\":\"ReadAction\",\"target\":[\"https:\/\/brasilnoticias.org\/site\/ministro-dos-transportes-quer-novo-modelo-para-ferrovias\/\"]}]},{\"@type\":\"ImageObject\",\"inLanguage\":\"pt-PT\",\"@id\":\"https:\/\/brasilnoticias.org\/site\/ministro-dos-transportes-quer-novo-modelo-para-ferrovias\/#primaryimage\",\"url\":\"https:\/\/brasilnoticias.org\/site\/wp-content\/uploads\/2023\/01\/naom_569cd8f26846b.jpg\",\"contentUrl\":\"https:\/\/brasilnoticias.org\/site\/wp-content\/uploads\/2023\/01\/naom_569cd8f26846b.jpg\",\"width\":960,\"height\":540},{\"@type\":\"BreadcrumbList\",\"@id\":\"https:\/\/brasilnoticias.org\/site\/ministro-dos-transportes-quer-novo-modelo-para-ferrovias\/#breadcrumb\",\"itemListElement\":[{\"@type\":\"ListItem\",\"position\":1,\"name\":\"In\u00edcio\",\"item\":\"https:\/\/brasilnoticias.org\/site\/\"},{\"@type\":\"ListItem\",\"position\":2,\"name\":\"Ministro dos Transportes quer novo modelo para ferrovias\"}]},{\"@type\":\"WebSite\",\"@id\":\"https:\/\/brasilnoticias.org\/site\/#website\",\"url\":\"https:\/\/brasilnoticias.org\/site\/\",\"name\":\"Brasil not\u00edcias\",\"description\":\"Brasil not\u00edcias\",\"publisher\":{\"@id\":\"https:\/\/brasilnoticias.org\/site\/#organization\"},\"potentialAction\":[{\"@type\":\"SearchAction\",\"target\":{\"@type\":\"EntryPoint\",\"urlTemplate\":\"https:\/\/brasilnoticias.org\/site\/?s={search_term_string}\"},\"query-input\":{\"@type\":\"PropertyValueSpecification\",\"valueRequired\":true,\"valueName\":\"search_term_string\"}}],\"inLanguage\":\"pt-PT\"},{\"@type\":\"Organization\",\"@id\":\"https:\/\/brasilnoticias.org\/site\/#organization\",\"name\":\"Brasil not\u00edcias\",\"url\":\"https:\/\/brasilnoticias.org\/site\/\",\"logo\":{\"@type\":\"ImageObject\",\"inLanguage\":\"pt-PT\",\"@id\":\"https:\/\/brasilnoticias.org\/site\/#\/schema\/logo\/image\/\",\"url\":\"https:\/\/brasilnoticias.org\/site\/wp-content\/uploads\/2022\/05\/cropped-brasilnoticias-mini.jpg\",\"contentUrl\":\"https:\/\/brasilnoticias.org\/site\/wp-content\/uploads\/2022\/05\/cropped-brasilnoticias-mini.jpg\",\"width\":314,\"height\":86,\"caption\":\"Brasil not\u00edcias\"},\"image\":{\"@id\":\"https:\/\/brasilnoticias.org\/site\/#\/schema\/logo\/image\/\"}},{\"@type\":\"Person\",\"@id\":\"https:\/\/brasilnoticias.org\/site\/#\/schema\/person\/a0e05b973ec4d15c658d51911e53507b\",\"name\":\"Reda\u00e7\u00e3o\",\"image\":{\"@type\":\"ImageObject\",\"inLanguage\":\"pt-PT\",\"@id\":\"https:\/\/brasilnoticias.org\/site\/#\/schema\/person\/image\/\",\"url\":\"https:\/\/secure.gravatar.com\/avatar\/75d8b050df2de108b08ae78dfb8e374892df24a383c67db9c46a9c604f6aee9c?s=96&d=mm&r=g\",\"contentUrl\":\"https:\/\/secure.gravatar.com\/avatar\/75d8b050df2de108b08ae78dfb8e374892df24a383c67db9c46a9c604f6aee9c?s=96&d=mm&r=g\",\"caption\":\"Reda\u00e7\u00e3o\"},\"sameAs\":[\"https:\/\/brasilnoticias.org\/site\"],\"url\":\"https:\/\/brasilnoticias.org\/site\/author\/fernandozsngmail-com\/\"}]}<\/script>\n<!-- \/ Yoast SEO plugin. -->","yoast_head_json":{"title":"Ministro dos Transportes quer novo modelo para ferrovias - Brasil not\u00edcias","robots":{"index":"index","follow":"follow","max-snippet":"max-snippet:-1","max-image-preview":"max-image-preview:large","max-video-preview":"max-video-preview:-1"},"canonical":"https:\/\/brasilnoticias.org\/site\/ministro-dos-transportes-quer-novo-modelo-para-ferrovias\/","og_locale":"pt_PT","og_type":"article","og_title":"Ministro dos Transportes quer novo modelo para ferrovias - Brasil not\u00edcias","og_description":"Pauta que atravessa governos, o aumento da malha ferrovi\u00e1ria no Pa\u00eds tamb\u00e9m aparece com destaque nos planos do novo ministro","og_url":"https:\/\/brasilnoticias.org\/site\/ministro-dos-transportes-quer-novo-modelo-para-ferrovias\/","og_site_name":"Brasil not\u00edcias","article_published_time":"2023-01-15T21:00:58+00:00","og_image":[{"width":960,"height":540,"url":"https:\/\/brasilnoticias.org\/site\/wp-content\/uploads\/2023\/01\/naom_569cd8f26846b.jpg","type":"image\/jpeg"}],"author":"Reda\u00e7\u00e3o","twitter_card":"summary_large_image","twitter_misc":{"Escrito por":"Reda\u00e7\u00e3o","Tempo estimado de leitura":"5 minutos"},"schema":{"@context":"https:\/\/schema.org","@graph":[{"@type":"Article","@id":"https:\/\/brasilnoticias.org\/site\/ministro-dos-transportes-quer-novo-modelo-para-ferrovias\/#article","isPartOf":{"@id":"https:\/\/brasilnoticias.org\/site\/ministro-dos-transportes-quer-novo-modelo-para-ferrovias\/"},"author":{"name":"Reda\u00e7\u00e3o","@id":"https:\/\/brasilnoticias.org\/site\/#\/schema\/person\/a0e05b973ec4d15c658d51911e53507b"},"headline":"Ministro dos Transportes quer novo modelo para ferrovias","datePublished":"2023-01-15T21:00:58+00:00","mainEntityOfPage":{"@id":"https:\/\/brasilnoticias.org\/site\/ministro-dos-transportes-quer-novo-modelo-para-ferrovias\/"},"wordCount":1041,"commentCount":0,"publisher":{"@id":"https:\/\/brasilnoticias.org\/site\/#organization"},"image":{"@id":"https:\/\/brasilnoticias.org\/site\/ministro-dos-transportes-quer-novo-modelo-para-ferrovias\/#primaryimage"},"thumbnailUrl":"https:\/\/brasilnoticias.org\/site\/wp-content\/uploads\/2023\/01\/naom_569cd8f26846b.jpg","articleSection":["Pol\u00edtica","\u00daltimas"],"inLanguage":"pt-PT","potentialAction":[{"@type":"CommentAction","name":"Comment","target":["https:\/\/brasilnoticias.org\/site\/ministro-dos-transportes-quer-novo-modelo-para-ferrovias\/#respond"]}]},{"@type":"WebPage","@id":"https:\/\/brasilnoticias.org\/site\/ministro-dos-transportes-quer-novo-modelo-para-ferrovias\/","url":"https:\/\/brasilnoticias.org\/site\/ministro-dos-transportes-quer-novo-modelo-para-ferrovias\/","name":"Ministro dos Transportes quer novo modelo para ferrovias - Brasil not\u00edcias","isPartOf":{"@id":"https:\/\/brasilnoticias.org\/site\/#website"},"primaryImageOfPage":{"@id":"https:\/\/brasilnoticias.org\/site\/ministro-dos-transportes-quer-novo-modelo-para-ferrovias\/#primaryimage"},"image":{"@id":"https:\/\/brasilnoticias.org\/site\/ministro-dos-transportes-quer-novo-modelo-para-ferrovias\/#primaryimage"},"thumbnailUrl":"https:\/\/brasilnoticias.org\/site\/wp-content\/uploads\/2023\/01\/naom_569cd8f26846b.jpg","datePublished":"2023-01-15T21:00:58+00:00","breadcrumb":{"@id":"https:\/\/brasilnoticias.org\/site\/ministro-dos-transportes-quer-novo-modelo-para-ferrovias\/#breadcrumb"},"inLanguage":"pt-PT","potentialAction":[{"@type":"ReadAction","target":["https:\/\/brasilnoticias.org\/site\/ministro-dos-transportes-quer-novo-modelo-para-ferrovias\/"]}]},{"@type":"ImageObject","inLanguage":"pt-PT","@id":"https:\/\/brasilnoticias.org\/site\/ministro-dos-transportes-quer-novo-modelo-para-ferrovias\/#primaryimage","url":"https:\/\/brasilnoticias.org\/site\/wp-content\/uploads\/2023\/01\/naom_569cd8f26846b.jpg","contentUrl":"https:\/\/brasilnoticias.org\/site\/wp-content\/uploads\/2023\/01\/naom_569cd8f26846b.jpg","width":960,"height":540},{"@type":"BreadcrumbList","@id":"https:\/\/brasilnoticias.org\/site\/ministro-dos-transportes-quer-novo-modelo-para-ferrovias\/#breadcrumb","itemListElement":[{"@type":"ListItem","position":1,"name":"In\u00edcio","item":"https:\/\/brasilnoticias.org\/site\/"},{"@type":"ListItem","position":2,"name":"Ministro dos Transportes quer novo modelo para ferrovias"}]},{"@type":"WebSite","@id":"https:\/\/brasilnoticias.org\/site\/#website","url":"https:\/\/brasilnoticias.org\/site\/","name":"Brasil not\u00edcias","description":"Brasil not\u00edcias","publisher":{"@id":"https:\/\/brasilnoticias.org\/site\/#organization"},"potentialAction":[{"@type":"SearchAction","target":{"@type":"EntryPoint","urlTemplate":"https:\/\/brasilnoticias.org\/site\/?s={search_term_string}"},"query-input":{"@type":"PropertyValueSpecification","valueRequired":true,"valueName":"search_term_string"}}],"inLanguage":"pt-PT"},{"@type":"Organization","@id":"https:\/\/brasilnoticias.org\/site\/#organization","name":"Brasil not\u00edcias","url":"https:\/\/brasilnoticias.org\/site\/","logo":{"@type":"ImageObject","inLanguage":"pt-PT","@id":"https:\/\/brasilnoticias.org\/site\/#\/schema\/logo\/image\/","url":"https:\/\/brasilnoticias.org\/site\/wp-content\/uploads\/2022\/05\/cropped-brasilnoticias-mini.jpg","contentUrl":"https:\/\/brasilnoticias.org\/site\/wp-content\/uploads\/2022\/05\/cropped-brasilnoticias-mini.jpg","width":314,"height":86,"caption":"Brasil not\u00edcias"},"image":{"@id":"https:\/\/brasilnoticias.org\/site\/#\/schema\/logo\/image\/"}},{"@type":"Person","@id":"https:\/\/brasilnoticias.org\/site\/#\/schema\/person\/a0e05b973ec4d15c658d51911e53507b","name":"Reda\u00e7\u00e3o","image":{"@type":"ImageObject","inLanguage":"pt-PT","@id":"https:\/\/brasilnoticias.org\/site\/#\/schema\/person\/image\/","url":"https:\/\/secure.gravatar.com\/avatar\/75d8b050df2de108b08ae78dfb8e374892df24a383c67db9c46a9c604f6aee9c?s=96&d=mm&r=g","contentUrl":"https:\/\/secure.gravatar.com\/avatar\/75d8b050df2de108b08ae78dfb8e374892df24a383c67db9c46a9c604f6aee9c?s=96&d=mm&r=g","caption":"Reda\u00e7\u00e3o"},"sameAs":["https:\/\/brasilnoticias.org\/site"],"url":"https:\/\/brasilnoticias.org\/site\/author\/fernandozsngmail-com\/"}]}},"_links":{"self":[{"href":"https:\/\/brasilnoticias.org\/site\/wp-json\/wp\/v2\/posts\/3257","targetHints":{"allow":["GET"]}}],"collection":[{"href":"https:\/\/brasilnoticias.org\/site\/wp-json\/wp\/v2\/posts"}],"about":[{"href":"https:\/\/brasilnoticias.org\/site\/wp-json\/wp\/v2\/types\/post"}],"author":[{"embeddable":true,"href":"https:\/\/brasilnoticias.org\/site\/wp-json\/wp\/v2\/users\/1"}],"replies":[{"embeddable":true,"href":"https:\/\/brasilnoticias.org\/site\/wp-json\/wp\/v2\/comments?post=3257"}],"version-history":[{"count":1,"href":"https:\/\/brasilnoticias.org\/site\/wp-json\/wp\/v2\/posts\/3257\/revisions"}],"predecessor-version":[{"id":3259,"href":"https:\/\/brasilnoticias.org\/site\/wp-json\/wp\/v2\/posts\/3257\/revisions\/3259"}],"wp:featuredmedia":[{"embeddable":true,"href":"https:\/\/brasilnoticias.org\/site\/wp-json\/wp\/v2\/media\/3258"}],"wp:attachment":[{"href":"https:\/\/brasilnoticias.org\/site\/wp-json\/wp\/v2\/media?parent=3257"}],"wp:term":[{"taxonomy":"category","embeddable":true,"href":"https:\/\/brasilnoticias.org\/site\/wp-json\/wp\/v2\/categories?post=3257"},{"taxonomy":"post_tag","embeddable":true,"href":"https:\/\/brasilnoticias.org\/site\/wp-json\/wp\/v2\/tags?post=3257"}],"curies":[{"name":"wp","href":"https:\/\/api.w.org\/{rel}","templated":true}]}}