{"id":3260,"date":"2023-01-15T18:10:16","date_gmt":"2023-01-15T21:10:16","guid":{"rendered":"https:\/\/brasilnoticias.org\/site\/?p=3260"},"modified":"2023-01-14T07:04:21","modified_gmt":"2023-01-14T10:04:21","slug":"senador-pede-convocacao-de-dino-e-diz-ter-alertado-sobre-ataques-no-df","status":"publish","type":"post","link":"https:\/\/brasilnoticias.org\/site\/senador-pede-convocacao-de-dino-e-diz-ter-alertado-sobre-ataques-no-df\/","title":{"rendered":"Senador pede convoca\u00e7\u00e3o de Dino e diz ter alertado sobre ataques no DF"},"content":{"rendered":"<p>MACEI\u00d3, AL (UOL-FOLHAPRESS) &#8211; Marcos do Val (Podemos-ES) disse que vai convocar o ministro da Justi\u00e7a e Seguran\u00e7a P\u00fablica para prestar esclarecimentos sobre os ataques \u00e0s sedes dos Tr\u00eas Poderes por v\u00e2ndalos bolsonaristas no \u00faltimo domingo (8).<\/p>\n<p>Aliado ao ex-presidente Jair Bolsonaro (PL), Do Val, que integra a comiss\u00e3o do Senado que fiscaliza os \u00f3rg\u00e3os de intelig\u00eancia, destacou que a Abin (Ag\u00eancia Brasileira de Intelig\u00eancia) enviou relat\u00f3rio ao minist\u00e9rio da Justi\u00e7a com 24h de anteced\u00eancia sobre os ataques terroristas.<\/p>\n<p>\u00c0 Veja, o senador tamb\u00e9m afirma que tentou comunica\u00e7\u00e3o com o ministro Fl\u00e1vio Dino por meio de mensagens para alert\u00e1-lo, e diz que usar\u00e1 os prints para confront\u00e1-lo quando for convocado para prestar explica\u00e7\u00f5es no Senado, ap\u00f3s o recesso parlamentar.<\/p>\n<p>&#8220;A Abin avisou ao presidente da Rep\u00fablica e ao ministro da Justi\u00e7a que n\u00e3o seria uma manifesta\u00e7\u00e3o pac\u00edfica. O presidente sabia que as pessoas tinham a inten\u00e7\u00e3o de entrar nos pr\u00e9dios para destruir. E ele deixou acontecer por quest\u00f5es pol\u00edticas, esse \u00e9 a verdade&#8221;, declarou Marcos Do Val.<\/p>\n<p>Ao UOL, Fl\u00e1vio Dino negou que tenha recebido mensagens de Marcos Do Val sobre alertas de ataques terroristas. O ministro ressaltou que o senador capixaba enviou mensagens com o intuito de falar sobre a revoga\u00e7\u00e3o da norma que facilitava o acesso a armas, sem qualquer men\u00e7\u00e3o aos atos de vandalismos que viriam a ser praticados por bolsonaristas.<\/p>\n<p>&#8220;Tomarei posse como senador no dia 1\u00ba de fevereiro. Logo, ser\u00e1 sempre um prazer conversar com meus colegas senadores, sobre qualquer assunto. Inclusive sobre terroristas e seus aliados, abrangidos ou disfar\u00e7ados, que querem desviar o foco do real debate para proteger criminosos&#8221;, disse.<\/p>\n<p>Abin alertou sobre riscos. Segundo o jornal Folha de S.Paulo, a Abin produziu diversos alertas sobre os ricos de ataques a pr\u00e9dios p\u00fablicos pelos radicais bolsonaristas.<\/p>\n<p>Em um dos relat\u00f3rios, a ag\u00eancia destaca que houve aumento no n\u00famero de fretamentos de \u00f4nibus com destino a Bras\u00edlia para o final de semana em que bolsonaristas praticaram atos de terrorismo na capital federal.<\/p>\n<p>&#8220;Mant\u00eam-se convoca\u00e7\u00f5es para a\u00e7\u00f5es violentas e tentativas de ocupa\u00e7\u00f5es de pr\u00e9dios p\u00fablicos, principalmente na Esplanada dos Minist\u00e9rios&#8221;, diz o relat\u00f3rio escrito no s\u00e1bado (7), um dia antes dos ataques.<\/p>\n<p>Em coletiva de imprensa ap\u00f3s os ataques, o ministro da Justi\u00e7a e Seguran\u00e7a P\u00fablica Fl\u00e1vio Dino responsabilizou a Pol\u00edcia Militar do Distrito Federal pelas cenas de vandalismo.<br \/>\nConforme Dino, o governo federal fez &#8220;o poss\u00edvel&#8221;, mas &#8220;a esfera federal s\u00f3 age [em temas de seguran\u00e7a] quando a esfera local falha&#8221;. &#8220;Cada um tem seu papel&#8221;, afirmou.<\/p>\n<p>Ainda, Dino tamb\u00e9m ressaltou que o governo do Distrito Federal mudou na v\u00e9spera dos ataques o esquema de seguran\u00e7a que havia sido acertado. Ele disse que o combinado com o governo local n\u00e3o previa a circula\u00e7\u00e3o de pedestres na Esplanada dos Minist\u00e9rios.<\/p>\n<p>&#8220;Nos dias que antecederam esses epis\u00f3dios, in\u00e9ditos no Brasil, houve uma prepara\u00e7\u00e3o que se baseou nas responsabilidades constitucionais do governo do Distrito Federal. N\u00e3o obstante, a esse entendimento, n\u00f3s tivemos uma mudan\u00e7a de orienta\u00e7\u00e3o administrativa ontem, em que o planejamento que n\u00e3o comportava a entrada de pessoas na Esplanada foi alterado na \u00faltima hora&#8221;, declarou.<\/p>\n<p>Not\u00edcias ao minuto<br \/>\nFoto Getty Images<\/p>\n<p>&nbsp;<\/p>\n","protected":false},"excerpt":{"rendered":"<p>MACEI\u00d3, AL (UOL-FOLHAPRESS) &#8211; Marcos do Val (Podemos-ES) disse que vai convocar o ministro da Justi\u00e7a e Seguran\u00e7a P\u00fablica para<\/p>\n","protected":false},"author":1,"featured_media":3261,"comment_status":"open","ping_status":"open","sticky":false,"template":"","format":"standard","meta":{"colormag_page_container_layout":"default_layout","colormag_page_sidebar_layout":"default_layout","_FSMCFIC_featured_image_caption":"","_FSMCFIC_featured_image_nocaption":"","_FSMCFIC_featured_image_hide":"","footnotes":""},"categories":[5,1],"tags":[],"class_list":["post-3260","post","type-post","status-publish","format-standard","has-post-thumbnail","hentry","category-politica","category-ultimas"],"yoast_head":"<!-- This site is optimized with the Yoast SEO plugin v27.1.1 - https:\/\/yoast.com\/product\/yoast-seo-wordpress\/ -->\n<title>Senador pede convoca\u00e7\u00e3o de Dino e diz ter alertado sobre ataques no DF - Brasil not\u00edcias<\/title>\n<meta name=\"robots\" content=\"index, follow, max-snippet:-1, max-image-preview:large, max-video-preview:-1\" \/>\n<link rel=\"canonical\" href=\"https:\/\/brasilnoticias.org\/site\/senador-pede-convocacao-de-dino-e-diz-ter-alertado-sobre-ataques-no-df\/\" \/>\n<meta property=\"og:locale\" content=\"pt_PT\" \/>\n<meta property=\"og:type\" content=\"article\" \/>\n<meta property=\"og:title\" content=\"Senador pede convoca\u00e7\u00e3o de Dino e diz ter alertado sobre ataques no DF - Brasil not\u00edcias\" \/>\n<meta property=\"og:description\" content=\"MACEI\u00d3, AL (UOL-FOLHAPRESS) &#8211; Marcos do Val (Podemos-ES) disse que vai convocar o ministro da Justi\u00e7a e Seguran\u00e7a P\u00fablica para\" \/>\n<meta property=\"og:url\" content=\"https:\/\/brasilnoticias.org\/site\/senador-pede-convocacao-de-dino-e-diz-ter-alertado-sobre-ataques-no-df\/\" \/>\n<meta property=\"og:site_name\" content=\"Brasil not\u00edcias\" \/>\n<meta property=\"article:published_time\" content=\"2023-01-15T21:10:16+00:00\" \/>\n<meta property=\"og:image\" content=\"https:\/\/brasilnoticias.org\/site\/wp-content\/uploads\/2023\/01\/naom_63bc73ba38f60.jpg\" \/>\n\t<meta property=\"og:image:width\" content=\"960\" \/>\n\t<meta property=\"og:image:height\" content=\"540\" \/>\n\t<meta property=\"og:image:type\" content=\"image\/jpeg\" \/>\n<meta name=\"author\" content=\"Reda\u00e7\u00e3o\" \/>\n<meta name=\"twitter:card\" content=\"summary_large_image\" \/>\n<meta name=\"twitter:label1\" content=\"Escrito por\" \/>\n\t<meta name=\"twitter:data1\" content=\"Reda\u00e7\u00e3o\" \/>\n\t<meta name=\"twitter:label2\" content=\"Tempo estimado de leitura\" \/>\n\t<meta name=\"twitter:data2\" content=\"3 minutos\" \/>\n<script type=\"application\/ld+json\" class=\"yoast-schema-graph\">{\"@context\":\"https:\/\/schema.org\",\"@graph\":[{\"@type\":\"Article\",\"@id\":\"https:\/\/brasilnoticias.org\/site\/senador-pede-convocacao-de-dino-e-diz-ter-alertado-sobre-ataques-no-df\/#article\",\"isPartOf\":{\"@id\":\"https:\/\/brasilnoticias.org\/site\/senador-pede-convocacao-de-dino-e-diz-ter-alertado-sobre-ataques-no-df\/\"},\"author\":{\"name\":\"Reda\u00e7\u00e3o\",\"@id\":\"https:\/\/brasilnoticias.org\/site\/#\/schema\/person\/a0e05b973ec4d15c658d51911e53507b\"},\"headline\":\"Senador pede convoca\u00e7\u00e3o de Dino e diz ter alertado sobre ataques no DF\",\"datePublished\":\"2023-01-15T21:10:16+00:00\",\"mainEntityOfPage\":{\"@id\":\"https:\/\/brasilnoticias.org\/site\/senador-pede-convocacao-de-dino-e-diz-ter-alertado-sobre-ataques-no-df\/\"},\"wordCount\":599,\"commentCount\":0,\"publisher\":{\"@id\":\"https:\/\/brasilnoticias.org\/site\/#organization\"},\"image\":{\"@id\":\"https:\/\/brasilnoticias.org\/site\/senador-pede-convocacao-de-dino-e-diz-ter-alertado-sobre-ataques-no-df\/#primaryimage\"},\"thumbnailUrl\":\"https:\/\/brasilnoticias.org\/site\/wp-content\/uploads\/2023\/01\/naom_63bc73ba38f60.jpg\",\"articleSection\":[\"Pol\u00edtica\",\"\u00daltimas\"],\"inLanguage\":\"pt-PT\",\"potentialAction\":[{\"@type\":\"CommentAction\",\"name\":\"Comment\",\"target\":[\"https:\/\/brasilnoticias.org\/site\/senador-pede-convocacao-de-dino-e-diz-ter-alertado-sobre-ataques-no-df\/#respond\"]}]},{\"@type\":\"WebPage\",\"@id\":\"https:\/\/brasilnoticias.org\/site\/senador-pede-convocacao-de-dino-e-diz-ter-alertado-sobre-ataques-no-df\/\",\"url\":\"https:\/\/brasilnoticias.org\/site\/senador-pede-convocacao-de-dino-e-diz-ter-alertado-sobre-ataques-no-df\/\",\"name\":\"Senador pede convoca\u00e7\u00e3o de Dino e diz ter alertado sobre ataques no DF - Brasil not\u00edcias\",\"isPartOf\":{\"@id\":\"https:\/\/brasilnoticias.org\/site\/#website\"},\"primaryImageOfPage\":{\"@id\":\"https:\/\/brasilnoticias.org\/site\/senador-pede-convocacao-de-dino-e-diz-ter-alertado-sobre-ataques-no-df\/#primaryimage\"},\"image\":{\"@id\":\"https:\/\/brasilnoticias.org\/site\/senador-pede-convocacao-de-dino-e-diz-ter-alertado-sobre-ataques-no-df\/#primaryimage\"},\"thumbnailUrl\":\"https:\/\/brasilnoticias.org\/site\/wp-content\/uploads\/2023\/01\/naom_63bc73ba38f60.jpg\",\"datePublished\":\"2023-01-15T21:10:16+00:00\",\"breadcrumb\":{\"@id\":\"https:\/\/brasilnoticias.org\/site\/senador-pede-convocacao-de-dino-e-diz-ter-alertado-sobre-ataques-no-df\/#breadcrumb\"},\"inLanguage\":\"pt-PT\",\"potentialAction\":[{\"@type\":\"ReadAction\",\"target\":[\"https:\/\/brasilnoticias.org\/site\/senador-pede-convocacao-de-dino-e-diz-ter-alertado-sobre-ataques-no-df\/\"]}]},{\"@type\":\"ImageObject\",\"inLanguage\":\"pt-PT\",\"@id\":\"https:\/\/brasilnoticias.org\/site\/senador-pede-convocacao-de-dino-e-diz-ter-alertado-sobre-ataques-no-df\/#primaryimage\",\"url\":\"https:\/\/brasilnoticias.org\/site\/wp-content\/uploads\/2023\/01\/naom_63bc73ba38f60.jpg\",\"contentUrl\":\"https:\/\/brasilnoticias.org\/site\/wp-content\/uploads\/2023\/01\/naom_63bc73ba38f60.jpg\",\"width\":960,\"height\":540},{\"@type\":\"BreadcrumbList\",\"@id\":\"https:\/\/brasilnoticias.org\/site\/senador-pede-convocacao-de-dino-e-diz-ter-alertado-sobre-ataques-no-df\/#breadcrumb\",\"itemListElement\":[{\"@type\":\"ListItem\",\"position\":1,\"name\":\"In\u00edcio\",\"item\":\"https:\/\/brasilnoticias.org\/site\/\"},{\"@type\":\"ListItem\",\"position\":2,\"name\":\"Senador pede convoca\u00e7\u00e3o de Dino e diz ter alertado sobre ataques no DF\"}]},{\"@type\":\"WebSite\",\"@id\":\"https:\/\/brasilnoticias.org\/site\/#website\",\"url\":\"https:\/\/brasilnoticias.org\/site\/\",\"name\":\"Brasil not\u00edcias\",\"description\":\"Brasil not\u00edcias\",\"publisher\":{\"@id\":\"https:\/\/brasilnoticias.org\/site\/#organization\"},\"potentialAction\":[{\"@type\":\"SearchAction\",\"target\":{\"@type\":\"EntryPoint\",\"urlTemplate\":\"https:\/\/brasilnoticias.org\/site\/?s={search_term_string}\"},\"query-input\":{\"@type\":\"PropertyValueSpecification\",\"valueRequired\":true,\"valueName\":\"search_term_string\"}}],\"inLanguage\":\"pt-PT\"},{\"@type\":\"Organization\",\"@id\":\"https:\/\/brasilnoticias.org\/site\/#organization\",\"name\":\"Brasil not\u00edcias\",\"url\":\"https:\/\/brasilnoticias.org\/site\/\",\"logo\":{\"@type\":\"ImageObject\",\"inLanguage\":\"pt-PT\",\"@id\":\"https:\/\/brasilnoticias.org\/site\/#\/schema\/logo\/image\/\",\"url\":\"https:\/\/brasilnoticias.org\/site\/wp-content\/uploads\/2022\/05\/cropped-brasilnoticias-mini.jpg\",\"contentUrl\":\"https:\/\/brasilnoticias.org\/site\/wp-content\/uploads\/2022\/05\/cropped-brasilnoticias-mini.jpg\",\"width\":314,\"height\":86,\"caption\":\"Brasil not\u00edcias\"},\"image\":{\"@id\":\"https:\/\/brasilnoticias.org\/site\/#\/schema\/logo\/image\/\"}},{\"@type\":\"Person\",\"@id\":\"https:\/\/brasilnoticias.org\/site\/#\/schema\/person\/a0e05b973ec4d15c658d51911e53507b\",\"name\":\"Reda\u00e7\u00e3o\",\"image\":{\"@type\":\"ImageObject\",\"inLanguage\":\"pt-PT\",\"@id\":\"https:\/\/brasilnoticias.org\/site\/#\/schema\/person\/image\/\",\"url\":\"https:\/\/secure.gravatar.com\/avatar\/75d8b050df2de108b08ae78dfb8e374892df24a383c67db9c46a9c604f6aee9c?s=96&d=mm&r=g\",\"contentUrl\":\"https:\/\/secure.gravatar.com\/avatar\/75d8b050df2de108b08ae78dfb8e374892df24a383c67db9c46a9c604f6aee9c?s=96&d=mm&r=g\",\"caption\":\"Reda\u00e7\u00e3o\"},\"sameAs\":[\"https:\/\/brasilnoticias.org\/site\"],\"url\":\"https:\/\/brasilnoticias.org\/site\/author\/fernandozsngmail-com\/\"}]}<\/script>\n<!-- \/ Yoast SEO plugin. -->","yoast_head_json":{"title":"Senador pede convoca\u00e7\u00e3o de Dino e diz ter alertado sobre ataques no DF - Brasil not\u00edcias","robots":{"index":"index","follow":"follow","max-snippet":"max-snippet:-1","max-image-preview":"max-image-preview:large","max-video-preview":"max-video-preview:-1"},"canonical":"https:\/\/brasilnoticias.org\/site\/senador-pede-convocacao-de-dino-e-diz-ter-alertado-sobre-ataques-no-df\/","og_locale":"pt_PT","og_type":"article","og_title":"Senador pede convoca\u00e7\u00e3o de Dino e diz ter alertado sobre ataques no DF - Brasil not\u00edcias","og_description":"MACEI\u00d3, AL (UOL-FOLHAPRESS) &#8211; Marcos do Val (Podemos-ES) disse que vai convocar o ministro da Justi\u00e7a e Seguran\u00e7a P\u00fablica para","og_url":"https:\/\/brasilnoticias.org\/site\/senador-pede-convocacao-de-dino-e-diz-ter-alertado-sobre-ataques-no-df\/","og_site_name":"Brasil not\u00edcias","article_published_time":"2023-01-15T21:10:16+00:00","og_image":[{"width":960,"height":540,"url":"https:\/\/brasilnoticias.org\/site\/wp-content\/uploads\/2023\/01\/naom_63bc73ba38f60.jpg","type":"image\/jpeg"}],"author":"Reda\u00e7\u00e3o","twitter_card":"summary_large_image","twitter_misc":{"Escrito por":"Reda\u00e7\u00e3o","Tempo estimado de leitura":"3 minutos"},"schema":{"@context":"https:\/\/schema.org","@graph":[{"@type":"Article","@id":"https:\/\/brasilnoticias.org\/site\/senador-pede-convocacao-de-dino-e-diz-ter-alertado-sobre-ataques-no-df\/#article","isPartOf":{"@id":"https:\/\/brasilnoticias.org\/site\/senador-pede-convocacao-de-dino-e-diz-ter-alertado-sobre-ataques-no-df\/"},"author":{"name":"Reda\u00e7\u00e3o","@id":"https:\/\/brasilnoticias.org\/site\/#\/schema\/person\/a0e05b973ec4d15c658d51911e53507b"},"headline":"Senador pede convoca\u00e7\u00e3o de Dino e diz ter alertado sobre ataques no DF","datePublished":"2023-01-15T21:10:16+00:00","mainEntityOfPage":{"@id":"https:\/\/brasilnoticias.org\/site\/senador-pede-convocacao-de-dino-e-diz-ter-alertado-sobre-ataques-no-df\/"},"wordCount":599,"commentCount":0,"publisher":{"@id":"https:\/\/brasilnoticias.org\/site\/#organization"},"image":{"@id":"https:\/\/brasilnoticias.org\/site\/senador-pede-convocacao-de-dino-e-diz-ter-alertado-sobre-ataques-no-df\/#primaryimage"},"thumbnailUrl":"https:\/\/brasilnoticias.org\/site\/wp-content\/uploads\/2023\/01\/naom_63bc73ba38f60.jpg","articleSection":["Pol\u00edtica","\u00daltimas"],"inLanguage":"pt-PT","potentialAction":[{"@type":"CommentAction","name":"Comment","target":["https:\/\/brasilnoticias.org\/site\/senador-pede-convocacao-de-dino-e-diz-ter-alertado-sobre-ataques-no-df\/#respond"]}]},{"@type":"WebPage","@id":"https:\/\/brasilnoticias.org\/site\/senador-pede-convocacao-de-dino-e-diz-ter-alertado-sobre-ataques-no-df\/","url":"https:\/\/brasilnoticias.org\/site\/senador-pede-convocacao-de-dino-e-diz-ter-alertado-sobre-ataques-no-df\/","name":"Senador pede convoca\u00e7\u00e3o de Dino e diz ter alertado sobre ataques no DF - Brasil not\u00edcias","isPartOf":{"@id":"https:\/\/brasilnoticias.org\/site\/#website"},"primaryImageOfPage":{"@id":"https:\/\/brasilnoticias.org\/site\/senador-pede-convocacao-de-dino-e-diz-ter-alertado-sobre-ataques-no-df\/#primaryimage"},"image":{"@id":"https:\/\/brasilnoticias.org\/site\/senador-pede-convocacao-de-dino-e-diz-ter-alertado-sobre-ataques-no-df\/#primaryimage"},"thumbnailUrl":"https:\/\/brasilnoticias.org\/site\/wp-content\/uploads\/2023\/01\/naom_63bc73ba38f60.jpg","datePublished":"2023-01-15T21:10:16+00:00","breadcrumb":{"@id":"https:\/\/brasilnoticias.org\/site\/senador-pede-convocacao-de-dino-e-diz-ter-alertado-sobre-ataques-no-df\/#breadcrumb"},"inLanguage":"pt-PT","potentialAction":[{"@type":"ReadAction","target":["https:\/\/brasilnoticias.org\/site\/senador-pede-convocacao-de-dino-e-diz-ter-alertado-sobre-ataques-no-df\/"]}]},{"@type":"ImageObject","inLanguage":"pt-PT","@id":"https:\/\/brasilnoticias.org\/site\/senador-pede-convocacao-de-dino-e-diz-ter-alertado-sobre-ataques-no-df\/#primaryimage","url":"https:\/\/brasilnoticias.org\/site\/wp-content\/uploads\/2023\/01\/naom_63bc73ba38f60.jpg","contentUrl":"https:\/\/brasilnoticias.org\/site\/wp-content\/uploads\/2023\/01\/naom_63bc73ba38f60.jpg","width":960,"height":540},{"@type":"BreadcrumbList","@id":"https:\/\/brasilnoticias.org\/site\/senador-pede-convocacao-de-dino-e-diz-ter-alertado-sobre-ataques-no-df\/#breadcrumb","itemListElement":[{"@type":"ListItem","position":1,"name":"In\u00edcio","item":"https:\/\/brasilnoticias.org\/site\/"},{"@type":"ListItem","position":2,"name":"Senador pede convoca\u00e7\u00e3o de Dino e diz ter alertado sobre ataques no DF"}]},{"@type":"WebSite","@id":"https:\/\/brasilnoticias.org\/site\/#website","url":"https:\/\/brasilnoticias.org\/site\/","name":"Brasil not\u00edcias","description":"Brasil not\u00edcias","publisher":{"@id":"https:\/\/brasilnoticias.org\/site\/#organization"},"potentialAction":[{"@type":"SearchAction","target":{"@type":"EntryPoint","urlTemplate":"https:\/\/brasilnoticias.org\/site\/?s={search_term_string}"},"query-input":{"@type":"PropertyValueSpecification","valueRequired":true,"valueName":"search_term_string"}}],"inLanguage":"pt-PT"},{"@type":"Organization","@id":"https:\/\/brasilnoticias.org\/site\/#organization","name":"Brasil not\u00edcias","url":"https:\/\/brasilnoticias.org\/site\/","logo":{"@type":"ImageObject","inLanguage":"pt-PT","@id":"https:\/\/brasilnoticias.org\/site\/#\/schema\/logo\/image\/","url":"https:\/\/brasilnoticias.org\/site\/wp-content\/uploads\/2022\/05\/cropped-brasilnoticias-mini.jpg","contentUrl":"https:\/\/brasilnoticias.org\/site\/wp-content\/uploads\/2022\/05\/cropped-brasilnoticias-mini.jpg","width":314,"height":86,"caption":"Brasil not\u00edcias"},"image":{"@id":"https:\/\/brasilnoticias.org\/site\/#\/schema\/logo\/image\/"}},{"@type":"Person","@id":"https:\/\/brasilnoticias.org\/site\/#\/schema\/person\/a0e05b973ec4d15c658d51911e53507b","name":"Reda\u00e7\u00e3o","image":{"@type":"ImageObject","inLanguage":"pt-PT","@id":"https:\/\/brasilnoticias.org\/site\/#\/schema\/person\/image\/","url":"https:\/\/secure.gravatar.com\/avatar\/75d8b050df2de108b08ae78dfb8e374892df24a383c67db9c46a9c604f6aee9c?s=96&d=mm&r=g","contentUrl":"https:\/\/secure.gravatar.com\/avatar\/75d8b050df2de108b08ae78dfb8e374892df24a383c67db9c46a9c604f6aee9c?s=96&d=mm&r=g","caption":"Reda\u00e7\u00e3o"},"sameAs":["https:\/\/brasilnoticias.org\/site"],"url":"https:\/\/brasilnoticias.org\/site\/author\/fernandozsngmail-com\/"}]}},"_links":{"self":[{"href":"https:\/\/brasilnoticias.org\/site\/wp-json\/wp\/v2\/posts\/3260","targetHints":{"allow":["GET"]}}],"collection":[{"href":"https:\/\/brasilnoticias.org\/site\/wp-json\/wp\/v2\/posts"}],"about":[{"href":"https:\/\/brasilnoticias.org\/site\/wp-json\/wp\/v2\/types\/post"}],"author":[{"embeddable":true,"href":"https:\/\/brasilnoticias.org\/site\/wp-json\/wp\/v2\/users\/1"}],"replies":[{"embeddable":true,"href":"https:\/\/brasilnoticias.org\/site\/wp-json\/wp\/v2\/comments?post=3260"}],"version-history":[{"count":1,"href":"https:\/\/brasilnoticias.org\/site\/wp-json\/wp\/v2\/posts\/3260\/revisions"}],"predecessor-version":[{"id":3262,"href":"https:\/\/brasilnoticias.org\/site\/wp-json\/wp\/v2\/posts\/3260\/revisions\/3262"}],"wp:featuredmedia":[{"embeddable":true,"href":"https:\/\/brasilnoticias.org\/site\/wp-json\/wp\/v2\/media\/3261"}],"wp:attachment":[{"href":"https:\/\/brasilnoticias.org\/site\/wp-json\/wp\/v2\/media?parent=3260"}],"wp:term":[{"taxonomy":"category","embeddable":true,"href":"https:\/\/brasilnoticias.org\/site\/wp-json\/wp\/v2\/categories?post=3260"},{"taxonomy":"post_tag","embeddable":true,"href":"https:\/\/brasilnoticias.org\/site\/wp-json\/wp\/v2\/tags?post=3260"}],"curies":[{"name":"wp","href":"https:\/\/api.w.org\/{rel}","templated":true}]}}