{"id":3286,"date":"2023-01-16T18:32:36","date_gmt":"2023-01-16T21:32:36","guid":{"rendered":"https:\/\/brasilnoticias.org\/site\/?p=3286"},"modified":"2023-01-16T18:32:36","modified_gmt":"2023-01-16T21:32:36","slug":"americanas-contrata-rothschild-co-para-renegociacao-da-divida","status":"publish","type":"post","link":"https:\/\/brasilnoticias.org\/site\/americanas-contrata-rothschild-co-para-renegociacao-da-divida\/","title":{"rendered":"Americanas contrata Rothschild &#038; Co para renegocia\u00e7\u00e3o da d\u00edvida"},"content":{"rendered":"<p>A Rothschild &amp; Co vai atuar como interlocutora na renegocia\u00e7\u00e3o da d\u00edvida da Americanas SA no Brasil e no exterior. A informa\u00e7\u00e3o foi dada pela companhia via fato relevante publicado na Comiss\u00e3o de Valores Mobili\u00e1rios (CVM). No documento consta que o Conselho de Administra\u00e7\u00e3o da varejista deliberou sobre a contrata\u00e7\u00e3o em reuni\u00e3o realizada nesta segunda-feira, 16.<br \/>\nEm nota encaminhada ao Broadcast (sistema de not\u00edcias em tempo real do Grupo Estado), a Americanas acrescenta &#8220;que refor\u00e7a seu compromisso na busca de uma solu\u00e7\u00e3o de curto prazo com os seus credores&#8221;. &#8220;Todos os \u00f3rg\u00e3os sociais (conselho, diretoria e comit\u00eas) est\u00e3o trabalhando conjuntamente com o objetivo de manter as opera\u00e7\u00f5es da companhia de forma adequada e apoiar os trabalhos do Comit\u00ea Independente.&#8221;<\/p>\n<p>E finaliza na nota: &#8220;O Conselho de Administra\u00e7\u00e3o, t\u00e3o logo se deu conta das inconsist\u00eancias cont\u00e1beis, sinalizou o compromisso em divulgar a apura\u00e7\u00e3o e o trabalho de retifica\u00e7\u00e3o dos n\u00fameros, com seu auditor externo atual. A Americanas passa a ter a Rothschild &amp; Co no Brasil e internacionalmente, representando a empresa na constru\u00e7\u00e3o de um di\u00e1logo franco e aberto, preservando o peso que a empresa tem, tanto com sua fun\u00e7\u00e3o social, como na participa\u00e7\u00e3o da economia do pa\u00eds.&#8221;<\/p>\n<p>Foto Shutterstock<br \/>\nNot\u00edcias ao minuto<\/p>\n","protected":false},"excerpt":{"rendered":"<p>A Rothschild &amp; Co vai atuar como interlocutora na renegocia\u00e7\u00e3o da d\u00edvida da Americanas SA no Brasil e no exterior.<\/p>\n","protected":false},"author":1,"featured_media":3287,"comment_status":"open","ping_status":"open","sticky":false,"template":"","format":"standard","meta":{"colormag_page_container_layout":"default_layout","colormag_page_sidebar_layout":"default_layout","_FSMCFIC_featured_image_caption":"","_FSMCFIC_featured_image_nocaption":"","_FSMCFIC_featured_image_hide":"","footnotes":""},"categories":[2,1],"tags":[],"class_list":["post-3286","post","type-post","status-publish","format-standard","has-post-thumbnail","hentry","category-noticias","category-ultimas"],"yoast_head":"<!-- This site is optimized with the Yoast SEO plugin v27.1.1 - https:\/\/yoast.com\/product\/yoast-seo-wordpress\/ -->\n<title>Americanas contrata Rothschild &amp; Co para renegocia\u00e7\u00e3o da d\u00edvida - Brasil not\u00edcias<\/title>\n<meta name=\"robots\" content=\"index, follow, max-snippet:-1, max-image-preview:large, max-video-preview:-1\" \/>\n<link rel=\"canonical\" href=\"https:\/\/brasilnoticias.org\/site\/americanas-contrata-rothschild-co-para-renegociacao-da-divida\/\" \/>\n<meta property=\"og:locale\" content=\"pt_PT\" \/>\n<meta property=\"og:type\" content=\"article\" \/>\n<meta property=\"og:title\" content=\"Americanas contrata Rothschild &amp; Co para renegocia\u00e7\u00e3o da d\u00edvida - Brasil not\u00edcias\" \/>\n<meta property=\"og:description\" content=\"A Rothschild &amp; Co vai atuar como interlocutora na renegocia\u00e7\u00e3o da d\u00edvida da Americanas SA no Brasil e no exterior.\" \/>\n<meta property=\"og:url\" content=\"https:\/\/brasilnoticias.org\/site\/americanas-contrata-rothschild-co-para-renegociacao-da-divida\/\" \/>\n<meta property=\"og:site_name\" content=\"Brasil not\u00edcias\" \/>\n<meta property=\"article:published_time\" content=\"2023-01-16T21:32:36+00:00\" \/>\n<meta property=\"og:image\" content=\"https:\/\/brasilnoticias.org\/site\/wp-content\/uploads\/2023\/01\/naom_63c1532731d7a-1.jpg\" \/>\n\t<meta property=\"og:image:width\" content=\"960\" \/>\n\t<meta property=\"og:image:height\" content=\"540\" \/>\n\t<meta property=\"og:image:type\" content=\"image\/jpeg\" \/>\n<meta name=\"author\" content=\"Reda\u00e7\u00e3o\" \/>\n<meta name=\"twitter:card\" content=\"summary_large_image\" \/>\n<meta name=\"twitter:label1\" content=\"Escrito por\" \/>\n\t<meta name=\"twitter:data1\" content=\"Reda\u00e7\u00e3o\" \/>\n\t<meta name=\"twitter:label2\" content=\"Tempo estimado de leitura\" \/>\n\t<meta name=\"twitter:data2\" content=\"1 minuto\" \/>\n<script type=\"application\/ld+json\" class=\"yoast-schema-graph\">{\"@context\":\"https:\/\/schema.org\",\"@graph\":[{\"@type\":\"Article\",\"@id\":\"https:\/\/brasilnoticias.org\/site\/americanas-contrata-rothschild-co-para-renegociacao-da-divida\/#article\",\"isPartOf\":{\"@id\":\"https:\/\/brasilnoticias.org\/site\/americanas-contrata-rothschild-co-para-renegociacao-da-divida\/\"},\"author\":{\"name\":\"Reda\u00e7\u00e3o\",\"@id\":\"https:\/\/brasilnoticias.org\/site\/#\/schema\/person\/a0e05b973ec4d15c658d51911e53507b\"},\"headline\":\"Americanas contrata Rothschild &#038; Co para renegocia\u00e7\u00e3o da d\u00edvida\",\"datePublished\":\"2023-01-16T21:32:36+00:00\",\"mainEntityOfPage\":{\"@id\":\"https:\/\/brasilnoticias.org\/site\/americanas-contrata-rothschild-co-para-renegociacao-da-divida\/\"},\"wordCount\":239,\"commentCount\":0,\"publisher\":{\"@id\":\"https:\/\/brasilnoticias.org\/site\/#organization\"},\"image\":{\"@id\":\"https:\/\/brasilnoticias.org\/site\/americanas-contrata-rothschild-co-para-renegociacao-da-divida\/#primaryimage\"},\"thumbnailUrl\":\"https:\/\/brasilnoticias.org\/site\/wp-content\/uploads\/2023\/01\/naom_63c1532731d7a-1.jpg\",\"articleSection\":[\"Not\u00edcias\",\"\u00daltimas\"],\"inLanguage\":\"pt-PT\",\"potentialAction\":[{\"@type\":\"CommentAction\",\"name\":\"Comment\",\"target\":[\"https:\/\/brasilnoticias.org\/site\/americanas-contrata-rothschild-co-para-renegociacao-da-divida\/#respond\"]}]},{\"@type\":\"WebPage\",\"@id\":\"https:\/\/brasilnoticias.org\/site\/americanas-contrata-rothschild-co-para-renegociacao-da-divida\/\",\"url\":\"https:\/\/brasilnoticias.org\/site\/americanas-contrata-rothschild-co-para-renegociacao-da-divida\/\",\"name\":\"Americanas contrata Rothschild & Co para renegocia\u00e7\u00e3o da d\u00edvida - Brasil not\u00edcias\",\"isPartOf\":{\"@id\":\"https:\/\/brasilnoticias.org\/site\/#website\"},\"primaryImageOfPage\":{\"@id\":\"https:\/\/brasilnoticias.org\/site\/americanas-contrata-rothschild-co-para-renegociacao-da-divida\/#primaryimage\"},\"image\":{\"@id\":\"https:\/\/brasilnoticias.org\/site\/americanas-contrata-rothschild-co-para-renegociacao-da-divida\/#primaryimage\"},\"thumbnailUrl\":\"https:\/\/brasilnoticias.org\/site\/wp-content\/uploads\/2023\/01\/naom_63c1532731d7a-1.jpg\",\"datePublished\":\"2023-01-16T21:32:36+00:00\",\"breadcrumb\":{\"@id\":\"https:\/\/brasilnoticias.org\/site\/americanas-contrata-rothschild-co-para-renegociacao-da-divida\/#breadcrumb\"},\"inLanguage\":\"pt-PT\",\"potentialAction\":[{\"@type\":\"ReadAction\",\"target\":[\"https:\/\/brasilnoticias.org\/site\/americanas-contrata-rothschild-co-para-renegociacao-da-divida\/\"]}]},{\"@type\":\"ImageObject\",\"inLanguage\":\"pt-PT\",\"@id\":\"https:\/\/brasilnoticias.org\/site\/americanas-contrata-rothschild-co-para-renegociacao-da-divida\/#primaryimage\",\"url\":\"https:\/\/brasilnoticias.org\/site\/wp-content\/uploads\/2023\/01\/naom_63c1532731d7a-1.jpg\",\"contentUrl\":\"https:\/\/brasilnoticias.org\/site\/wp-content\/uploads\/2023\/01\/naom_63c1532731d7a-1.jpg\",\"width\":960,\"height\":540},{\"@type\":\"BreadcrumbList\",\"@id\":\"https:\/\/brasilnoticias.org\/site\/americanas-contrata-rothschild-co-para-renegociacao-da-divida\/#breadcrumb\",\"itemListElement\":[{\"@type\":\"ListItem\",\"position\":1,\"name\":\"In\u00edcio\",\"item\":\"https:\/\/brasilnoticias.org\/site\/\"},{\"@type\":\"ListItem\",\"position\":2,\"name\":\"Americanas contrata Rothschild &#038; Co para renegocia\u00e7\u00e3o da d\u00edvida\"}]},{\"@type\":\"WebSite\",\"@id\":\"https:\/\/brasilnoticias.org\/site\/#website\",\"url\":\"https:\/\/brasilnoticias.org\/site\/\",\"name\":\"Brasil not\u00edcias\",\"description\":\"Brasil not\u00edcias\",\"publisher\":{\"@id\":\"https:\/\/brasilnoticias.org\/site\/#organization\"},\"potentialAction\":[{\"@type\":\"SearchAction\",\"target\":{\"@type\":\"EntryPoint\",\"urlTemplate\":\"https:\/\/brasilnoticias.org\/site\/?s={search_term_string}\"},\"query-input\":{\"@type\":\"PropertyValueSpecification\",\"valueRequired\":true,\"valueName\":\"search_term_string\"}}],\"inLanguage\":\"pt-PT\"},{\"@type\":\"Organization\",\"@id\":\"https:\/\/brasilnoticias.org\/site\/#organization\",\"name\":\"Brasil not\u00edcias\",\"url\":\"https:\/\/brasilnoticias.org\/site\/\",\"logo\":{\"@type\":\"ImageObject\",\"inLanguage\":\"pt-PT\",\"@id\":\"https:\/\/brasilnoticias.org\/site\/#\/schema\/logo\/image\/\",\"url\":\"https:\/\/brasilnoticias.org\/site\/wp-content\/uploads\/2022\/05\/cropped-brasilnoticias-mini.jpg\",\"contentUrl\":\"https:\/\/brasilnoticias.org\/site\/wp-content\/uploads\/2022\/05\/cropped-brasilnoticias-mini.jpg\",\"width\":314,\"height\":86,\"caption\":\"Brasil not\u00edcias\"},\"image\":{\"@id\":\"https:\/\/brasilnoticias.org\/site\/#\/schema\/logo\/image\/\"}},{\"@type\":\"Person\",\"@id\":\"https:\/\/brasilnoticias.org\/site\/#\/schema\/person\/a0e05b973ec4d15c658d51911e53507b\",\"name\":\"Reda\u00e7\u00e3o\",\"image\":{\"@type\":\"ImageObject\",\"inLanguage\":\"pt-PT\",\"@id\":\"https:\/\/brasilnoticias.org\/site\/#\/schema\/person\/image\/\",\"url\":\"https:\/\/secure.gravatar.com\/avatar\/75d8b050df2de108b08ae78dfb8e374892df24a383c67db9c46a9c604f6aee9c?s=96&d=mm&r=g\",\"contentUrl\":\"https:\/\/secure.gravatar.com\/avatar\/75d8b050df2de108b08ae78dfb8e374892df24a383c67db9c46a9c604f6aee9c?s=96&d=mm&r=g\",\"caption\":\"Reda\u00e7\u00e3o\"},\"sameAs\":[\"https:\/\/brasilnoticias.org\/site\"],\"url\":\"https:\/\/brasilnoticias.org\/site\/author\/fernandozsngmail-com\/\"}]}<\/script>\n<!-- \/ Yoast SEO plugin. -->","yoast_head_json":{"title":"Americanas contrata Rothschild & Co para renegocia\u00e7\u00e3o da d\u00edvida - Brasil not\u00edcias","robots":{"index":"index","follow":"follow","max-snippet":"max-snippet:-1","max-image-preview":"max-image-preview:large","max-video-preview":"max-video-preview:-1"},"canonical":"https:\/\/brasilnoticias.org\/site\/americanas-contrata-rothschild-co-para-renegociacao-da-divida\/","og_locale":"pt_PT","og_type":"article","og_title":"Americanas contrata Rothschild & Co para renegocia\u00e7\u00e3o da d\u00edvida - Brasil not\u00edcias","og_description":"A Rothschild &amp; Co vai atuar como interlocutora na renegocia\u00e7\u00e3o da d\u00edvida da Americanas SA no Brasil e no exterior.","og_url":"https:\/\/brasilnoticias.org\/site\/americanas-contrata-rothschild-co-para-renegociacao-da-divida\/","og_site_name":"Brasil not\u00edcias","article_published_time":"2023-01-16T21:32:36+00:00","og_image":[{"width":960,"height":540,"url":"https:\/\/brasilnoticias.org\/site\/wp-content\/uploads\/2023\/01\/naom_63c1532731d7a-1.jpg","type":"image\/jpeg"}],"author":"Reda\u00e7\u00e3o","twitter_card":"summary_large_image","twitter_misc":{"Escrito por":"Reda\u00e7\u00e3o","Tempo estimado de leitura":"1 minuto"},"schema":{"@context":"https:\/\/schema.org","@graph":[{"@type":"Article","@id":"https:\/\/brasilnoticias.org\/site\/americanas-contrata-rothschild-co-para-renegociacao-da-divida\/#article","isPartOf":{"@id":"https:\/\/brasilnoticias.org\/site\/americanas-contrata-rothschild-co-para-renegociacao-da-divida\/"},"author":{"name":"Reda\u00e7\u00e3o","@id":"https:\/\/brasilnoticias.org\/site\/#\/schema\/person\/a0e05b973ec4d15c658d51911e53507b"},"headline":"Americanas contrata Rothschild &#038; Co para renegocia\u00e7\u00e3o da d\u00edvida","datePublished":"2023-01-16T21:32:36+00:00","mainEntityOfPage":{"@id":"https:\/\/brasilnoticias.org\/site\/americanas-contrata-rothschild-co-para-renegociacao-da-divida\/"},"wordCount":239,"commentCount":0,"publisher":{"@id":"https:\/\/brasilnoticias.org\/site\/#organization"},"image":{"@id":"https:\/\/brasilnoticias.org\/site\/americanas-contrata-rothschild-co-para-renegociacao-da-divida\/#primaryimage"},"thumbnailUrl":"https:\/\/brasilnoticias.org\/site\/wp-content\/uploads\/2023\/01\/naom_63c1532731d7a-1.jpg","articleSection":["Not\u00edcias","\u00daltimas"],"inLanguage":"pt-PT","potentialAction":[{"@type":"CommentAction","name":"Comment","target":["https:\/\/brasilnoticias.org\/site\/americanas-contrata-rothschild-co-para-renegociacao-da-divida\/#respond"]}]},{"@type":"WebPage","@id":"https:\/\/brasilnoticias.org\/site\/americanas-contrata-rothschild-co-para-renegociacao-da-divida\/","url":"https:\/\/brasilnoticias.org\/site\/americanas-contrata-rothschild-co-para-renegociacao-da-divida\/","name":"Americanas contrata Rothschild & Co para renegocia\u00e7\u00e3o da d\u00edvida - Brasil not\u00edcias","isPartOf":{"@id":"https:\/\/brasilnoticias.org\/site\/#website"},"primaryImageOfPage":{"@id":"https:\/\/brasilnoticias.org\/site\/americanas-contrata-rothschild-co-para-renegociacao-da-divida\/#primaryimage"},"image":{"@id":"https:\/\/brasilnoticias.org\/site\/americanas-contrata-rothschild-co-para-renegociacao-da-divida\/#primaryimage"},"thumbnailUrl":"https:\/\/brasilnoticias.org\/site\/wp-content\/uploads\/2023\/01\/naom_63c1532731d7a-1.jpg","datePublished":"2023-01-16T21:32:36+00:00","breadcrumb":{"@id":"https:\/\/brasilnoticias.org\/site\/americanas-contrata-rothschild-co-para-renegociacao-da-divida\/#breadcrumb"},"inLanguage":"pt-PT","potentialAction":[{"@type":"ReadAction","target":["https:\/\/brasilnoticias.org\/site\/americanas-contrata-rothschild-co-para-renegociacao-da-divida\/"]}]},{"@type":"ImageObject","inLanguage":"pt-PT","@id":"https:\/\/brasilnoticias.org\/site\/americanas-contrata-rothschild-co-para-renegociacao-da-divida\/#primaryimage","url":"https:\/\/brasilnoticias.org\/site\/wp-content\/uploads\/2023\/01\/naom_63c1532731d7a-1.jpg","contentUrl":"https:\/\/brasilnoticias.org\/site\/wp-content\/uploads\/2023\/01\/naom_63c1532731d7a-1.jpg","width":960,"height":540},{"@type":"BreadcrumbList","@id":"https:\/\/brasilnoticias.org\/site\/americanas-contrata-rothschild-co-para-renegociacao-da-divida\/#breadcrumb","itemListElement":[{"@type":"ListItem","position":1,"name":"In\u00edcio","item":"https:\/\/brasilnoticias.org\/site\/"},{"@type":"ListItem","position":2,"name":"Americanas contrata Rothschild &#038; Co para renegocia\u00e7\u00e3o da d\u00edvida"}]},{"@type":"WebSite","@id":"https:\/\/brasilnoticias.org\/site\/#website","url":"https:\/\/brasilnoticias.org\/site\/","name":"Brasil not\u00edcias","description":"Brasil not\u00edcias","publisher":{"@id":"https:\/\/brasilnoticias.org\/site\/#organization"},"potentialAction":[{"@type":"SearchAction","target":{"@type":"EntryPoint","urlTemplate":"https:\/\/brasilnoticias.org\/site\/?s={search_term_string}"},"query-input":{"@type":"PropertyValueSpecification","valueRequired":true,"valueName":"search_term_string"}}],"inLanguage":"pt-PT"},{"@type":"Organization","@id":"https:\/\/brasilnoticias.org\/site\/#organization","name":"Brasil not\u00edcias","url":"https:\/\/brasilnoticias.org\/site\/","logo":{"@type":"ImageObject","inLanguage":"pt-PT","@id":"https:\/\/brasilnoticias.org\/site\/#\/schema\/logo\/image\/","url":"https:\/\/brasilnoticias.org\/site\/wp-content\/uploads\/2022\/05\/cropped-brasilnoticias-mini.jpg","contentUrl":"https:\/\/brasilnoticias.org\/site\/wp-content\/uploads\/2022\/05\/cropped-brasilnoticias-mini.jpg","width":314,"height":86,"caption":"Brasil not\u00edcias"},"image":{"@id":"https:\/\/brasilnoticias.org\/site\/#\/schema\/logo\/image\/"}},{"@type":"Person","@id":"https:\/\/brasilnoticias.org\/site\/#\/schema\/person\/a0e05b973ec4d15c658d51911e53507b","name":"Reda\u00e7\u00e3o","image":{"@type":"ImageObject","inLanguage":"pt-PT","@id":"https:\/\/brasilnoticias.org\/site\/#\/schema\/person\/image\/","url":"https:\/\/secure.gravatar.com\/avatar\/75d8b050df2de108b08ae78dfb8e374892df24a383c67db9c46a9c604f6aee9c?s=96&d=mm&r=g","contentUrl":"https:\/\/secure.gravatar.com\/avatar\/75d8b050df2de108b08ae78dfb8e374892df24a383c67db9c46a9c604f6aee9c?s=96&d=mm&r=g","caption":"Reda\u00e7\u00e3o"},"sameAs":["https:\/\/brasilnoticias.org\/site"],"url":"https:\/\/brasilnoticias.org\/site\/author\/fernandozsngmail-com\/"}]}},"_links":{"self":[{"href":"https:\/\/brasilnoticias.org\/site\/wp-json\/wp\/v2\/posts\/3286","targetHints":{"allow":["GET"]}}],"collection":[{"href":"https:\/\/brasilnoticias.org\/site\/wp-json\/wp\/v2\/posts"}],"about":[{"href":"https:\/\/brasilnoticias.org\/site\/wp-json\/wp\/v2\/types\/post"}],"author":[{"embeddable":true,"href":"https:\/\/brasilnoticias.org\/site\/wp-json\/wp\/v2\/users\/1"}],"replies":[{"embeddable":true,"href":"https:\/\/brasilnoticias.org\/site\/wp-json\/wp\/v2\/comments?post=3286"}],"version-history":[{"count":1,"href":"https:\/\/brasilnoticias.org\/site\/wp-json\/wp\/v2\/posts\/3286\/revisions"}],"predecessor-version":[{"id":3288,"href":"https:\/\/brasilnoticias.org\/site\/wp-json\/wp\/v2\/posts\/3286\/revisions\/3288"}],"wp:featuredmedia":[{"embeddable":true,"href":"https:\/\/brasilnoticias.org\/site\/wp-json\/wp\/v2\/media\/3287"}],"wp:attachment":[{"href":"https:\/\/brasilnoticias.org\/site\/wp-json\/wp\/v2\/media?parent=3286"}],"wp:term":[{"taxonomy":"category","embeddable":true,"href":"https:\/\/brasilnoticias.org\/site\/wp-json\/wp\/v2\/categories?post=3286"},{"taxonomy":"post_tag","embeddable":true,"href":"https:\/\/brasilnoticias.org\/site\/wp-json\/wp\/v2\/tags?post=3286"}],"curies":[{"name":"wp","href":"https:\/\/api.w.org\/{rel}","templated":true}]}}