{"id":330,"date":"2022-05-18T16:40:39","date_gmt":"2022-05-18T19:40:39","guid":{"rendered":"https:\/\/brasilnoticias.org\/site\/?p=330"},"modified":"2022-05-18T16:40:39","modified_gmt":"2022-05-18T19:40:39","slug":"roma-mira-governo-e-diz-que-seu-secretario-da-seguranca-sera-severo-no-combate-ao-crime","status":"publish","type":"post","link":"https:\/\/brasilnoticias.org\/site\/roma-mira-governo-e-diz-que-seu-secretario-da-seguranca-sera-severo-no-combate-ao-crime\/","title":{"rendered":"ROMA MIRA GOVERNO E DIZ QUE SEU SECRET\u00c1RIO DA SEGURAN\u00c7A SER\u00c1 SEVERO NO COMBATE AO CRIME"},"content":{"rendered":"<p>O pr\u00e9-candidato ao governo da Bahia, ex-ministro da Cidadania e deputado federal, Jo\u00e3o Roma (PL), recha\u00e7ou veemente a possibilidade de, no caso de eleito, ter um secret\u00e1rio da Seguran\u00e7a P\u00fablica como o atual do governador Rui Costa (PT).<\/p>\n<p>A manifesta\u00e7\u00e3o se deu em entrevista \u00e0 r\u00e1dio Suba\u00e9, de Feira de Santana, nesta quarta-feira (18). Roma respondeu se o auxiliar de Rui Costa poderia ser mantido num poss\u00edvel governo sob o seu comando. Antes da pergunta, lhe foi apresentado um v\u00eddeo no qual o secret\u00e1rio Ricardo Mandarino emite opini\u00f5es discut\u00edveis em rela\u00e7\u00e3o \u00e0s drogas.<\/p>\n<p>\u201cEle n\u00e3o seria secret\u00e1rio um dia sequer em meu governo. V\u00e1 fazer apologia \u00e0s drogas na casa da m\u00e3e Joana. Um pronunciamento desta natureza \u00e9 tripudiar do sofrimento de milhares de fam\u00edlias que sofrem com filhos no descaminho do mundo das drogas, envolvidos em mortes e crimes\u201d, disse Roma.<\/p>\n<p>O pr\u00e9-candidato bolsonarista destacou que essa \u00e9 a mudan\u00e7a que pretende fazer no governo da Bahia. \u201cVamos mudar a postura, principalmente na seguran\u00e7a p\u00fablica. Combater de forma severa o crime organizado que teve solo f\u00e9rtil nos anos petistas. Vamos dar respaldo e condi\u00e7\u00f5es aos policiais para vencermos esta guerra, que j\u00e1 ceifou a vida de 75 mil baianos nos \u00faltimos 16 anos\u201d.<\/p>\n<p>Para Roma, os governos do PT n\u00e3o reagiram. \u201cN\u00e3o tomaram provid\u00eancia. Somos os recordistas nacionais de homic\u00eddios, quando a m\u00e9dia de assassinatos cai no Brasil. E ainda assistimos \u00e0 nossa juventude ser cooptada pelo mundo do crime, sem perspectivas devido \u00e0 falta de oportunidades, consequ\u00eancia do tamb\u00e9m descaso com a educa\u00e7\u00e3o p\u00fablica, a pior do pa\u00eds\u201d.<\/p>\n<p>Ressaltando que a Bahia precisa seguir de m\u00e3os dadas com o Brasil, o ex-ministro da Cidadania citou dados do F\u00f3rum Brasileiro de Seguran\u00e7a P\u00fablica que atestam a queda do n\u00famero de assassinatos no Brasil no primeiro trimestre deste ano. \u201cInfelizmente n\u00e3o vemos isso aqui na Bahia\u201d.<\/p>\n<p>&nbsp;<\/p>\n<p>&nbsp;<\/p>\n<p>&nbsp;<\/p>\n<p>Pol\u00edtica Livre<\/p>\n","protected":false},"excerpt":{"rendered":"<p>O pr\u00e9-candidato ao governo da Bahia, ex-ministro da Cidadania e deputado federal, Jo\u00e3o Roma (PL), recha\u00e7ou veemente a possibilidade de,<\/p>\n","protected":false},"author":2,"featured_media":331,"comment_status":"open","ping_status":"open","sticky":false,"template":"","format":"standard","meta":{"colormag_page_container_layout":"default_layout","colormag_page_sidebar_layout":"default_layout","_FSMCFIC_featured_image_caption":"","_FSMCFIC_featured_image_nocaption":"","_FSMCFIC_featured_image_hide":"","footnotes":""},"categories":[5,1],"tags":[],"class_list":["post-330","post","type-post","status-publish","format-standard","has-post-thumbnail","hentry","category-politica","category-ultimas"],"yoast_head":"<!-- This site is optimized with the Yoast SEO plugin v27.1.1 - https:\/\/yoast.com\/product\/yoast-seo-wordpress\/ -->\n<title>ROMA MIRA GOVERNO E DIZ QUE SEU SECRET\u00c1RIO DA SEGURAN\u00c7A SER\u00c1 SEVERO NO COMBATE AO CRIME - Brasil not\u00edcias<\/title>\n<meta name=\"robots\" content=\"index, follow, max-snippet:-1, max-image-preview:large, max-video-preview:-1\" \/>\n<link rel=\"canonical\" href=\"https:\/\/brasilnoticias.org\/site\/roma-mira-governo-e-diz-que-seu-secretario-da-seguranca-sera-severo-no-combate-ao-crime\/\" \/>\n<meta property=\"og:locale\" content=\"pt_PT\" \/>\n<meta property=\"og:type\" content=\"article\" \/>\n<meta property=\"og:title\" content=\"ROMA MIRA GOVERNO E DIZ QUE SEU SECRET\u00c1RIO DA SEGURAN\u00c7A SER\u00c1 SEVERO NO COMBATE AO CRIME - Brasil not\u00edcias\" \/>\n<meta property=\"og:description\" content=\"O pr\u00e9-candidato ao governo da Bahia, ex-ministro da Cidadania e deputado federal, Jo\u00e3o Roma (PL), recha\u00e7ou veemente a possibilidade de,\" \/>\n<meta property=\"og:url\" content=\"https:\/\/brasilnoticias.org\/site\/roma-mira-governo-e-diz-que-seu-secretario-da-seguranca-sera-severo-no-combate-ao-crime\/\" \/>\n<meta property=\"og:site_name\" content=\"Brasil not\u00edcias\" \/>\n<meta property=\"article:published_time\" content=\"2022-05-18T19:40:39+00:00\" \/>\n<meta property=\"og:image\" content=\"https:\/\/brasilnoticias.org\/site\/wp-content\/uploads\/2022\/05\/Screenshot_20220518-163207-562.png\" \/>\n\t<meta property=\"og:image:width\" content=\"720\" \/>\n\t<meta property=\"og:image:height\" content=\"617\" \/>\n\t<meta property=\"og:image:type\" content=\"image\/png\" \/>\n<meta name=\"author\" content=\"Reda\u00e7\u00e3o\" \/>\n<meta name=\"twitter:card\" content=\"summary_large_image\" \/>\n<meta name=\"twitter:label1\" content=\"Escrito por\" \/>\n\t<meta name=\"twitter:data1\" content=\"Reda\u00e7\u00e3o\" \/>\n\t<meta name=\"twitter:label2\" content=\"Tempo estimado de leitura\" \/>\n\t<meta name=\"twitter:data2\" content=\"2 minutos\" \/>\n<script type=\"application\/ld+json\" class=\"yoast-schema-graph\">{\"@context\":\"https:\/\/schema.org\",\"@graph\":[{\"@type\":\"Article\",\"@id\":\"https:\/\/brasilnoticias.org\/site\/roma-mira-governo-e-diz-que-seu-secretario-da-seguranca-sera-severo-no-combate-ao-crime\/#article\",\"isPartOf\":{\"@id\":\"https:\/\/brasilnoticias.org\/site\/roma-mira-governo-e-diz-que-seu-secretario-da-seguranca-sera-severo-no-combate-ao-crime\/\"},\"author\":{\"name\":\"Reda\u00e7\u00e3o\",\"@id\":\"https:\/\/brasilnoticias.org\/site\/#\/schema\/person\/f609fa847b5314f1c8b983342f34c798\"},\"headline\":\"ROMA MIRA GOVERNO E DIZ QUE SEU SECRET\u00c1RIO DA SEGURAN\u00c7A SER\u00c1 SEVERO NO COMBATE AO CRIME\",\"datePublished\":\"2022-05-18T19:40:39+00:00\",\"mainEntityOfPage\":{\"@id\":\"https:\/\/brasilnoticias.org\/site\/roma-mira-governo-e-diz-que-seu-secretario-da-seguranca-sera-severo-no-combate-ao-crime\/\"},\"wordCount\":362,\"commentCount\":0,\"publisher\":{\"@id\":\"https:\/\/brasilnoticias.org\/site\/#organization\"},\"image\":{\"@id\":\"https:\/\/brasilnoticias.org\/site\/roma-mira-governo-e-diz-que-seu-secretario-da-seguranca-sera-severo-no-combate-ao-crime\/#primaryimage\"},\"thumbnailUrl\":\"https:\/\/brasilnoticias.org\/site\/wp-content\/uploads\/2022\/05\/Screenshot_20220518-163207-562.png\",\"articleSection\":[\"Pol\u00edtica\",\"\u00daltimas\"],\"inLanguage\":\"pt-PT\",\"potentialAction\":[{\"@type\":\"CommentAction\",\"name\":\"Comment\",\"target\":[\"https:\/\/brasilnoticias.org\/site\/roma-mira-governo-e-diz-que-seu-secretario-da-seguranca-sera-severo-no-combate-ao-crime\/#respond\"]}]},{\"@type\":\"WebPage\",\"@id\":\"https:\/\/brasilnoticias.org\/site\/roma-mira-governo-e-diz-que-seu-secretario-da-seguranca-sera-severo-no-combate-ao-crime\/\",\"url\":\"https:\/\/brasilnoticias.org\/site\/roma-mira-governo-e-diz-que-seu-secretario-da-seguranca-sera-severo-no-combate-ao-crime\/\",\"name\":\"ROMA MIRA GOVERNO E DIZ QUE SEU SECRET\u00c1RIO DA SEGURAN\u00c7A SER\u00c1 SEVERO NO COMBATE AO CRIME - Brasil not\u00edcias\",\"isPartOf\":{\"@id\":\"https:\/\/brasilnoticias.org\/site\/#website\"},\"primaryImageOfPage\":{\"@id\":\"https:\/\/brasilnoticias.org\/site\/roma-mira-governo-e-diz-que-seu-secretario-da-seguranca-sera-severo-no-combate-ao-crime\/#primaryimage\"},\"image\":{\"@id\":\"https:\/\/brasilnoticias.org\/site\/roma-mira-governo-e-diz-que-seu-secretario-da-seguranca-sera-severo-no-combate-ao-crime\/#primaryimage\"},\"thumbnailUrl\":\"https:\/\/brasilnoticias.org\/site\/wp-content\/uploads\/2022\/05\/Screenshot_20220518-163207-562.png\",\"datePublished\":\"2022-05-18T19:40:39+00:00\",\"breadcrumb\":{\"@id\":\"https:\/\/brasilnoticias.org\/site\/roma-mira-governo-e-diz-que-seu-secretario-da-seguranca-sera-severo-no-combate-ao-crime\/#breadcrumb\"},\"inLanguage\":\"pt-PT\",\"potentialAction\":[{\"@type\":\"ReadAction\",\"target\":[\"https:\/\/brasilnoticias.org\/site\/roma-mira-governo-e-diz-que-seu-secretario-da-seguranca-sera-severo-no-combate-ao-crime\/\"]}]},{\"@type\":\"ImageObject\",\"inLanguage\":\"pt-PT\",\"@id\":\"https:\/\/brasilnoticias.org\/site\/roma-mira-governo-e-diz-que-seu-secretario-da-seguranca-sera-severo-no-combate-ao-crime\/#primaryimage\",\"url\":\"https:\/\/brasilnoticias.org\/site\/wp-content\/uploads\/2022\/05\/Screenshot_20220518-163207-562.png\",\"contentUrl\":\"https:\/\/brasilnoticias.org\/site\/wp-content\/uploads\/2022\/05\/Screenshot_20220518-163207-562.png\",\"width\":720,\"height\":617},{\"@type\":\"BreadcrumbList\",\"@id\":\"https:\/\/brasilnoticias.org\/site\/roma-mira-governo-e-diz-que-seu-secretario-da-seguranca-sera-severo-no-combate-ao-crime\/#breadcrumb\",\"itemListElement\":[{\"@type\":\"ListItem\",\"position\":1,\"name\":\"In\u00edcio\",\"item\":\"https:\/\/brasilnoticias.org\/site\/\"},{\"@type\":\"ListItem\",\"position\":2,\"name\":\"ROMA MIRA GOVERNO E DIZ QUE SEU SECRET\u00c1RIO DA SEGURAN\u00c7A SER\u00c1 SEVERO NO COMBATE AO CRIME\"}]},{\"@type\":\"WebSite\",\"@id\":\"https:\/\/brasilnoticias.org\/site\/#website\",\"url\":\"https:\/\/brasilnoticias.org\/site\/\",\"name\":\"Brasil not\u00edcias\",\"description\":\"Brasil not\u00edcias\",\"publisher\":{\"@id\":\"https:\/\/brasilnoticias.org\/site\/#organization\"},\"potentialAction\":[{\"@type\":\"SearchAction\",\"target\":{\"@type\":\"EntryPoint\",\"urlTemplate\":\"https:\/\/brasilnoticias.org\/site\/?s={search_term_string}\"},\"query-input\":{\"@type\":\"PropertyValueSpecification\",\"valueRequired\":true,\"valueName\":\"search_term_string\"}}],\"inLanguage\":\"pt-PT\"},{\"@type\":\"Organization\",\"@id\":\"https:\/\/brasilnoticias.org\/site\/#organization\",\"name\":\"Brasil not\u00edcias\",\"url\":\"https:\/\/brasilnoticias.org\/site\/\",\"logo\":{\"@type\":\"ImageObject\",\"inLanguage\":\"pt-PT\",\"@id\":\"https:\/\/brasilnoticias.org\/site\/#\/schema\/logo\/image\/\",\"url\":\"https:\/\/brasilnoticias.org\/site\/wp-content\/uploads\/2022\/05\/cropped-brasilnoticias-mini.jpg\",\"contentUrl\":\"https:\/\/brasilnoticias.org\/site\/wp-content\/uploads\/2022\/05\/cropped-brasilnoticias-mini.jpg\",\"width\":314,\"height\":86,\"caption\":\"Brasil not\u00edcias\"},\"image\":{\"@id\":\"https:\/\/brasilnoticias.org\/site\/#\/schema\/logo\/image\/\"}},{\"@type\":\"Person\",\"@id\":\"https:\/\/brasilnoticias.org\/site\/#\/schema\/person\/f609fa847b5314f1c8b983342f34c798\",\"name\":\"Reda\u00e7\u00e3o\",\"image\":{\"@type\":\"ImageObject\",\"inLanguage\":\"pt-PT\",\"@id\":\"https:\/\/brasilnoticias.org\/site\/#\/schema\/person\/image\/\",\"url\":\"https:\/\/secure.gravatar.com\/avatar\/447284c06c1ad8b46465a36de9cd0d8326b73387a22799b8b1ffb1fbcff2ed0c?s=96&d=mm&r=g\",\"contentUrl\":\"https:\/\/secure.gravatar.com\/avatar\/447284c06c1ad8b46465a36de9cd0d8326b73387a22799b8b1ffb1fbcff2ed0c?s=96&d=mm&r=g\",\"caption\":\"Reda\u00e7\u00e3o\"},\"url\":\"https:\/\/brasilnoticias.org\/site\/author\/redacao\/\"}]}<\/script>\n<!-- \/ Yoast SEO plugin. -->","yoast_head_json":{"title":"ROMA MIRA GOVERNO E DIZ QUE SEU SECRET\u00c1RIO DA SEGURAN\u00c7A SER\u00c1 SEVERO NO COMBATE AO CRIME - Brasil not\u00edcias","robots":{"index":"index","follow":"follow","max-snippet":"max-snippet:-1","max-image-preview":"max-image-preview:large","max-video-preview":"max-video-preview:-1"},"canonical":"https:\/\/brasilnoticias.org\/site\/roma-mira-governo-e-diz-que-seu-secretario-da-seguranca-sera-severo-no-combate-ao-crime\/","og_locale":"pt_PT","og_type":"article","og_title":"ROMA MIRA GOVERNO E DIZ QUE SEU SECRET\u00c1RIO DA SEGURAN\u00c7A SER\u00c1 SEVERO NO COMBATE AO CRIME - Brasil not\u00edcias","og_description":"O pr\u00e9-candidato ao governo da Bahia, ex-ministro da Cidadania e deputado federal, Jo\u00e3o Roma (PL), recha\u00e7ou veemente a possibilidade de,","og_url":"https:\/\/brasilnoticias.org\/site\/roma-mira-governo-e-diz-que-seu-secretario-da-seguranca-sera-severo-no-combate-ao-crime\/","og_site_name":"Brasil not\u00edcias","article_published_time":"2022-05-18T19:40:39+00:00","og_image":[{"width":720,"height":617,"url":"https:\/\/brasilnoticias.org\/site\/wp-content\/uploads\/2022\/05\/Screenshot_20220518-163207-562.png","type":"image\/png"}],"author":"Reda\u00e7\u00e3o","twitter_card":"summary_large_image","twitter_misc":{"Escrito por":"Reda\u00e7\u00e3o","Tempo estimado de leitura":"2 minutos"},"schema":{"@context":"https:\/\/schema.org","@graph":[{"@type":"Article","@id":"https:\/\/brasilnoticias.org\/site\/roma-mira-governo-e-diz-que-seu-secretario-da-seguranca-sera-severo-no-combate-ao-crime\/#article","isPartOf":{"@id":"https:\/\/brasilnoticias.org\/site\/roma-mira-governo-e-diz-que-seu-secretario-da-seguranca-sera-severo-no-combate-ao-crime\/"},"author":{"name":"Reda\u00e7\u00e3o","@id":"https:\/\/brasilnoticias.org\/site\/#\/schema\/person\/f609fa847b5314f1c8b983342f34c798"},"headline":"ROMA MIRA GOVERNO E DIZ QUE SEU SECRET\u00c1RIO DA SEGURAN\u00c7A SER\u00c1 SEVERO NO COMBATE AO CRIME","datePublished":"2022-05-18T19:40:39+00:00","mainEntityOfPage":{"@id":"https:\/\/brasilnoticias.org\/site\/roma-mira-governo-e-diz-que-seu-secretario-da-seguranca-sera-severo-no-combate-ao-crime\/"},"wordCount":362,"commentCount":0,"publisher":{"@id":"https:\/\/brasilnoticias.org\/site\/#organization"},"image":{"@id":"https:\/\/brasilnoticias.org\/site\/roma-mira-governo-e-diz-que-seu-secretario-da-seguranca-sera-severo-no-combate-ao-crime\/#primaryimage"},"thumbnailUrl":"https:\/\/brasilnoticias.org\/site\/wp-content\/uploads\/2022\/05\/Screenshot_20220518-163207-562.png","articleSection":["Pol\u00edtica","\u00daltimas"],"inLanguage":"pt-PT","potentialAction":[{"@type":"CommentAction","name":"Comment","target":["https:\/\/brasilnoticias.org\/site\/roma-mira-governo-e-diz-que-seu-secretario-da-seguranca-sera-severo-no-combate-ao-crime\/#respond"]}]},{"@type":"WebPage","@id":"https:\/\/brasilnoticias.org\/site\/roma-mira-governo-e-diz-que-seu-secretario-da-seguranca-sera-severo-no-combate-ao-crime\/","url":"https:\/\/brasilnoticias.org\/site\/roma-mira-governo-e-diz-que-seu-secretario-da-seguranca-sera-severo-no-combate-ao-crime\/","name":"ROMA MIRA GOVERNO E DIZ QUE SEU SECRET\u00c1RIO DA SEGURAN\u00c7A SER\u00c1 SEVERO NO COMBATE AO CRIME - Brasil not\u00edcias","isPartOf":{"@id":"https:\/\/brasilnoticias.org\/site\/#website"},"primaryImageOfPage":{"@id":"https:\/\/brasilnoticias.org\/site\/roma-mira-governo-e-diz-que-seu-secretario-da-seguranca-sera-severo-no-combate-ao-crime\/#primaryimage"},"image":{"@id":"https:\/\/brasilnoticias.org\/site\/roma-mira-governo-e-diz-que-seu-secretario-da-seguranca-sera-severo-no-combate-ao-crime\/#primaryimage"},"thumbnailUrl":"https:\/\/brasilnoticias.org\/site\/wp-content\/uploads\/2022\/05\/Screenshot_20220518-163207-562.png","datePublished":"2022-05-18T19:40:39+00:00","breadcrumb":{"@id":"https:\/\/brasilnoticias.org\/site\/roma-mira-governo-e-diz-que-seu-secretario-da-seguranca-sera-severo-no-combate-ao-crime\/#breadcrumb"},"inLanguage":"pt-PT","potentialAction":[{"@type":"ReadAction","target":["https:\/\/brasilnoticias.org\/site\/roma-mira-governo-e-diz-que-seu-secretario-da-seguranca-sera-severo-no-combate-ao-crime\/"]}]},{"@type":"ImageObject","inLanguage":"pt-PT","@id":"https:\/\/brasilnoticias.org\/site\/roma-mira-governo-e-diz-que-seu-secretario-da-seguranca-sera-severo-no-combate-ao-crime\/#primaryimage","url":"https:\/\/brasilnoticias.org\/site\/wp-content\/uploads\/2022\/05\/Screenshot_20220518-163207-562.png","contentUrl":"https:\/\/brasilnoticias.org\/site\/wp-content\/uploads\/2022\/05\/Screenshot_20220518-163207-562.png","width":720,"height":617},{"@type":"BreadcrumbList","@id":"https:\/\/brasilnoticias.org\/site\/roma-mira-governo-e-diz-que-seu-secretario-da-seguranca-sera-severo-no-combate-ao-crime\/#breadcrumb","itemListElement":[{"@type":"ListItem","position":1,"name":"In\u00edcio","item":"https:\/\/brasilnoticias.org\/site\/"},{"@type":"ListItem","position":2,"name":"ROMA MIRA GOVERNO E DIZ QUE SEU SECRET\u00c1RIO DA SEGURAN\u00c7A SER\u00c1 SEVERO NO COMBATE AO CRIME"}]},{"@type":"WebSite","@id":"https:\/\/brasilnoticias.org\/site\/#website","url":"https:\/\/brasilnoticias.org\/site\/","name":"Brasil not\u00edcias","description":"Brasil not\u00edcias","publisher":{"@id":"https:\/\/brasilnoticias.org\/site\/#organization"},"potentialAction":[{"@type":"SearchAction","target":{"@type":"EntryPoint","urlTemplate":"https:\/\/brasilnoticias.org\/site\/?s={search_term_string}"},"query-input":{"@type":"PropertyValueSpecification","valueRequired":true,"valueName":"search_term_string"}}],"inLanguage":"pt-PT"},{"@type":"Organization","@id":"https:\/\/brasilnoticias.org\/site\/#organization","name":"Brasil not\u00edcias","url":"https:\/\/brasilnoticias.org\/site\/","logo":{"@type":"ImageObject","inLanguage":"pt-PT","@id":"https:\/\/brasilnoticias.org\/site\/#\/schema\/logo\/image\/","url":"https:\/\/brasilnoticias.org\/site\/wp-content\/uploads\/2022\/05\/cropped-brasilnoticias-mini.jpg","contentUrl":"https:\/\/brasilnoticias.org\/site\/wp-content\/uploads\/2022\/05\/cropped-brasilnoticias-mini.jpg","width":314,"height":86,"caption":"Brasil not\u00edcias"},"image":{"@id":"https:\/\/brasilnoticias.org\/site\/#\/schema\/logo\/image\/"}},{"@type":"Person","@id":"https:\/\/brasilnoticias.org\/site\/#\/schema\/person\/f609fa847b5314f1c8b983342f34c798","name":"Reda\u00e7\u00e3o","image":{"@type":"ImageObject","inLanguage":"pt-PT","@id":"https:\/\/brasilnoticias.org\/site\/#\/schema\/person\/image\/","url":"https:\/\/secure.gravatar.com\/avatar\/447284c06c1ad8b46465a36de9cd0d8326b73387a22799b8b1ffb1fbcff2ed0c?s=96&d=mm&r=g","contentUrl":"https:\/\/secure.gravatar.com\/avatar\/447284c06c1ad8b46465a36de9cd0d8326b73387a22799b8b1ffb1fbcff2ed0c?s=96&d=mm&r=g","caption":"Reda\u00e7\u00e3o"},"url":"https:\/\/brasilnoticias.org\/site\/author\/redacao\/"}]}},"_links":{"self":[{"href":"https:\/\/brasilnoticias.org\/site\/wp-json\/wp\/v2\/posts\/330","targetHints":{"allow":["GET"]}}],"collection":[{"href":"https:\/\/brasilnoticias.org\/site\/wp-json\/wp\/v2\/posts"}],"about":[{"href":"https:\/\/brasilnoticias.org\/site\/wp-json\/wp\/v2\/types\/post"}],"author":[{"embeddable":true,"href":"https:\/\/brasilnoticias.org\/site\/wp-json\/wp\/v2\/users\/2"}],"replies":[{"embeddable":true,"href":"https:\/\/brasilnoticias.org\/site\/wp-json\/wp\/v2\/comments?post=330"}],"version-history":[{"count":1,"href":"https:\/\/brasilnoticias.org\/site\/wp-json\/wp\/v2\/posts\/330\/revisions"}],"predecessor-version":[{"id":332,"href":"https:\/\/brasilnoticias.org\/site\/wp-json\/wp\/v2\/posts\/330\/revisions\/332"}],"wp:featuredmedia":[{"embeddable":true,"href":"https:\/\/brasilnoticias.org\/site\/wp-json\/wp\/v2\/media\/331"}],"wp:attachment":[{"href":"https:\/\/brasilnoticias.org\/site\/wp-json\/wp\/v2\/media?parent=330"}],"wp:term":[{"taxonomy":"category","embeddable":true,"href":"https:\/\/brasilnoticias.org\/site\/wp-json\/wp\/v2\/categories?post=330"},{"taxonomy":"post_tag","embeddable":true,"href":"https:\/\/brasilnoticias.org\/site\/wp-json\/wp\/v2\/tags?post=330"}],"curies":[{"name":"wp","href":"https:\/\/api.w.org\/{rel}","templated":true}]}}