{"id":3311,"date":"2023-01-17T18:42:59","date_gmt":"2023-01-17T21:42:59","guid":{"rendered":"https:\/\/brasilnoticias.org\/site\/?p=3311"},"modified":"2023-01-17T18:42:59","modified_gmt":"2023-01-17T21:42:59","slug":"haddad-diz-que-enviara-proposta-de-ancora-fiscal-ate-abril","status":"publish","type":"post","link":"https:\/\/brasilnoticias.org\/site\/haddad-diz-que-enviara-proposta-de-ancora-fiscal-ate-abril\/","title":{"rendered":"Haddad diz que enviar\u00e1 proposta de \u00e2ncora fiscal at\u00e9 abril"},"content":{"rendered":"<p>O ministro da Fazenda, Fernando Haddad, disse hoje (17) que enviar\u00e1, ao Congresso Nacional, a proposta do novo arcabou\u00e7o fiscal, \u201cno m\u00e1ximo at\u00e9 abril\u201d. A proposta deve substituir a atual regra do teto de gastos, aprovado em 2016. O teto de gastos prev\u00ea um limite de crescimento dos gastos do governo federal em 20 anos, de 2017 a 2036. O total gasto pela Uni\u00e3o em 2016 passou a ser corrigido pela infla\u00e7\u00e3o oficial, o \u00cdndice de Pre\u00e7os ao Consumidor Amplo (IPCA).<\/p>\n<p>A proposta de nova \u00e2ncora fiscal est\u00e1 prevista na Emenda Constitucional da Transi\u00e7\u00e3o, que determina que o governo deve encaminhar um projeto de lei complementar ao Congresso Nacional at\u00e9 agosto.<\/p>\n<p>Atualmente, o teto de gastos \u00e9 uma das tr\u00eas regras fiscais \u00e0s quais o governo tem de obedecer. Ele tem como objetivo impedir o descontrole das contas p\u00fablicas. As outras s\u00e3o a meta de resultado prim\u00e1rio (d\u00e9ficit ou super\u00e1vit), fixada na Lei de Diretrizes Or\u00e7ament\u00e1rias de cada ano, e a regra de ouro, institu\u00edda pelo Artigo 167 da Constitui\u00e7\u00e3o e que obriga o governo a pedir, em alguns casos, autoriza\u00e7\u00e3o ao Congresso para emitir t\u00edtulos da d\u00edvida p\u00fablica.<\/p>\n<p>Haddad disse que, al\u00e9m de rever as medidas adotadas no governo anterior, vai propor novas medidas estruturais, entre elas a reforma tribut\u00e1ria. Para Haddad, o arcabou\u00e7o fiscal \u00e9 uma parte da \u201cli\u00e7\u00e3o de casa\u201d e um pressuposto para o desenvolvimento, mas n\u00e3o um \u201cfim em si mesmo\u201d.<\/p>\n<p>\u201cVoc\u00ea tem que estar com as contas arrumadas, mas para desenvolver o pa\u00eds voc\u00ea precisa de uma pol\u00edtica proativa de mapear as possibilidades do pa\u00eds, onde \u00e9 que voc\u00ea vai investir em ci\u00eancia e tecnologia, como \u00e9 que voc\u00ea vai repensar a matriz energ\u00e9tica, qual o tipo de ind\u00fastria que voc\u00ea quer atrair para o seu territ\u00f3rio. O fiscal \u00e9 uma parte da li\u00e7\u00e3o de casa, mas ela n\u00e3o \u00e9 a agenda econ\u00f4mica completa se voc\u00ea for pensar em desenvolvimento sustent\u00e1vel, afirmou Haddad, que participou, no \u00e2mbito do F\u00f3rum Econ\u00f4mico Mundial, em Davos, na Su\u00ed\u00e7a, do Painel Brazil: A New Roadmap.<\/p>\n<p>Ele tamb\u00e9m falou sobre os encontros com o ministro saudita do Investimento, Al-Fahli, para discutir parcerias com o Brasil.<\/p>\n<p>\u201cEstive com o governo saudita, que tem j\u00e1 parceria com empresas e bancos brasileiros e tem interesse em investir no Brasil, sobretudo em parcerias p\u00fablico-privadas e em concess\u00f5es. Eles t\u00eam fundo de investimento e est\u00e3o atentos a todos os editais e parceria que o governo brasileiro e estados e munic\u00edpios v\u00e3o lan\u00e7ar no pr\u00f3ximo per\u00edodo\u201d, disse.<\/p>\n<p>O ministro tamb\u00e9m comentou sobre reuni\u00e3o com representantes da Open Society Foundations, rede fundada que apoia financeiramente grupos da sociedade civil em todo o mundo, com quem discutiu agendas voltadas para a quest\u00e3o ambiental, e com Ian Bremmer, da consultoria Eurasia, em que foram pautados temas focados na geopol\u00edtica, como a rela\u00e7\u00e3o do Brasil no novo contexto de guerra comercial entre Estados Unidos e China, a quest\u00e3o da guerra na Ucr\u00e2nia e a participa\u00e7\u00e3o da Am\u00e9rica Latina no com\u00e9rcio e a ind\u00fastria mundial.<\/p>\n<p>\u201cA\u00ed h\u00e1 uma converg\u00eancia sobre os assuntos tratados: a quest\u00e3o da ind\u00fastria automobil\u00edstica de \u00faltima gera\u00e7\u00e3o, a quest\u00e3o do motor h\u00edbrido, do hidrog\u00eanio verde, da quest\u00e3o do etanol que pode servir de eixo para a industrializar o pa\u00eds e mesmo a quest\u00e3o do agroneg\u00f3cio. Se tiver alcance de perceber que eles tamb\u00e9m dependem de insumos industriais, n\u00f3s temos a\u00ed tamb\u00e9m uma chance de industrializar o pa\u00eds\u201d, afirmou.<\/p>\n<p>Segundo Haddad, a participa\u00e7\u00e3o dele e da ministra do Meio Ambiente e Mudan\u00e7a Clim\u00e1tica, Marina Silva, serviu para tranquilizar os participantes do f\u00f3rum sobre a situa\u00e7\u00e3o pol\u00edtica no pa\u00eds, O ministro disse que houve muita preocupa\u00e7\u00e3o de integrantes do f\u00f3rum com os ataques golpistas \u00e0s sedes dos Tr\u00eas Poderes, no \u00faltimo dia 8.<\/p>\n<p>\u201cVim para c\u00e1 com a Marina e tranquilizar a comunidade internacional que o Brasil est\u00e1 funcionando, voltou para o jogo democr\u00e1tico e voltou a pensar grande, voltou \u00e0 mesa das grandes na\u00e7\u00f5es que buscam desenvolvimento com justi\u00e7a social e liberdades pol\u00edticas\u201d, disse.<\/p>\n<p>&nbsp;<\/p>\n<p>Foto F\u00e1bio Pelinson<br \/>\nNot\u00edcias ao minuto<\/p>\n","protected":false},"excerpt":{"rendered":"<p>O ministro da Fazenda, Fernando Haddad, disse hoje (17) que enviar\u00e1, ao Congresso Nacional, a proposta do novo arcabou\u00e7o fiscal,<\/p>\n","protected":false},"author":1,"featured_media":3312,"comment_status":"open","ping_status":"open","sticky":false,"template":"","format":"standard","meta":{"colormag_page_container_layout":"default_layout","colormag_page_sidebar_layout":"default_layout","_FSMCFIC_featured_image_caption":"","_FSMCFIC_featured_image_nocaption":"","_FSMCFIC_featured_image_hide":"","footnotes":""},"categories":[5,1],"tags":[],"class_list":["post-3311","post","type-post","status-publish","format-standard","has-post-thumbnail","hentry","category-politica","category-ultimas"],"yoast_head":"<!-- This site is optimized with the Yoast SEO plugin v27.1.1 - https:\/\/yoast.com\/product\/yoast-seo-wordpress\/ -->\n<title>Haddad diz que enviar\u00e1 proposta de \u00e2ncora fiscal at\u00e9 abril - Brasil not\u00edcias<\/title>\n<meta name=\"robots\" content=\"index, follow, max-snippet:-1, max-image-preview:large, max-video-preview:-1\" \/>\n<link rel=\"canonical\" href=\"https:\/\/brasilnoticias.org\/site\/haddad-diz-que-enviara-proposta-de-ancora-fiscal-ate-abril\/\" \/>\n<meta property=\"og:locale\" content=\"pt_PT\" \/>\n<meta property=\"og:type\" content=\"article\" \/>\n<meta property=\"og:title\" content=\"Haddad diz que enviar\u00e1 proposta de \u00e2ncora fiscal at\u00e9 abril - Brasil not\u00edcias\" \/>\n<meta property=\"og:description\" content=\"O ministro da Fazenda, Fernando Haddad, disse hoje (17) que enviar\u00e1, ao Congresso Nacional, a proposta do novo arcabou\u00e7o fiscal,\" \/>\n<meta property=\"og:url\" content=\"https:\/\/brasilnoticias.org\/site\/haddad-diz-que-enviara-proposta-de-ancora-fiscal-ate-abril\/\" \/>\n<meta property=\"og:site_name\" content=\"Brasil not\u00edcias\" \/>\n<meta property=\"article:published_time\" content=\"2023-01-17T21:42:59+00:00\" \/>\n<meta property=\"og:image\" content=\"https:\/\/brasilnoticias.org\/site\/wp-content\/uploads\/2023\/01\/naom_5c4831d49fbf8-1.jpg\" \/>\n\t<meta property=\"og:image:width\" content=\"960\" \/>\n\t<meta property=\"og:image:height\" content=\"540\" \/>\n\t<meta property=\"og:image:type\" content=\"image\/jpeg\" \/>\n<meta name=\"author\" content=\"Reda\u00e7\u00e3o\" \/>\n<meta name=\"twitter:card\" content=\"summary_large_image\" \/>\n<meta name=\"twitter:label1\" content=\"Escrito por\" \/>\n\t<meta name=\"twitter:data1\" content=\"Reda\u00e7\u00e3o\" \/>\n\t<meta name=\"twitter:label2\" content=\"Tempo estimado de leitura\" \/>\n\t<meta name=\"twitter:data2\" content=\"4 minutos\" \/>\n<script type=\"application\/ld+json\" class=\"yoast-schema-graph\">{\"@context\":\"https:\/\/schema.org\",\"@graph\":[{\"@type\":\"Article\",\"@id\":\"https:\/\/brasilnoticias.org\/site\/haddad-diz-que-enviara-proposta-de-ancora-fiscal-ate-abril\/#article\",\"isPartOf\":{\"@id\":\"https:\/\/brasilnoticias.org\/site\/haddad-diz-que-enviara-proposta-de-ancora-fiscal-ate-abril\/\"},\"author\":{\"name\":\"Reda\u00e7\u00e3o\",\"@id\":\"https:\/\/brasilnoticias.org\/site\/#\/schema\/person\/a0e05b973ec4d15c658d51911e53507b\"},\"headline\":\"Haddad diz que enviar\u00e1 proposta de \u00e2ncora fiscal at\u00e9 abril\",\"datePublished\":\"2023-01-17T21:42:59+00:00\",\"mainEntityOfPage\":{\"@id\":\"https:\/\/brasilnoticias.org\/site\/haddad-diz-que-enviara-proposta-de-ancora-fiscal-ate-abril\/\"},\"wordCount\":751,\"commentCount\":0,\"publisher\":{\"@id\":\"https:\/\/brasilnoticias.org\/site\/#organization\"},\"image\":{\"@id\":\"https:\/\/brasilnoticias.org\/site\/haddad-diz-que-enviara-proposta-de-ancora-fiscal-ate-abril\/#primaryimage\"},\"thumbnailUrl\":\"https:\/\/brasilnoticias.org\/site\/wp-content\/uploads\/2023\/01\/naom_5c4831d49fbf8-1.jpg\",\"articleSection\":[\"Pol\u00edtica\",\"\u00daltimas\"],\"inLanguage\":\"pt-PT\",\"potentialAction\":[{\"@type\":\"CommentAction\",\"name\":\"Comment\",\"target\":[\"https:\/\/brasilnoticias.org\/site\/haddad-diz-que-enviara-proposta-de-ancora-fiscal-ate-abril\/#respond\"]}]},{\"@type\":\"WebPage\",\"@id\":\"https:\/\/brasilnoticias.org\/site\/haddad-diz-que-enviara-proposta-de-ancora-fiscal-ate-abril\/\",\"url\":\"https:\/\/brasilnoticias.org\/site\/haddad-diz-que-enviara-proposta-de-ancora-fiscal-ate-abril\/\",\"name\":\"Haddad diz que enviar\u00e1 proposta de \u00e2ncora fiscal at\u00e9 abril - Brasil not\u00edcias\",\"isPartOf\":{\"@id\":\"https:\/\/brasilnoticias.org\/site\/#website\"},\"primaryImageOfPage\":{\"@id\":\"https:\/\/brasilnoticias.org\/site\/haddad-diz-que-enviara-proposta-de-ancora-fiscal-ate-abril\/#primaryimage\"},\"image\":{\"@id\":\"https:\/\/brasilnoticias.org\/site\/haddad-diz-que-enviara-proposta-de-ancora-fiscal-ate-abril\/#primaryimage\"},\"thumbnailUrl\":\"https:\/\/brasilnoticias.org\/site\/wp-content\/uploads\/2023\/01\/naom_5c4831d49fbf8-1.jpg\",\"datePublished\":\"2023-01-17T21:42:59+00:00\",\"breadcrumb\":{\"@id\":\"https:\/\/brasilnoticias.org\/site\/haddad-diz-que-enviara-proposta-de-ancora-fiscal-ate-abril\/#breadcrumb\"},\"inLanguage\":\"pt-PT\",\"potentialAction\":[{\"@type\":\"ReadAction\",\"target\":[\"https:\/\/brasilnoticias.org\/site\/haddad-diz-que-enviara-proposta-de-ancora-fiscal-ate-abril\/\"]}]},{\"@type\":\"ImageObject\",\"inLanguage\":\"pt-PT\",\"@id\":\"https:\/\/brasilnoticias.org\/site\/haddad-diz-que-enviara-proposta-de-ancora-fiscal-ate-abril\/#primaryimage\",\"url\":\"https:\/\/brasilnoticias.org\/site\/wp-content\/uploads\/2023\/01\/naom_5c4831d49fbf8-1.jpg\",\"contentUrl\":\"https:\/\/brasilnoticias.org\/site\/wp-content\/uploads\/2023\/01\/naom_5c4831d49fbf8-1.jpg\",\"width\":960,\"height\":540},{\"@type\":\"BreadcrumbList\",\"@id\":\"https:\/\/brasilnoticias.org\/site\/haddad-diz-que-enviara-proposta-de-ancora-fiscal-ate-abril\/#breadcrumb\",\"itemListElement\":[{\"@type\":\"ListItem\",\"position\":1,\"name\":\"In\u00edcio\",\"item\":\"https:\/\/brasilnoticias.org\/site\/\"},{\"@type\":\"ListItem\",\"position\":2,\"name\":\"Haddad diz que enviar\u00e1 proposta de \u00e2ncora fiscal at\u00e9 abril\"}]},{\"@type\":\"WebSite\",\"@id\":\"https:\/\/brasilnoticias.org\/site\/#website\",\"url\":\"https:\/\/brasilnoticias.org\/site\/\",\"name\":\"Brasil not\u00edcias\",\"description\":\"Brasil not\u00edcias\",\"publisher\":{\"@id\":\"https:\/\/brasilnoticias.org\/site\/#organization\"},\"potentialAction\":[{\"@type\":\"SearchAction\",\"target\":{\"@type\":\"EntryPoint\",\"urlTemplate\":\"https:\/\/brasilnoticias.org\/site\/?s={search_term_string}\"},\"query-input\":{\"@type\":\"PropertyValueSpecification\",\"valueRequired\":true,\"valueName\":\"search_term_string\"}}],\"inLanguage\":\"pt-PT\"},{\"@type\":\"Organization\",\"@id\":\"https:\/\/brasilnoticias.org\/site\/#organization\",\"name\":\"Brasil not\u00edcias\",\"url\":\"https:\/\/brasilnoticias.org\/site\/\",\"logo\":{\"@type\":\"ImageObject\",\"inLanguage\":\"pt-PT\",\"@id\":\"https:\/\/brasilnoticias.org\/site\/#\/schema\/logo\/image\/\",\"url\":\"https:\/\/brasilnoticias.org\/site\/wp-content\/uploads\/2022\/05\/cropped-brasilnoticias-mini.jpg\",\"contentUrl\":\"https:\/\/brasilnoticias.org\/site\/wp-content\/uploads\/2022\/05\/cropped-brasilnoticias-mini.jpg\",\"width\":314,\"height\":86,\"caption\":\"Brasil not\u00edcias\"},\"image\":{\"@id\":\"https:\/\/brasilnoticias.org\/site\/#\/schema\/logo\/image\/\"}},{\"@type\":\"Person\",\"@id\":\"https:\/\/brasilnoticias.org\/site\/#\/schema\/person\/a0e05b973ec4d15c658d51911e53507b\",\"name\":\"Reda\u00e7\u00e3o\",\"image\":{\"@type\":\"ImageObject\",\"inLanguage\":\"pt-PT\",\"@id\":\"https:\/\/brasilnoticias.org\/site\/#\/schema\/person\/image\/\",\"url\":\"https:\/\/secure.gravatar.com\/avatar\/75d8b050df2de108b08ae78dfb8e374892df24a383c67db9c46a9c604f6aee9c?s=96&d=mm&r=g\",\"contentUrl\":\"https:\/\/secure.gravatar.com\/avatar\/75d8b050df2de108b08ae78dfb8e374892df24a383c67db9c46a9c604f6aee9c?s=96&d=mm&r=g\",\"caption\":\"Reda\u00e7\u00e3o\"},\"sameAs\":[\"https:\/\/brasilnoticias.org\/site\"],\"url\":\"https:\/\/brasilnoticias.org\/site\/author\/fernandozsngmail-com\/\"}]}<\/script>\n<!-- \/ Yoast SEO plugin. -->","yoast_head_json":{"title":"Haddad diz que enviar\u00e1 proposta de \u00e2ncora fiscal at\u00e9 abril - Brasil not\u00edcias","robots":{"index":"index","follow":"follow","max-snippet":"max-snippet:-1","max-image-preview":"max-image-preview:large","max-video-preview":"max-video-preview:-1"},"canonical":"https:\/\/brasilnoticias.org\/site\/haddad-diz-que-enviara-proposta-de-ancora-fiscal-ate-abril\/","og_locale":"pt_PT","og_type":"article","og_title":"Haddad diz que enviar\u00e1 proposta de \u00e2ncora fiscal at\u00e9 abril - Brasil not\u00edcias","og_description":"O ministro da Fazenda, Fernando Haddad, disse hoje (17) que enviar\u00e1, ao Congresso Nacional, a proposta do novo arcabou\u00e7o fiscal,","og_url":"https:\/\/brasilnoticias.org\/site\/haddad-diz-que-enviara-proposta-de-ancora-fiscal-ate-abril\/","og_site_name":"Brasil not\u00edcias","article_published_time":"2023-01-17T21:42:59+00:00","og_image":[{"width":960,"height":540,"url":"https:\/\/brasilnoticias.org\/site\/wp-content\/uploads\/2023\/01\/naom_5c4831d49fbf8-1.jpg","type":"image\/jpeg"}],"author":"Reda\u00e7\u00e3o","twitter_card":"summary_large_image","twitter_misc":{"Escrito por":"Reda\u00e7\u00e3o","Tempo estimado de leitura":"4 minutos"},"schema":{"@context":"https:\/\/schema.org","@graph":[{"@type":"Article","@id":"https:\/\/brasilnoticias.org\/site\/haddad-diz-que-enviara-proposta-de-ancora-fiscal-ate-abril\/#article","isPartOf":{"@id":"https:\/\/brasilnoticias.org\/site\/haddad-diz-que-enviara-proposta-de-ancora-fiscal-ate-abril\/"},"author":{"name":"Reda\u00e7\u00e3o","@id":"https:\/\/brasilnoticias.org\/site\/#\/schema\/person\/a0e05b973ec4d15c658d51911e53507b"},"headline":"Haddad diz que enviar\u00e1 proposta de \u00e2ncora fiscal at\u00e9 abril","datePublished":"2023-01-17T21:42:59+00:00","mainEntityOfPage":{"@id":"https:\/\/brasilnoticias.org\/site\/haddad-diz-que-enviara-proposta-de-ancora-fiscal-ate-abril\/"},"wordCount":751,"commentCount":0,"publisher":{"@id":"https:\/\/brasilnoticias.org\/site\/#organization"},"image":{"@id":"https:\/\/brasilnoticias.org\/site\/haddad-diz-que-enviara-proposta-de-ancora-fiscal-ate-abril\/#primaryimage"},"thumbnailUrl":"https:\/\/brasilnoticias.org\/site\/wp-content\/uploads\/2023\/01\/naom_5c4831d49fbf8-1.jpg","articleSection":["Pol\u00edtica","\u00daltimas"],"inLanguage":"pt-PT","potentialAction":[{"@type":"CommentAction","name":"Comment","target":["https:\/\/brasilnoticias.org\/site\/haddad-diz-que-enviara-proposta-de-ancora-fiscal-ate-abril\/#respond"]}]},{"@type":"WebPage","@id":"https:\/\/brasilnoticias.org\/site\/haddad-diz-que-enviara-proposta-de-ancora-fiscal-ate-abril\/","url":"https:\/\/brasilnoticias.org\/site\/haddad-diz-que-enviara-proposta-de-ancora-fiscal-ate-abril\/","name":"Haddad diz que enviar\u00e1 proposta de \u00e2ncora fiscal at\u00e9 abril - Brasil not\u00edcias","isPartOf":{"@id":"https:\/\/brasilnoticias.org\/site\/#website"},"primaryImageOfPage":{"@id":"https:\/\/brasilnoticias.org\/site\/haddad-diz-que-enviara-proposta-de-ancora-fiscal-ate-abril\/#primaryimage"},"image":{"@id":"https:\/\/brasilnoticias.org\/site\/haddad-diz-que-enviara-proposta-de-ancora-fiscal-ate-abril\/#primaryimage"},"thumbnailUrl":"https:\/\/brasilnoticias.org\/site\/wp-content\/uploads\/2023\/01\/naom_5c4831d49fbf8-1.jpg","datePublished":"2023-01-17T21:42:59+00:00","breadcrumb":{"@id":"https:\/\/brasilnoticias.org\/site\/haddad-diz-que-enviara-proposta-de-ancora-fiscal-ate-abril\/#breadcrumb"},"inLanguage":"pt-PT","potentialAction":[{"@type":"ReadAction","target":["https:\/\/brasilnoticias.org\/site\/haddad-diz-que-enviara-proposta-de-ancora-fiscal-ate-abril\/"]}]},{"@type":"ImageObject","inLanguage":"pt-PT","@id":"https:\/\/brasilnoticias.org\/site\/haddad-diz-que-enviara-proposta-de-ancora-fiscal-ate-abril\/#primaryimage","url":"https:\/\/brasilnoticias.org\/site\/wp-content\/uploads\/2023\/01\/naom_5c4831d49fbf8-1.jpg","contentUrl":"https:\/\/brasilnoticias.org\/site\/wp-content\/uploads\/2023\/01\/naom_5c4831d49fbf8-1.jpg","width":960,"height":540},{"@type":"BreadcrumbList","@id":"https:\/\/brasilnoticias.org\/site\/haddad-diz-que-enviara-proposta-de-ancora-fiscal-ate-abril\/#breadcrumb","itemListElement":[{"@type":"ListItem","position":1,"name":"In\u00edcio","item":"https:\/\/brasilnoticias.org\/site\/"},{"@type":"ListItem","position":2,"name":"Haddad diz que enviar\u00e1 proposta de \u00e2ncora fiscal at\u00e9 abril"}]},{"@type":"WebSite","@id":"https:\/\/brasilnoticias.org\/site\/#website","url":"https:\/\/brasilnoticias.org\/site\/","name":"Brasil not\u00edcias","description":"Brasil not\u00edcias","publisher":{"@id":"https:\/\/brasilnoticias.org\/site\/#organization"},"potentialAction":[{"@type":"SearchAction","target":{"@type":"EntryPoint","urlTemplate":"https:\/\/brasilnoticias.org\/site\/?s={search_term_string}"},"query-input":{"@type":"PropertyValueSpecification","valueRequired":true,"valueName":"search_term_string"}}],"inLanguage":"pt-PT"},{"@type":"Organization","@id":"https:\/\/brasilnoticias.org\/site\/#organization","name":"Brasil not\u00edcias","url":"https:\/\/brasilnoticias.org\/site\/","logo":{"@type":"ImageObject","inLanguage":"pt-PT","@id":"https:\/\/brasilnoticias.org\/site\/#\/schema\/logo\/image\/","url":"https:\/\/brasilnoticias.org\/site\/wp-content\/uploads\/2022\/05\/cropped-brasilnoticias-mini.jpg","contentUrl":"https:\/\/brasilnoticias.org\/site\/wp-content\/uploads\/2022\/05\/cropped-brasilnoticias-mini.jpg","width":314,"height":86,"caption":"Brasil not\u00edcias"},"image":{"@id":"https:\/\/brasilnoticias.org\/site\/#\/schema\/logo\/image\/"}},{"@type":"Person","@id":"https:\/\/brasilnoticias.org\/site\/#\/schema\/person\/a0e05b973ec4d15c658d51911e53507b","name":"Reda\u00e7\u00e3o","image":{"@type":"ImageObject","inLanguage":"pt-PT","@id":"https:\/\/brasilnoticias.org\/site\/#\/schema\/person\/image\/","url":"https:\/\/secure.gravatar.com\/avatar\/75d8b050df2de108b08ae78dfb8e374892df24a383c67db9c46a9c604f6aee9c?s=96&d=mm&r=g","contentUrl":"https:\/\/secure.gravatar.com\/avatar\/75d8b050df2de108b08ae78dfb8e374892df24a383c67db9c46a9c604f6aee9c?s=96&d=mm&r=g","caption":"Reda\u00e7\u00e3o"},"sameAs":["https:\/\/brasilnoticias.org\/site"],"url":"https:\/\/brasilnoticias.org\/site\/author\/fernandozsngmail-com\/"}]}},"_links":{"self":[{"href":"https:\/\/brasilnoticias.org\/site\/wp-json\/wp\/v2\/posts\/3311","targetHints":{"allow":["GET"]}}],"collection":[{"href":"https:\/\/brasilnoticias.org\/site\/wp-json\/wp\/v2\/posts"}],"about":[{"href":"https:\/\/brasilnoticias.org\/site\/wp-json\/wp\/v2\/types\/post"}],"author":[{"embeddable":true,"href":"https:\/\/brasilnoticias.org\/site\/wp-json\/wp\/v2\/users\/1"}],"replies":[{"embeddable":true,"href":"https:\/\/brasilnoticias.org\/site\/wp-json\/wp\/v2\/comments?post=3311"}],"version-history":[{"count":1,"href":"https:\/\/brasilnoticias.org\/site\/wp-json\/wp\/v2\/posts\/3311\/revisions"}],"predecessor-version":[{"id":3313,"href":"https:\/\/brasilnoticias.org\/site\/wp-json\/wp\/v2\/posts\/3311\/revisions\/3313"}],"wp:featuredmedia":[{"embeddable":true,"href":"https:\/\/brasilnoticias.org\/site\/wp-json\/wp\/v2\/media\/3312"}],"wp:attachment":[{"href":"https:\/\/brasilnoticias.org\/site\/wp-json\/wp\/v2\/media?parent=3311"}],"wp:term":[{"taxonomy":"category","embeddable":true,"href":"https:\/\/brasilnoticias.org\/site\/wp-json\/wp\/v2\/categories?post=3311"},{"taxonomy":"post_tag","embeddable":true,"href":"https:\/\/brasilnoticias.org\/site\/wp-json\/wp\/v2\/tags?post=3311"}],"curies":[{"name":"wp","href":"https:\/\/api.w.org\/{rel}","templated":true}]}}