{"id":3317,"date":"2023-01-17T18:46:20","date_gmt":"2023-01-17T21:46:20","guid":{"rendered":"https:\/\/brasilnoticias.org\/site\/?p=3317"},"modified":"2023-01-17T18:46:20","modified_gmt":"2023-01-17T21:46:20","slug":"tite-vai-a-cbf-assina-rescisao-e-encerra-ciclo-na-selecao-apos-seis-anos-e-meio","status":"publish","type":"post","link":"https:\/\/brasilnoticias.org\/site\/tite-vai-a-cbf-assina-rescisao-e-encerra-ciclo-na-selecao-apos-seis-anos-e-meio\/","title":{"rendered":"Tite vai \u00e0 CBF, assina rescis\u00e3o e encerra ciclo na sele\u00e7\u00e3o ap\u00f3s seis anos e meio"},"content":{"rendered":"<div class=\"col-lg-12 col-md-12 col-sm-6 col-xs-6\">\n<p>Tite encerrou oficialmente na tarde desta ter\u00e7a-feira, 17, sua passagem como t\u00e9cnico da sele\u00e7\u00e3o brasileira. Treinador da equipe nas duas \u00faltimas Copas do Mundo, ele esteve na sede da CBF para oficializar seu desligamento, ap\u00f3s retornar de um per\u00edodo de f\u00e9rias. \u00c0s 14h35, ele apareceu no sagu\u00e3o, cumprimentou os poucos presentes e se despediu.<\/p>\n<p>&nbsp;<\/p>\n<p>Sorridente, Tite disse que estava l\u00e1 como &#8220;Adenor e que a conversa tratava do lado humano&#8221;. Ele n\u00e3o gravou entrevista, mas agradeceu ao presidente da CBF, Ednaldo Rodrigues, aos funcion\u00e1rios da entidade e ao conv\u00edvio que teve com todos na sele\u00e7\u00e3o ao longo dos mais de seis anos \u00e0 frente da equipe.<\/p>\n<p>&nbsp;<\/p>\n<p>Al\u00e9m do treinador, seus auxiliares diretos, Cleber Xavier, Matheus Bachi e C\u00e9sar Sampaio, tamb\u00e9m estiveram na CBF para formalizar suas sa\u00eddas. As situa\u00e7\u00f5es do preparador f\u00edsico F\u00e1bio Mahseredjian, do fisiologista Guilherme Passos e do coordenador da sele\u00e7\u00e3o, Juninho Paulista, ainda n\u00e3o est\u00e3o definidas.<\/p>\n<p>&nbsp;<\/p>\n<p>Finalizada oficialmente nesta ter\u00e7a-feira, a Era Tite chegou de fato ao fim no m\u00eas passado, assim que o Brasil foi eliminado pela Cro\u00e1cia nas quartas de final da Copa do Mundo do Catar. O treinador comandou a sele\u00e7\u00e3o brasileira em 81 jogos desde 2016. No per\u00edodo, conquistou o t\u00edtulo da Copa Am\u00e9rica de 2019 e perdeu apenas seis partidas.<\/p>\n<p>&nbsp;<\/p>\n<p>O treinador n\u00e3o revelou onde ir\u00e1 trabalhar a partir de agora. O desejo de Tite sempre foi tirar um per\u00edodo sab\u00e1tico e depois treinar algum clube na Europa. Ele descartou trabalhar no futebol brasileiro, ao menos num primeiro momento.<\/p>\n<p>&nbsp;<\/p>\n<p>Quanto ao futuro t\u00e9cnico da sele\u00e7\u00e3o brasileira, o mist\u00e9rio prossegue. Ainda que os nomes de Carlo Ancelotti, Jos\u00e9 Mourinho e Pep Guardiola tenham sido elencados nos \u00faltimos meses, oficialmente a CBF assegura que nenhum treinador foi procurado. A sele\u00e7\u00e3o volta a atuar em mar\u00e7o, provavelmente em dois amistosos.<\/p>\n<div class=\"pub-container inside-news\"><\/div>\n<p>&nbsp;<\/p>\n<p class=\"news-main-image-copyright text-left\">Foto\u00a0 Getty Images<\/p>\n<p>Not\u00edcias ao minuto<\/p>\n<\/div>\n<div class=\"col-sm-6 col-xs-6 no-padding visible-sm visible-xs\"><\/div>\n","protected":false},"excerpt":{"rendered":"<p>Tite encerrou oficialmente na tarde desta ter\u00e7a-feira, 17, sua passagem como t\u00e9cnico da sele\u00e7\u00e3o brasileira. Treinador da equipe nas duas<\/p>\n","protected":false},"author":1,"featured_media":0,"comment_status":"open","ping_status":"open","sticky":false,"template":"","format":"standard","meta":{"colormag_page_container_layout":"default_layout","colormag_page_sidebar_layout":"default_layout","_FSMCFIC_featured_image_caption":"","_FSMCFIC_featured_image_nocaption":"","_FSMCFIC_featured_image_hide":"","footnotes":""},"categories":[4,1],"tags":[],"class_list":["post-3317","post","type-post","status-publish","format-standard","hentry","category-esporte","category-ultimas"],"yoast_head":"<!-- This site is optimized with the Yoast SEO plugin v27.1.1 - https:\/\/yoast.com\/product\/yoast-seo-wordpress\/ -->\n<title>Tite vai \u00e0 CBF, assina rescis\u00e3o e encerra ciclo na sele\u00e7\u00e3o ap\u00f3s seis anos e meio - Brasil not\u00edcias<\/title>\n<meta name=\"robots\" content=\"index, follow, max-snippet:-1, max-image-preview:large, max-video-preview:-1\" \/>\n<link rel=\"canonical\" href=\"https:\/\/brasilnoticias.org\/site\/tite-vai-a-cbf-assina-rescisao-e-encerra-ciclo-na-selecao-apos-seis-anos-e-meio\/\" \/>\n<meta property=\"og:locale\" content=\"pt_PT\" \/>\n<meta property=\"og:type\" content=\"article\" \/>\n<meta property=\"og:title\" content=\"Tite vai \u00e0 CBF, assina rescis\u00e3o e encerra ciclo na sele\u00e7\u00e3o ap\u00f3s seis anos e meio - Brasil not\u00edcias\" \/>\n<meta property=\"og:description\" content=\"Tite encerrou oficialmente na tarde desta ter\u00e7a-feira, 17, sua passagem como t\u00e9cnico da sele\u00e7\u00e3o brasileira. Treinador da equipe nas duas\" \/>\n<meta property=\"og:url\" content=\"https:\/\/brasilnoticias.org\/site\/tite-vai-a-cbf-assina-rescisao-e-encerra-ciclo-na-selecao-apos-seis-anos-e-meio\/\" \/>\n<meta property=\"og:site_name\" content=\"Brasil not\u00edcias\" \/>\n<meta property=\"article:published_time\" content=\"2023-01-17T21:46:20+00:00\" \/>\n<meta name=\"author\" content=\"Reda\u00e7\u00e3o\" \/>\n<meta name=\"twitter:card\" content=\"summary_large_image\" \/>\n<meta name=\"twitter:label1\" content=\"Escrito por\" \/>\n\t<meta name=\"twitter:data1\" content=\"Reda\u00e7\u00e3o\" \/>\n\t<meta name=\"twitter:label2\" content=\"Tempo estimado de leitura\" \/>\n\t<meta name=\"twitter:data2\" content=\"2 minutos\" \/>\n<script type=\"application\/ld+json\" class=\"yoast-schema-graph\">{\"@context\":\"https:\/\/schema.org\",\"@graph\":[{\"@type\":\"Article\",\"@id\":\"https:\/\/brasilnoticias.org\/site\/tite-vai-a-cbf-assina-rescisao-e-encerra-ciclo-na-selecao-apos-seis-anos-e-meio\/#article\",\"isPartOf\":{\"@id\":\"https:\/\/brasilnoticias.org\/site\/tite-vai-a-cbf-assina-rescisao-e-encerra-ciclo-na-selecao-apos-seis-anos-e-meio\/\"},\"author\":{\"name\":\"Reda\u00e7\u00e3o\",\"@id\":\"https:\/\/brasilnoticias.org\/site\/#\/schema\/person\/a0e05b973ec4d15c658d51911e53507b\"},\"headline\":\"Tite vai \u00e0 CBF, assina rescis\u00e3o e encerra ciclo na sele\u00e7\u00e3o ap\u00f3s seis anos e meio\",\"datePublished\":\"2023-01-17T21:46:20+00:00\",\"mainEntityOfPage\":{\"@id\":\"https:\/\/brasilnoticias.org\/site\/tite-vai-a-cbf-assina-rescisao-e-encerra-ciclo-na-selecao-apos-seis-anos-e-meio\/\"},\"wordCount\":357,\"commentCount\":0,\"publisher\":{\"@id\":\"https:\/\/brasilnoticias.org\/site\/#organization\"},\"articleSection\":[\"Esporte\",\"\u00daltimas\"],\"inLanguage\":\"pt-PT\",\"potentialAction\":[{\"@type\":\"CommentAction\",\"name\":\"Comment\",\"target\":[\"https:\/\/brasilnoticias.org\/site\/tite-vai-a-cbf-assina-rescisao-e-encerra-ciclo-na-selecao-apos-seis-anos-e-meio\/#respond\"]}]},{\"@type\":\"WebPage\",\"@id\":\"https:\/\/brasilnoticias.org\/site\/tite-vai-a-cbf-assina-rescisao-e-encerra-ciclo-na-selecao-apos-seis-anos-e-meio\/\",\"url\":\"https:\/\/brasilnoticias.org\/site\/tite-vai-a-cbf-assina-rescisao-e-encerra-ciclo-na-selecao-apos-seis-anos-e-meio\/\",\"name\":\"Tite vai \u00e0 CBF, assina rescis\u00e3o e encerra ciclo na sele\u00e7\u00e3o ap\u00f3s seis anos e meio - Brasil not\u00edcias\",\"isPartOf\":{\"@id\":\"https:\/\/brasilnoticias.org\/site\/#website\"},\"datePublished\":\"2023-01-17T21:46:20+00:00\",\"breadcrumb\":{\"@id\":\"https:\/\/brasilnoticias.org\/site\/tite-vai-a-cbf-assina-rescisao-e-encerra-ciclo-na-selecao-apos-seis-anos-e-meio\/#breadcrumb\"},\"inLanguage\":\"pt-PT\",\"potentialAction\":[{\"@type\":\"ReadAction\",\"target\":[\"https:\/\/brasilnoticias.org\/site\/tite-vai-a-cbf-assina-rescisao-e-encerra-ciclo-na-selecao-apos-seis-anos-e-meio\/\"]}]},{\"@type\":\"BreadcrumbList\",\"@id\":\"https:\/\/brasilnoticias.org\/site\/tite-vai-a-cbf-assina-rescisao-e-encerra-ciclo-na-selecao-apos-seis-anos-e-meio\/#breadcrumb\",\"itemListElement\":[{\"@type\":\"ListItem\",\"position\":1,\"name\":\"In\u00edcio\",\"item\":\"https:\/\/brasilnoticias.org\/site\/\"},{\"@type\":\"ListItem\",\"position\":2,\"name\":\"Tite vai \u00e0 CBF, assina rescis\u00e3o e encerra ciclo na sele\u00e7\u00e3o ap\u00f3s seis anos e meio\"}]},{\"@type\":\"WebSite\",\"@id\":\"https:\/\/brasilnoticias.org\/site\/#website\",\"url\":\"https:\/\/brasilnoticias.org\/site\/\",\"name\":\"Brasil not\u00edcias\",\"description\":\"Brasil not\u00edcias\",\"publisher\":{\"@id\":\"https:\/\/brasilnoticias.org\/site\/#organization\"},\"potentialAction\":[{\"@type\":\"SearchAction\",\"target\":{\"@type\":\"EntryPoint\",\"urlTemplate\":\"https:\/\/brasilnoticias.org\/site\/?s={search_term_string}\"},\"query-input\":{\"@type\":\"PropertyValueSpecification\",\"valueRequired\":true,\"valueName\":\"search_term_string\"}}],\"inLanguage\":\"pt-PT\"},{\"@type\":\"Organization\",\"@id\":\"https:\/\/brasilnoticias.org\/site\/#organization\",\"name\":\"Brasil not\u00edcias\",\"url\":\"https:\/\/brasilnoticias.org\/site\/\",\"logo\":{\"@type\":\"ImageObject\",\"inLanguage\":\"pt-PT\",\"@id\":\"https:\/\/brasilnoticias.org\/site\/#\/schema\/logo\/image\/\",\"url\":\"https:\/\/brasilnoticias.org\/site\/wp-content\/uploads\/2022\/05\/cropped-brasilnoticias-mini.jpg\",\"contentUrl\":\"https:\/\/brasilnoticias.org\/site\/wp-content\/uploads\/2022\/05\/cropped-brasilnoticias-mini.jpg\",\"width\":314,\"height\":86,\"caption\":\"Brasil not\u00edcias\"},\"image\":{\"@id\":\"https:\/\/brasilnoticias.org\/site\/#\/schema\/logo\/image\/\"}},{\"@type\":\"Person\",\"@id\":\"https:\/\/brasilnoticias.org\/site\/#\/schema\/person\/a0e05b973ec4d15c658d51911e53507b\",\"name\":\"Reda\u00e7\u00e3o\",\"image\":{\"@type\":\"ImageObject\",\"inLanguage\":\"pt-PT\",\"@id\":\"https:\/\/brasilnoticias.org\/site\/#\/schema\/person\/image\/\",\"url\":\"https:\/\/secure.gravatar.com\/avatar\/75d8b050df2de108b08ae78dfb8e374892df24a383c67db9c46a9c604f6aee9c?s=96&d=mm&r=g\",\"contentUrl\":\"https:\/\/secure.gravatar.com\/avatar\/75d8b050df2de108b08ae78dfb8e374892df24a383c67db9c46a9c604f6aee9c?s=96&d=mm&r=g\",\"caption\":\"Reda\u00e7\u00e3o\"},\"sameAs\":[\"https:\/\/brasilnoticias.org\/site\"],\"url\":\"https:\/\/brasilnoticias.org\/site\/author\/fernandozsngmail-com\/\"}]}<\/script>\n<!-- \/ Yoast SEO plugin. -->","yoast_head_json":{"title":"Tite vai \u00e0 CBF, assina rescis\u00e3o e encerra ciclo na sele\u00e7\u00e3o ap\u00f3s seis anos e meio - Brasil not\u00edcias","robots":{"index":"index","follow":"follow","max-snippet":"max-snippet:-1","max-image-preview":"max-image-preview:large","max-video-preview":"max-video-preview:-1"},"canonical":"https:\/\/brasilnoticias.org\/site\/tite-vai-a-cbf-assina-rescisao-e-encerra-ciclo-na-selecao-apos-seis-anos-e-meio\/","og_locale":"pt_PT","og_type":"article","og_title":"Tite vai \u00e0 CBF, assina rescis\u00e3o e encerra ciclo na sele\u00e7\u00e3o ap\u00f3s seis anos e meio - Brasil not\u00edcias","og_description":"Tite encerrou oficialmente na tarde desta ter\u00e7a-feira, 17, sua passagem como t\u00e9cnico da sele\u00e7\u00e3o brasileira. Treinador da equipe nas duas","og_url":"https:\/\/brasilnoticias.org\/site\/tite-vai-a-cbf-assina-rescisao-e-encerra-ciclo-na-selecao-apos-seis-anos-e-meio\/","og_site_name":"Brasil not\u00edcias","article_published_time":"2023-01-17T21:46:20+00:00","author":"Reda\u00e7\u00e3o","twitter_card":"summary_large_image","twitter_misc":{"Escrito por":"Reda\u00e7\u00e3o","Tempo estimado de leitura":"2 minutos"},"schema":{"@context":"https:\/\/schema.org","@graph":[{"@type":"Article","@id":"https:\/\/brasilnoticias.org\/site\/tite-vai-a-cbf-assina-rescisao-e-encerra-ciclo-na-selecao-apos-seis-anos-e-meio\/#article","isPartOf":{"@id":"https:\/\/brasilnoticias.org\/site\/tite-vai-a-cbf-assina-rescisao-e-encerra-ciclo-na-selecao-apos-seis-anos-e-meio\/"},"author":{"name":"Reda\u00e7\u00e3o","@id":"https:\/\/brasilnoticias.org\/site\/#\/schema\/person\/a0e05b973ec4d15c658d51911e53507b"},"headline":"Tite vai \u00e0 CBF, assina rescis\u00e3o e encerra ciclo na sele\u00e7\u00e3o ap\u00f3s seis anos e meio","datePublished":"2023-01-17T21:46:20+00:00","mainEntityOfPage":{"@id":"https:\/\/brasilnoticias.org\/site\/tite-vai-a-cbf-assina-rescisao-e-encerra-ciclo-na-selecao-apos-seis-anos-e-meio\/"},"wordCount":357,"commentCount":0,"publisher":{"@id":"https:\/\/brasilnoticias.org\/site\/#organization"},"articleSection":["Esporte","\u00daltimas"],"inLanguage":"pt-PT","potentialAction":[{"@type":"CommentAction","name":"Comment","target":["https:\/\/brasilnoticias.org\/site\/tite-vai-a-cbf-assina-rescisao-e-encerra-ciclo-na-selecao-apos-seis-anos-e-meio\/#respond"]}]},{"@type":"WebPage","@id":"https:\/\/brasilnoticias.org\/site\/tite-vai-a-cbf-assina-rescisao-e-encerra-ciclo-na-selecao-apos-seis-anos-e-meio\/","url":"https:\/\/brasilnoticias.org\/site\/tite-vai-a-cbf-assina-rescisao-e-encerra-ciclo-na-selecao-apos-seis-anos-e-meio\/","name":"Tite vai \u00e0 CBF, assina rescis\u00e3o e encerra ciclo na sele\u00e7\u00e3o ap\u00f3s seis anos e meio - Brasil not\u00edcias","isPartOf":{"@id":"https:\/\/brasilnoticias.org\/site\/#website"},"datePublished":"2023-01-17T21:46:20+00:00","breadcrumb":{"@id":"https:\/\/brasilnoticias.org\/site\/tite-vai-a-cbf-assina-rescisao-e-encerra-ciclo-na-selecao-apos-seis-anos-e-meio\/#breadcrumb"},"inLanguage":"pt-PT","potentialAction":[{"@type":"ReadAction","target":["https:\/\/brasilnoticias.org\/site\/tite-vai-a-cbf-assina-rescisao-e-encerra-ciclo-na-selecao-apos-seis-anos-e-meio\/"]}]},{"@type":"BreadcrumbList","@id":"https:\/\/brasilnoticias.org\/site\/tite-vai-a-cbf-assina-rescisao-e-encerra-ciclo-na-selecao-apos-seis-anos-e-meio\/#breadcrumb","itemListElement":[{"@type":"ListItem","position":1,"name":"In\u00edcio","item":"https:\/\/brasilnoticias.org\/site\/"},{"@type":"ListItem","position":2,"name":"Tite vai \u00e0 CBF, assina rescis\u00e3o e encerra ciclo na sele\u00e7\u00e3o ap\u00f3s seis anos e meio"}]},{"@type":"WebSite","@id":"https:\/\/brasilnoticias.org\/site\/#website","url":"https:\/\/brasilnoticias.org\/site\/","name":"Brasil not\u00edcias","description":"Brasil not\u00edcias","publisher":{"@id":"https:\/\/brasilnoticias.org\/site\/#organization"},"potentialAction":[{"@type":"SearchAction","target":{"@type":"EntryPoint","urlTemplate":"https:\/\/brasilnoticias.org\/site\/?s={search_term_string}"},"query-input":{"@type":"PropertyValueSpecification","valueRequired":true,"valueName":"search_term_string"}}],"inLanguage":"pt-PT"},{"@type":"Organization","@id":"https:\/\/brasilnoticias.org\/site\/#organization","name":"Brasil not\u00edcias","url":"https:\/\/brasilnoticias.org\/site\/","logo":{"@type":"ImageObject","inLanguage":"pt-PT","@id":"https:\/\/brasilnoticias.org\/site\/#\/schema\/logo\/image\/","url":"https:\/\/brasilnoticias.org\/site\/wp-content\/uploads\/2022\/05\/cropped-brasilnoticias-mini.jpg","contentUrl":"https:\/\/brasilnoticias.org\/site\/wp-content\/uploads\/2022\/05\/cropped-brasilnoticias-mini.jpg","width":314,"height":86,"caption":"Brasil not\u00edcias"},"image":{"@id":"https:\/\/brasilnoticias.org\/site\/#\/schema\/logo\/image\/"}},{"@type":"Person","@id":"https:\/\/brasilnoticias.org\/site\/#\/schema\/person\/a0e05b973ec4d15c658d51911e53507b","name":"Reda\u00e7\u00e3o","image":{"@type":"ImageObject","inLanguage":"pt-PT","@id":"https:\/\/brasilnoticias.org\/site\/#\/schema\/person\/image\/","url":"https:\/\/secure.gravatar.com\/avatar\/75d8b050df2de108b08ae78dfb8e374892df24a383c67db9c46a9c604f6aee9c?s=96&d=mm&r=g","contentUrl":"https:\/\/secure.gravatar.com\/avatar\/75d8b050df2de108b08ae78dfb8e374892df24a383c67db9c46a9c604f6aee9c?s=96&d=mm&r=g","caption":"Reda\u00e7\u00e3o"},"sameAs":["https:\/\/brasilnoticias.org\/site"],"url":"https:\/\/brasilnoticias.org\/site\/author\/fernandozsngmail-com\/"}]}},"_links":{"self":[{"href":"https:\/\/brasilnoticias.org\/site\/wp-json\/wp\/v2\/posts\/3317","targetHints":{"allow":["GET"]}}],"collection":[{"href":"https:\/\/brasilnoticias.org\/site\/wp-json\/wp\/v2\/posts"}],"about":[{"href":"https:\/\/brasilnoticias.org\/site\/wp-json\/wp\/v2\/types\/post"}],"author":[{"embeddable":true,"href":"https:\/\/brasilnoticias.org\/site\/wp-json\/wp\/v2\/users\/1"}],"replies":[{"embeddable":true,"href":"https:\/\/brasilnoticias.org\/site\/wp-json\/wp\/v2\/comments?post=3317"}],"version-history":[{"count":1,"href":"https:\/\/brasilnoticias.org\/site\/wp-json\/wp\/v2\/posts\/3317\/revisions"}],"predecessor-version":[{"id":3319,"href":"https:\/\/brasilnoticias.org\/site\/wp-json\/wp\/v2\/posts\/3317\/revisions\/3319"}],"wp:attachment":[{"href":"https:\/\/brasilnoticias.org\/site\/wp-json\/wp\/v2\/media?parent=3317"}],"wp:term":[{"taxonomy":"category","embeddable":true,"href":"https:\/\/brasilnoticias.org\/site\/wp-json\/wp\/v2\/categories?post=3317"},{"taxonomy":"post_tag","embeddable":true,"href":"https:\/\/brasilnoticias.org\/site\/wp-json\/wp\/v2\/tags?post=3317"}],"curies":[{"name":"wp","href":"https:\/\/api.w.org\/{rel}","templated":true}]}}