{"id":3333,"date":"2023-01-18T07:32:56","date_gmt":"2023-01-18T10:32:56","guid":{"rendered":"https:\/\/brasilnoticias.org\/site\/?p=3333"},"modified":"2023-01-17T19:34:38","modified_gmt":"2023-01-17T22:34:38","slug":"caminhao-que-transportava-galoes-de-agua-cai-em-cratera-na-ba-290-no-sul-da-bahia","status":"publish","type":"post","link":"https:\/\/brasilnoticias.org\/site\/caminhao-que-transportava-galoes-de-agua-cai-em-cratera-na-ba-290-no-sul-da-bahia\/","title":{"rendered":"Caminh\u00e3o que transportava gal\u00f5es de \u00e1gua cai em cratera na BA-290, no sul da Bahia"},"content":{"rendered":"<p>Um caminh\u00e3o carregado com gal\u00f5es de \u00e1gua caiu dentro de uma cratera na BA-290, no sul da Bahia. O acidente aconteceu nesta ter\u00e7a-feira (17), em um trecho entre as cidades de Teixeira de Freitas e Alcoba\u00e7a. Ningu\u00e9m ficou ferido.<\/p>\n<p>Imagens feitas por pessoas que passavam pelo local mostram o caminh\u00e3o dentro do buraco. A frente do ve\u00edculo ficou completamente amassada por causa do impacto.<\/p>\n<p>De acordo com a Companhia Independente de Policiamento Rodovi\u00e1rio, a cratera foi aberta por causa de uma obra feita pela Secretaria de Infraestrutura da Bahia, com o objetivo de melhorar o tr\u00e1fego de motoristas na rodovia ap\u00f3s as fortes chuvas que atingiram a regi\u00e3o no final de 2022.<\/p>\n<p>Ainda segundo a companhia, o motorista do caminh\u00e3o n\u00e3o viu a sinaliza\u00e7\u00e3o.<\/p>\n<p>&nbsp;<\/p>\n<p>Foto: Redes sociais<br \/>\nG1 Bahia<\/p>\n","protected":false},"excerpt":{"rendered":"<p>Um caminh\u00e3o carregado com gal\u00f5es de \u00e1gua caiu dentro de uma cratera na BA-290, no sul da Bahia. O acidente<\/p>\n","protected":false},"author":1,"featured_media":3334,"comment_status":"open","ping_status":"open","sticky":false,"template":"","format":"standard","meta":{"colormag_page_container_layout":"default_layout","colormag_page_sidebar_layout":"default_layout","_FSMCFIC_featured_image_caption":"","_FSMCFIC_featured_image_nocaption":"","_FSMCFIC_featured_image_hide":"","footnotes":""},"categories":[2,1],"tags":[],"class_list":["post-3333","post","type-post","status-publish","format-standard","has-post-thumbnail","hentry","category-noticias","category-ultimas"],"yoast_head":"<!-- This site is optimized with the Yoast SEO plugin v27.1.1 - https:\/\/yoast.com\/product\/yoast-seo-wordpress\/ -->\n<title>Caminh\u00e3o que transportava gal\u00f5es de \u00e1gua cai em cratera na BA-290, no sul da Bahia - Brasil not\u00edcias<\/title>\n<meta name=\"robots\" content=\"index, follow, max-snippet:-1, max-image-preview:large, max-video-preview:-1\" \/>\n<link rel=\"canonical\" href=\"https:\/\/brasilnoticias.org\/site\/caminhao-que-transportava-galoes-de-agua-cai-em-cratera-na-ba-290-no-sul-da-bahia\/\" \/>\n<meta property=\"og:locale\" content=\"pt_PT\" \/>\n<meta property=\"og:type\" content=\"article\" \/>\n<meta property=\"og:title\" content=\"Caminh\u00e3o que transportava gal\u00f5es de \u00e1gua cai em cratera na BA-290, no sul da Bahia - Brasil not\u00edcias\" \/>\n<meta property=\"og:description\" content=\"Um caminh\u00e3o carregado com gal\u00f5es de \u00e1gua caiu dentro de uma cratera na BA-290, no sul da Bahia. O acidente\" \/>\n<meta property=\"og:url\" content=\"https:\/\/brasilnoticias.org\/site\/caminhao-que-transportava-galoes-de-agua-cai-em-cratera-na-ba-290-no-sul-da-bahia\/\" \/>\n<meta property=\"og:site_name\" content=\"Brasil not\u00edcias\" \/>\n<meta property=\"article:published_time\" content=\"2023-01-18T10:32:56+00:00\" \/>\n<meta property=\"og:image\" content=\"https:\/\/brasilnoticias.org\/site\/wp-content\/uploads\/2023\/01\/design-sem-nome-64-.webp\" \/>\n\t<meta property=\"og:image:width\" content=\"600\" \/>\n\t<meta property=\"og:image:height\" content=\"445\" \/>\n\t<meta property=\"og:image:type\" content=\"image\/webp\" \/>\n<meta name=\"author\" content=\"Reda\u00e7\u00e3o\" \/>\n<meta name=\"twitter:card\" content=\"summary_large_image\" \/>\n<meta name=\"twitter:label1\" content=\"Escrito por\" \/>\n\t<meta name=\"twitter:data1\" content=\"Reda\u00e7\u00e3o\" \/>\n\t<meta name=\"twitter:label2\" content=\"Tempo estimado de leitura\" \/>\n\t<meta name=\"twitter:data2\" content=\"1 minuto\" \/>\n<script type=\"application\/ld+json\" class=\"yoast-schema-graph\">{\"@context\":\"https:\/\/schema.org\",\"@graph\":[{\"@type\":\"Article\",\"@id\":\"https:\/\/brasilnoticias.org\/site\/caminhao-que-transportava-galoes-de-agua-cai-em-cratera-na-ba-290-no-sul-da-bahia\/#article\",\"isPartOf\":{\"@id\":\"https:\/\/brasilnoticias.org\/site\/caminhao-que-transportava-galoes-de-agua-cai-em-cratera-na-ba-290-no-sul-da-bahia\/\"},\"author\":{\"name\":\"Reda\u00e7\u00e3o\",\"@id\":\"https:\/\/brasilnoticias.org\/site\/#\/schema\/person\/a0e05b973ec4d15c658d51911e53507b\"},\"headline\":\"Caminh\u00e3o que transportava gal\u00f5es de \u00e1gua cai em cratera na BA-290, no sul da Bahia\",\"datePublished\":\"2023-01-18T10:32:56+00:00\",\"mainEntityOfPage\":{\"@id\":\"https:\/\/brasilnoticias.org\/site\/caminhao-que-transportava-galoes-de-agua-cai-em-cratera-na-ba-290-no-sul-da-bahia\/\"},\"wordCount\":159,\"commentCount\":0,\"publisher\":{\"@id\":\"https:\/\/brasilnoticias.org\/site\/#organization\"},\"image\":{\"@id\":\"https:\/\/brasilnoticias.org\/site\/caminhao-que-transportava-galoes-de-agua-cai-em-cratera-na-ba-290-no-sul-da-bahia\/#primaryimage\"},\"thumbnailUrl\":\"https:\/\/brasilnoticias.org\/site\/wp-content\/uploads\/2023\/01\/design-sem-nome-64-.webp\",\"articleSection\":[\"Not\u00edcias\",\"\u00daltimas\"],\"inLanguage\":\"pt-PT\",\"potentialAction\":[{\"@type\":\"CommentAction\",\"name\":\"Comment\",\"target\":[\"https:\/\/brasilnoticias.org\/site\/caminhao-que-transportava-galoes-de-agua-cai-em-cratera-na-ba-290-no-sul-da-bahia\/#respond\"]}]},{\"@type\":\"WebPage\",\"@id\":\"https:\/\/brasilnoticias.org\/site\/caminhao-que-transportava-galoes-de-agua-cai-em-cratera-na-ba-290-no-sul-da-bahia\/\",\"url\":\"https:\/\/brasilnoticias.org\/site\/caminhao-que-transportava-galoes-de-agua-cai-em-cratera-na-ba-290-no-sul-da-bahia\/\",\"name\":\"Caminh\u00e3o que transportava gal\u00f5es de \u00e1gua cai em cratera na BA-290, no sul da Bahia - Brasil not\u00edcias\",\"isPartOf\":{\"@id\":\"https:\/\/brasilnoticias.org\/site\/#website\"},\"primaryImageOfPage\":{\"@id\":\"https:\/\/brasilnoticias.org\/site\/caminhao-que-transportava-galoes-de-agua-cai-em-cratera-na-ba-290-no-sul-da-bahia\/#primaryimage\"},\"image\":{\"@id\":\"https:\/\/brasilnoticias.org\/site\/caminhao-que-transportava-galoes-de-agua-cai-em-cratera-na-ba-290-no-sul-da-bahia\/#primaryimage\"},\"thumbnailUrl\":\"https:\/\/brasilnoticias.org\/site\/wp-content\/uploads\/2023\/01\/design-sem-nome-64-.webp\",\"datePublished\":\"2023-01-18T10:32:56+00:00\",\"breadcrumb\":{\"@id\":\"https:\/\/brasilnoticias.org\/site\/caminhao-que-transportava-galoes-de-agua-cai-em-cratera-na-ba-290-no-sul-da-bahia\/#breadcrumb\"},\"inLanguage\":\"pt-PT\",\"potentialAction\":[{\"@type\":\"ReadAction\",\"target\":[\"https:\/\/brasilnoticias.org\/site\/caminhao-que-transportava-galoes-de-agua-cai-em-cratera-na-ba-290-no-sul-da-bahia\/\"]}]},{\"@type\":\"ImageObject\",\"inLanguage\":\"pt-PT\",\"@id\":\"https:\/\/brasilnoticias.org\/site\/caminhao-que-transportava-galoes-de-agua-cai-em-cratera-na-ba-290-no-sul-da-bahia\/#primaryimage\",\"url\":\"https:\/\/brasilnoticias.org\/site\/wp-content\/uploads\/2023\/01\/design-sem-nome-64-.webp\",\"contentUrl\":\"https:\/\/brasilnoticias.org\/site\/wp-content\/uploads\/2023\/01\/design-sem-nome-64-.webp\",\"width\":600,\"height\":445},{\"@type\":\"BreadcrumbList\",\"@id\":\"https:\/\/brasilnoticias.org\/site\/caminhao-que-transportava-galoes-de-agua-cai-em-cratera-na-ba-290-no-sul-da-bahia\/#breadcrumb\",\"itemListElement\":[{\"@type\":\"ListItem\",\"position\":1,\"name\":\"In\u00edcio\",\"item\":\"https:\/\/brasilnoticias.org\/site\/\"},{\"@type\":\"ListItem\",\"position\":2,\"name\":\"Caminh\u00e3o que transportava gal\u00f5es de \u00e1gua cai em cratera na BA-290, no sul da Bahia\"}]},{\"@type\":\"WebSite\",\"@id\":\"https:\/\/brasilnoticias.org\/site\/#website\",\"url\":\"https:\/\/brasilnoticias.org\/site\/\",\"name\":\"Brasil not\u00edcias\",\"description\":\"Brasil not\u00edcias\",\"publisher\":{\"@id\":\"https:\/\/brasilnoticias.org\/site\/#organization\"},\"potentialAction\":[{\"@type\":\"SearchAction\",\"target\":{\"@type\":\"EntryPoint\",\"urlTemplate\":\"https:\/\/brasilnoticias.org\/site\/?s={search_term_string}\"},\"query-input\":{\"@type\":\"PropertyValueSpecification\",\"valueRequired\":true,\"valueName\":\"search_term_string\"}}],\"inLanguage\":\"pt-PT\"},{\"@type\":\"Organization\",\"@id\":\"https:\/\/brasilnoticias.org\/site\/#organization\",\"name\":\"Brasil not\u00edcias\",\"url\":\"https:\/\/brasilnoticias.org\/site\/\",\"logo\":{\"@type\":\"ImageObject\",\"inLanguage\":\"pt-PT\",\"@id\":\"https:\/\/brasilnoticias.org\/site\/#\/schema\/logo\/image\/\",\"url\":\"https:\/\/brasilnoticias.org\/site\/wp-content\/uploads\/2022\/05\/cropped-brasilnoticias-mini.jpg\",\"contentUrl\":\"https:\/\/brasilnoticias.org\/site\/wp-content\/uploads\/2022\/05\/cropped-brasilnoticias-mini.jpg\",\"width\":314,\"height\":86,\"caption\":\"Brasil not\u00edcias\"},\"image\":{\"@id\":\"https:\/\/brasilnoticias.org\/site\/#\/schema\/logo\/image\/\"}},{\"@type\":\"Person\",\"@id\":\"https:\/\/brasilnoticias.org\/site\/#\/schema\/person\/a0e05b973ec4d15c658d51911e53507b\",\"name\":\"Reda\u00e7\u00e3o\",\"image\":{\"@type\":\"ImageObject\",\"inLanguage\":\"pt-PT\",\"@id\":\"https:\/\/brasilnoticias.org\/site\/#\/schema\/person\/image\/\",\"url\":\"https:\/\/secure.gravatar.com\/avatar\/75d8b050df2de108b08ae78dfb8e374892df24a383c67db9c46a9c604f6aee9c?s=96&d=mm&r=g\",\"contentUrl\":\"https:\/\/secure.gravatar.com\/avatar\/75d8b050df2de108b08ae78dfb8e374892df24a383c67db9c46a9c604f6aee9c?s=96&d=mm&r=g\",\"caption\":\"Reda\u00e7\u00e3o\"},\"sameAs\":[\"https:\/\/brasilnoticias.org\/site\"],\"url\":\"https:\/\/brasilnoticias.org\/site\/author\/fernandozsngmail-com\/\"}]}<\/script>\n<!-- \/ Yoast SEO plugin. -->","yoast_head_json":{"title":"Caminh\u00e3o que transportava gal\u00f5es de \u00e1gua cai em cratera na BA-290, no sul da Bahia - Brasil not\u00edcias","robots":{"index":"index","follow":"follow","max-snippet":"max-snippet:-1","max-image-preview":"max-image-preview:large","max-video-preview":"max-video-preview:-1"},"canonical":"https:\/\/brasilnoticias.org\/site\/caminhao-que-transportava-galoes-de-agua-cai-em-cratera-na-ba-290-no-sul-da-bahia\/","og_locale":"pt_PT","og_type":"article","og_title":"Caminh\u00e3o que transportava gal\u00f5es de \u00e1gua cai em cratera na BA-290, no sul da Bahia - Brasil not\u00edcias","og_description":"Um caminh\u00e3o carregado com gal\u00f5es de \u00e1gua caiu dentro de uma cratera na BA-290, no sul da Bahia. O acidente","og_url":"https:\/\/brasilnoticias.org\/site\/caminhao-que-transportava-galoes-de-agua-cai-em-cratera-na-ba-290-no-sul-da-bahia\/","og_site_name":"Brasil not\u00edcias","article_published_time":"2023-01-18T10:32:56+00:00","og_image":[{"width":600,"height":445,"url":"https:\/\/brasilnoticias.org\/site\/wp-content\/uploads\/2023\/01\/design-sem-nome-64-.webp","type":"image\/webp"}],"author":"Reda\u00e7\u00e3o","twitter_card":"summary_large_image","twitter_misc":{"Escrito por":"Reda\u00e7\u00e3o","Tempo estimado de leitura":"1 minuto"},"schema":{"@context":"https:\/\/schema.org","@graph":[{"@type":"Article","@id":"https:\/\/brasilnoticias.org\/site\/caminhao-que-transportava-galoes-de-agua-cai-em-cratera-na-ba-290-no-sul-da-bahia\/#article","isPartOf":{"@id":"https:\/\/brasilnoticias.org\/site\/caminhao-que-transportava-galoes-de-agua-cai-em-cratera-na-ba-290-no-sul-da-bahia\/"},"author":{"name":"Reda\u00e7\u00e3o","@id":"https:\/\/brasilnoticias.org\/site\/#\/schema\/person\/a0e05b973ec4d15c658d51911e53507b"},"headline":"Caminh\u00e3o que transportava gal\u00f5es de \u00e1gua cai em cratera na BA-290, no sul da Bahia","datePublished":"2023-01-18T10:32:56+00:00","mainEntityOfPage":{"@id":"https:\/\/brasilnoticias.org\/site\/caminhao-que-transportava-galoes-de-agua-cai-em-cratera-na-ba-290-no-sul-da-bahia\/"},"wordCount":159,"commentCount":0,"publisher":{"@id":"https:\/\/brasilnoticias.org\/site\/#organization"},"image":{"@id":"https:\/\/brasilnoticias.org\/site\/caminhao-que-transportava-galoes-de-agua-cai-em-cratera-na-ba-290-no-sul-da-bahia\/#primaryimage"},"thumbnailUrl":"https:\/\/brasilnoticias.org\/site\/wp-content\/uploads\/2023\/01\/design-sem-nome-64-.webp","articleSection":["Not\u00edcias","\u00daltimas"],"inLanguage":"pt-PT","potentialAction":[{"@type":"CommentAction","name":"Comment","target":["https:\/\/brasilnoticias.org\/site\/caminhao-que-transportava-galoes-de-agua-cai-em-cratera-na-ba-290-no-sul-da-bahia\/#respond"]}]},{"@type":"WebPage","@id":"https:\/\/brasilnoticias.org\/site\/caminhao-que-transportava-galoes-de-agua-cai-em-cratera-na-ba-290-no-sul-da-bahia\/","url":"https:\/\/brasilnoticias.org\/site\/caminhao-que-transportava-galoes-de-agua-cai-em-cratera-na-ba-290-no-sul-da-bahia\/","name":"Caminh\u00e3o que transportava gal\u00f5es de \u00e1gua cai em cratera na BA-290, no sul da Bahia - Brasil not\u00edcias","isPartOf":{"@id":"https:\/\/brasilnoticias.org\/site\/#website"},"primaryImageOfPage":{"@id":"https:\/\/brasilnoticias.org\/site\/caminhao-que-transportava-galoes-de-agua-cai-em-cratera-na-ba-290-no-sul-da-bahia\/#primaryimage"},"image":{"@id":"https:\/\/brasilnoticias.org\/site\/caminhao-que-transportava-galoes-de-agua-cai-em-cratera-na-ba-290-no-sul-da-bahia\/#primaryimage"},"thumbnailUrl":"https:\/\/brasilnoticias.org\/site\/wp-content\/uploads\/2023\/01\/design-sem-nome-64-.webp","datePublished":"2023-01-18T10:32:56+00:00","breadcrumb":{"@id":"https:\/\/brasilnoticias.org\/site\/caminhao-que-transportava-galoes-de-agua-cai-em-cratera-na-ba-290-no-sul-da-bahia\/#breadcrumb"},"inLanguage":"pt-PT","potentialAction":[{"@type":"ReadAction","target":["https:\/\/brasilnoticias.org\/site\/caminhao-que-transportava-galoes-de-agua-cai-em-cratera-na-ba-290-no-sul-da-bahia\/"]}]},{"@type":"ImageObject","inLanguage":"pt-PT","@id":"https:\/\/brasilnoticias.org\/site\/caminhao-que-transportava-galoes-de-agua-cai-em-cratera-na-ba-290-no-sul-da-bahia\/#primaryimage","url":"https:\/\/brasilnoticias.org\/site\/wp-content\/uploads\/2023\/01\/design-sem-nome-64-.webp","contentUrl":"https:\/\/brasilnoticias.org\/site\/wp-content\/uploads\/2023\/01\/design-sem-nome-64-.webp","width":600,"height":445},{"@type":"BreadcrumbList","@id":"https:\/\/brasilnoticias.org\/site\/caminhao-que-transportava-galoes-de-agua-cai-em-cratera-na-ba-290-no-sul-da-bahia\/#breadcrumb","itemListElement":[{"@type":"ListItem","position":1,"name":"In\u00edcio","item":"https:\/\/brasilnoticias.org\/site\/"},{"@type":"ListItem","position":2,"name":"Caminh\u00e3o que transportava gal\u00f5es de \u00e1gua cai em cratera na BA-290, no sul da Bahia"}]},{"@type":"WebSite","@id":"https:\/\/brasilnoticias.org\/site\/#website","url":"https:\/\/brasilnoticias.org\/site\/","name":"Brasil not\u00edcias","description":"Brasil not\u00edcias","publisher":{"@id":"https:\/\/brasilnoticias.org\/site\/#organization"},"potentialAction":[{"@type":"SearchAction","target":{"@type":"EntryPoint","urlTemplate":"https:\/\/brasilnoticias.org\/site\/?s={search_term_string}"},"query-input":{"@type":"PropertyValueSpecification","valueRequired":true,"valueName":"search_term_string"}}],"inLanguage":"pt-PT"},{"@type":"Organization","@id":"https:\/\/brasilnoticias.org\/site\/#organization","name":"Brasil not\u00edcias","url":"https:\/\/brasilnoticias.org\/site\/","logo":{"@type":"ImageObject","inLanguage":"pt-PT","@id":"https:\/\/brasilnoticias.org\/site\/#\/schema\/logo\/image\/","url":"https:\/\/brasilnoticias.org\/site\/wp-content\/uploads\/2022\/05\/cropped-brasilnoticias-mini.jpg","contentUrl":"https:\/\/brasilnoticias.org\/site\/wp-content\/uploads\/2022\/05\/cropped-brasilnoticias-mini.jpg","width":314,"height":86,"caption":"Brasil not\u00edcias"},"image":{"@id":"https:\/\/brasilnoticias.org\/site\/#\/schema\/logo\/image\/"}},{"@type":"Person","@id":"https:\/\/brasilnoticias.org\/site\/#\/schema\/person\/a0e05b973ec4d15c658d51911e53507b","name":"Reda\u00e7\u00e3o","image":{"@type":"ImageObject","inLanguage":"pt-PT","@id":"https:\/\/brasilnoticias.org\/site\/#\/schema\/person\/image\/","url":"https:\/\/secure.gravatar.com\/avatar\/75d8b050df2de108b08ae78dfb8e374892df24a383c67db9c46a9c604f6aee9c?s=96&d=mm&r=g","contentUrl":"https:\/\/secure.gravatar.com\/avatar\/75d8b050df2de108b08ae78dfb8e374892df24a383c67db9c46a9c604f6aee9c?s=96&d=mm&r=g","caption":"Reda\u00e7\u00e3o"},"sameAs":["https:\/\/brasilnoticias.org\/site"],"url":"https:\/\/brasilnoticias.org\/site\/author\/fernandozsngmail-com\/"}]}},"_links":{"self":[{"href":"https:\/\/brasilnoticias.org\/site\/wp-json\/wp\/v2\/posts\/3333","targetHints":{"allow":["GET"]}}],"collection":[{"href":"https:\/\/brasilnoticias.org\/site\/wp-json\/wp\/v2\/posts"}],"about":[{"href":"https:\/\/brasilnoticias.org\/site\/wp-json\/wp\/v2\/types\/post"}],"author":[{"embeddable":true,"href":"https:\/\/brasilnoticias.org\/site\/wp-json\/wp\/v2\/users\/1"}],"replies":[{"embeddable":true,"href":"https:\/\/brasilnoticias.org\/site\/wp-json\/wp\/v2\/comments?post=3333"}],"version-history":[{"count":1,"href":"https:\/\/brasilnoticias.org\/site\/wp-json\/wp\/v2\/posts\/3333\/revisions"}],"predecessor-version":[{"id":3335,"href":"https:\/\/brasilnoticias.org\/site\/wp-json\/wp\/v2\/posts\/3333\/revisions\/3335"}],"wp:featuredmedia":[{"embeddable":true,"href":"https:\/\/brasilnoticias.org\/site\/wp-json\/wp\/v2\/media\/3334"}],"wp:attachment":[{"href":"https:\/\/brasilnoticias.org\/site\/wp-json\/wp\/v2\/media?parent=3333"}],"wp:term":[{"taxonomy":"category","embeddable":true,"href":"https:\/\/brasilnoticias.org\/site\/wp-json\/wp\/v2\/categories?post=3333"},{"taxonomy":"post_tag","embeddable":true,"href":"https:\/\/brasilnoticias.org\/site\/wp-json\/wp\/v2\/tags?post=3333"}],"curies":[{"name":"wp","href":"https:\/\/api.w.org\/{rel}","templated":true}]}}