{"id":3350,"date":"2023-01-19T06:49:59","date_gmt":"2023-01-19T09:49:59","guid":{"rendered":"https:\/\/brasilnoticias.org\/site\/?p=3350"},"modified":"2023-01-19T06:49:59","modified_gmt":"2023-01-19T09:49:59","slug":"covid-19-infectados-com-maior-risco-de-doenca-cardiovascular-e-morte","status":"publish","type":"post","link":"https:\/\/brasilnoticias.org\/site\/covid-19-infectados-com-maior-risco-de-doenca-cardiovascular-e-morte\/","title":{"rendered":"Covid-19. Infectados com maior risco de doen\u00e7a cardiovascular e morte"},"content":{"rendered":"<p>Covid-19 est\u00e1 associada a um maior risco de doen\u00e7as cardiovasculares e de morte a curto e a longo prazo, indica um estudo publicado na revista cient\u00edfica da Sociedade Europeia de Cardiologia (SEC).<\/p>\n<div class=\"pub-container inside-news\">\n<p>&#8220;Em compara\u00e7\u00e3o com as pessoas n\u00e3o infectadas [com o v\u00edrus SARS-CoV-2], a probabilidade de os doentes com Covid-19 morrerem foi 81 vezes maior nas primeiras tr\u00eas semanas de infec\u00e7\u00e3o e permaneceu cinco vezes superior at\u00e9 18 meses depois&#8221;, apurou a investiga\u00e7\u00e3o que envolveu cerca de 160 mil participantes.<\/p>\n<p>Os pacientes de Covid-19 &#8220;eram mais propensos a desenvolver numerosas condi\u00e7\u00f5es cardiovasculares em compara\u00e7\u00e3o com os participantes n\u00e3o infectados, o que pode ter contribu\u00eddo para maior risco de morte&#8221;, adiantou Ian Wong, autor do estudo publicado na Cardiovascular Research.<\/p>\n<p>Segundo o professor da Universidade de Hong Kong, perante os resultados agora conhecidos, os doentes de Covid-19 &#8220;devem ser monitorados pelo menos durante um ano ap\u00f3s a recupera\u00e7\u00e3o da doen\u00e7a aguda para permitir diagnosticar complica\u00e7\u00f5es cardiovasculares da infec\u00e7\u00e3o&#8221;, no \u00e2mbito da condi\u00e7\u00e3o conhecida como &#8216;long Covid&#8217;.<\/p>\n<p>Este estudo comparou a ocorr\u00eancia de doen\u00e7as cardiovasculares e de \u00f3bitos em pessoas infectadas, em compara\u00e7\u00e3o com outras que n\u00e3o foram contagiadas com o coronav\u00edrus, recrutadas antes de dezembro de 2020, quando n\u00e3o havia vacinas dispon\u00edveis no Reino Unido.<\/p>\n<p>De acordo com a SEC, a investiga\u00e7\u00e3o envolveu mais de 7.500 doentes de covid-19 diagnosticados no Reino Unido entre 16 de mar\u00e7o e 30 de novembro de 2020, assim como v\u00e1rios grupos de pessoas n\u00e3o infectadas durante o per\u00edodo do estudo, que decorreu entre mar\u00e7o de 2020 e agosto de 2021, com uma m\u00e9dia de idade de 66 anos.<\/p>\n<p>Cada grupo de pessoas n\u00e3o infectadas era semelhante ao grupo com Covid-19 em v\u00e1rios crit\u00e9rios, como idade, sexo, tabagismo, diabetes, press\u00e3o arterial alta, doen\u00e7as cardiovasculares e outras condi\u00e7\u00f5es de sa\u00fade, \u00edndice de massa corporal e etnia.<\/p>\n<p>Os dados apurados indicaram ainda que os pacientes com Covid-19 grave eram mais propensos a desenvolver doen\u00e7as cardiovasculares ou a morrer do que casos menos severos da infec\u00e7\u00e3o pelo SARS-CoV-2.<\/p>\n<p>&#8220;Os pacientes de Covid-19 tinham uma maior probabilidade de ter v\u00e1rias condi\u00e7\u00f5es cardiovasculares em compara\u00e7\u00e3o com participantes n\u00e3o infectados, tanto a curto como a longo prazo, incluindo infarto do mioc\u00e1rdio, doen\u00e7a card\u00edaca coron\u00e1ria, insufici\u00eancia card\u00edaca e trombose venosa profunda&#8221;, referem as conclus\u00f5es da sociedade europeia.<\/p>\n<p>J\u00e1 os riscos de algumas condi\u00e7\u00f5es cardiovasculares, como acidente vascular cerebral e fibrilha\u00e7\u00e3o auricular, foram considerados elevados em doentes com covid-19 a curto prazo, mas depois voltaram aos n\u00edveis normais.<\/p>\n<p>&#8220;Este estudo foi realizado durante a primeira onda da pandemia, mas novas pesquisas devem avaliar os surtos subsequentes&#8221;, adiantou Ian Wong, para quem s\u00e3o necess\u00e1rios mais estudos para investigar a efic\u00e1cia da vacina\u00e7\u00e3o na redu\u00e7\u00e3o dos riscos de doen\u00e7as cardiovasculares e morte ap\u00f3s infec\u00e7\u00e3o Covid-19.<\/p>\n<p>&nbsp;<\/p>\n<\/div>\n<p>&nbsp;<\/p>\n<p>Foto Lusa<\/p>\n<p>Not\u00edcias ao minuto<\/p>\n","protected":false},"excerpt":{"rendered":"<p>Covid-19 est\u00e1 associada a um maior risco de doen\u00e7as cardiovasculares e de morte a curto e a longo prazo, indica<\/p>\n","protected":false},"author":1,"featured_media":3351,"comment_status":"open","ping_status":"open","sticky":false,"template":"","format":"standard","meta":{"colormag_page_container_layout":"default_layout","colormag_page_sidebar_layout":"default_layout","_FSMCFIC_featured_image_caption":"","_FSMCFIC_featured_image_nocaption":"","_FSMCFIC_featured_image_hide":"","footnotes":""},"categories":[2,1],"tags":[],"class_list":["post-3350","post","type-post","status-publish","format-standard","has-post-thumbnail","hentry","category-noticias","category-ultimas"],"yoast_head":"<!-- This site is optimized with the Yoast SEO plugin v27.1.1 - https:\/\/yoast.com\/product\/yoast-seo-wordpress\/ -->\n<title>Covid-19. Infectados com maior risco de doen\u00e7a cardiovascular e morte - Brasil not\u00edcias<\/title>\n<meta name=\"robots\" content=\"index, follow, max-snippet:-1, max-image-preview:large, max-video-preview:-1\" \/>\n<link rel=\"canonical\" href=\"https:\/\/brasilnoticias.org\/site\/covid-19-infectados-com-maior-risco-de-doenca-cardiovascular-e-morte\/\" \/>\n<meta property=\"og:locale\" content=\"pt_PT\" \/>\n<meta property=\"og:type\" content=\"article\" \/>\n<meta property=\"og:title\" content=\"Covid-19. Infectados com maior risco de doen\u00e7a cardiovascular e morte - Brasil not\u00edcias\" \/>\n<meta property=\"og:description\" content=\"Covid-19 est\u00e1 associada a um maior risco de doen\u00e7as cardiovasculares e de morte a curto e a longo prazo, indica\" \/>\n<meta property=\"og:url\" content=\"https:\/\/brasilnoticias.org\/site\/covid-19-infectados-com-maior-risco-de-doenca-cardiovascular-e-morte\/\" \/>\n<meta property=\"og:site_name\" content=\"Brasil not\u00edcias\" \/>\n<meta property=\"article:published_time\" content=\"2023-01-19T09:49:59+00:00\" \/>\n<meta property=\"og:image\" content=\"https:\/\/brasilnoticias.org\/site\/wp-content\/uploads\/2023\/01\/28777294.jpg\" \/>\n\t<meta property=\"og:image:width\" content=\"960\" \/>\n\t<meta property=\"og:image:height\" content=\"540\" \/>\n\t<meta property=\"og:image:type\" content=\"image\/jpeg\" \/>\n<meta name=\"author\" content=\"Reda\u00e7\u00e3o\" \/>\n<meta name=\"twitter:card\" content=\"summary_large_image\" \/>\n<meta name=\"twitter:label1\" content=\"Escrito por\" \/>\n\t<meta name=\"twitter:data1\" content=\"Reda\u00e7\u00e3o\" \/>\n\t<meta name=\"twitter:label2\" content=\"Tempo estimado de leitura\" \/>\n\t<meta name=\"twitter:data2\" content=\"3 minutos\" \/>\n<script type=\"application\/ld+json\" class=\"yoast-schema-graph\">{\"@context\":\"https:\/\/schema.org\",\"@graph\":[{\"@type\":\"Article\",\"@id\":\"https:\/\/brasilnoticias.org\/site\/covid-19-infectados-com-maior-risco-de-doenca-cardiovascular-e-morte\/#article\",\"isPartOf\":{\"@id\":\"https:\/\/brasilnoticias.org\/site\/covid-19-infectados-com-maior-risco-de-doenca-cardiovascular-e-morte\/\"},\"author\":{\"name\":\"Reda\u00e7\u00e3o\",\"@id\":\"https:\/\/brasilnoticias.org\/site\/#\/schema\/person\/a0e05b973ec4d15c658d51911e53507b\"},\"headline\":\"Covid-19. Infectados com maior risco de doen\u00e7a cardiovascular e morte\",\"datePublished\":\"2023-01-19T09:49:59+00:00\",\"mainEntityOfPage\":{\"@id\":\"https:\/\/brasilnoticias.org\/site\/covid-19-infectados-com-maior-risco-de-doenca-cardiovascular-e-morte\/\"},\"wordCount\":520,\"commentCount\":0,\"publisher\":{\"@id\":\"https:\/\/brasilnoticias.org\/site\/#organization\"},\"image\":{\"@id\":\"https:\/\/brasilnoticias.org\/site\/covid-19-infectados-com-maior-risco-de-doenca-cardiovascular-e-morte\/#primaryimage\"},\"thumbnailUrl\":\"https:\/\/brasilnoticias.org\/site\/wp-content\/uploads\/2023\/01\/28777294.jpg\",\"articleSection\":[\"Not\u00edcias\",\"\u00daltimas\"],\"inLanguage\":\"pt-PT\",\"potentialAction\":[{\"@type\":\"CommentAction\",\"name\":\"Comment\",\"target\":[\"https:\/\/brasilnoticias.org\/site\/covid-19-infectados-com-maior-risco-de-doenca-cardiovascular-e-morte\/#respond\"]}]},{\"@type\":\"WebPage\",\"@id\":\"https:\/\/brasilnoticias.org\/site\/covid-19-infectados-com-maior-risco-de-doenca-cardiovascular-e-morte\/\",\"url\":\"https:\/\/brasilnoticias.org\/site\/covid-19-infectados-com-maior-risco-de-doenca-cardiovascular-e-morte\/\",\"name\":\"Covid-19. Infectados com maior risco de doen\u00e7a cardiovascular e morte - Brasil not\u00edcias\",\"isPartOf\":{\"@id\":\"https:\/\/brasilnoticias.org\/site\/#website\"},\"primaryImageOfPage\":{\"@id\":\"https:\/\/brasilnoticias.org\/site\/covid-19-infectados-com-maior-risco-de-doenca-cardiovascular-e-morte\/#primaryimage\"},\"image\":{\"@id\":\"https:\/\/brasilnoticias.org\/site\/covid-19-infectados-com-maior-risco-de-doenca-cardiovascular-e-morte\/#primaryimage\"},\"thumbnailUrl\":\"https:\/\/brasilnoticias.org\/site\/wp-content\/uploads\/2023\/01\/28777294.jpg\",\"datePublished\":\"2023-01-19T09:49:59+00:00\",\"breadcrumb\":{\"@id\":\"https:\/\/brasilnoticias.org\/site\/covid-19-infectados-com-maior-risco-de-doenca-cardiovascular-e-morte\/#breadcrumb\"},\"inLanguage\":\"pt-PT\",\"potentialAction\":[{\"@type\":\"ReadAction\",\"target\":[\"https:\/\/brasilnoticias.org\/site\/covid-19-infectados-com-maior-risco-de-doenca-cardiovascular-e-morte\/\"]}]},{\"@type\":\"ImageObject\",\"inLanguage\":\"pt-PT\",\"@id\":\"https:\/\/brasilnoticias.org\/site\/covid-19-infectados-com-maior-risco-de-doenca-cardiovascular-e-morte\/#primaryimage\",\"url\":\"https:\/\/brasilnoticias.org\/site\/wp-content\/uploads\/2023\/01\/28777294.jpg\",\"contentUrl\":\"https:\/\/brasilnoticias.org\/site\/wp-content\/uploads\/2023\/01\/28777294.jpg\",\"width\":960,\"height\":540},{\"@type\":\"BreadcrumbList\",\"@id\":\"https:\/\/brasilnoticias.org\/site\/covid-19-infectados-com-maior-risco-de-doenca-cardiovascular-e-morte\/#breadcrumb\",\"itemListElement\":[{\"@type\":\"ListItem\",\"position\":1,\"name\":\"In\u00edcio\",\"item\":\"https:\/\/brasilnoticias.org\/site\/\"},{\"@type\":\"ListItem\",\"position\":2,\"name\":\"Covid-19. Infectados com maior risco de doen\u00e7a cardiovascular e morte\"}]},{\"@type\":\"WebSite\",\"@id\":\"https:\/\/brasilnoticias.org\/site\/#website\",\"url\":\"https:\/\/brasilnoticias.org\/site\/\",\"name\":\"Brasil not\u00edcias\",\"description\":\"Brasil not\u00edcias\",\"publisher\":{\"@id\":\"https:\/\/brasilnoticias.org\/site\/#organization\"},\"potentialAction\":[{\"@type\":\"SearchAction\",\"target\":{\"@type\":\"EntryPoint\",\"urlTemplate\":\"https:\/\/brasilnoticias.org\/site\/?s={search_term_string}\"},\"query-input\":{\"@type\":\"PropertyValueSpecification\",\"valueRequired\":true,\"valueName\":\"search_term_string\"}}],\"inLanguage\":\"pt-PT\"},{\"@type\":\"Organization\",\"@id\":\"https:\/\/brasilnoticias.org\/site\/#organization\",\"name\":\"Brasil not\u00edcias\",\"url\":\"https:\/\/brasilnoticias.org\/site\/\",\"logo\":{\"@type\":\"ImageObject\",\"inLanguage\":\"pt-PT\",\"@id\":\"https:\/\/brasilnoticias.org\/site\/#\/schema\/logo\/image\/\",\"url\":\"https:\/\/brasilnoticias.org\/site\/wp-content\/uploads\/2022\/05\/cropped-brasilnoticias-mini.jpg\",\"contentUrl\":\"https:\/\/brasilnoticias.org\/site\/wp-content\/uploads\/2022\/05\/cropped-brasilnoticias-mini.jpg\",\"width\":314,\"height\":86,\"caption\":\"Brasil not\u00edcias\"},\"image\":{\"@id\":\"https:\/\/brasilnoticias.org\/site\/#\/schema\/logo\/image\/\"}},{\"@type\":\"Person\",\"@id\":\"https:\/\/brasilnoticias.org\/site\/#\/schema\/person\/a0e05b973ec4d15c658d51911e53507b\",\"name\":\"Reda\u00e7\u00e3o\",\"image\":{\"@type\":\"ImageObject\",\"inLanguage\":\"pt-PT\",\"@id\":\"https:\/\/brasilnoticias.org\/site\/#\/schema\/person\/image\/\",\"url\":\"https:\/\/secure.gravatar.com\/avatar\/75d8b050df2de108b08ae78dfb8e374892df24a383c67db9c46a9c604f6aee9c?s=96&d=mm&r=g\",\"contentUrl\":\"https:\/\/secure.gravatar.com\/avatar\/75d8b050df2de108b08ae78dfb8e374892df24a383c67db9c46a9c604f6aee9c?s=96&d=mm&r=g\",\"caption\":\"Reda\u00e7\u00e3o\"},\"sameAs\":[\"https:\/\/brasilnoticias.org\/site\"],\"url\":\"https:\/\/brasilnoticias.org\/site\/author\/fernandozsngmail-com\/\"}]}<\/script>\n<!-- \/ Yoast SEO plugin. -->","yoast_head_json":{"title":"Covid-19. Infectados com maior risco de doen\u00e7a cardiovascular e morte - Brasil not\u00edcias","robots":{"index":"index","follow":"follow","max-snippet":"max-snippet:-1","max-image-preview":"max-image-preview:large","max-video-preview":"max-video-preview:-1"},"canonical":"https:\/\/brasilnoticias.org\/site\/covid-19-infectados-com-maior-risco-de-doenca-cardiovascular-e-morte\/","og_locale":"pt_PT","og_type":"article","og_title":"Covid-19. Infectados com maior risco de doen\u00e7a cardiovascular e morte - Brasil not\u00edcias","og_description":"Covid-19 est\u00e1 associada a um maior risco de doen\u00e7as cardiovasculares e de morte a curto e a longo prazo, indica","og_url":"https:\/\/brasilnoticias.org\/site\/covid-19-infectados-com-maior-risco-de-doenca-cardiovascular-e-morte\/","og_site_name":"Brasil not\u00edcias","article_published_time":"2023-01-19T09:49:59+00:00","og_image":[{"width":960,"height":540,"url":"https:\/\/brasilnoticias.org\/site\/wp-content\/uploads\/2023\/01\/28777294.jpg","type":"image\/jpeg"}],"author":"Reda\u00e7\u00e3o","twitter_card":"summary_large_image","twitter_misc":{"Escrito por":"Reda\u00e7\u00e3o","Tempo estimado de leitura":"3 minutos"},"schema":{"@context":"https:\/\/schema.org","@graph":[{"@type":"Article","@id":"https:\/\/brasilnoticias.org\/site\/covid-19-infectados-com-maior-risco-de-doenca-cardiovascular-e-morte\/#article","isPartOf":{"@id":"https:\/\/brasilnoticias.org\/site\/covid-19-infectados-com-maior-risco-de-doenca-cardiovascular-e-morte\/"},"author":{"name":"Reda\u00e7\u00e3o","@id":"https:\/\/brasilnoticias.org\/site\/#\/schema\/person\/a0e05b973ec4d15c658d51911e53507b"},"headline":"Covid-19. Infectados com maior risco de doen\u00e7a cardiovascular e morte","datePublished":"2023-01-19T09:49:59+00:00","mainEntityOfPage":{"@id":"https:\/\/brasilnoticias.org\/site\/covid-19-infectados-com-maior-risco-de-doenca-cardiovascular-e-morte\/"},"wordCount":520,"commentCount":0,"publisher":{"@id":"https:\/\/brasilnoticias.org\/site\/#organization"},"image":{"@id":"https:\/\/brasilnoticias.org\/site\/covid-19-infectados-com-maior-risco-de-doenca-cardiovascular-e-morte\/#primaryimage"},"thumbnailUrl":"https:\/\/brasilnoticias.org\/site\/wp-content\/uploads\/2023\/01\/28777294.jpg","articleSection":["Not\u00edcias","\u00daltimas"],"inLanguage":"pt-PT","potentialAction":[{"@type":"CommentAction","name":"Comment","target":["https:\/\/brasilnoticias.org\/site\/covid-19-infectados-com-maior-risco-de-doenca-cardiovascular-e-morte\/#respond"]}]},{"@type":"WebPage","@id":"https:\/\/brasilnoticias.org\/site\/covid-19-infectados-com-maior-risco-de-doenca-cardiovascular-e-morte\/","url":"https:\/\/brasilnoticias.org\/site\/covid-19-infectados-com-maior-risco-de-doenca-cardiovascular-e-morte\/","name":"Covid-19. Infectados com maior risco de doen\u00e7a cardiovascular e morte - Brasil not\u00edcias","isPartOf":{"@id":"https:\/\/brasilnoticias.org\/site\/#website"},"primaryImageOfPage":{"@id":"https:\/\/brasilnoticias.org\/site\/covid-19-infectados-com-maior-risco-de-doenca-cardiovascular-e-morte\/#primaryimage"},"image":{"@id":"https:\/\/brasilnoticias.org\/site\/covid-19-infectados-com-maior-risco-de-doenca-cardiovascular-e-morte\/#primaryimage"},"thumbnailUrl":"https:\/\/brasilnoticias.org\/site\/wp-content\/uploads\/2023\/01\/28777294.jpg","datePublished":"2023-01-19T09:49:59+00:00","breadcrumb":{"@id":"https:\/\/brasilnoticias.org\/site\/covid-19-infectados-com-maior-risco-de-doenca-cardiovascular-e-morte\/#breadcrumb"},"inLanguage":"pt-PT","potentialAction":[{"@type":"ReadAction","target":["https:\/\/brasilnoticias.org\/site\/covid-19-infectados-com-maior-risco-de-doenca-cardiovascular-e-morte\/"]}]},{"@type":"ImageObject","inLanguage":"pt-PT","@id":"https:\/\/brasilnoticias.org\/site\/covid-19-infectados-com-maior-risco-de-doenca-cardiovascular-e-morte\/#primaryimage","url":"https:\/\/brasilnoticias.org\/site\/wp-content\/uploads\/2023\/01\/28777294.jpg","contentUrl":"https:\/\/brasilnoticias.org\/site\/wp-content\/uploads\/2023\/01\/28777294.jpg","width":960,"height":540},{"@type":"BreadcrumbList","@id":"https:\/\/brasilnoticias.org\/site\/covid-19-infectados-com-maior-risco-de-doenca-cardiovascular-e-morte\/#breadcrumb","itemListElement":[{"@type":"ListItem","position":1,"name":"In\u00edcio","item":"https:\/\/brasilnoticias.org\/site\/"},{"@type":"ListItem","position":2,"name":"Covid-19. Infectados com maior risco de doen\u00e7a cardiovascular e morte"}]},{"@type":"WebSite","@id":"https:\/\/brasilnoticias.org\/site\/#website","url":"https:\/\/brasilnoticias.org\/site\/","name":"Brasil not\u00edcias","description":"Brasil not\u00edcias","publisher":{"@id":"https:\/\/brasilnoticias.org\/site\/#organization"},"potentialAction":[{"@type":"SearchAction","target":{"@type":"EntryPoint","urlTemplate":"https:\/\/brasilnoticias.org\/site\/?s={search_term_string}"},"query-input":{"@type":"PropertyValueSpecification","valueRequired":true,"valueName":"search_term_string"}}],"inLanguage":"pt-PT"},{"@type":"Organization","@id":"https:\/\/brasilnoticias.org\/site\/#organization","name":"Brasil not\u00edcias","url":"https:\/\/brasilnoticias.org\/site\/","logo":{"@type":"ImageObject","inLanguage":"pt-PT","@id":"https:\/\/brasilnoticias.org\/site\/#\/schema\/logo\/image\/","url":"https:\/\/brasilnoticias.org\/site\/wp-content\/uploads\/2022\/05\/cropped-brasilnoticias-mini.jpg","contentUrl":"https:\/\/brasilnoticias.org\/site\/wp-content\/uploads\/2022\/05\/cropped-brasilnoticias-mini.jpg","width":314,"height":86,"caption":"Brasil not\u00edcias"},"image":{"@id":"https:\/\/brasilnoticias.org\/site\/#\/schema\/logo\/image\/"}},{"@type":"Person","@id":"https:\/\/brasilnoticias.org\/site\/#\/schema\/person\/a0e05b973ec4d15c658d51911e53507b","name":"Reda\u00e7\u00e3o","image":{"@type":"ImageObject","inLanguage":"pt-PT","@id":"https:\/\/brasilnoticias.org\/site\/#\/schema\/person\/image\/","url":"https:\/\/secure.gravatar.com\/avatar\/75d8b050df2de108b08ae78dfb8e374892df24a383c67db9c46a9c604f6aee9c?s=96&d=mm&r=g","contentUrl":"https:\/\/secure.gravatar.com\/avatar\/75d8b050df2de108b08ae78dfb8e374892df24a383c67db9c46a9c604f6aee9c?s=96&d=mm&r=g","caption":"Reda\u00e7\u00e3o"},"sameAs":["https:\/\/brasilnoticias.org\/site"],"url":"https:\/\/brasilnoticias.org\/site\/author\/fernandozsngmail-com\/"}]}},"_links":{"self":[{"href":"https:\/\/brasilnoticias.org\/site\/wp-json\/wp\/v2\/posts\/3350","targetHints":{"allow":["GET"]}}],"collection":[{"href":"https:\/\/brasilnoticias.org\/site\/wp-json\/wp\/v2\/posts"}],"about":[{"href":"https:\/\/brasilnoticias.org\/site\/wp-json\/wp\/v2\/types\/post"}],"author":[{"embeddable":true,"href":"https:\/\/brasilnoticias.org\/site\/wp-json\/wp\/v2\/users\/1"}],"replies":[{"embeddable":true,"href":"https:\/\/brasilnoticias.org\/site\/wp-json\/wp\/v2\/comments?post=3350"}],"version-history":[{"count":1,"href":"https:\/\/brasilnoticias.org\/site\/wp-json\/wp\/v2\/posts\/3350\/revisions"}],"predecessor-version":[{"id":3352,"href":"https:\/\/brasilnoticias.org\/site\/wp-json\/wp\/v2\/posts\/3350\/revisions\/3352"}],"wp:featuredmedia":[{"embeddable":true,"href":"https:\/\/brasilnoticias.org\/site\/wp-json\/wp\/v2\/media\/3351"}],"wp:attachment":[{"href":"https:\/\/brasilnoticias.org\/site\/wp-json\/wp\/v2\/media?parent=3350"}],"wp:term":[{"taxonomy":"category","embeddable":true,"href":"https:\/\/brasilnoticias.org\/site\/wp-json\/wp\/v2\/categories?post=3350"},{"taxonomy":"post_tag","embeddable":true,"href":"https:\/\/brasilnoticias.org\/site\/wp-json\/wp\/v2\/tags?post=3350"}],"curies":[{"name":"wp","href":"https:\/\/api.w.org\/{rel}","templated":true}]}}