{"id":3365,"date":"2023-01-19T18:10:52","date_gmt":"2023-01-19T21:10:52","guid":{"rendered":"https:\/\/brasilnoticias.org\/site\/?p=3365"},"modified":"2023-01-19T13:56:26","modified_gmt":"2023-01-19T16:56:26","slug":"governo-momeia-novos-superintendentes-regionais-da-pf-em-18-estados","status":"publish","type":"post","link":"https:\/\/brasilnoticias.org\/site\/governo-momeia-novos-superintendentes-regionais-da-pf-em-18-estados\/","title":{"rendered":"Governo momeia novos superintendentes regionais da PF em 18 Estados"},"content":{"rendered":"<p>O governo nomeou novos superintendentes regionais da Pol\u00edcia Federal (PF) em 18 Estados. Os atos de nomea\u00e7\u00e3o e de dispensa dos atuais ocupantes do cargo foram publicados em edi\u00e7\u00e3o extra do Di\u00e1rio Oficial da Uni\u00e3o (DOU) com data desta quarta-feira, dia 18.<br \/>\nForam nomeados os seguintes superintendentes regionais da PF:<\/p>\n<p>&#8211; Rio Grande do Norte, Larissa Freitas Carlos Perdig\u00e3o;<\/p>\n<p>&#8211; Mato Grosso do Sul, Agnaldo Mendon\u00e7a Alves;<\/p>\n<p>&#8211; Rond\u00f4nia, Larissa Magalh\u00e3es Nascimento;<\/p>\n<p>&#8211; Santa Catarina, Aletea Vega Marona Kunde;<\/p>\n<p>&#8211; Rio de Janeiro, Leandro Almada da Costa;<\/p>\n<p>&#8211; Goi\u00e1s, Marcela Rodrigues de Siqueira Vicente;<\/p>\n<p>&#8211; Sergipe, Aline Marchesini Pinto;<\/p>\n<p>&#8211; Pernambuco, Antonio de P\u00e1dua Vieira Cavalcanti;<\/p>\n<p>&#8211; Maranh\u00e3o, Sandro Rog\u00e9rio Jansen Castro;<\/p>\n<p>&#8211; Mato Grosso, L\u00edgia Neves Azis Lucindo;<\/p>\n<p>&#8211; Tocantins, Reginaldo Donizetti Gallan Batista;<\/p>\n<p>&#8211; Para\u00edba, Christiane Correa Machado;<\/p>\n<p>&#8211; Alagoas, Luciana Paiva Barbosa;<\/p>\n<p>&#8211; S\u00e3o Paulo, Rog\u00e9rio Giampaoli;<\/p>\n<p>&#8211; Paran\u00e1, Rivaldo Venancio;<\/p>\n<p>&#8211; Par\u00e1, Jos\u00e9 Roberto Peres;<\/p>\n<p>&#8211; Amazonas, Umberto Ramos Rodrigues;<\/p>\n<p>&#8211; Minas Gerais, Tatiana Alves Torres.<\/p>\n<p>A mesma edi\u00e7\u00e3o do DOU traz os atos de dispensa dos atuais superintendentes regionais da Pol\u00edcia Rodovi\u00e1ria Federal nos Estados do Mato Grosso do Sul, S\u00e3o Paulo, Bahia, Paran\u00e1, Minas Gerais, Santa Catarina, Rio Grande do Sul, Rio de Janeiro, Alagoas, Par\u00e1, Para\u00edba, Amap\u00e1, Acre, Mato Grosso, Roraima, Amazonas, Goi\u00e1s, Tocantins, Sergipe, Rio Grande do Norte, Rond\u00f4nia, Maranh\u00e3o, Esp\u00edrito Santo, Distrito Federal, Pernambuco e Cear\u00e1.<\/p>\n<p>&nbsp;<\/p>\n<p>Foto Getty Images<br \/>\nNot\u00edcias ao minuto<\/p>\n<p>&nbsp;<\/p>\n","protected":false},"excerpt":{"rendered":"<p>O governo nomeou novos superintendentes regionais da Pol\u00edcia Federal (PF) em 18 Estados. Os atos de nomea\u00e7\u00e3o e de dispensa<\/p>\n","protected":false},"author":1,"featured_media":3366,"comment_status":"open","ping_status":"open","sticky":false,"template":"","format":"standard","meta":{"colormag_page_container_layout":"default_layout","colormag_page_sidebar_layout":"default_layout","_FSMCFIC_featured_image_caption":"","_FSMCFIC_featured_image_nocaption":"","_FSMCFIC_featured_image_hide":"","footnotes":""},"categories":[3,1],"tags":[],"class_list":["post-3365","post","type-post","status-publish","format-standard","has-post-thumbnail","hentry","category-policia","category-ultimas"],"yoast_head":"<!-- This site is optimized with the Yoast SEO plugin v27.1.1 - https:\/\/yoast.com\/product\/yoast-seo-wordpress\/ -->\n<title>Governo momeia novos superintendentes regionais da PF em 18 Estados - Brasil not\u00edcias<\/title>\n<meta name=\"robots\" content=\"index, follow, max-snippet:-1, max-image-preview:large, max-video-preview:-1\" \/>\n<link rel=\"canonical\" href=\"https:\/\/brasilnoticias.org\/site\/governo-momeia-novos-superintendentes-regionais-da-pf-em-18-estados\/\" \/>\n<meta property=\"og:locale\" content=\"pt_PT\" \/>\n<meta property=\"og:type\" content=\"article\" \/>\n<meta property=\"og:title\" content=\"Governo momeia novos superintendentes regionais da PF em 18 Estados - Brasil not\u00edcias\" \/>\n<meta property=\"og:description\" content=\"O governo nomeou novos superintendentes regionais da Pol\u00edcia Federal (PF) em 18 Estados. Os atos de nomea\u00e7\u00e3o e de dispensa\" \/>\n<meta property=\"og:url\" content=\"https:\/\/brasilnoticias.org\/site\/governo-momeia-novos-superintendentes-regionais-da-pf-em-18-estados\/\" \/>\n<meta property=\"og:site_name\" content=\"Brasil not\u00edcias\" \/>\n<meta property=\"article:published_time\" content=\"2023-01-19T21:10:52+00:00\" \/>\n<meta property=\"og:image\" content=\"https:\/\/brasilnoticias.org\/site\/wp-content\/uploads\/2023\/01\/naom_606ef722d7844.jpg\" \/>\n\t<meta property=\"og:image:width\" content=\"960\" \/>\n\t<meta property=\"og:image:height\" content=\"540\" \/>\n\t<meta property=\"og:image:type\" content=\"image\/jpeg\" \/>\n<meta name=\"author\" content=\"Reda\u00e7\u00e3o\" \/>\n<meta name=\"twitter:card\" content=\"summary_large_image\" \/>\n<meta name=\"twitter:label1\" content=\"Escrito por\" \/>\n\t<meta name=\"twitter:data1\" content=\"Reda\u00e7\u00e3o\" \/>\n\t<meta name=\"twitter:label2\" content=\"Tempo estimado de leitura\" \/>\n\t<meta name=\"twitter:data2\" content=\"1 minuto\" \/>\n<script type=\"application\/ld+json\" class=\"yoast-schema-graph\">{\"@context\":\"https:\/\/schema.org\",\"@graph\":[{\"@type\":\"Article\",\"@id\":\"https:\/\/brasilnoticias.org\/site\/governo-momeia-novos-superintendentes-regionais-da-pf-em-18-estados\/#article\",\"isPartOf\":{\"@id\":\"https:\/\/brasilnoticias.org\/site\/governo-momeia-novos-superintendentes-regionais-da-pf-em-18-estados\/\"},\"author\":{\"name\":\"Reda\u00e7\u00e3o\",\"@id\":\"https:\/\/brasilnoticias.org\/site\/#\/schema\/person\/a0e05b973ec4d15c658d51911e53507b\"},\"headline\":\"Governo momeia novos superintendentes regionais da PF em 18 Estados\",\"datePublished\":\"2023-01-19T21:10:52+00:00\",\"mainEntityOfPage\":{\"@id\":\"https:\/\/brasilnoticias.org\/site\/governo-momeia-novos-superintendentes-regionais-da-pf-em-18-estados\/\"},\"wordCount\":267,\"commentCount\":0,\"publisher\":{\"@id\":\"https:\/\/brasilnoticias.org\/site\/#organization\"},\"image\":{\"@id\":\"https:\/\/brasilnoticias.org\/site\/governo-momeia-novos-superintendentes-regionais-da-pf-em-18-estados\/#primaryimage\"},\"thumbnailUrl\":\"https:\/\/brasilnoticias.org\/site\/wp-content\/uploads\/2023\/01\/naom_606ef722d7844.jpg\",\"articleSection\":[\"Pol\u00edcia\",\"\u00daltimas\"],\"inLanguage\":\"pt-PT\",\"potentialAction\":[{\"@type\":\"CommentAction\",\"name\":\"Comment\",\"target\":[\"https:\/\/brasilnoticias.org\/site\/governo-momeia-novos-superintendentes-regionais-da-pf-em-18-estados\/#respond\"]}]},{\"@type\":\"WebPage\",\"@id\":\"https:\/\/brasilnoticias.org\/site\/governo-momeia-novos-superintendentes-regionais-da-pf-em-18-estados\/\",\"url\":\"https:\/\/brasilnoticias.org\/site\/governo-momeia-novos-superintendentes-regionais-da-pf-em-18-estados\/\",\"name\":\"Governo momeia novos superintendentes regionais da PF em 18 Estados - Brasil not\u00edcias\",\"isPartOf\":{\"@id\":\"https:\/\/brasilnoticias.org\/site\/#website\"},\"primaryImageOfPage\":{\"@id\":\"https:\/\/brasilnoticias.org\/site\/governo-momeia-novos-superintendentes-regionais-da-pf-em-18-estados\/#primaryimage\"},\"image\":{\"@id\":\"https:\/\/brasilnoticias.org\/site\/governo-momeia-novos-superintendentes-regionais-da-pf-em-18-estados\/#primaryimage\"},\"thumbnailUrl\":\"https:\/\/brasilnoticias.org\/site\/wp-content\/uploads\/2023\/01\/naom_606ef722d7844.jpg\",\"datePublished\":\"2023-01-19T21:10:52+00:00\",\"breadcrumb\":{\"@id\":\"https:\/\/brasilnoticias.org\/site\/governo-momeia-novos-superintendentes-regionais-da-pf-em-18-estados\/#breadcrumb\"},\"inLanguage\":\"pt-PT\",\"potentialAction\":[{\"@type\":\"ReadAction\",\"target\":[\"https:\/\/brasilnoticias.org\/site\/governo-momeia-novos-superintendentes-regionais-da-pf-em-18-estados\/\"]}]},{\"@type\":\"ImageObject\",\"inLanguage\":\"pt-PT\",\"@id\":\"https:\/\/brasilnoticias.org\/site\/governo-momeia-novos-superintendentes-regionais-da-pf-em-18-estados\/#primaryimage\",\"url\":\"https:\/\/brasilnoticias.org\/site\/wp-content\/uploads\/2023\/01\/naom_606ef722d7844.jpg\",\"contentUrl\":\"https:\/\/brasilnoticias.org\/site\/wp-content\/uploads\/2023\/01\/naom_606ef722d7844.jpg\",\"width\":960,\"height\":540},{\"@type\":\"BreadcrumbList\",\"@id\":\"https:\/\/brasilnoticias.org\/site\/governo-momeia-novos-superintendentes-regionais-da-pf-em-18-estados\/#breadcrumb\",\"itemListElement\":[{\"@type\":\"ListItem\",\"position\":1,\"name\":\"In\u00edcio\",\"item\":\"https:\/\/brasilnoticias.org\/site\/\"},{\"@type\":\"ListItem\",\"position\":2,\"name\":\"Governo momeia novos superintendentes regionais da PF em 18 Estados\"}]},{\"@type\":\"WebSite\",\"@id\":\"https:\/\/brasilnoticias.org\/site\/#website\",\"url\":\"https:\/\/brasilnoticias.org\/site\/\",\"name\":\"Brasil not\u00edcias\",\"description\":\"Brasil not\u00edcias\",\"publisher\":{\"@id\":\"https:\/\/brasilnoticias.org\/site\/#organization\"},\"potentialAction\":[{\"@type\":\"SearchAction\",\"target\":{\"@type\":\"EntryPoint\",\"urlTemplate\":\"https:\/\/brasilnoticias.org\/site\/?s={search_term_string}\"},\"query-input\":{\"@type\":\"PropertyValueSpecification\",\"valueRequired\":true,\"valueName\":\"search_term_string\"}}],\"inLanguage\":\"pt-PT\"},{\"@type\":\"Organization\",\"@id\":\"https:\/\/brasilnoticias.org\/site\/#organization\",\"name\":\"Brasil not\u00edcias\",\"url\":\"https:\/\/brasilnoticias.org\/site\/\",\"logo\":{\"@type\":\"ImageObject\",\"inLanguage\":\"pt-PT\",\"@id\":\"https:\/\/brasilnoticias.org\/site\/#\/schema\/logo\/image\/\",\"url\":\"https:\/\/brasilnoticias.org\/site\/wp-content\/uploads\/2022\/05\/cropped-brasilnoticias-mini.jpg\",\"contentUrl\":\"https:\/\/brasilnoticias.org\/site\/wp-content\/uploads\/2022\/05\/cropped-brasilnoticias-mini.jpg\",\"width\":314,\"height\":86,\"caption\":\"Brasil not\u00edcias\"},\"image\":{\"@id\":\"https:\/\/brasilnoticias.org\/site\/#\/schema\/logo\/image\/\"}},{\"@type\":\"Person\",\"@id\":\"https:\/\/brasilnoticias.org\/site\/#\/schema\/person\/a0e05b973ec4d15c658d51911e53507b\",\"name\":\"Reda\u00e7\u00e3o\",\"image\":{\"@type\":\"ImageObject\",\"inLanguage\":\"pt-PT\",\"@id\":\"https:\/\/brasilnoticias.org\/site\/#\/schema\/person\/image\/\",\"url\":\"https:\/\/secure.gravatar.com\/avatar\/75d8b050df2de108b08ae78dfb8e374892df24a383c67db9c46a9c604f6aee9c?s=96&d=mm&r=g\",\"contentUrl\":\"https:\/\/secure.gravatar.com\/avatar\/75d8b050df2de108b08ae78dfb8e374892df24a383c67db9c46a9c604f6aee9c?s=96&d=mm&r=g\",\"caption\":\"Reda\u00e7\u00e3o\"},\"sameAs\":[\"https:\/\/brasilnoticias.org\/site\"],\"url\":\"https:\/\/brasilnoticias.org\/site\/author\/fernandozsngmail-com\/\"}]}<\/script>\n<!-- \/ Yoast SEO plugin. -->","yoast_head_json":{"title":"Governo momeia novos superintendentes regionais da PF em 18 Estados - Brasil not\u00edcias","robots":{"index":"index","follow":"follow","max-snippet":"max-snippet:-1","max-image-preview":"max-image-preview:large","max-video-preview":"max-video-preview:-1"},"canonical":"https:\/\/brasilnoticias.org\/site\/governo-momeia-novos-superintendentes-regionais-da-pf-em-18-estados\/","og_locale":"pt_PT","og_type":"article","og_title":"Governo momeia novos superintendentes regionais da PF em 18 Estados - Brasil not\u00edcias","og_description":"O governo nomeou novos superintendentes regionais da Pol\u00edcia Federal (PF) em 18 Estados. Os atos de nomea\u00e7\u00e3o e de dispensa","og_url":"https:\/\/brasilnoticias.org\/site\/governo-momeia-novos-superintendentes-regionais-da-pf-em-18-estados\/","og_site_name":"Brasil not\u00edcias","article_published_time":"2023-01-19T21:10:52+00:00","og_image":[{"width":960,"height":540,"url":"https:\/\/brasilnoticias.org\/site\/wp-content\/uploads\/2023\/01\/naom_606ef722d7844.jpg","type":"image\/jpeg"}],"author":"Reda\u00e7\u00e3o","twitter_card":"summary_large_image","twitter_misc":{"Escrito por":"Reda\u00e7\u00e3o","Tempo estimado de leitura":"1 minuto"},"schema":{"@context":"https:\/\/schema.org","@graph":[{"@type":"Article","@id":"https:\/\/brasilnoticias.org\/site\/governo-momeia-novos-superintendentes-regionais-da-pf-em-18-estados\/#article","isPartOf":{"@id":"https:\/\/brasilnoticias.org\/site\/governo-momeia-novos-superintendentes-regionais-da-pf-em-18-estados\/"},"author":{"name":"Reda\u00e7\u00e3o","@id":"https:\/\/brasilnoticias.org\/site\/#\/schema\/person\/a0e05b973ec4d15c658d51911e53507b"},"headline":"Governo momeia novos superintendentes regionais da PF em 18 Estados","datePublished":"2023-01-19T21:10:52+00:00","mainEntityOfPage":{"@id":"https:\/\/brasilnoticias.org\/site\/governo-momeia-novos-superintendentes-regionais-da-pf-em-18-estados\/"},"wordCount":267,"commentCount":0,"publisher":{"@id":"https:\/\/brasilnoticias.org\/site\/#organization"},"image":{"@id":"https:\/\/brasilnoticias.org\/site\/governo-momeia-novos-superintendentes-regionais-da-pf-em-18-estados\/#primaryimage"},"thumbnailUrl":"https:\/\/brasilnoticias.org\/site\/wp-content\/uploads\/2023\/01\/naom_606ef722d7844.jpg","articleSection":["Pol\u00edcia","\u00daltimas"],"inLanguage":"pt-PT","potentialAction":[{"@type":"CommentAction","name":"Comment","target":["https:\/\/brasilnoticias.org\/site\/governo-momeia-novos-superintendentes-regionais-da-pf-em-18-estados\/#respond"]}]},{"@type":"WebPage","@id":"https:\/\/brasilnoticias.org\/site\/governo-momeia-novos-superintendentes-regionais-da-pf-em-18-estados\/","url":"https:\/\/brasilnoticias.org\/site\/governo-momeia-novos-superintendentes-regionais-da-pf-em-18-estados\/","name":"Governo momeia novos superintendentes regionais da PF em 18 Estados - Brasil not\u00edcias","isPartOf":{"@id":"https:\/\/brasilnoticias.org\/site\/#website"},"primaryImageOfPage":{"@id":"https:\/\/brasilnoticias.org\/site\/governo-momeia-novos-superintendentes-regionais-da-pf-em-18-estados\/#primaryimage"},"image":{"@id":"https:\/\/brasilnoticias.org\/site\/governo-momeia-novos-superintendentes-regionais-da-pf-em-18-estados\/#primaryimage"},"thumbnailUrl":"https:\/\/brasilnoticias.org\/site\/wp-content\/uploads\/2023\/01\/naom_606ef722d7844.jpg","datePublished":"2023-01-19T21:10:52+00:00","breadcrumb":{"@id":"https:\/\/brasilnoticias.org\/site\/governo-momeia-novos-superintendentes-regionais-da-pf-em-18-estados\/#breadcrumb"},"inLanguage":"pt-PT","potentialAction":[{"@type":"ReadAction","target":["https:\/\/brasilnoticias.org\/site\/governo-momeia-novos-superintendentes-regionais-da-pf-em-18-estados\/"]}]},{"@type":"ImageObject","inLanguage":"pt-PT","@id":"https:\/\/brasilnoticias.org\/site\/governo-momeia-novos-superintendentes-regionais-da-pf-em-18-estados\/#primaryimage","url":"https:\/\/brasilnoticias.org\/site\/wp-content\/uploads\/2023\/01\/naom_606ef722d7844.jpg","contentUrl":"https:\/\/brasilnoticias.org\/site\/wp-content\/uploads\/2023\/01\/naom_606ef722d7844.jpg","width":960,"height":540},{"@type":"BreadcrumbList","@id":"https:\/\/brasilnoticias.org\/site\/governo-momeia-novos-superintendentes-regionais-da-pf-em-18-estados\/#breadcrumb","itemListElement":[{"@type":"ListItem","position":1,"name":"In\u00edcio","item":"https:\/\/brasilnoticias.org\/site\/"},{"@type":"ListItem","position":2,"name":"Governo momeia novos superintendentes regionais da PF em 18 Estados"}]},{"@type":"WebSite","@id":"https:\/\/brasilnoticias.org\/site\/#website","url":"https:\/\/brasilnoticias.org\/site\/","name":"Brasil not\u00edcias","description":"Brasil not\u00edcias","publisher":{"@id":"https:\/\/brasilnoticias.org\/site\/#organization"},"potentialAction":[{"@type":"SearchAction","target":{"@type":"EntryPoint","urlTemplate":"https:\/\/brasilnoticias.org\/site\/?s={search_term_string}"},"query-input":{"@type":"PropertyValueSpecification","valueRequired":true,"valueName":"search_term_string"}}],"inLanguage":"pt-PT"},{"@type":"Organization","@id":"https:\/\/brasilnoticias.org\/site\/#organization","name":"Brasil not\u00edcias","url":"https:\/\/brasilnoticias.org\/site\/","logo":{"@type":"ImageObject","inLanguage":"pt-PT","@id":"https:\/\/brasilnoticias.org\/site\/#\/schema\/logo\/image\/","url":"https:\/\/brasilnoticias.org\/site\/wp-content\/uploads\/2022\/05\/cropped-brasilnoticias-mini.jpg","contentUrl":"https:\/\/brasilnoticias.org\/site\/wp-content\/uploads\/2022\/05\/cropped-brasilnoticias-mini.jpg","width":314,"height":86,"caption":"Brasil not\u00edcias"},"image":{"@id":"https:\/\/brasilnoticias.org\/site\/#\/schema\/logo\/image\/"}},{"@type":"Person","@id":"https:\/\/brasilnoticias.org\/site\/#\/schema\/person\/a0e05b973ec4d15c658d51911e53507b","name":"Reda\u00e7\u00e3o","image":{"@type":"ImageObject","inLanguage":"pt-PT","@id":"https:\/\/brasilnoticias.org\/site\/#\/schema\/person\/image\/","url":"https:\/\/secure.gravatar.com\/avatar\/75d8b050df2de108b08ae78dfb8e374892df24a383c67db9c46a9c604f6aee9c?s=96&d=mm&r=g","contentUrl":"https:\/\/secure.gravatar.com\/avatar\/75d8b050df2de108b08ae78dfb8e374892df24a383c67db9c46a9c604f6aee9c?s=96&d=mm&r=g","caption":"Reda\u00e7\u00e3o"},"sameAs":["https:\/\/brasilnoticias.org\/site"],"url":"https:\/\/brasilnoticias.org\/site\/author\/fernandozsngmail-com\/"}]}},"_links":{"self":[{"href":"https:\/\/brasilnoticias.org\/site\/wp-json\/wp\/v2\/posts\/3365","targetHints":{"allow":["GET"]}}],"collection":[{"href":"https:\/\/brasilnoticias.org\/site\/wp-json\/wp\/v2\/posts"}],"about":[{"href":"https:\/\/brasilnoticias.org\/site\/wp-json\/wp\/v2\/types\/post"}],"author":[{"embeddable":true,"href":"https:\/\/brasilnoticias.org\/site\/wp-json\/wp\/v2\/users\/1"}],"replies":[{"embeddable":true,"href":"https:\/\/brasilnoticias.org\/site\/wp-json\/wp\/v2\/comments?post=3365"}],"version-history":[{"count":2,"href":"https:\/\/brasilnoticias.org\/site\/wp-json\/wp\/v2\/posts\/3365\/revisions"}],"predecessor-version":[{"id":3368,"href":"https:\/\/brasilnoticias.org\/site\/wp-json\/wp\/v2\/posts\/3365\/revisions\/3368"}],"wp:featuredmedia":[{"embeddable":true,"href":"https:\/\/brasilnoticias.org\/site\/wp-json\/wp\/v2\/media\/3366"}],"wp:attachment":[{"href":"https:\/\/brasilnoticias.org\/site\/wp-json\/wp\/v2\/media?parent=3365"}],"wp:term":[{"taxonomy":"category","embeddable":true,"href":"https:\/\/brasilnoticias.org\/site\/wp-json\/wp\/v2\/categories?post=3365"},{"taxonomy":"post_tag","embeddable":true,"href":"https:\/\/brasilnoticias.org\/site\/wp-json\/wp\/v2\/tags?post=3365"}],"curies":[{"name":"wp","href":"https:\/\/api.w.org\/{rel}","templated":true}]}}