{"id":3372,"date":"2023-01-19T18:30:30","date_gmt":"2023-01-19T21:30:30","guid":{"rendered":"https:\/\/brasilnoticias.org\/site\/?p=3372"},"modified":"2023-01-19T13:59:58","modified_gmt":"2023-01-19T16:59:58","slug":"russia-ameaca-guerra-nuclear-contra-escalada-militar-do-ocidente-na-ucrania","status":"publish","type":"post","link":"https:\/\/brasilnoticias.org\/site\/russia-ameaca-guerra-nuclear-contra-escalada-militar-do-ocidente-na-ucrania\/","title":{"rendered":"R\u00fassia amea\u00e7a guerra nuclear contra escalada militar do Ocidente na Ucr\u00e2nia"},"content":{"rendered":"<p>A Guerra da Ucr\u00e2nia entra em sua 48\u00aa semana com um novo ponto de inflex\u00e3o no conflito entre a R\u00fassia, que invadiu o pa\u00eds vizinho em fevereiro passado, e o Ocidente, que tem sustentado militarmente os esfor\u00e7os de Kiev em resistir \u00e0 agress\u00e3o.<\/p>\n<p>&nbsp;<\/p>\n<p>Nesta quinta (19), v\u00e9spera da reuni\u00e3o em que aliados ucranianos prometem um pacote robusto de novas armas que pode incluir tanques de guerra at\u00e9 agora n\u00e3o enviados para o conflito, a R\u00fassia reagiu \u00e0 movimenta\u00e7\u00e3o amea\u00e7ando o emprego de sua bomba at\u00f4mica ret\u00f3rica: armas nucleares de verdade.<\/p>\n<p>Representante da linha dura do Kremlin, Dmitri Medvedev, que presidiu o pa\u00eds em nome de Vladimir Putin de 2008 a 2012, foi ao Telegram comentar o encontro desta sexta (20) do grupo de 50 pa\u00edses liderados pelas for\u00e7as da Otan (alian\u00e7a militar ocidental) na base americana de Ramstein, na Alemanha.<\/p>\n<p>&#8220;Baladeiros pol\u00edticos subdesenvolvidos repetem como mantra: &#8216;para obter a paz, a R\u00fassia precisa perder&#8217;. Nunca lhes ocorre trazer a seguinte conclus\u00e3o elementar disso: a derrota de uma pot\u00eancia nuclear numa guerra convencional pode levar a uma guerra nuclear. Pot\u00eancias nucleares n\u00e3o perdem conflitos em que seu destino est\u00e1 em jogo&#8221;, escreveu.<\/p>\n<p>O comunicado \u00e9 interessante. Se por um lado Medvedev repete o que j\u00e1 disse outras vezes, apelando a uma linha que j\u00e1 n\u00e3o comove tanto os pol\u00edticos ocidentais, por outro transparece uma franqueza inusitada: a admiss\u00e3o de que os russos podem ser derrotados.<\/p>\n<p>J\u00e1 no ambiente oficial do Kremlin, o porta-voz Dmitri Peskov foi numa linha semelhante ao comentar reportagem do jornal americano The New York Times, segundo a qual o governo de Joe Biden tem discutido apoiar uma eventual ofensiva ucraniana contra a Crimeia -pen\u00ednsula que foi anexada em 2014 pela R\u00fassia e \u00e9 a joia da coroa expansionista de Putin, sede de sua Frota do Mar Negro.<\/p>\n<p>A reportagem \u00e9 um bal\u00e3o de ensaio, como se diz no jarg\u00e3o pol\u00edtico: para tal ataque, primeiro Kiev precisaria retomar a prov\u00edncia de Kherson, algo que n\u00e3o parece t\u00e3o simples. Mas Peskov mordeu a isca e indicou a rea\u00e7\u00e3o russa.<\/p>\n<p>&#8220;Isso significaria elevar o conflito a um novo n\u00edvel que n\u00e3o acabar\u00e1 bem para a seguran\u00e7a europeia&#8221;, disse o porta-voz. Ele tamb\u00e9m falou sobre o coment\u00e1rio de Medvedev, e endossou o aliado: &#8220;Est\u00e1 de acordo com a doutrina nuclear russa&#8221;, disse, em refer\u00eancia a um dos preceitos para o emprego das armas inomin\u00e1veis: risco existencial para o Estado.<\/p>\n<p>Por outro lado, um an\u00fancio significativo por parte da Su\u00e9cia sugere que o Ocidente est\u00e1 disposto a testar novamente as linhas vermelhas constantemente redesenhadas pelo Kremlin. Tamb\u00e9m nesta quinta, o governo sueco, que negocia sua entrada na Otan, anunciou que vai colocar no megapacote militar de sexta um n\u00famero indeterminado de sistemas de artilharia Archer, do qual tem 48 unidades.<\/p>\n<p>\u00c9 um dos melhores obuseiros autopropulsados do mundo, e dependendo da muni\u00e7\u00e3o utilizada, pode atingir alvos a 50 km de dist\u00e2ncia. At\u00e9 aqui, a Ucr\u00e2nia dependia nessa categoria acima de 150 mm de calibre dos mais antiquados Msta-S sovi\u00e9ticos, dos quais dispunha de 40 antes do in\u00edcio da guerra.<\/p>\n<p>Estocolmo tamb\u00e9m promete enviar 50 carros de combate leves. Com isso, se soma \u00e0 ajuda que ser\u00e1 liderada por at\u00e9 US$ 2 bilh\u00f5es dos Estados Unidos -que j\u00e1 anunciaram incluir 50 blindados Bradley, a coisa mais pr\u00f3xima de um tanque de guerra por eles prometida a Kiev, e sistemas antia\u00e9reos Patriot.<\/p>\n<p>Aqui come\u00e7am os problemas dos ocidentais e seus aliados, todos sob o guarda-chuva americano da Otan. O governo de Volodimir Zelenski quer 300 tanques para segurar a ofensiva russa no leste do pa\u00eds, que nesta quinta parece ter chegado ainda mais perto da vital cidade de Bakhmut, em Donetsk (Donbass).<\/p>\n<p>Especialistas falam que 100 tanques novos j\u00e1 ajudariam a equilibrar o jogo. At\u00e9 aqui, a Otan evitava falar no envio de tanques por temer a rea\u00e7\u00e3o russa. Isso mudou, e o Reino Unido fez o primeiro an\u00fancio sobre armas do tipo nesta semana, prometendo 14 Challenger-2 para o pacote europeu (que inclui aliados como Austr\u00e1lia) de sexta.<\/p>\n<p>Tudo isso elevou a press\u00e3o sobre a Alemanha, que produz o tanque moderno mais utilizado na Europa, o Leopard-2. N\u00e3o s\u00f3 para enviar alguns dos seus 376 blindados, mas principalmente para autorizar os outros operadores a enviar seu produto para uma terceira parte.<\/p>\n<p>Berlim resiste, apesar de a quest\u00e3o ter ajudado a derrubar a sua ministra da Defesa, Christine Lambrecht, na segunda (16). O premi\u00ea Olaf Scholz foi cobrado no F\u00f3rum Econ\u00f4mico Mundial em Davos (Su\u00ed\u00e7a) por colegas europeus sobre o tema, e voltou a dizer que \u00e9 preciso cautela.<\/p>\n<p>Na quarta (18), autoridades alem\u00e3o falaram anonimamente que Berlim s\u00f3 liberaria os Leopard se Washington enviasse seus poderoso tanques M-1A2 Abrams para o conflito. A rea\u00e7\u00e3o americana foi imediata.<\/p>\n<p>&#8220;Acho que n\u00e3o estamos l\u00e1 ainda. O Abrams \u00e9 um equipamento complexo, caro, dif\u00edcil de treinar seu uso&#8221;, afirmou Colin Kahl, assessor do Pent\u00e1gono. O tanque usa um motor com turbina, como o T-80 russo, o que eleva o desempenho, mas o torna um beberr\u00e3o de combust\u00edvel -algo que a Ucr\u00e2nia n\u00e3o tem sobrando.<\/p>\n<p>Enquanto o debate ocorre, os ucranianos elevam a cobran\u00e7a com os russos atacando a leste. &#8220;N\u00f3s n\u00e3o temos tempo. A quest\u00e3o dos tanques precisa ser resolvida o mais rapidamente poss\u00edvel, n\u00f3s estamos pagando pela demora com a vida do nosso povo&#8221;, afirmou no Telegram o assessor presidencial Andrii Iermak.<\/p>\n<p>Foto Getty<\/p>\n<p>Not\u00edcias ao minuto<\/p>\n<p>&nbsp;<\/p>\n","protected":false},"excerpt":{"rendered":"<p>A Guerra da Ucr\u00e2nia entra em sua 48\u00aa semana com um novo ponto de inflex\u00e3o no conflito entre a R\u00fassia,<\/p>\n","protected":false},"author":1,"featured_media":3373,"comment_status":"open","ping_status":"open","sticky":false,"template":"","format":"standard","meta":{"colormag_page_container_layout":"default_layout","colormag_page_sidebar_layout":"default_layout","_FSMCFIC_featured_image_caption":"","_FSMCFIC_featured_image_nocaption":"","_FSMCFIC_featured_image_hide":"","footnotes":""},"categories":[2,1],"tags":[],"class_list":["post-3372","post","type-post","status-publish","format-standard","has-post-thumbnail","hentry","category-noticias","category-ultimas"],"yoast_head":"<!-- This site is optimized with the Yoast SEO plugin v27.1.1 - https:\/\/yoast.com\/product\/yoast-seo-wordpress\/ -->\n<title>R\u00fassia amea\u00e7a guerra nuclear contra escalada militar do Ocidente na Ucr\u00e2nia - Brasil not\u00edcias<\/title>\n<meta name=\"robots\" content=\"index, follow, max-snippet:-1, max-image-preview:large, max-video-preview:-1\" \/>\n<link rel=\"canonical\" href=\"https:\/\/brasilnoticias.org\/site\/russia-ameaca-guerra-nuclear-contra-escalada-militar-do-ocidente-na-ucrania\/\" \/>\n<meta property=\"og:locale\" content=\"pt_PT\" \/>\n<meta property=\"og:type\" content=\"article\" \/>\n<meta property=\"og:title\" content=\"R\u00fassia amea\u00e7a guerra nuclear contra escalada militar do Ocidente na Ucr\u00e2nia - Brasil not\u00edcias\" \/>\n<meta property=\"og:description\" content=\"A Guerra da Ucr\u00e2nia entra em sua 48\u00aa semana com um novo ponto de inflex\u00e3o no conflito entre a R\u00fassia,\" \/>\n<meta property=\"og:url\" content=\"https:\/\/brasilnoticias.org\/site\/russia-ameaca-guerra-nuclear-contra-escalada-militar-do-ocidente-na-ucrania\/\" \/>\n<meta property=\"og:site_name\" content=\"Brasil not\u00edcias\" \/>\n<meta property=\"article:published_time\" content=\"2023-01-19T21:30:30+00:00\" \/>\n<meta property=\"og:image\" content=\"https:\/\/brasilnoticias.org\/site\/wp-content\/uploads\/2023\/01\/naom_63594e73473e7-1.jpg\" \/>\n\t<meta property=\"og:image:width\" content=\"960\" \/>\n\t<meta property=\"og:image:height\" content=\"540\" \/>\n\t<meta property=\"og:image:type\" content=\"image\/jpeg\" \/>\n<meta name=\"author\" content=\"Reda\u00e7\u00e3o\" \/>\n<meta name=\"twitter:card\" content=\"summary_large_image\" \/>\n<meta name=\"twitter:label1\" content=\"Escrito por\" \/>\n\t<meta name=\"twitter:data1\" content=\"Reda\u00e7\u00e3o\" \/>\n\t<meta name=\"twitter:label2\" content=\"Tempo estimado de leitura\" \/>\n\t<meta name=\"twitter:data2\" content=\"5 minutos\" \/>\n<script type=\"application\/ld+json\" class=\"yoast-schema-graph\">{\"@context\":\"https:\/\/schema.org\",\"@graph\":[{\"@type\":\"Article\",\"@id\":\"https:\/\/brasilnoticias.org\/site\/russia-ameaca-guerra-nuclear-contra-escalada-militar-do-ocidente-na-ucrania\/#article\",\"isPartOf\":{\"@id\":\"https:\/\/brasilnoticias.org\/site\/russia-ameaca-guerra-nuclear-contra-escalada-militar-do-ocidente-na-ucrania\/\"},\"author\":{\"name\":\"Reda\u00e7\u00e3o\",\"@id\":\"https:\/\/brasilnoticias.org\/site\/#\/schema\/person\/a0e05b973ec4d15c658d51911e53507b\"},\"headline\":\"R\u00fassia amea\u00e7a guerra nuclear contra escalada militar do Ocidente na Ucr\u00e2nia\",\"datePublished\":\"2023-01-19T21:30:30+00:00\",\"mainEntityOfPage\":{\"@id\":\"https:\/\/brasilnoticias.org\/site\/russia-ameaca-guerra-nuclear-contra-escalada-militar-do-ocidente-na-ucrania\/\"},\"wordCount\":963,\"commentCount\":0,\"publisher\":{\"@id\":\"https:\/\/brasilnoticias.org\/site\/#organization\"},\"image\":{\"@id\":\"https:\/\/brasilnoticias.org\/site\/russia-ameaca-guerra-nuclear-contra-escalada-militar-do-ocidente-na-ucrania\/#primaryimage\"},\"thumbnailUrl\":\"https:\/\/brasilnoticias.org\/site\/wp-content\/uploads\/2023\/01\/naom_63594e73473e7-1.jpg\",\"articleSection\":[\"Not\u00edcias\",\"\u00daltimas\"],\"inLanguage\":\"pt-PT\",\"potentialAction\":[{\"@type\":\"CommentAction\",\"name\":\"Comment\",\"target\":[\"https:\/\/brasilnoticias.org\/site\/russia-ameaca-guerra-nuclear-contra-escalada-militar-do-ocidente-na-ucrania\/#respond\"]}]},{\"@type\":\"WebPage\",\"@id\":\"https:\/\/brasilnoticias.org\/site\/russia-ameaca-guerra-nuclear-contra-escalada-militar-do-ocidente-na-ucrania\/\",\"url\":\"https:\/\/brasilnoticias.org\/site\/russia-ameaca-guerra-nuclear-contra-escalada-militar-do-ocidente-na-ucrania\/\",\"name\":\"R\u00fassia amea\u00e7a guerra nuclear contra escalada militar do Ocidente na Ucr\u00e2nia - Brasil not\u00edcias\",\"isPartOf\":{\"@id\":\"https:\/\/brasilnoticias.org\/site\/#website\"},\"primaryImageOfPage\":{\"@id\":\"https:\/\/brasilnoticias.org\/site\/russia-ameaca-guerra-nuclear-contra-escalada-militar-do-ocidente-na-ucrania\/#primaryimage\"},\"image\":{\"@id\":\"https:\/\/brasilnoticias.org\/site\/russia-ameaca-guerra-nuclear-contra-escalada-militar-do-ocidente-na-ucrania\/#primaryimage\"},\"thumbnailUrl\":\"https:\/\/brasilnoticias.org\/site\/wp-content\/uploads\/2023\/01\/naom_63594e73473e7-1.jpg\",\"datePublished\":\"2023-01-19T21:30:30+00:00\",\"breadcrumb\":{\"@id\":\"https:\/\/brasilnoticias.org\/site\/russia-ameaca-guerra-nuclear-contra-escalada-militar-do-ocidente-na-ucrania\/#breadcrumb\"},\"inLanguage\":\"pt-PT\",\"potentialAction\":[{\"@type\":\"ReadAction\",\"target\":[\"https:\/\/brasilnoticias.org\/site\/russia-ameaca-guerra-nuclear-contra-escalada-militar-do-ocidente-na-ucrania\/\"]}]},{\"@type\":\"ImageObject\",\"inLanguage\":\"pt-PT\",\"@id\":\"https:\/\/brasilnoticias.org\/site\/russia-ameaca-guerra-nuclear-contra-escalada-militar-do-ocidente-na-ucrania\/#primaryimage\",\"url\":\"https:\/\/brasilnoticias.org\/site\/wp-content\/uploads\/2023\/01\/naom_63594e73473e7-1.jpg\",\"contentUrl\":\"https:\/\/brasilnoticias.org\/site\/wp-content\/uploads\/2023\/01\/naom_63594e73473e7-1.jpg\",\"width\":960,\"height\":540},{\"@type\":\"BreadcrumbList\",\"@id\":\"https:\/\/brasilnoticias.org\/site\/russia-ameaca-guerra-nuclear-contra-escalada-militar-do-ocidente-na-ucrania\/#breadcrumb\",\"itemListElement\":[{\"@type\":\"ListItem\",\"position\":1,\"name\":\"In\u00edcio\",\"item\":\"https:\/\/brasilnoticias.org\/site\/\"},{\"@type\":\"ListItem\",\"position\":2,\"name\":\"R\u00fassia amea\u00e7a guerra nuclear contra escalada militar do Ocidente na Ucr\u00e2nia\"}]},{\"@type\":\"WebSite\",\"@id\":\"https:\/\/brasilnoticias.org\/site\/#website\",\"url\":\"https:\/\/brasilnoticias.org\/site\/\",\"name\":\"Brasil not\u00edcias\",\"description\":\"Brasil not\u00edcias\",\"publisher\":{\"@id\":\"https:\/\/brasilnoticias.org\/site\/#organization\"},\"potentialAction\":[{\"@type\":\"SearchAction\",\"target\":{\"@type\":\"EntryPoint\",\"urlTemplate\":\"https:\/\/brasilnoticias.org\/site\/?s={search_term_string}\"},\"query-input\":{\"@type\":\"PropertyValueSpecification\",\"valueRequired\":true,\"valueName\":\"search_term_string\"}}],\"inLanguage\":\"pt-PT\"},{\"@type\":\"Organization\",\"@id\":\"https:\/\/brasilnoticias.org\/site\/#organization\",\"name\":\"Brasil not\u00edcias\",\"url\":\"https:\/\/brasilnoticias.org\/site\/\",\"logo\":{\"@type\":\"ImageObject\",\"inLanguage\":\"pt-PT\",\"@id\":\"https:\/\/brasilnoticias.org\/site\/#\/schema\/logo\/image\/\",\"url\":\"https:\/\/brasilnoticias.org\/site\/wp-content\/uploads\/2022\/05\/cropped-brasilnoticias-mini.jpg\",\"contentUrl\":\"https:\/\/brasilnoticias.org\/site\/wp-content\/uploads\/2022\/05\/cropped-brasilnoticias-mini.jpg\",\"width\":314,\"height\":86,\"caption\":\"Brasil not\u00edcias\"},\"image\":{\"@id\":\"https:\/\/brasilnoticias.org\/site\/#\/schema\/logo\/image\/\"}},{\"@type\":\"Person\",\"@id\":\"https:\/\/brasilnoticias.org\/site\/#\/schema\/person\/a0e05b973ec4d15c658d51911e53507b\",\"name\":\"Reda\u00e7\u00e3o\",\"image\":{\"@type\":\"ImageObject\",\"inLanguage\":\"pt-PT\",\"@id\":\"https:\/\/brasilnoticias.org\/site\/#\/schema\/person\/image\/\",\"url\":\"https:\/\/secure.gravatar.com\/avatar\/75d8b050df2de108b08ae78dfb8e374892df24a383c67db9c46a9c604f6aee9c?s=96&d=mm&r=g\",\"contentUrl\":\"https:\/\/secure.gravatar.com\/avatar\/75d8b050df2de108b08ae78dfb8e374892df24a383c67db9c46a9c604f6aee9c?s=96&d=mm&r=g\",\"caption\":\"Reda\u00e7\u00e3o\"},\"sameAs\":[\"https:\/\/brasilnoticias.org\/site\"],\"url\":\"https:\/\/brasilnoticias.org\/site\/author\/fernandozsngmail-com\/\"}]}<\/script>\n<!-- \/ Yoast SEO plugin. -->","yoast_head_json":{"title":"R\u00fassia amea\u00e7a guerra nuclear contra escalada militar do Ocidente na Ucr\u00e2nia - Brasil not\u00edcias","robots":{"index":"index","follow":"follow","max-snippet":"max-snippet:-1","max-image-preview":"max-image-preview:large","max-video-preview":"max-video-preview:-1"},"canonical":"https:\/\/brasilnoticias.org\/site\/russia-ameaca-guerra-nuclear-contra-escalada-militar-do-ocidente-na-ucrania\/","og_locale":"pt_PT","og_type":"article","og_title":"R\u00fassia amea\u00e7a guerra nuclear contra escalada militar do Ocidente na Ucr\u00e2nia - Brasil not\u00edcias","og_description":"A Guerra da Ucr\u00e2nia entra em sua 48\u00aa semana com um novo ponto de inflex\u00e3o no conflito entre a R\u00fassia,","og_url":"https:\/\/brasilnoticias.org\/site\/russia-ameaca-guerra-nuclear-contra-escalada-militar-do-ocidente-na-ucrania\/","og_site_name":"Brasil not\u00edcias","article_published_time":"2023-01-19T21:30:30+00:00","og_image":[{"width":960,"height":540,"url":"https:\/\/brasilnoticias.org\/site\/wp-content\/uploads\/2023\/01\/naom_63594e73473e7-1.jpg","type":"image\/jpeg"}],"author":"Reda\u00e7\u00e3o","twitter_card":"summary_large_image","twitter_misc":{"Escrito por":"Reda\u00e7\u00e3o","Tempo estimado de leitura":"5 minutos"},"schema":{"@context":"https:\/\/schema.org","@graph":[{"@type":"Article","@id":"https:\/\/brasilnoticias.org\/site\/russia-ameaca-guerra-nuclear-contra-escalada-militar-do-ocidente-na-ucrania\/#article","isPartOf":{"@id":"https:\/\/brasilnoticias.org\/site\/russia-ameaca-guerra-nuclear-contra-escalada-militar-do-ocidente-na-ucrania\/"},"author":{"name":"Reda\u00e7\u00e3o","@id":"https:\/\/brasilnoticias.org\/site\/#\/schema\/person\/a0e05b973ec4d15c658d51911e53507b"},"headline":"R\u00fassia amea\u00e7a guerra nuclear contra escalada militar do Ocidente na Ucr\u00e2nia","datePublished":"2023-01-19T21:30:30+00:00","mainEntityOfPage":{"@id":"https:\/\/brasilnoticias.org\/site\/russia-ameaca-guerra-nuclear-contra-escalada-militar-do-ocidente-na-ucrania\/"},"wordCount":963,"commentCount":0,"publisher":{"@id":"https:\/\/brasilnoticias.org\/site\/#organization"},"image":{"@id":"https:\/\/brasilnoticias.org\/site\/russia-ameaca-guerra-nuclear-contra-escalada-militar-do-ocidente-na-ucrania\/#primaryimage"},"thumbnailUrl":"https:\/\/brasilnoticias.org\/site\/wp-content\/uploads\/2023\/01\/naom_63594e73473e7-1.jpg","articleSection":["Not\u00edcias","\u00daltimas"],"inLanguage":"pt-PT","potentialAction":[{"@type":"CommentAction","name":"Comment","target":["https:\/\/brasilnoticias.org\/site\/russia-ameaca-guerra-nuclear-contra-escalada-militar-do-ocidente-na-ucrania\/#respond"]}]},{"@type":"WebPage","@id":"https:\/\/brasilnoticias.org\/site\/russia-ameaca-guerra-nuclear-contra-escalada-militar-do-ocidente-na-ucrania\/","url":"https:\/\/brasilnoticias.org\/site\/russia-ameaca-guerra-nuclear-contra-escalada-militar-do-ocidente-na-ucrania\/","name":"R\u00fassia amea\u00e7a guerra nuclear contra escalada militar do Ocidente na Ucr\u00e2nia - Brasil not\u00edcias","isPartOf":{"@id":"https:\/\/brasilnoticias.org\/site\/#website"},"primaryImageOfPage":{"@id":"https:\/\/brasilnoticias.org\/site\/russia-ameaca-guerra-nuclear-contra-escalada-militar-do-ocidente-na-ucrania\/#primaryimage"},"image":{"@id":"https:\/\/brasilnoticias.org\/site\/russia-ameaca-guerra-nuclear-contra-escalada-militar-do-ocidente-na-ucrania\/#primaryimage"},"thumbnailUrl":"https:\/\/brasilnoticias.org\/site\/wp-content\/uploads\/2023\/01\/naom_63594e73473e7-1.jpg","datePublished":"2023-01-19T21:30:30+00:00","breadcrumb":{"@id":"https:\/\/brasilnoticias.org\/site\/russia-ameaca-guerra-nuclear-contra-escalada-militar-do-ocidente-na-ucrania\/#breadcrumb"},"inLanguage":"pt-PT","potentialAction":[{"@type":"ReadAction","target":["https:\/\/brasilnoticias.org\/site\/russia-ameaca-guerra-nuclear-contra-escalada-militar-do-ocidente-na-ucrania\/"]}]},{"@type":"ImageObject","inLanguage":"pt-PT","@id":"https:\/\/brasilnoticias.org\/site\/russia-ameaca-guerra-nuclear-contra-escalada-militar-do-ocidente-na-ucrania\/#primaryimage","url":"https:\/\/brasilnoticias.org\/site\/wp-content\/uploads\/2023\/01\/naom_63594e73473e7-1.jpg","contentUrl":"https:\/\/brasilnoticias.org\/site\/wp-content\/uploads\/2023\/01\/naom_63594e73473e7-1.jpg","width":960,"height":540},{"@type":"BreadcrumbList","@id":"https:\/\/brasilnoticias.org\/site\/russia-ameaca-guerra-nuclear-contra-escalada-militar-do-ocidente-na-ucrania\/#breadcrumb","itemListElement":[{"@type":"ListItem","position":1,"name":"In\u00edcio","item":"https:\/\/brasilnoticias.org\/site\/"},{"@type":"ListItem","position":2,"name":"R\u00fassia amea\u00e7a guerra nuclear contra escalada militar do Ocidente na Ucr\u00e2nia"}]},{"@type":"WebSite","@id":"https:\/\/brasilnoticias.org\/site\/#website","url":"https:\/\/brasilnoticias.org\/site\/","name":"Brasil not\u00edcias","description":"Brasil not\u00edcias","publisher":{"@id":"https:\/\/brasilnoticias.org\/site\/#organization"},"potentialAction":[{"@type":"SearchAction","target":{"@type":"EntryPoint","urlTemplate":"https:\/\/brasilnoticias.org\/site\/?s={search_term_string}"},"query-input":{"@type":"PropertyValueSpecification","valueRequired":true,"valueName":"search_term_string"}}],"inLanguage":"pt-PT"},{"@type":"Organization","@id":"https:\/\/brasilnoticias.org\/site\/#organization","name":"Brasil not\u00edcias","url":"https:\/\/brasilnoticias.org\/site\/","logo":{"@type":"ImageObject","inLanguage":"pt-PT","@id":"https:\/\/brasilnoticias.org\/site\/#\/schema\/logo\/image\/","url":"https:\/\/brasilnoticias.org\/site\/wp-content\/uploads\/2022\/05\/cropped-brasilnoticias-mini.jpg","contentUrl":"https:\/\/brasilnoticias.org\/site\/wp-content\/uploads\/2022\/05\/cropped-brasilnoticias-mini.jpg","width":314,"height":86,"caption":"Brasil not\u00edcias"},"image":{"@id":"https:\/\/brasilnoticias.org\/site\/#\/schema\/logo\/image\/"}},{"@type":"Person","@id":"https:\/\/brasilnoticias.org\/site\/#\/schema\/person\/a0e05b973ec4d15c658d51911e53507b","name":"Reda\u00e7\u00e3o","image":{"@type":"ImageObject","inLanguage":"pt-PT","@id":"https:\/\/brasilnoticias.org\/site\/#\/schema\/person\/image\/","url":"https:\/\/secure.gravatar.com\/avatar\/75d8b050df2de108b08ae78dfb8e374892df24a383c67db9c46a9c604f6aee9c?s=96&d=mm&r=g","contentUrl":"https:\/\/secure.gravatar.com\/avatar\/75d8b050df2de108b08ae78dfb8e374892df24a383c67db9c46a9c604f6aee9c?s=96&d=mm&r=g","caption":"Reda\u00e7\u00e3o"},"sameAs":["https:\/\/brasilnoticias.org\/site"],"url":"https:\/\/brasilnoticias.org\/site\/author\/fernandozsngmail-com\/"}]}},"_links":{"self":[{"href":"https:\/\/brasilnoticias.org\/site\/wp-json\/wp\/v2\/posts\/3372","targetHints":{"allow":["GET"]}}],"collection":[{"href":"https:\/\/brasilnoticias.org\/site\/wp-json\/wp\/v2\/posts"}],"about":[{"href":"https:\/\/brasilnoticias.org\/site\/wp-json\/wp\/v2\/types\/post"}],"author":[{"embeddable":true,"href":"https:\/\/brasilnoticias.org\/site\/wp-json\/wp\/v2\/users\/1"}],"replies":[{"embeddable":true,"href":"https:\/\/brasilnoticias.org\/site\/wp-json\/wp\/v2\/comments?post=3372"}],"version-history":[{"count":1,"href":"https:\/\/brasilnoticias.org\/site\/wp-json\/wp\/v2\/posts\/3372\/revisions"}],"predecessor-version":[{"id":3374,"href":"https:\/\/brasilnoticias.org\/site\/wp-json\/wp\/v2\/posts\/3372\/revisions\/3374"}],"wp:featuredmedia":[{"embeddable":true,"href":"https:\/\/brasilnoticias.org\/site\/wp-json\/wp\/v2\/media\/3373"}],"wp:attachment":[{"href":"https:\/\/brasilnoticias.org\/site\/wp-json\/wp\/v2\/media?parent=3372"}],"wp:term":[{"taxonomy":"category","embeddable":true,"href":"https:\/\/brasilnoticias.org\/site\/wp-json\/wp\/v2\/categories?post=3372"},{"taxonomy":"post_tag","embeddable":true,"href":"https:\/\/brasilnoticias.org\/site\/wp-json\/wp\/v2\/tags?post=3372"}],"curies":[{"name":"wp","href":"https:\/\/api.w.org\/{rel}","templated":true}]}}