{"id":3376,"date":"2023-01-20T07:00:55","date_gmt":"2023-01-20T10:00:55","guid":{"rendered":"https:\/\/brasilnoticias.org\/site\/?p=3376"},"modified":"2023-01-20T06:15:53","modified_gmt":"2023-01-20T09:15:53","slug":"golaco-de-raphael-veiga-garante-primeira-vitoria-do-palmeiras-no-paulistao","status":"publish","type":"post","link":"https:\/\/brasilnoticias.org\/site\/golaco-de-raphael-veiga-garante-primeira-vitoria-do-palmeiras-no-paulistao\/","title":{"rendered":"Gola\u00e7o de Raphael Veiga garante primeira vit\u00f3ria do Palmeiras no Paulist\u00e3o"},"content":{"rendered":"<p>Uma pintura de Raphael Veiga deu ao Palmeiras sua primeira vit\u00f3ria no Campeonato Paulista. O meio-campista acertou de muito longe o \u00e2ngulo e marcou no primeiro tempo o gol que garantiu o triunfo do atual campe\u00e3o estadual sobre o Botafogo, em Ribeir\u00e3o Preto, na noite desta quinta-feira, por 1 a 0.<br \/>\nA vit\u00f3ria foi conquistada apesar do futebol ruim apresentado pelo Palmeiras no interior. O time foi acuado pelo rival em Ribeir\u00e3o Preto e n\u00e3o voltou \u00e0 capital com um empate ou at\u00e9 mesmo derrotado em raz\u00e3o da inefici\u00eancia do advers\u00e1rio em suas chegadas ao ataque.<\/p>\n<p>Veiga salvou a noite e garantiu os primeiros tr\u00eas pontos ao campe\u00e3o brasileiro, que faz seu primeiro cl\u00e1ssico no ano no domingo, diante do S\u00e3o Paulo, no Allianz Parque. A equipe agora divide a lideran\u00e7a do Grupo D, com quatro pontos, com o S\u00e3o Bernardo. O Botafogo tem tr\u00eas e \u00e9 o segundo do A.<\/p>\n<p>O Palmeiras teve mais sorte que ju\u00edzo no primeiro tempo. Foi dominado como h\u00e1 muito tempo n\u00e3o era, sobretudo por um advers\u00e1rio inferior, e s\u00f3 terminou a etapa inicial em vantagem por causa do talento de Raphael Veiga e da inefic\u00e1cia do rival de Ribeir\u00e3o Preto no ataque.<\/p>\n<p>O Botafogo teve mais posse de bola, mais escanteios, finalizou mais vezes, criou ao menos seis chances para marcar, mas n\u00e3o fez e ainda levou. Levou porque o Palmeiras, ainda que tenha feito um de seus piores primeiros tempos, tem Raphael Veiga, figura com import\u00e2ncia em dobro para o elenco depois da sa\u00edda de Gustavo Scarpa.<\/p>\n<p>Veiga foi \u00e0s redes de muito longe. Enxergou o goleiro adiantado e, num chute potente e de rara felicidade, acertou o \u00e2ngulo direito aos 24 minutos. Foi seu primeiro gol em 2023 e tamb\u00e9m da equipe, que empatara com o S\u00e3o Bento na estreia.<\/p>\n<p>O gol foi lindo, mas foi s\u00f3 o que produziu os visitantes na etapa inicial. Algo incomum, a defesa palmeirense bateu cabe\u00e7a e sofreu. Desorganizado, o time passou sufoco nas bolas a\u00e9reas e nos contra-ataques armados pelo Botafogo. Weverton trabalhou e tamb\u00e9m torceu para a bola n\u00e3o entrar nos chutes de Osman e Salatiel. Jailson, o pior em campo, falhou na marca\u00e7\u00e3o e na constru\u00e7\u00e3o das jogadas, refor\u00e7ando que n\u00e3o ser\u00e1 f\u00e1cil para Abel reajustar a equipe sem Danilo.<\/p>\n<p>Jailson foi substitu\u00eddo no intervalo. Mesmo que n\u00e3o tenha feito muito, Atuesta, o escolhido para entrar, ajudou o Palmeiras a reter a bola. O time melhorou e, de dominado, passou a dominar o rival do interior paulista.<\/p>\n<p>N\u00e3o ampliou porque o goleiro Rafael Pascoal trabalhou com compet\u00eancia nas conclus\u00f5es de Marcos Rocha e Breno Lopes, este que tamb\u00e9m deixou o banco na etapa complementar.<\/p>\n<p>Foi mais 45 minutos de correria e intensidade, mas um futebol pobre tecnicamente, de bolas longas e esticadas. Essa configura\u00e7\u00e3o foi ben\u00e9fica ao Palmeiras, que sustentou o resultado e obteve sua primeira vit\u00f3ria no Estadual.<\/p>\n<p>FICHA T\u00c9CNICA<\/p>\n<p>BOTAFOGO 0 X 1 PALMEIRAS<\/p>\n<p>BOTAFOGO &#8211; Rafael Pascoal; Vidal (Th\u00e1ssio), Lucas Dias, Marcel, Diogo Silva e Jean; T\u00e1rik, Fellipe Soutto (Lucas Louren\u00e7o) e Guilherme (Robinho); Salatiel (Caio Dantas) e Osman (Edson Carioca). T\u00e9cnico: Paulo Baier.<\/p>\n<p>PALMEIRAS &#8211; Weverton; Marcos Rocha (Garcia), G\u00f3mez, Murilo e Piquerez; Ja\u00edlson (Atuesta), Z\u00e9 Rafael e Raphael Veiga (Gabriel Menino); Dudu (Breno Lopes), Rony e Endrick (Navarro). T\u00e9cnico: Abel Ferreira.<\/p>\n<p>GOL &#8211; Raphael Veiga, aos 24 minutos do primeiro tempo.<\/p>\n<p>\u00c1RBITRO &#8211; Luiz Fl\u00e1vio de Oliveira.<\/p>\n<p>CART\u00d5ES AMARELOS &#8211; Endrick, G\u00f3mez e Abel Ferreira (Palmeiras; Lucas Louren\u00e7o (Botafogo).<\/p>\n<p>P\u00daBLICO &#8211; 19.395 torcedores.<\/p>\n<p>RENDA &#8211; R$ 1.273.425,00.<\/p>\n<p>LOCAL &#8211; Est\u00e1dio Santa Cruz, em Ribeir\u00e3o Preto.<\/p>\n<p>&nbsp;<\/p>\n<p>Foto Getty<br \/>\nNot\u00edcias ao minuto<\/p>\n","protected":false},"excerpt":{"rendered":"<p>Uma pintura de Raphael Veiga deu ao Palmeiras sua primeira vit\u00f3ria no Campeonato Paulista. O meio-campista acertou de muito longe<\/p>\n","protected":false},"author":1,"featured_media":3377,"comment_status":"open","ping_status":"open","sticky":false,"template":"","format":"standard","meta":{"colormag_page_container_layout":"default_layout","colormag_page_sidebar_layout":"default_layout","_FSMCFIC_featured_image_caption":"","_FSMCFIC_featured_image_nocaption":"","_FSMCFIC_featured_image_hide":"","footnotes":""},"categories":[4,1],"tags":[],"class_list":["post-3376","post","type-post","status-publish","format-standard","has-post-thumbnail","hentry","category-esporte","category-ultimas"],"yoast_head":"<!-- This site is optimized with the Yoast SEO plugin v27.1.1 - https:\/\/yoast.com\/product\/yoast-seo-wordpress\/ -->\n<title>Gola\u00e7o de Raphael Veiga garante primeira vit\u00f3ria do Palmeiras no Paulist\u00e3o - Brasil not\u00edcias<\/title>\n<meta name=\"robots\" content=\"index, follow, max-snippet:-1, max-image-preview:large, max-video-preview:-1\" \/>\n<link rel=\"canonical\" href=\"https:\/\/brasilnoticias.org\/site\/golaco-de-raphael-veiga-garante-primeira-vitoria-do-palmeiras-no-paulistao\/\" \/>\n<meta property=\"og:locale\" content=\"pt_PT\" \/>\n<meta property=\"og:type\" content=\"article\" \/>\n<meta property=\"og:title\" content=\"Gola\u00e7o de Raphael Veiga garante primeira vit\u00f3ria do Palmeiras no Paulist\u00e3o - Brasil not\u00edcias\" \/>\n<meta property=\"og:description\" content=\"Uma pintura de Raphael Veiga deu ao Palmeiras sua primeira vit\u00f3ria no Campeonato Paulista. O meio-campista acertou de muito longe\" \/>\n<meta property=\"og:url\" content=\"https:\/\/brasilnoticias.org\/site\/golaco-de-raphael-veiga-garante-primeira-vitoria-do-palmeiras-no-paulistao\/\" \/>\n<meta property=\"og:site_name\" content=\"Brasil not\u00edcias\" \/>\n<meta property=\"article:published_time\" content=\"2023-01-20T10:00:55+00:00\" \/>\n<meta property=\"og:image\" content=\"https:\/\/brasilnoticias.org\/site\/wp-content\/uploads\/2023\/01\/naom_62947da850958.jpg\" \/>\n\t<meta property=\"og:image:width\" content=\"960\" \/>\n\t<meta property=\"og:image:height\" content=\"540\" \/>\n\t<meta property=\"og:image:type\" content=\"image\/jpeg\" \/>\n<meta name=\"author\" content=\"Reda\u00e7\u00e3o\" \/>\n<meta name=\"twitter:card\" content=\"summary_large_image\" \/>\n<meta name=\"twitter:label1\" content=\"Escrito por\" \/>\n\t<meta name=\"twitter:data1\" content=\"Reda\u00e7\u00e3o\" \/>\n\t<meta name=\"twitter:label2\" content=\"Tempo estimado de leitura\" \/>\n\t<meta name=\"twitter:data2\" content=\"3 minutos\" \/>\n<script type=\"application\/ld+json\" class=\"yoast-schema-graph\">{\"@context\":\"https:\/\/schema.org\",\"@graph\":[{\"@type\":\"Article\",\"@id\":\"https:\/\/brasilnoticias.org\/site\/golaco-de-raphael-veiga-garante-primeira-vitoria-do-palmeiras-no-paulistao\/#article\",\"isPartOf\":{\"@id\":\"https:\/\/brasilnoticias.org\/site\/golaco-de-raphael-veiga-garante-primeira-vitoria-do-palmeiras-no-paulistao\/\"},\"author\":{\"name\":\"Reda\u00e7\u00e3o\",\"@id\":\"https:\/\/brasilnoticias.org\/site\/#\/schema\/person\/a0e05b973ec4d15c658d51911e53507b\"},\"headline\":\"Gola\u00e7o de Raphael Veiga garante primeira vit\u00f3ria do Palmeiras no Paulist\u00e3o\",\"datePublished\":\"2023-01-20T10:00:55+00:00\",\"mainEntityOfPage\":{\"@id\":\"https:\/\/brasilnoticias.org\/site\/golaco-de-raphael-veiga-garante-primeira-vitoria-do-palmeiras-no-paulistao\/\"},\"wordCount\":656,\"commentCount\":0,\"publisher\":{\"@id\":\"https:\/\/brasilnoticias.org\/site\/#organization\"},\"image\":{\"@id\":\"https:\/\/brasilnoticias.org\/site\/golaco-de-raphael-veiga-garante-primeira-vitoria-do-palmeiras-no-paulistao\/#primaryimage\"},\"thumbnailUrl\":\"https:\/\/brasilnoticias.org\/site\/wp-content\/uploads\/2023\/01\/naom_62947da850958.jpg\",\"articleSection\":[\"Esporte\",\"\u00daltimas\"],\"inLanguage\":\"pt-PT\",\"potentialAction\":[{\"@type\":\"CommentAction\",\"name\":\"Comment\",\"target\":[\"https:\/\/brasilnoticias.org\/site\/golaco-de-raphael-veiga-garante-primeira-vitoria-do-palmeiras-no-paulistao\/#respond\"]}]},{\"@type\":\"WebPage\",\"@id\":\"https:\/\/brasilnoticias.org\/site\/golaco-de-raphael-veiga-garante-primeira-vitoria-do-palmeiras-no-paulistao\/\",\"url\":\"https:\/\/brasilnoticias.org\/site\/golaco-de-raphael-veiga-garante-primeira-vitoria-do-palmeiras-no-paulistao\/\",\"name\":\"Gola\u00e7o de Raphael Veiga garante primeira vit\u00f3ria do Palmeiras no Paulist\u00e3o - Brasil not\u00edcias\",\"isPartOf\":{\"@id\":\"https:\/\/brasilnoticias.org\/site\/#website\"},\"primaryImageOfPage\":{\"@id\":\"https:\/\/brasilnoticias.org\/site\/golaco-de-raphael-veiga-garante-primeira-vitoria-do-palmeiras-no-paulistao\/#primaryimage\"},\"image\":{\"@id\":\"https:\/\/brasilnoticias.org\/site\/golaco-de-raphael-veiga-garante-primeira-vitoria-do-palmeiras-no-paulistao\/#primaryimage\"},\"thumbnailUrl\":\"https:\/\/brasilnoticias.org\/site\/wp-content\/uploads\/2023\/01\/naom_62947da850958.jpg\",\"datePublished\":\"2023-01-20T10:00:55+00:00\",\"breadcrumb\":{\"@id\":\"https:\/\/brasilnoticias.org\/site\/golaco-de-raphael-veiga-garante-primeira-vitoria-do-palmeiras-no-paulistao\/#breadcrumb\"},\"inLanguage\":\"pt-PT\",\"potentialAction\":[{\"@type\":\"ReadAction\",\"target\":[\"https:\/\/brasilnoticias.org\/site\/golaco-de-raphael-veiga-garante-primeira-vitoria-do-palmeiras-no-paulistao\/\"]}]},{\"@type\":\"ImageObject\",\"inLanguage\":\"pt-PT\",\"@id\":\"https:\/\/brasilnoticias.org\/site\/golaco-de-raphael-veiga-garante-primeira-vitoria-do-palmeiras-no-paulistao\/#primaryimage\",\"url\":\"https:\/\/brasilnoticias.org\/site\/wp-content\/uploads\/2023\/01\/naom_62947da850958.jpg\",\"contentUrl\":\"https:\/\/brasilnoticias.org\/site\/wp-content\/uploads\/2023\/01\/naom_62947da850958.jpg\",\"width\":960,\"height\":540},{\"@type\":\"BreadcrumbList\",\"@id\":\"https:\/\/brasilnoticias.org\/site\/golaco-de-raphael-veiga-garante-primeira-vitoria-do-palmeiras-no-paulistao\/#breadcrumb\",\"itemListElement\":[{\"@type\":\"ListItem\",\"position\":1,\"name\":\"In\u00edcio\",\"item\":\"https:\/\/brasilnoticias.org\/site\/\"},{\"@type\":\"ListItem\",\"position\":2,\"name\":\"Gola\u00e7o de Raphael Veiga garante primeira vit\u00f3ria do Palmeiras no Paulist\u00e3o\"}]},{\"@type\":\"WebSite\",\"@id\":\"https:\/\/brasilnoticias.org\/site\/#website\",\"url\":\"https:\/\/brasilnoticias.org\/site\/\",\"name\":\"Brasil not\u00edcias\",\"description\":\"Brasil not\u00edcias\",\"publisher\":{\"@id\":\"https:\/\/brasilnoticias.org\/site\/#organization\"},\"potentialAction\":[{\"@type\":\"SearchAction\",\"target\":{\"@type\":\"EntryPoint\",\"urlTemplate\":\"https:\/\/brasilnoticias.org\/site\/?s={search_term_string}\"},\"query-input\":{\"@type\":\"PropertyValueSpecification\",\"valueRequired\":true,\"valueName\":\"search_term_string\"}}],\"inLanguage\":\"pt-PT\"},{\"@type\":\"Organization\",\"@id\":\"https:\/\/brasilnoticias.org\/site\/#organization\",\"name\":\"Brasil not\u00edcias\",\"url\":\"https:\/\/brasilnoticias.org\/site\/\",\"logo\":{\"@type\":\"ImageObject\",\"inLanguage\":\"pt-PT\",\"@id\":\"https:\/\/brasilnoticias.org\/site\/#\/schema\/logo\/image\/\",\"url\":\"https:\/\/brasilnoticias.org\/site\/wp-content\/uploads\/2022\/05\/cropped-brasilnoticias-mini.jpg\",\"contentUrl\":\"https:\/\/brasilnoticias.org\/site\/wp-content\/uploads\/2022\/05\/cropped-brasilnoticias-mini.jpg\",\"width\":314,\"height\":86,\"caption\":\"Brasil not\u00edcias\"},\"image\":{\"@id\":\"https:\/\/brasilnoticias.org\/site\/#\/schema\/logo\/image\/\"}},{\"@type\":\"Person\",\"@id\":\"https:\/\/brasilnoticias.org\/site\/#\/schema\/person\/a0e05b973ec4d15c658d51911e53507b\",\"name\":\"Reda\u00e7\u00e3o\",\"image\":{\"@type\":\"ImageObject\",\"inLanguage\":\"pt-PT\",\"@id\":\"https:\/\/brasilnoticias.org\/site\/#\/schema\/person\/image\/\",\"url\":\"https:\/\/secure.gravatar.com\/avatar\/75d8b050df2de108b08ae78dfb8e374892df24a383c67db9c46a9c604f6aee9c?s=96&d=mm&r=g\",\"contentUrl\":\"https:\/\/secure.gravatar.com\/avatar\/75d8b050df2de108b08ae78dfb8e374892df24a383c67db9c46a9c604f6aee9c?s=96&d=mm&r=g\",\"caption\":\"Reda\u00e7\u00e3o\"},\"sameAs\":[\"https:\/\/brasilnoticias.org\/site\"],\"url\":\"https:\/\/brasilnoticias.org\/site\/author\/fernandozsngmail-com\/\"}]}<\/script>\n<!-- \/ Yoast SEO plugin. -->","yoast_head_json":{"title":"Gola\u00e7o de Raphael Veiga garante primeira vit\u00f3ria do Palmeiras no Paulist\u00e3o - Brasil not\u00edcias","robots":{"index":"index","follow":"follow","max-snippet":"max-snippet:-1","max-image-preview":"max-image-preview:large","max-video-preview":"max-video-preview:-1"},"canonical":"https:\/\/brasilnoticias.org\/site\/golaco-de-raphael-veiga-garante-primeira-vitoria-do-palmeiras-no-paulistao\/","og_locale":"pt_PT","og_type":"article","og_title":"Gola\u00e7o de Raphael Veiga garante primeira vit\u00f3ria do Palmeiras no Paulist\u00e3o - Brasil not\u00edcias","og_description":"Uma pintura de Raphael Veiga deu ao Palmeiras sua primeira vit\u00f3ria no Campeonato Paulista. O meio-campista acertou de muito longe","og_url":"https:\/\/brasilnoticias.org\/site\/golaco-de-raphael-veiga-garante-primeira-vitoria-do-palmeiras-no-paulistao\/","og_site_name":"Brasil not\u00edcias","article_published_time":"2023-01-20T10:00:55+00:00","og_image":[{"width":960,"height":540,"url":"https:\/\/brasilnoticias.org\/site\/wp-content\/uploads\/2023\/01\/naom_62947da850958.jpg","type":"image\/jpeg"}],"author":"Reda\u00e7\u00e3o","twitter_card":"summary_large_image","twitter_misc":{"Escrito por":"Reda\u00e7\u00e3o","Tempo estimado de leitura":"3 minutos"},"schema":{"@context":"https:\/\/schema.org","@graph":[{"@type":"Article","@id":"https:\/\/brasilnoticias.org\/site\/golaco-de-raphael-veiga-garante-primeira-vitoria-do-palmeiras-no-paulistao\/#article","isPartOf":{"@id":"https:\/\/brasilnoticias.org\/site\/golaco-de-raphael-veiga-garante-primeira-vitoria-do-palmeiras-no-paulistao\/"},"author":{"name":"Reda\u00e7\u00e3o","@id":"https:\/\/brasilnoticias.org\/site\/#\/schema\/person\/a0e05b973ec4d15c658d51911e53507b"},"headline":"Gola\u00e7o de Raphael Veiga garante primeira vit\u00f3ria do Palmeiras no Paulist\u00e3o","datePublished":"2023-01-20T10:00:55+00:00","mainEntityOfPage":{"@id":"https:\/\/brasilnoticias.org\/site\/golaco-de-raphael-veiga-garante-primeira-vitoria-do-palmeiras-no-paulistao\/"},"wordCount":656,"commentCount":0,"publisher":{"@id":"https:\/\/brasilnoticias.org\/site\/#organization"},"image":{"@id":"https:\/\/brasilnoticias.org\/site\/golaco-de-raphael-veiga-garante-primeira-vitoria-do-palmeiras-no-paulistao\/#primaryimage"},"thumbnailUrl":"https:\/\/brasilnoticias.org\/site\/wp-content\/uploads\/2023\/01\/naom_62947da850958.jpg","articleSection":["Esporte","\u00daltimas"],"inLanguage":"pt-PT","potentialAction":[{"@type":"CommentAction","name":"Comment","target":["https:\/\/brasilnoticias.org\/site\/golaco-de-raphael-veiga-garante-primeira-vitoria-do-palmeiras-no-paulistao\/#respond"]}]},{"@type":"WebPage","@id":"https:\/\/brasilnoticias.org\/site\/golaco-de-raphael-veiga-garante-primeira-vitoria-do-palmeiras-no-paulistao\/","url":"https:\/\/brasilnoticias.org\/site\/golaco-de-raphael-veiga-garante-primeira-vitoria-do-palmeiras-no-paulistao\/","name":"Gola\u00e7o de Raphael Veiga garante primeira vit\u00f3ria do Palmeiras no Paulist\u00e3o - Brasil not\u00edcias","isPartOf":{"@id":"https:\/\/brasilnoticias.org\/site\/#website"},"primaryImageOfPage":{"@id":"https:\/\/brasilnoticias.org\/site\/golaco-de-raphael-veiga-garante-primeira-vitoria-do-palmeiras-no-paulistao\/#primaryimage"},"image":{"@id":"https:\/\/brasilnoticias.org\/site\/golaco-de-raphael-veiga-garante-primeira-vitoria-do-palmeiras-no-paulistao\/#primaryimage"},"thumbnailUrl":"https:\/\/brasilnoticias.org\/site\/wp-content\/uploads\/2023\/01\/naom_62947da850958.jpg","datePublished":"2023-01-20T10:00:55+00:00","breadcrumb":{"@id":"https:\/\/brasilnoticias.org\/site\/golaco-de-raphael-veiga-garante-primeira-vitoria-do-palmeiras-no-paulistao\/#breadcrumb"},"inLanguage":"pt-PT","potentialAction":[{"@type":"ReadAction","target":["https:\/\/brasilnoticias.org\/site\/golaco-de-raphael-veiga-garante-primeira-vitoria-do-palmeiras-no-paulistao\/"]}]},{"@type":"ImageObject","inLanguage":"pt-PT","@id":"https:\/\/brasilnoticias.org\/site\/golaco-de-raphael-veiga-garante-primeira-vitoria-do-palmeiras-no-paulistao\/#primaryimage","url":"https:\/\/brasilnoticias.org\/site\/wp-content\/uploads\/2023\/01\/naom_62947da850958.jpg","contentUrl":"https:\/\/brasilnoticias.org\/site\/wp-content\/uploads\/2023\/01\/naom_62947da850958.jpg","width":960,"height":540},{"@type":"BreadcrumbList","@id":"https:\/\/brasilnoticias.org\/site\/golaco-de-raphael-veiga-garante-primeira-vitoria-do-palmeiras-no-paulistao\/#breadcrumb","itemListElement":[{"@type":"ListItem","position":1,"name":"In\u00edcio","item":"https:\/\/brasilnoticias.org\/site\/"},{"@type":"ListItem","position":2,"name":"Gola\u00e7o de Raphael Veiga garante primeira vit\u00f3ria do Palmeiras no Paulist\u00e3o"}]},{"@type":"WebSite","@id":"https:\/\/brasilnoticias.org\/site\/#website","url":"https:\/\/brasilnoticias.org\/site\/","name":"Brasil not\u00edcias","description":"Brasil not\u00edcias","publisher":{"@id":"https:\/\/brasilnoticias.org\/site\/#organization"},"potentialAction":[{"@type":"SearchAction","target":{"@type":"EntryPoint","urlTemplate":"https:\/\/brasilnoticias.org\/site\/?s={search_term_string}"},"query-input":{"@type":"PropertyValueSpecification","valueRequired":true,"valueName":"search_term_string"}}],"inLanguage":"pt-PT"},{"@type":"Organization","@id":"https:\/\/brasilnoticias.org\/site\/#organization","name":"Brasil not\u00edcias","url":"https:\/\/brasilnoticias.org\/site\/","logo":{"@type":"ImageObject","inLanguage":"pt-PT","@id":"https:\/\/brasilnoticias.org\/site\/#\/schema\/logo\/image\/","url":"https:\/\/brasilnoticias.org\/site\/wp-content\/uploads\/2022\/05\/cropped-brasilnoticias-mini.jpg","contentUrl":"https:\/\/brasilnoticias.org\/site\/wp-content\/uploads\/2022\/05\/cropped-brasilnoticias-mini.jpg","width":314,"height":86,"caption":"Brasil not\u00edcias"},"image":{"@id":"https:\/\/brasilnoticias.org\/site\/#\/schema\/logo\/image\/"}},{"@type":"Person","@id":"https:\/\/brasilnoticias.org\/site\/#\/schema\/person\/a0e05b973ec4d15c658d51911e53507b","name":"Reda\u00e7\u00e3o","image":{"@type":"ImageObject","inLanguage":"pt-PT","@id":"https:\/\/brasilnoticias.org\/site\/#\/schema\/person\/image\/","url":"https:\/\/secure.gravatar.com\/avatar\/75d8b050df2de108b08ae78dfb8e374892df24a383c67db9c46a9c604f6aee9c?s=96&d=mm&r=g","contentUrl":"https:\/\/secure.gravatar.com\/avatar\/75d8b050df2de108b08ae78dfb8e374892df24a383c67db9c46a9c604f6aee9c?s=96&d=mm&r=g","caption":"Reda\u00e7\u00e3o"},"sameAs":["https:\/\/brasilnoticias.org\/site"],"url":"https:\/\/brasilnoticias.org\/site\/author\/fernandozsngmail-com\/"}]}},"_links":{"self":[{"href":"https:\/\/brasilnoticias.org\/site\/wp-json\/wp\/v2\/posts\/3376","targetHints":{"allow":["GET"]}}],"collection":[{"href":"https:\/\/brasilnoticias.org\/site\/wp-json\/wp\/v2\/posts"}],"about":[{"href":"https:\/\/brasilnoticias.org\/site\/wp-json\/wp\/v2\/types\/post"}],"author":[{"embeddable":true,"href":"https:\/\/brasilnoticias.org\/site\/wp-json\/wp\/v2\/users\/1"}],"replies":[{"embeddable":true,"href":"https:\/\/brasilnoticias.org\/site\/wp-json\/wp\/v2\/comments?post=3376"}],"version-history":[{"count":1,"href":"https:\/\/brasilnoticias.org\/site\/wp-json\/wp\/v2\/posts\/3376\/revisions"}],"predecessor-version":[{"id":3378,"href":"https:\/\/brasilnoticias.org\/site\/wp-json\/wp\/v2\/posts\/3376\/revisions\/3378"}],"wp:featuredmedia":[{"embeddable":true,"href":"https:\/\/brasilnoticias.org\/site\/wp-json\/wp\/v2\/media\/3377"}],"wp:attachment":[{"href":"https:\/\/brasilnoticias.org\/site\/wp-json\/wp\/v2\/media?parent=3376"}],"wp:term":[{"taxonomy":"category","embeddable":true,"href":"https:\/\/brasilnoticias.org\/site\/wp-json\/wp\/v2\/categories?post=3376"},{"taxonomy":"post_tag","embeddable":true,"href":"https:\/\/brasilnoticias.org\/site\/wp-json\/wp\/v2\/tags?post=3376"}],"curies":[{"name":"wp","href":"https:\/\/api.w.org\/{rel}","templated":true}]}}