{"id":3379,"date":"2023-01-20T07:01:08","date_gmt":"2023-01-20T10:01:08","guid":{"rendered":"https:\/\/brasilnoticias.org\/site\/?p=3379"},"modified":"2023-01-20T06:18:00","modified_gmt":"2023-01-20T09:18:00","slug":"descoberta-nova-variante-da-covid-chama-se-orthrus-e-manifesta-se-assim","status":"publish","type":"post","link":"https:\/\/brasilnoticias.org\/site\/descoberta-nova-variante-da-covid-chama-se-orthrus-e-manifesta-se-assim\/","title":{"rendered":"Descoberta nova variante da Covid. Chama-se Orthrus e manifesta-se assim"},"content":{"rendered":"<p>H\u00e1 uma nova estirpe de Covid-19 est\u00e1 preocupando as autoridades de sa\u00fade. A CH.1.1, apelidada de Orthrus, foi detectada no Reino Unido, segundo a Ag\u00eancia de Vigil\u00e2ncia Sanit\u00e1ria do pa\u00eds.<\/p>\n<div class=\"pub-container inside-news\">\n<p>Segundo o Wellcome Sanger Institute,\u00a0<span class=\"news_bold\">\u00a0j\u00e1 representa 23,3% de todos os casos de coronav\u00edrus registrados em territ\u00f3rio brit\u00e2nico<\/span>\u00a0e\u00a0<span class=\"news_bold\">\u00e9 respons\u00e1vel por 100% dos testes positivos em, pelo menos, 15 distritos<\/span>.<\/p>\n<p>O nome &#8211; Orthrus &#8211; faz refer\u00eancia a uma figura da mitologia grega: um c\u00e3o de duas cabe\u00e7as com rabo de serpente. O animal possui um irm\u00e3o, o C\u00e9rbero, com uma cabe\u00e7a a mais, e \u00e9 conhecido por proteger os port\u00f5es do inferno.\u00a0Apesar do nome, ainda \u00e9 cedo para dizer se a nova variante pode provocar casos mais graves da doen\u00e7a ou escapar da imunidade conferida pelas vacinas bivalentes.<\/p>\n<p>Ainda assim, sabe-se que tem uma muta\u00e7\u00e3o chamada P681R, parecida \u00e0 da variante Delta. Como tal, os cientistas julgam que esta nova variante pode aumentar os casos graves de doen\u00e7a.<\/p>\n<p>A variante cont\u00e9m tamb\u00e9m uma muta\u00e7\u00e3o no gene R346T, que ajuda a combater os anticorpos criados em resposta \u00e0 vacina ou a infec\u00e7\u00e3o anterior.<\/p>\n<div class=\"google-auto-placed ap_container\">\n<p>Quanto a sintomas, dados recolhidos pelo projeto ZOE Health Study mostram que dor de cabe\u00e7a e de garganta, corrimento nasal, fadiga (leve ou grave) e espirros s\u00e3o os mais comuns.<\/p>\n<p>Citada pela imprensa norte-americana, Allison Arwady, do Departamento de Sa\u00fade P\u00fablica de Chicago, nos Estados Unidos, acrescenta que tosse e congest\u00e3o nasal tamb\u00e9m s\u00e3o sinais de alerta.<\/p>\n<p>Foto Shutterstock<br \/>\nNot\u00edcias ao minuto<\/p>\n<\/div>\n<\/div>\n","protected":false},"excerpt":{"rendered":"<p>H\u00e1 uma nova estirpe de Covid-19 est\u00e1 preocupando as autoridades de sa\u00fade. A CH.1.1, apelidada de Orthrus, foi detectada no<\/p>\n","protected":false},"author":1,"featured_media":3380,"comment_status":"open","ping_status":"open","sticky":false,"template":"","format":"standard","meta":{"colormag_page_container_layout":"default_layout","colormag_page_sidebar_layout":"default_layout","_FSMCFIC_featured_image_caption":"","_FSMCFIC_featured_image_nocaption":"","_FSMCFIC_featured_image_hide":"","footnotes":""},"categories":[2,1],"tags":[],"class_list":["post-3379","post","type-post","status-publish","format-standard","has-post-thumbnail","hentry","category-noticias","category-ultimas"],"yoast_head":"<!-- This site is optimized with the Yoast SEO plugin v27.1.1 - https:\/\/yoast.com\/product\/yoast-seo-wordpress\/ -->\n<title>Descoberta nova variante da Covid. Chama-se Orthrus e manifesta-se assim - Brasil not\u00edcias<\/title>\n<meta name=\"robots\" content=\"index, follow, max-snippet:-1, max-image-preview:large, max-video-preview:-1\" \/>\n<link rel=\"canonical\" href=\"https:\/\/brasilnoticias.org\/site\/descoberta-nova-variante-da-covid-chama-se-orthrus-e-manifesta-se-assim\/\" \/>\n<meta property=\"og:locale\" content=\"pt_PT\" \/>\n<meta property=\"og:type\" content=\"article\" \/>\n<meta property=\"og:title\" content=\"Descoberta nova variante da Covid. Chama-se Orthrus e manifesta-se assim - Brasil not\u00edcias\" \/>\n<meta property=\"og:description\" content=\"H\u00e1 uma nova estirpe de Covid-19 est\u00e1 preocupando as autoridades de sa\u00fade. A CH.1.1, apelidada de Orthrus, foi detectada no\" \/>\n<meta property=\"og:url\" content=\"https:\/\/brasilnoticias.org\/site\/descoberta-nova-variante-da-covid-chama-se-orthrus-e-manifesta-se-assim\/\" \/>\n<meta property=\"og:site_name\" content=\"Brasil not\u00edcias\" \/>\n<meta property=\"article:published_time\" content=\"2023-01-20T10:01:08+00:00\" \/>\n<meta property=\"og:image\" content=\"https:\/\/brasilnoticias.org\/site\/wp-content\/uploads\/2023\/01\/naom_63ca4862db79c.jpg\" \/>\n\t<meta property=\"og:image:width\" content=\"960\" \/>\n\t<meta property=\"og:image:height\" content=\"540\" \/>\n\t<meta property=\"og:image:type\" content=\"image\/jpeg\" \/>\n<meta name=\"author\" content=\"Reda\u00e7\u00e3o\" \/>\n<meta name=\"twitter:card\" content=\"summary_large_image\" \/>\n<meta name=\"twitter:label1\" content=\"Escrito por\" \/>\n\t<meta name=\"twitter:data1\" content=\"Reda\u00e7\u00e3o\" \/>\n\t<meta name=\"twitter:label2\" content=\"Tempo estimado de leitura\" \/>\n\t<meta name=\"twitter:data2\" content=\"1 minuto\" \/>\n<script type=\"application\/ld+json\" class=\"yoast-schema-graph\">{\"@context\":\"https:\/\/schema.org\",\"@graph\":[{\"@type\":\"Article\",\"@id\":\"https:\/\/brasilnoticias.org\/site\/descoberta-nova-variante-da-covid-chama-se-orthrus-e-manifesta-se-assim\/#article\",\"isPartOf\":{\"@id\":\"https:\/\/brasilnoticias.org\/site\/descoberta-nova-variante-da-covid-chama-se-orthrus-e-manifesta-se-assim\/\"},\"author\":{\"name\":\"Reda\u00e7\u00e3o\",\"@id\":\"https:\/\/brasilnoticias.org\/site\/#\/schema\/person\/a0e05b973ec4d15c658d51911e53507b\"},\"headline\":\"Descoberta nova variante da Covid. Chama-se Orthrus e manifesta-se assim\",\"datePublished\":\"2023-01-20T10:01:08+00:00\",\"mainEntityOfPage\":{\"@id\":\"https:\/\/brasilnoticias.org\/site\/descoberta-nova-variante-da-covid-chama-se-orthrus-e-manifesta-se-assim\/\"},\"wordCount\":282,\"commentCount\":0,\"publisher\":{\"@id\":\"https:\/\/brasilnoticias.org\/site\/#organization\"},\"image\":{\"@id\":\"https:\/\/brasilnoticias.org\/site\/descoberta-nova-variante-da-covid-chama-se-orthrus-e-manifesta-se-assim\/#primaryimage\"},\"thumbnailUrl\":\"https:\/\/brasilnoticias.org\/site\/wp-content\/uploads\/2023\/01\/naom_63ca4862db79c.jpg\",\"articleSection\":[\"Not\u00edcias\",\"\u00daltimas\"],\"inLanguage\":\"pt-PT\",\"potentialAction\":[{\"@type\":\"CommentAction\",\"name\":\"Comment\",\"target\":[\"https:\/\/brasilnoticias.org\/site\/descoberta-nova-variante-da-covid-chama-se-orthrus-e-manifesta-se-assim\/#respond\"]}]},{\"@type\":\"WebPage\",\"@id\":\"https:\/\/brasilnoticias.org\/site\/descoberta-nova-variante-da-covid-chama-se-orthrus-e-manifesta-se-assim\/\",\"url\":\"https:\/\/brasilnoticias.org\/site\/descoberta-nova-variante-da-covid-chama-se-orthrus-e-manifesta-se-assim\/\",\"name\":\"Descoberta nova variante da Covid. Chama-se Orthrus e manifesta-se assim - Brasil not\u00edcias\",\"isPartOf\":{\"@id\":\"https:\/\/brasilnoticias.org\/site\/#website\"},\"primaryImageOfPage\":{\"@id\":\"https:\/\/brasilnoticias.org\/site\/descoberta-nova-variante-da-covid-chama-se-orthrus-e-manifesta-se-assim\/#primaryimage\"},\"image\":{\"@id\":\"https:\/\/brasilnoticias.org\/site\/descoberta-nova-variante-da-covid-chama-se-orthrus-e-manifesta-se-assim\/#primaryimage\"},\"thumbnailUrl\":\"https:\/\/brasilnoticias.org\/site\/wp-content\/uploads\/2023\/01\/naom_63ca4862db79c.jpg\",\"datePublished\":\"2023-01-20T10:01:08+00:00\",\"breadcrumb\":{\"@id\":\"https:\/\/brasilnoticias.org\/site\/descoberta-nova-variante-da-covid-chama-se-orthrus-e-manifesta-se-assim\/#breadcrumb\"},\"inLanguage\":\"pt-PT\",\"potentialAction\":[{\"@type\":\"ReadAction\",\"target\":[\"https:\/\/brasilnoticias.org\/site\/descoberta-nova-variante-da-covid-chama-se-orthrus-e-manifesta-se-assim\/\"]}]},{\"@type\":\"ImageObject\",\"inLanguage\":\"pt-PT\",\"@id\":\"https:\/\/brasilnoticias.org\/site\/descoberta-nova-variante-da-covid-chama-se-orthrus-e-manifesta-se-assim\/#primaryimage\",\"url\":\"https:\/\/brasilnoticias.org\/site\/wp-content\/uploads\/2023\/01\/naom_63ca4862db79c.jpg\",\"contentUrl\":\"https:\/\/brasilnoticias.org\/site\/wp-content\/uploads\/2023\/01\/naom_63ca4862db79c.jpg\",\"width\":960,\"height\":540},{\"@type\":\"BreadcrumbList\",\"@id\":\"https:\/\/brasilnoticias.org\/site\/descoberta-nova-variante-da-covid-chama-se-orthrus-e-manifesta-se-assim\/#breadcrumb\",\"itemListElement\":[{\"@type\":\"ListItem\",\"position\":1,\"name\":\"In\u00edcio\",\"item\":\"https:\/\/brasilnoticias.org\/site\/\"},{\"@type\":\"ListItem\",\"position\":2,\"name\":\"Descoberta nova variante da Covid. Chama-se Orthrus e manifesta-se assim\"}]},{\"@type\":\"WebSite\",\"@id\":\"https:\/\/brasilnoticias.org\/site\/#website\",\"url\":\"https:\/\/brasilnoticias.org\/site\/\",\"name\":\"Brasil not\u00edcias\",\"description\":\"Brasil not\u00edcias\",\"publisher\":{\"@id\":\"https:\/\/brasilnoticias.org\/site\/#organization\"},\"potentialAction\":[{\"@type\":\"SearchAction\",\"target\":{\"@type\":\"EntryPoint\",\"urlTemplate\":\"https:\/\/brasilnoticias.org\/site\/?s={search_term_string}\"},\"query-input\":{\"@type\":\"PropertyValueSpecification\",\"valueRequired\":true,\"valueName\":\"search_term_string\"}}],\"inLanguage\":\"pt-PT\"},{\"@type\":\"Organization\",\"@id\":\"https:\/\/brasilnoticias.org\/site\/#organization\",\"name\":\"Brasil not\u00edcias\",\"url\":\"https:\/\/brasilnoticias.org\/site\/\",\"logo\":{\"@type\":\"ImageObject\",\"inLanguage\":\"pt-PT\",\"@id\":\"https:\/\/brasilnoticias.org\/site\/#\/schema\/logo\/image\/\",\"url\":\"https:\/\/brasilnoticias.org\/site\/wp-content\/uploads\/2022\/05\/cropped-brasilnoticias-mini.jpg\",\"contentUrl\":\"https:\/\/brasilnoticias.org\/site\/wp-content\/uploads\/2022\/05\/cropped-brasilnoticias-mini.jpg\",\"width\":314,\"height\":86,\"caption\":\"Brasil not\u00edcias\"},\"image\":{\"@id\":\"https:\/\/brasilnoticias.org\/site\/#\/schema\/logo\/image\/\"}},{\"@type\":\"Person\",\"@id\":\"https:\/\/brasilnoticias.org\/site\/#\/schema\/person\/a0e05b973ec4d15c658d51911e53507b\",\"name\":\"Reda\u00e7\u00e3o\",\"image\":{\"@type\":\"ImageObject\",\"inLanguage\":\"pt-PT\",\"@id\":\"https:\/\/brasilnoticias.org\/site\/#\/schema\/person\/image\/\",\"url\":\"https:\/\/secure.gravatar.com\/avatar\/75d8b050df2de108b08ae78dfb8e374892df24a383c67db9c46a9c604f6aee9c?s=96&d=mm&r=g\",\"contentUrl\":\"https:\/\/secure.gravatar.com\/avatar\/75d8b050df2de108b08ae78dfb8e374892df24a383c67db9c46a9c604f6aee9c?s=96&d=mm&r=g\",\"caption\":\"Reda\u00e7\u00e3o\"},\"sameAs\":[\"https:\/\/brasilnoticias.org\/site\"],\"url\":\"https:\/\/brasilnoticias.org\/site\/author\/fernandozsngmail-com\/\"}]}<\/script>\n<!-- \/ Yoast SEO plugin. -->","yoast_head_json":{"title":"Descoberta nova variante da Covid. Chama-se Orthrus e manifesta-se assim - Brasil not\u00edcias","robots":{"index":"index","follow":"follow","max-snippet":"max-snippet:-1","max-image-preview":"max-image-preview:large","max-video-preview":"max-video-preview:-1"},"canonical":"https:\/\/brasilnoticias.org\/site\/descoberta-nova-variante-da-covid-chama-se-orthrus-e-manifesta-se-assim\/","og_locale":"pt_PT","og_type":"article","og_title":"Descoberta nova variante da Covid. Chama-se Orthrus e manifesta-se assim - Brasil not\u00edcias","og_description":"H\u00e1 uma nova estirpe de Covid-19 est\u00e1 preocupando as autoridades de sa\u00fade. A CH.1.1, apelidada de Orthrus, foi detectada no","og_url":"https:\/\/brasilnoticias.org\/site\/descoberta-nova-variante-da-covid-chama-se-orthrus-e-manifesta-se-assim\/","og_site_name":"Brasil not\u00edcias","article_published_time":"2023-01-20T10:01:08+00:00","og_image":[{"width":960,"height":540,"url":"https:\/\/brasilnoticias.org\/site\/wp-content\/uploads\/2023\/01\/naom_63ca4862db79c.jpg","type":"image\/jpeg"}],"author":"Reda\u00e7\u00e3o","twitter_card":"summary_large_image","twitter_misc":{"Escrito por":"Reda\u00e7\u00e3o","Tempo estimado de leitura":"1 minuto"},"schema":{"@context":"https:\/\/schema.org","@graph":[{"@type":"Article","@id":"https:\/\/brasilnoticias.org\/site\/descoberta-nova-variante-da-covid-chama-se-orthrus-e-manifesta-se-assim\/#article","isPartOf":{"@id":"https:\/\/brasilnoticias.org\/site\/descoberta-nova-variante-da-covid-chama-se-orthrus-e-manifesta-se-assim\/"},"author":{"name":"Reda\u00e7\u00e3o","@id":"https:\/\/brasilnoticias.org\/site\/#\/schema\/person\/a0e05b973ec4d15c658d51911e53507b"},"headline":"Descoberta nova variante da Covid. Chama-se Orthrus e manifesta-se assim","datePublished":"2023-01-20T10:01:08+00:00","mainEntityOfPage":{"@id":"https:\/\/brasilnoticias.org\/site\/descoberta-nova-variante-da-covid-chama-se-orthrus-e-manifesta-se-assim\/"},"wordCount":282,"commentCount":0,"publisher":{"@id":"https:\/\/brasilnoticias.org\/site\/#organization"},"image":{"@id":"https:\/\/brasilnoticias.org\/site\/descoberta-nova-variante-da-covid-chama-se-orthrus-e-manifesta-se-assim\/#primaryimage"},"thumbnailUrl":"https:\/\/brasilnoticias.org\/site\/wp-content\/uploads\/2023\/01\/naom_63ca4862db79c.jpg","articleSection":["Not\u00edcias","\u00daltimas"],"inLanguage":"pt-PT","potentialAction":[{"@type":"CommentAction","name":"Comment","target":["https:\/\/brasilnoticias.org\/site\/descoberta-nova-variante-da-covid-chama-se-orthrus-e-manifesta-se-assim\/#respond"]}]},{"@type":"WebPage","@id":"https:\/\/brasilnoticias.org\/site\/descoberta-nova-variante-da-covid-chama-se-orthrus-e-manifesta-se-assim\/","url":"https:\/\/brasilnoticias.org\/site\/descoberta-nova-variante-da-covid-chama-se-orthrus-e-manifesta-se-assim\/","name":"Descoberta nova variante da Covid. Chama-se Orthrus e manifesta-se assim - Brasil not\u00edcias","isPartOf":{"@id":"https:\/\/brasilnoticias.org\/site\/#website"},"primaryImageOfPage":{"@id":"https:\/\/brasilnoticias.org\/site\/descoberta-nova-variante-da-covid-chama-se-orthrus-e-manifesta-se-assim\/#primaryimage"},"image":{"@id":"https:\/\/brasilnoticias.org\/site\/descoberta-nova-variante-da-covid-chama-se-orthrus-e-manifesta-se-assim\/#primaryimage"},"thumbnailUrl":"https:\/\/brasilnoticias.org\/site\/wp-content\/uploads\/2023\/01\/naom_63ca4862db79c.jpg","datePublished":"2023-01-20T10:01:08+00:00","breadcrumb":{"@id":"https:\/\/brasilnoticias.org\/site\/descoberta-nova-variante-da-covid-chama-se-orthrus-e-manifesta-se-assim\/#breadcrumb"},"inLanguage":"pt-PT","potentialAction":[{"@type":"ReadAction","target":["https:\/\/brasilnoticias.org\/site\/descoberta-nova-variante-da-covid-chama-se-orthrus-e-manifesta-se-assim\/"]}]},{"@type":"ImageObject","inLanguage":"pt-PT","@id":"https:\/\/brasilnoticias.org\/site\/descoberta-nova-variante-da-covid-chama-se-orthrus-e-manifesta-se-assim\/#primaryimage","url":"https:\/\/brasilnoticias.org\/site\/wp-content\/uploads\/2023\/01\/naom_63ca4862db79c.jpg","contentUrl":"https:\/\/brasilnoticias.org\/site\/wp-content\/uploads\/2023\/01\/naom_63ca4862db79c.jpg","width":960,"height":540},{"@type":"BreadcrumbList","@id":"https:\/\/brasilnoticias.org\/site\/descoberta-nova-variante-da-covid-chama-se-orthrus-e-manifesta-se-assim\/#breadcrumb","itemListElement":[{"@type":"ListItem","position":1,"name":"In\u00edcio","item":"https:\/\/brasilnoticias.org\/site\/"},{"@type":"ListItem","position":2,"name":"Descoberta nova variante da Covid. Chama-se Orthrus e manifesta-se assim"}]},{"@type":"WebSite","@id":"https:\/\/brasilnoticias.org\/site\/#website","url":"https:\/\/brasilnoticias.org\/site\/","name":"Brasil not\u00edcias","description":"Brasil not\u00edcias","publisher":{"@id":"https:\/\/brasilnoticias.org\/site\/#organization"},"potentialAction":[{"@type":"SearchAction","target":{"@type":"EntryPoint","urlTemplate":"https:\/\/brasilnoticias.org\/site\/?s={search_term_string}"},"query-input":{"@type":"PropertyValueSpecification","valueRequired":true,"valueName":"search_term_string"}}],"inLanguage":"pt-PT"},{"@type":"Organization","@id":"https:\/\/brasilnoticias.org\/site\/#organization","name":"Brasil not\u00edcias","url":"https:\/\/brasilnoticias.org\/site\/","logo":{"@type":"ImageObject","inLanguage":"pt-PT","@id":"https:\/\/brasilnoticias.org\/site\/#\/schema\/logo\/image\/","url":"https:\/\/brasilnoticias.org\/site\/wp-content\/uploads\/2022\/05\/cropped-brasilnoticias-mini.jpg","contentUrl":"https:\/\/brasilnoticias.org\/site\/wp-content\/uploads\/2022\/05\/cropped-brasilnoticias-mini.jpg","width":314,"height":86,"caption":"Brasil not\u00edcias"},"image":{"@id":"https:\/\/brasilnoticias.org\/site\/#\/schema\/logo\/image\/"}},{"@type":"Person","@id":"https:\/\/brasilnoticias.org\/site\/#\/schema\/person\/a0e05b973ec4d15c658d51911e53507b","name":"Reda\u00e7\u00e3o","image":{"@type":"ImageObject","inLanguage":"pt-PT","@id":"https:\/\/brasilnoticias.org\/site\/#\/schema\/person\/image\/","url":"https:\/\/secure.gravatar.com\/avatar\/75d8b050df2de108b08ae78dfb8e374892df24a383c67db9c46a9c604f6aee9c?s=96&d=mm&r=g","contentUrl":"https:\/\/secure.gravatar.com\/avatar\/75d8b050df2de108b08ae78dfb8e374892df24a383c67db9c46a9c604f6aee9c?s=96&d=mm&r=g","caption":"Reda\u00e7\u00e3o"},"sameAs":["https:\/\/brasilnoticias.org\/site"],"url":"https:\/\/brasilnoticias.org\/site\/author\/fernandozsngmail-com\/"}]}},"_links":{"self":[{"href":"https:\/\/brasilnoticias.org\/site\/wp-json\/wp\/v2\/posts\/3379","targetHints":{"allow":["GET"]}}],"collection":[{"href":"https:\/\/brasilnoticias.org\/site\/wp-json\/wp\/v2\/posts"}],"about":[{"href":"https:\/\/brasilnoticias.org\/site\/wp-json\/wp\/v2\/types\/post"}],"author":[{"embeddable":true,"href":"https:\/\/brasilnoticias.org\/site\/wp-json\/wp\/v2\/users\/1"}],"replies":[{"embeddable":true,"href":"https:\/\/brasilnoticias.org\/site\/wp-json\/wp\/v2\/comments?post=3379"}],"version-history":[{"count":1,"href":"https:\/\/brasilnoticias.org\/site\/wp-json\/wp\/v2\/posts\/3379\/revisions"}],"predecessor-version":[{"id":3381,"href":"https:\/\/brasilnoticias.org\/site\/wp-json\/wp\/v2\/posts\/3379\/revisions\/3381"}],"wp:featuredmedia":[{"embeddable":true,"href":"https:\/\/brasilnoticias.org\/site\/wp-json\/wp\/v2\/media\/3380"}],"wp:attachment":[{"href":"https:\/\/brasilnoticias.org\/site\/wp-json\/wp\/v2\/media?parent=3379"}],"wp:term":[{"taxonomy":"category","embeddable":true,"href":"https:\/\/brasilnoticias.org\/site\/wp-json\/wp\/v2\/categories?post=3379"},{"taxonomy":"post_tag","embeddable":true,"href":"https:\/\/brasilnoticias.org\/site\/wp-json\/wp\/v2\/tags?post=3379"}],"curies":[{"name":"wp","href":"https:\/\/api.w.org\/{rel}","templated":true}]}}